{"id":32781,"date":"2025-03-10T15:45:48","date_gmt":"2025-03-10T18:45:48","guid":{"rendered":"https:\/\/correiodasemana.com\/site\/?p=32781"},"modified":"2025-03-10T15:45:48","modified_gmt":"2025-03-10T18:45:48","slug":"tecnofeudalismo","status":"publish","type":"post","link":"https:\/\/correiodasemana.com\/site\/tecnofeudalismo\/","title":{"rendered":"TECNOFEUDALISMO"},"content":{"rendered":"<p>No livro \u201cSobre a China\u201d, Henry Kissinger elogia Mao Ts\u00e9-Tung por ter ordenado seu ex\u00e9rcito a se manter \u201ccomedido e probo\u201d em antiga guerra da China contra a \u00cdndia. A vit\u00f3ria sobre posi\u00e7\u00f5es indianas gerou nova fronteira. Mao determinou a volta ao limite anterior e a devolu\u00e7\u00e3o dos armamentos pesados retidos. A China usou a for\u00e7a n\u00e3o para conquistar territ\u00f3rios, sen\u00e3o \u201cpara obrigar a \u00cdndia a voltar \u00e0 mesa de negocia\u00e7\u00f5es\u201d. A China de hoje faria o mesmo? E Putin? E Trump? A m\u00eddia nos diz que este deseja tomar a Groenl\u00e2ndia, o Canad\u00e1 e capturar Gaza. E, sem garantir a prote\u00e7\u00e3o aos ataques russos, exigiu da Ucr\u00e2nia US$ 500 bilh\u00f5es em terras com minerais raros e 50% da renda gerada pela explora\u00e7\u00e3o desses recursos.<br \/>\nEm 2001, o consultor internacional Kenichi Ohmae lan\u00e7ou o livro \u201cO Continente Invis\u00edvel\u201d. Nele destacou a descoberta e a coloniza\u00e7\u00e3o dos continentes e o advento da internet, \u201co continente invis\u00edvel\u201d, que, em seu dizer, seria colonizado, por\u00e9m, com futuro imprevis\u00edvel. Ap\u00f3s 24 anos, Bol\u00edvar Torres, no \u201cO Globo\u201d, comenta o comp\u00eandio \u201cTecnofeudalismo\u201d, de Yanis Varoufakis, ex-ministro das Finan\u00e7as da Gr\u00e9cia, a ser lan\u00e7ado no Brasil em abril, em que o autor compara as big techs a senhores feudais e defende que o capitalismo morreu e foi substitu\u00eddo por algo pior.<br \/>\nVaroufakis afirma que os mercados teriam sido trocados \u201cpor plataformas de com\u00e9rcio digital que, na pr\u00e1tica, operam como os antigos feudos. Os usu\u00e1rios digitais se tornariam \u2018servos\u2019, enquanto os detentores do capital tradicional [&#8230;] se limitariam ao papel de \u2018vassalos\u2019. E o lucro, motor do capitalismo, teria sido substitu\u00eddo por seu antecessor feudal: a renda. [&#8230;] Os usu\u00e1rios n\u00e3o s\u00e3o clientes no sentido cl\u00e1ssico, mas servos que geram dados e precisam dessas plataformas para acessar informa\u00e7\u00f5es, trabalho e servi\u00e7os essenciais\u201d. Para Arthur Bezerra, tamb\u00e9m citado por Torres, a influ\u00eancia das big techs sobre Trump leva muitos a achar que Elon Musk \u00e9 o \u201cverdadeiro\u201d chefe de Estado dos EUA. Ser\u00e1 o tecnofeudalismo uma das respostas \u00e0s indaga\u00e7\u00f5es de Kenichi Ohmae sobre o continente invis\u00edvel?<br \/>\nO futuro dir\u00e1.<\/p>\n","protected":false},"excerpt":{"rendered":"<p>No livro \u201cSobre a China\u201d, Henry Kissinger elogia Mao Ts\u00e9-Tung por ter ordenado seu ex\u00e9rcito&#8230;<\/p>\n","protected":false},"author":7,"featured_media":32782,"comment_status":"open","ping_status":"open","sticky":false,"template":"","format":"standard","meta":{"_jetpack_memberships_contains_paid_content":false,"footnotes":"","jetpack_publicize_message":"","jetpack_publicize_feature_enabled":true,"jetpack_social_post_already_shared":true,"jetpack_social_options":{"image_generator_settings":{"template":"highway","default_image_id":0,"font":"","enabled":false},"version":2}},"categories":[11,96],"tags":[],"class_list":["post-32781","post","type-post","status-publish","format-standard","has-post-thumbnail","hentry","category-artigos","category-prof-tales-cavalcante"],"jetpack_publicize_connections":[],"jetpack_featured_media_url":"https:\/\/correiodasemana.com\/site\/wp-content\/uploads\/2025\/03\/prof-tales.jpg","jetpack-related-posts":[{"id":23653,"url":"https:\/\/correiodasemana.com\/site\/china-india-e-holanda-podem-desaparecer-para-sempre-entenda\/","url_meta":{"origin":32781,"position":0},"title":"China, \u00cdndia e Holanda podem desaparecer para sempre, entenda","author":"","date":"Fevereiro 16, 2023","format":false,"excerpt":"Aumento do n\u00edvel do mar deixa China, \u00cdndia e Holanda em risco e pode fazer pa\u00edses inteiros desaparecerem para sempre. Secret\u00e1rio-geral da ONU, Ant\u00f4nio Guterres, chama aten\u00e7\u00e3o para \u00eaxodo maci\u00e7o de popula\u00e7\u00f5es; cidades como Londres, Los Angeles, Nova York, Buenos Aires tamb\u00e9m est\u00e3o amea\u00e7adas. \u00a0 O aumento do n\u00edvel do\u2026","rel":"","context":"In &quot;Atualidade&quot;","block_context":{"text":"Atualidade","link":"https:\/\/correiodasemana.com\/site\/category\/atualidade\/"},"img":{"alt_text":"","src":"https:\/\/i0.wp.com\/correiodasemana.com\/site\/wp-content\/uploads\/2023\/02\/pais-preparando-desaparecer-aquecimento-global.jpg?resize=350%2C200&ssl=1","width":350,"height":200,"srcset":"https:\/\/i0.wp.com\/correiodasemana.com\/site\/wp-content\/uploads\/2023\/02\/pais-preparando-desaparecer-aquecimento-global.jpg?resize=350%2C200&ssl=1 1x, https:\/\/i0.wp.com\/correiodasemana.com\/site\/wp-content\/uploads\/2023\/02\/pais-preparando-desaparecer-aquecimento-global.jpg?resize=525%2C300&ssl=1 1.5x"},"classes":[]},{"id":10478,"url":"https:\/\/correiodasemana.com\/site\/brasil-e-o-3o-pais-em-que-pessoas-passam-mais-tempo-em-aplicativos\/","url_meta":{"origin":32781,"position":1},"title":"Brasil \u00e9 o 3\u00ba pa\u00eds em que pessoas passam mais tempo em aplicativos","author":"","date":"Janeiro 22, 2020","format":false,"excerpt":"Fonte: Ag\u00eancia Brasil As pessoas passaram 3 horas e 40 minutos, em m\u00e9dia, utilizando aplicativos (tamb\u00e9m conhecidos como apps) em 2019. O \u00edndice \u00e9 35% maior do que em 2017. As informa\u00e7\u00f5es s\u00e3o do principal relat\u00f3rio sobre o tema no mundo, da consultoria App Annie. A edi\u00e7\u00e3o de 2020 foi\u2026","rel":"","context":"In &quot;Atualidade&quot;","block_context":{"text":"Atualidade","link":"https:\/\/correiodasemana.com\/site\/category\/atualidade\/"},"img":{"alt_text":"","src":"https:\/\/i0.wp.com\/correiodasemana.com\/site\/wp-content\/uploads\/2020\/01\/tecnologia20179132.jpg?resize=350%2C200&ssl=1","width":350,"height":200,"srcset":"https:\/\/i0.wp.com\/correiodasemana.com\/site\/wp-content\/uploads\/2020\/01\/tecnologia20179132.jpg?resize=350%2C200&ssl=1 1x, https:\/\/i0.wp.com\/correiodasemana.com\/site\/wp-content\/uploads\/2020\/01\/tecnologia20179132.jpg?resize=525%2C300&ssl=1 1.5x"},"classes":[]},{"id":20449,"url":"https:\/\/correiodasemana.com\/site\/sobral-sobral-95\/","url_meta":{"origin":32781,"position":2},"title":"Sobral, Sobral","author":"","date":"Julho 17, 2022","format":false,"excerpt":"BARATA ESPERTA N\u00c3O ATRAVESSA GALINHEIRO!! MINHAS HIST\u00d3RIAS... VAMOS AFASTAR O MAL DE ALZHEIMER!! Alguns dos exerc\u00edcios para desenvolver NEUR\u00d3BICA (o equil\u00edbrio e uso pleno do c\u00e9rebro). Evita o ALZHEIMER!! --- Use o rel\u00f3gio na m\u00e3o oposta \u00e0 normalmente utilizada. --- Escovar os dentes com a m\u00e3o oposta. --- Caminhe ao\u2026","rel":"","context":"In &quot;Artigos&quot;","block_context":{"text":"Artigos","link":"https:\/\/correiodasemana.com\/site\/category\/artigos\/"},"img":{"alt_text":"","src":"https:\/\/i0.wp.com\/correiodasemana.com\/site\/wp-content\/uploads\/2021\/02\/artigo-carolino-radio.png?resize=350%2C200&ssl=1","width":350,"height":200,"srcset":"https:\/\/i0.wp.com\/correiodasemana.com\/site\/wp-content\/uploads\/2021\/02\/artigo-carolino-radio.png?resize=350%2C200&ssl=1 1x, https:\/\/i0.wp.com\/correiodasemana.com\/site\/wp-content\/uploads\/2021\/02\/artigo-carolino-radio.png?resize=525%2C300&ssl=1 1.5x, https:\/\/i0.wp.com\/correiodasemana.com\/site\/wp-content\/uploads\/2021\/02\/artigo-carolino-radio.png?resize=700%2C400&ssl=1 2x"},"classes":[]},{"id":23061,"url":"https:\/\/correiodasemana.com\/site\/bndes-voltara-a-financiar-projetos-em-paises-vizinhos-diz-lula\/","url_meta":{"origin":32781,"position":3},"title":"BNDES voltar\u00e1 a financiar projetos em pa\u00edses vizinhos, diz Lula","author":"","date":"Janeiro 24, 2023","format":false,"excerpt":"Ap\u00f3s anos de proibi\u00e7\u00e3o, o Banco Nacional de Desenvolvimento Econ\u00f4mico e Social (BNDES) voltar\u00e1 a financiar projetos de desenvolvimento e de engenharia em pa\u00edses vizinhos, disse hoje (23) o presidente Luiz In\u00e1cio Lula da Silva. Ele deu a declara\u00e7\u00e3o acompanhado do presidente argentino, Alberto Fern\u00e1ndez, em encontro com empres\u00e1rios brasileiros\u2026","rel":"","context":"In &quot;Atualidade&quot;","block_context":{"text":"Atualidade","link":"https:\/\/correiodasemana.com\/site\/category\/atualidade\/"},"img":{"alt_text":"","src":"https:\/\/i0.wp.com\/correiodasemana.com\/site\/wp-content\/uploads\/2023\/01\/bndes.webp?resize=350%2C200&ssl=1","width":350,"height":200,"srcset":"https:\/\/i0.wp.com\/correiodasemana.com\/site\/wp-content\/uploads\/2023\/01\/bndes.webp?resize=350%2C200&ssl=1 1x, https:\/\/i0.wp.com\/correiodasemana.com\/site\/wp-content\/uploads\/2023\/01\/bndes.webp?resize=525%2C300&ssl=1 1.5x, https:\/\/i0.wp.com\/correiodasemana.com\/site\/wp-content\/uploads\/2023\/01\/bndes.webp?resize=700%2C400&ssl=1 2x, https:\/\/i0.wp.com\/correiodasemana.com\/site\/wp-content\/uploads\/2023\/01\/bndes.webp?resize=1050%2C600&ssl=1 3x"},"classes":[]},{"id":15381,"url":"https:\/\/correiodasemana.com\/site\/impactos-da-covid-19-apenas-4-em-cada-10-brasileiros-acham-que-vida-voltara-ao-normal-em-2021\/","url_meta":{"origin":32781,"position":4},"title":"Impactos da Covid-19: Apenas 4 em cada 10 brasileiros acham que vida voltar\u00e1 ao normal em 2021","author":"","date":"Janeiro 18, 2021","format":false,"excerpt":"Estudo Ipsos analisa as previs\u00f5es de entrevistados do Brasil e do mundo para o ano que se inicia. Os brasileiros n\u00e3o est\u00e3o otimistas de que poder\u00e3o voltar \u00e0s suas rotinas pr\u00e9-pandemia neste ano. A pesquisa Global Advisor 2021 Predictions, realizada pela Ipsos desde 2012 para analisar as expectativas de cidad\u00e3os\u2026","rel":"","context":"In &quot;Atualidade&quot;","block_context":{"text":"Atualidade","link":"https:\/\/correiodasemana.com\/site\/category\/atualidade\/"},"img":{"alt_text":"","src":"https:\/\/i0.wp.com\/correiodasemana.com\/site\/wp-content\/uploads\/2021\/01\/20200502163418461757e.jpeg?resize=350%2C200&ssl=1","width":350,"height":200,"srcset":"https:\/\/i0.wp.com\/correiodasemana.com\/site\/wp-content\/uploads\/2021\/01\/20200502163418461757e.jpeg?resize=350%2C200&ssl=1 1x, https:\/\/i0.wp.com\/correiodasemana.com\/site\/wp-content\/uploads\/2021\/01\/20200502163418461757e.jpeg?resize=525%2C300&ssl=1 1.5x, https:\/\/i0.wp.com\/correiodasemana.com\/site\/wp-content\/uploads\/2021\/01\/20200502163418461757e.jpeg?resize=700%2C400&ssl=1 2x"},"classes":[]},{"id":23195,"url":"https:\/\/correiodasemana.com\/site\/general-americano-faz-alerta-sobre-possivel-guerra-contra-a-china\/","url_meta":{"origin":32781,"position":5},"title":"General americano faz alerta sobre poss\u00edvel guerra contra a China","author":"","date":"Janeiro 30, 2023","format":false,"excerpt":"Um general de quatro estrelas da For\u00e7a A\u00e9rea dos Estados Unidos fez uma advert\u00eancia sobre a possibilidade de um conflito com a China j\u00e1 em 2025. O militar declarou que seu instinto diz que o combate ser\u00e1 travado por causa de Taiwan. Em um memorando interno, divulgado pelas redes sociais\u2026","rel":"","context":"In &quot;Atualidade&quot;","block_context":{"text":"Atualidade","link":"https:\/\/correiodasemana.com\/site\/category\/atualidade\/"},"img":{"alt_text":"","src":"https:\/\/i0.wp.com\/correiodasemana.com\/site\/wp-content\/uploads\/2023\/01\/Acesse-Politica-O-site-de-politica-mais-acessado-da-Bahia-www.acessepolitica.com_.br-general-eua-1050x525-1.jpg?resize=350%2C200&ssl=1","width":350,"height":200,"srcset":"https:\/\/i0.wp.com\/correiodasemana.com\/site\/wp-content\/uploads\/2023\/01\/Acesse-Politica-O-site-de-politica-mais-acessado-da-Bahia-www.acessepolitica.com_.br-general-eua-1050x525-1.jpg?resize=350%2C200&ssl=1 1x, https:\/\/i0.wp.com\/correiodasemana.com\/site\/wp-content\/uploads\/2023\/01\/Acesse-Politica-O-site-de-politica-mais-acessado-da-Bahia-www.acessepolitica.com_.br-general-eua-1050x525-1.jpg?resize=525%2C300&ssl=1 1.5x, https:\/\/i0.wp.com\/correiodasemana.com\/site\/wp-content\/uploads\/2023\/01\/Acesse-Politica-O-site-de-politica-mais-acessado-da-Bahia-www.acessepolitica.com_.br-general-eua-1050x525-1.jpg?resize=700%2C400&ssl=1 2x, https:\/\/i0.wp.com\/correiodasemana.com\/site\/wp-content\/uploads\/2023\/01\/Acesse-Politica-O-site-de-politica-mais-acessado-da-Bahia-www.acessepolitica.com_.br-general-eua-1050x525-1.jpg?resize=1050%2C600&ssl=1 3x"},"classes":[]}],"jetpack_sharing_enabled":true,"_links":{"self":[{"href":"https:\/\/correiodasemana.com\/site\/wp-json\/wp\/v2\/posts\/32781","targetHints":{"allow":["GET"]}}],"collection":[{"href":"https:\/\/correiodasemana.com\/site\/wp-json\/wp\/v2\/posts"}],"about":[{"href":"https:\/\/correiodasemana.com\/site\/wp-json\/wp\/v2\/types\/post"}],"author":[{"embeddable":true,"href":"https:\/\/correiodasemana.com\/site\/wp-json\/wp\/v2\/users\/7"}],"replies":[{"embeddable":true,"href":"https:\/\/correiodasemana.com\/site\/wp-json\/wp\/v2\/comments?post=32781"}],"version-history":[{"count":1,"href":"https:\/\/correiodasemana.com\/site\/wp-json\/wp\/v2\/posts\/32781\/revisions"}],"predecessor-version":[{"id":32783,"href":"https:\/\/correiodasemana.com\/site\/wp-json\/wp\/v2\/posts\/32781\/revisions\/32783"}],"wp:featuredmedia":[{"embeddable":true,"href":"https:\/\/correiodasemana.com\/site\/wp-json\/wp\/v2\/media\/32782"}],"wp:attachment":[{"href":"https:\/\/correiodasemana.com\/site\/wp-json\/wp\/v2\/media?parent=32781"}],"wp:term":[{"taxonomy":"category","embeddable":true,"href":"https:\/\/correiodasemana.com\/site\/wp-json\/wp\/v2\/categories?post=32781"},{"taxonomy":"post_tag","embeddable":true,"href":"https:\/\/correiodasemana.com\/site\/wp-json\/wp\/v2\/tags?post=32781"}],"curies":[{"name":"wp","href":"https:\/\/api.w.org\/{rel}","templated":true}]}}