{"id":32784,"date":"2025-03-10T15:47:10","date_gmt":"2025-03-10T18:47:10","guid":{"rendered":"https:\/\/correiodasemana.com\/site\/?p=32784"},"modified":"2025-03-10T15:47:10","modified_gmt":"2025-03-10T18:47:10","slug":"imposto-de-renda-2025-prazo-de-declaracao-ja-tem-data-definida","status":"publish","type":"post","link":"https:\/\/correiodasemana.com\/site\/imposto-de-renda-2025-prazo-de-declaracao-ja-tem-data-definida\/","title":{"rendered":"Imposto de Renda 2025: Prazo de declara\u00e7\u00e3o j\u00e1 tem data definida"},"content":{"rendered":"<p><strong>Especialista alerta para a import\u00e2ncia de se antecipar e evitar problemas com o fisco<\/strong><\/p>\n<p>CURITIBA, 28\/02\/2025 \u2013 A Receita Federal definiu o prazo para a entrega da declara\u00e7\u00e3o do Imposto de Renda 2025. Os contribuintes dever\u00e3o enviar suas informa\u00e7\u00f5es entre o dia 15 de mar\u00e7o e 31 de maio, respeitando o cronograma estabelecido pelo \u00f3rg\u00e3o.<br \/>\nCom a proximidade do per\u00edodo de declara\u00e7\u00e3o, especialistas recomendam que os contribuintes organizem com anteced\u00eancia toda a documenta\u00e7\u00e3o necess\u00e1ria para evitar erros e correr o risco de cair na malha fina. Segundo o Dr. Jorge Coutinho, especialista em direito tribut\u00e1rio da JPA Advogados e Associados, a aten\u00e7\u00e3o aos prazos e \u00e0 correta presta\u00e7\u00e3o de informa\u00e7\u00f5es \u00e9 essencial para evitar problemas futuros com o fisco.<br \/>\n\u201cMuitos contribuintes deixam a declara\u00e7\u00e3o para a \u00faltima hora, o que pode resultar em erros ou na falta de documentos essenciais. O ideal \u00e9 reunir os comprovantes de renda e despesas dedut\u00edveis com anteced\u00eancia e, se necess\u00e1rio, contar com a assessoria de um profissional especializado para garantir que todas as informa\u00e7\u00f5es estejam corretas\u201d, destaca o Dr. Jorge Coutinho.<br \/>\nOs contribuintes que possuem rendimentos tribut\u00e1veis acima do limite estabelecido pela Receita Federal est\u00e3o obrigados a declarar. Al\u00e9m disso, quem teve ganhos de capital, opera\u00e7\u00f5es em bolsa de valores ou recebeu rendimentos isentos e n\u00e3o tribut\u00e1veis acima do valor estipulado tamb\u00e9m deve prestar contas ao fisco.<\/p>\n<p>Para realizar a declara\u00e7\u00e3o corretamente, \u00e9 essencial reunir documentos como:<br \/>\nInforme de rendimentos de todas as fontes pagadoras;<br \/>\nComprovantes de despesas m\u00e9dicas e odontol\u00f3gicas;<br \/>\nRecibos de educa\u00e7\u00e3o (escolas, faculdades e cursos t\u00e9cnicos);<br \/>\nComprovantes de contribui\u00e7\u00f5es previdenci\u00e1rias e privadas;<br \/>\nRecibos de alugu\u00e9is pagos ou recebidos;<br \/>\nDocumentos de bens adquiridos ou vendidos no ano-base;<br \/>\nComprovantes de doa\u00e7\u00f5es que possam ser deduzidas;<br \/>\nExtratos banc\u00e1rios e de investimentos, incluindo opera\u00e7\u00f5es na bolsa de valores.<\/p>\n<p>Para evitar contratempos, especialistas refor\u00e7am que \u00e9 fundamental revisar a declara\u00e7\u00e3o antes do envio, conferindo todas as informa\u00e7\u00f5es declaradas, evitando inconsist\u00eancias e garantindo a correta presta\u00e7\u00e3o de contas. Para mais informa\u00e7\u00f5es, acesse https:\/\/www.gov.br\/receitafederal\/pt-br\/assuntos\/meu-imposto-de-renda<\/p>\n","protected":false},"excerpt":{"rendered":"<p>Especialista alerta para a import\u00e2ncia de se antecipar e evitar problemas com o fisco CURITIBA,&#8230;<\/p>\n","protected":false},"author":7,"featured_media":32785,"comment_status":"open","ping_status":"open","sticky":false,"template":"","format":"standard","meta":{"_jetpack_memberships_contains_paid_content":false,"footnotes":"","jetpack_publicize_message":"","jetpack_publicize_feature_enabled":true,"jetpack_social_post_already_shared":true,"jetpack_social_options":{"image_generator_settings":{"template":"highway","default_image_id":0,"font":"","enabled":false},"version":2}},"categories":[1],"tags":[],"class_list":["post-32784","post","type-post","status-publish","format-standard","has-post-thumbnail","hentry","category-atualidade"],"jetpack_publicize_connections":[],"jetpack_featured_media_url":"https:\/\/correiodasemana.com\/site\/wp-content\/uploads\/2025\/03\/imposto-de-renda-2025.jpg","jetpack-related-posts":[{"id":37805,"url":"https:\/\/correiodasemana.com\/site\/envio-de-declaracao-do-ir-comeca-na-proxima-semana-veja-regras\/","url_meta":{"origin":32784,"position":0},"title":"Envio de declara\u00e7\u00e3o do IR come\u00e7a na pr\u00f3xima semana; veja regras","author":"adminredacao","date":"Mar\u00e7o 20, 2026","format":false,"excerpt":"Nova isen\u00e7\u00e3o de at\u00e9 R$ 5 mil n\u00e3o afeta declara\u00e7\u00e3o deste ano POR Wellton M\u00e1ximo \u2013 Rep\u00f3rter da Ag\u00eancia Brasil A Receita Federal divulgar\u00e1 na pr\u00f3xima segunda-feira (16) as regras da Declara\u00e7\u00e3o do Imposto de Renda Pessoa F\u00edsica (IRPF) 2026. Embora o calend\u00e1rio oficial ainda n\u00e3o tenha sido anunciado, a\u2026","rel":"","context":"In &quot;Atualidade&quot;","block_context":{"text":"Atualidade","link":"https:\/\/correiodasemana.com\/site\/category\/atualidade\/"},"img":{"alt_text":"","src":"https:\/\/i0.wp.com\/correiodasemana.com\/site\/wp-content\/uploads\/2026\/03\/real_moeda_020120a84t47475213.webp?resize=350%2C200&ssl=1","width":350,"height":200,"srcset":"https:\/\/i0.wp.com\/correiodasemana.com\/site\/wp-content\/uploads\/2026\/03\/real_moeda_020120a84t47475213.webp?resize=350%2C200&ssl=1 1x, https:\/\/i0.wp.com\/correiodasemana.com\/site\/wp-content\/uploads\/2026\/03\/real_moeda_020120a84t47475213.webp?resize=525%2C300&ssl=1 1.5x, https:\/\/i0.wp.com\/correiodasemana.com\/site\/wp-content\/uploads\/2026\/03\/real_moeda_020120a84t47475213.webp?resize=700%2C400&ssl=1 2x, https:\/\/i0.wp.com\/correiodasemana.com\/site\/wp-content\/uploads\/2026\/03\/real_moeda_020120a84t47475213.webp?resize=1050%2C600&ssl=1 3x"},"classes":[]},{"id":23687,"url":"https:\/\/correiodasemana.com\/site\/lote-residual-do-imposto-de-renda-sera-liberado-hoje\/","url_meta":{"origin":32784,"position":1},"title":"Lote residual do Imposto de Renda ser\u00e1 liberado hoje","author":"","date":"Fevereiro 17, 2023","format":false,"excerpt":"Quase 180 mil contribuintes que ca\u00edram na malha fina da Receita Federal e regularizaram sua situa\u00e7\u00e3o receber\u00e3o do Fisco R$ 250 milh\u00f5es. Isso \u00e9 poss\u00edvel a partir da consulta ao lote residual do Imposto de Renda Pessoa F\u00edsica que abre nesta sexta-feira, 17\/2. O contribuinte com esse perfil pode realizar\u2026","rel":"","context":"In &quot;Atualidade&quot;","block_context":{"text":"Atualidade","link":"https:\/\/correiodasemana.com\/site\/category\/atualidade\/"},"img":{"alt_text":"","src":"https:\/\/i0.wp.com\/correiodasemana.com\/site\/wp-content\/uploads\/2023\/02\/imposto_de_renda_pode_ficar_mais_barato_em_2023_veja_o_que_esta_mudando-155052.webp?resize=350%2C200&ssl=1","width":350,"height":200,"srcset":"https:\/\/i0.wp.com\/correiodasemana.com\/site\/wp-content\/uploads\/2023\/02\/imposto_de_renda_pode_ficar_mais_barato_em_2023_veja_o_que_esta_mudando-155052.webp?resize=350%2C200&ssl=1 1x, https:\/\/i0.wp.com\/correiodasemana.com\/site\/wp-content\/uploads\/2023\/02\/imposto_de_renda_pode_ficar_mais_barato_em_2023_veja_o_que_esta_mudando-155052.webp?resize=525%2C300&ssl=1 1.5x, https:\/\/i0.wp.com\/correiodasemana.com\/site\/wp-content\/uploads\/2023\/02\/imposto_de_renda_pode_ficar_mais_barato_em_2023_veja_o_que_esta_mudando-155052.webp?resize=700%2C400&ssl=1 2x, https:\/\/i0.wp.com\/correiodasemana.com\/site\/wp-content\/uploads\/2023\/02\/imposto_de_renda_pode_ficar_mais_barato_em_2023_veja_o_que_esta_mudando-155052.webp?resize=1050%2C600&ssl=1 3x"},"classes":[]},{"id":11544,"url":"https:\/\/correiodasemana.com\/site\/receita-paga-hoje-segundo-lote-de-restituicao-de-imposto-de-renda\/","url_meta":{"origin":32784,"position":2},"title":"Receita paga hoje segundo lote de restitui\u00e7\u00e3o de Imposto de Renda","author":"","date":"Junho 30, 2020","format":false,"excerpt":"A Receita Federal paga hoje (30) o segundo lote de restitui\u00e7\u00e3o do Imposto de Renda Pessoa F\u00edsica (IRPF) de 2020. Mais de 3,3 milh\u00f5es contribuintes receber\u00e3o R$ 5,7 bilh\u00f5es no lote de maior valor j\u00e1 registrado. Desse valor total, R$ 3,977 bilh\u00f5es s\u00e3o para contribuintes com direito a prioridade no\u2026","rel":"","context":"In &quot;Atualidade&quot;","block_context":{"text":"Atualidade","link":"https:\/\/correiodasemana.com\/site\/category\/atualidade\/"},"img":{"alt_text":"","src":"https:\/\/i0.wp.com\/correiodasemana.com\/site\/wp-content\/uploads\/2020\/06\/foto-receita.jpg?resize=350%2C200&ssl=1","width":350,"height":200,"srcset":"https:\/\/i0.wp.com\/correiodasemana.com\/site\/wp-content\/uploads\/2020\/06\/foto-receita.jpg?resize=350%2C200&ssl=1 1x, https:\/\/i0.wp.com\/correiodasemana.com\/site\/wp-content\/uploads\/2020\/06\/foto-receita.jpg?resize=525%2C300&ssl=1 1.5x, https:\/\/i0.wp.com\/correiodasemana.com\/site\/wp-content\/uploads\/2020\/06\/foto-receita.jpg?resize=700%2C400&ssl=1 2x, https:\/\/i0.wp.com\/correiodasemana.com\/site\/wp-content\/uploads\/2020\/06\/foto-receita.jpg?resize=1050%2C600&ssl=1 3x"},"classes":[]},{"id":24843,"url":"https:\/\/correiodasemana.com\/site\/24843-2\/","url_meta":{"origin":32784,"position":3},"title":"IR 2023: prazo para realizar declara\u00e7\u00e3o encerra na pr\u00f3xima semana","author":"","date":"Maio 26, 2023","format":false,"excerpt":"O prazo para declarar o Imposto de Renda da Pessoa F\u00edsica em 2023 se encerra na pr\u00f3xima quarta-feira, 31. O in\u00edcio das declara\u00e7\u00f5es foi aconteceu em 15 de mar\u00e7o, sendo\u00a0obrigado a declarar quem recebeu rendimentos acima de R$ 28.559,70 em 2022. At\u00e9 as 8h36min desta sexta-feira, 26,\u00a031.084.579 haviam realizado a\u2026","rel":"","context":"In &quot;Atualidade&quot;","block_context":{"text":"Atualidade","link":"https:\/\/correiodasemana.com\/site\/category\/atualidade\/"},"img":{"alt_text":"","src":"https:\/\/i0.wp.com\/correiodasemana.com\/site\/wp-content\/uploads\/2023\/05\/g_1684929526.webp?resize=350%2C200&ssl=1","width":350,"height":200,"srcset":"https:\/\/i0.wp.com\/correiodasemana.com\/site\/wp-content\/uploads\/2023\/05\/g_1684929526.webp?resize=350%2C200&ssl=1 1x, https:\/\/i0.wp.com\/correiodasemana.com\/site\/wp-content\/uploads\/2023\/05\/g_1684929526.webp?resize=525%2C300&ssl=1 1.5x, https:\/\/i0.wp.com\/correiodasemana.com\/site\/wp-content\/uploads\/2023\/05\/g_1684929526.webp?resize=700%2C400&ssl=1 2x, https:\/\/i0.wp.com\/correiodasemana.com\/site\/wp-content\/uploads\/2023\/05\/g_1684929526.webp?resize=1050%2C600&ssl=1 3x, https:\/\/i0.wp.com\/correiodasemana.com\/site\/wp-content\/uploads\/2023\/05\/g_1684929526.webp?resize=1400%2C800&ssl=1 4x"},"classes":[]},{"id":21988,"url":"https:\/\/correiodasemana.com\/site\/receita-federal-libera-hoje-30-novo-lote-da-restituicao-do-irpf\/","url_meta":{"origin":32784,"position":4},"title":"Receita Federal libera hoje (30) novo lote da Restitui\u00e7\u00e3o do IRPF","author":"","date":"Novembro 30, 2022","format":false,"excerpt":"Mais de 556,6 mil contribuintes ser\u00e3o contemplados no lote residual de restitui\u00e7\u00e3o do Imposto de Renda 2022 A Receita Federal paga nesta quarta-feira, 30, o lote residual de restitui\u00e7\u00e3o do Imposto de Renda Pessoa F\u00edsica (IRPF) de novembro.\u00a0No Brasil,\u00a0556.685 contribuintes ser\u00e3o contemplados. O cr\u00e9dito banc\u00e1rio, no valor total de R$\u2026","rel":"","context":"In &quot;Atualidade&quot;","block_context":{"text":"Atualidade","link":"https:\/\/correiodasemana.com\/site\/category\/atualidade\/"},"img":{"alt_text":"","src":"https:\/\/i0.wp.com\/correiodasemana.com\/site\/wp-content\/uploads\/2022\/11\/captura2.jpg?resize=350%2C200&ssl=1","width":350,"height":200,"srcset":"https:\/\/i0.wp.com\/correiodasemana.com\/site\/wp-content\/uploads\/2022\/11\/captura2.jpg?resize=350%2C200&ssl=1 1x, https:\/\/i0.wp.com\/correiodasemana.com\/site\/wp-content\/uploads\/2022\/11\/captura2.jpg?resize=525%2C300&ssl=1 1.5x"},"classes":[]},{"id":23649,"url":"https:\/\/correiodasemana.com\/site\/prazo-para-entrega-do-ir-2023\/","url_meta":{"origin":32784,"position":5},"title":"Prazo para entrega do IR 2023","author":"","date":"Fevereiro 16, 2023","format":false,"excerpt":"Brasileiro ter\u00e1 mais tempo para entregar o Imposto de Renda em 2023. Objetivo da Receita Federal \u00e9 incentivar o envio da declara\u00e7\u00e3o por meios eletr\u00f4nicos. \u00a0 O prazo de entrega da declara\u00e7\u00e3o do Imposto de Renda \u00e0 Receita Federal em 2023 para pessoas f\u00edsicas ser\u00e1 entre 15 de mar\u00e7o e\u2026","rel":"","context":"In &quot;Atualidade&quot;","block_context":{"text":"Atualidade","link":"https:\/\/correiodasemana.com\/site\/category\/atualidade\/"},"img":{"alt_text":"","src":"https:\/\/i0.wp.com\/correiodasemana.com\/site\/wp-content\/uploads\/2023\/02\/imposto-de-renda-20233-1.jpg?resize=350%2C200&ssl=1","width":350,"height":200,"srcset":"https:\/\/i0.wp.com\/correiodasemana.com\/site\/wp-content\/uploads\/2023\/02\/imposto-de-renda-20233-1.jpg?resize=350%2C200&ssl=1 1x, https:\/\/i0.wp.com\/correiodasemana.com\/site\/wp-content\/uploads\/2023\/02\/imposto-de-renda-20233-1.jpg?resize=525%2C300&ssl=1 1.5x, https:\/\/i0.wp.com\/correiodasemana.com\/site\/wp-content\/uploads\/2023\/02\/imposto-de-renda-20233-1.jpg?resize=700%2C400&ssl=1 2x, https:\/\/i0.wp.com\/correiodasemana.com\/site\/wp-content\/uploads\/2023\/02\/imposto-de-renda-20233-1.jpg?resize=1050%2C600&ssl=1 3x"},"classes":[]}],"jetpack_sharing_enabled":true,"_links":{"self":[{"href":"https:\/\/correiodasemana.com\/site\/wp-json\/wp\/v2\/posts\/32784","targetHints":{"allow":["GET"]}}],"collection":[{"href":"https:\/\/correiodasemana.com\/site\/wp-json\/wp\/v2\/posts"}],"about":[{"href":"https:\/\/correiodasemana.com\/site\/wp-json\/wp\/v2\/types\/post"}],"author":[{"embeddable":true,"href":"https:\/\/correiodasemana.com\/site\/wp-json\/wp\/v2\/users\/7"}],"replies":[{"embeddable":true,"href":"https:\/\/correiodasemana.com\/site\/wp-json\/wp\/v2\/comments?post=32784"}],"version-history":[{"count":1,"href":"https:\/\/correiodasemana.com\/site\/wp-json\/wp\/v2\/posts\/32784\/revisions"}],"predecessor-version":[{"id":32786,"href":"https:\/\/correiodasemana.com\/site\/wp-json\/wp\/v2\/posts\/32784\/revisions\/32786"}],"wp:featuredmedia":[{"embeddable":true,"href":"https:\/\/correiodasemana.com\/site\/wp-json\/wp\/v2\/media\/32785"}],"wp:attachment":[{"href":"https:\/\/correiodasemana.com\/site\/wp-json\/wp\/v2\/media?parent=32784"}],"wp:term":[{"taxonomy":"category","embeddable":true,"href":"https:\/\/correiodasemana.com\/site\/wp-json\/wp\/v2\/categories?post=32784"},{"taxonomy":"post_tag","embeddable":true,"href":"https:\/\/correiodasemana.com\/site\/wp-json\/wp\/v2\/tags?post=32784"}],"curies":[{"name":"wp","href":"https:\/\/api.w.org\/{rel}","templated":true}]}}