{"id":32787,"date":"2025-03-10T15:48:16","date_gmt":"2025-03-10T18:48:16","guid":{"rendered":"https:\/\/correiodasemana.com\/site\/?p=32787"},"modified":"2025-03-10T15:48:16","modified_gmt":"2025-03-10T18:48:16","slug":"em-tempo-267","status":"publish","type":"post","link":"https:\/\/correiodasemana.com\/site\/em-tempo-267\/","title":{"rendered":"EM TEMPO \u2022"},"content":{"rendered":"<p>Mudan\u00e7a de Curso e Reingresso na UVA<br \/>\nA Universidade Estadual Vale do Acara\u00fa (UVA) realiza processo seletivo especial para as modalidades Mudan\u00e7a de Curso e Reingresso (Readmiss\u00e3o). Oportunidades s\u00e3o para cursos nos campi de Sobral, S\u00e3o Benedito, Camocim e Acara\u00fa, com ingresso no semestre 2025.1.<br \/>\nAs inscri\u00e7\u00f5es ser\u00e3o realizadas at\u00e9 11 de mar\u00e7o. A solicita\u00e7\u00e3o deve ser feita por meio do formul\u00e1rio dispon\u00edvel no site oficial da UVA, no m\u00f3dulo acad\u00eamico do aluno. O resultado final, com os nomes dos candidatos classificados, ser\u00e1 divulgado no dia 26 de mar\u00e7o deste ano.<\/p>\n<p>54\u00aa edi\u00e7\u00e3o Concurso de Reda\u00e7\u00e3o de Cartas<br \/>\nInscri\u00e7\u00f5es para o 54\u00ba Concurso Internacional de Reda\u00e7\u00e3o de Cartas est\u00e3o abertas at\u00e9 28 de mar\u00e7o, abrindo as portas para jovens talentos mostrarem sua criatividade e habilidade com a escrita. Carta vencedora poder\u00e1 representar o Brasil na etapa internacional, em Viena (\u00c1ustria)<br \/>\nPromovido anualmente pela Uni\u00e3o Postal Universal (UPU) e realizado no Brasil pelos Correios, certame \u00e9 voltado a estudantes de at\u00e9 15 anos, da rede p\u00fablica e privada de ensino. O regulamento e demais informa\u00e7\u00f5es do concurso est\u00e3o dispon\u00edveis no site www.correios.com.br.<\/p>\n<p>Oscar de Melhor Filme Internacional 2025<\/p>\n<div id='gallery-1' class='gallery galleryid-32787 gallery-columns-6 gallery-size-thumbnail'><figure class='gallery-item'>\n\t\t\t<div class='gallery-icon landscape'>\n\t\t\t\t<a href='https:\/\/correiodasemana.com\/site\/em-tempo-267\/oscar-2025ok\/'><img loading=\"lazy\" width=\"150\" height=\"150\" src=\"https:\/\/correiodasemana.com\/site\/wp-content\/uploads\/2025\/03\/OSCAR-2025ok-150x150.jpg\" class=\"attachment-thumbnail size-thumbnail\" alt=\"OSCAR 2025ok\" loading=\"lazy\" decoding=\"async\" \/><\/a>\n\t\t\t<\/div><\/figure>\n\t\t<\/div>\n\n<p>Walter Salles e Fernanda Torres, atriz que interpretou a ativista Eunice Paiva<br \/>\nCarnaval ficou ainda melhor com a vit\u00f3ria de \u201cAinda Estou Aqui\u201d, Oscar de Melhor Filme Internacional. Filme de Walter Salles concorria com \u201cFlow\u201d (Let\u00f4nia), \u201cA Semente do Fruto Sagrado\u201d (Alemanha), \u201cA Garota da Agulha\u201d (Dinamarca) e \u201cEmilia P\u00e9rez\u201d (Fran\u00e7a).<br \/>\nO longa, baseado no livro hom\u00f4nimo de Marcelo Rubens Paiva, conta a hist\u00f3ria real de Eunice Paiva, sua m\u00e3e, que passou quatro d\u00e9cadas em busca da verdade sobre desaparecimento de seu marido, o ex-deputado federal Rubens Paiva, assassinado durante a ditadura militar.<\/p>\n<p>M\u00fasicas de Belchior no carnaval de Recife<br \/>\nO cantor sobralense Belchior (1946 &#8211; 2017) ganhou um boneco gigante que tomou as ruas do Centro Hist\u00f3rico do Recife (PE) durante o domingo de Carnaval, dia 2 de mar\u00e7o. A homenagem foi parte do bloco \u201cSujeito de Sorte\u201d, que reverencia a obra do artista.<br \/>\nCriado em 2022, projeto toca m\u00fasicas de Belchior na concentra\u00e7\u00e3o e segue com outros compositores no cortejo. Entre as can\u00e7\u00f5es, est\u00e3o \u201cCora\u00e7\u00e3o Selvagem\u201d e \u201cNa Hora do Almo\u00e7o\u201d, al\u00e9m de vers\u00f5es como \u201cEm Plena Lua de Mel\u201d, eternizada na voz de Reginaldo Rossi.<\/p>\n<p>Realizado I Simp\u00f3sio Interligas em Sobral<br \/>\nA Universidade Estadual do Cear\u00e1 (Uece) participou do \u201cI Simp\u00f3sio Interligas: A Import\u00e2ncia das Ligas Acad\u00eamicas na Forma\u00e7\u00e3o Profissional e Pessoal dos Discentes e sua Contribui\u00e7\u00e3o para a Comunidade\u201d, realizado em Sobral, entre os dias 25 e 27 de fevereiro.<br \/>\nA programa\u00e7\u00e3o reuniu acad\u00eamicos de diversas institui\u00e7\u00f5es na Universidade Estadual Vale do Acara\u00fa, no Centro de Ci\u00eancias da Sa\u00fade. A Uece foi representada por estudantes do curso de Medicina e extensionistas da Liga Acad\u00eamica de Transplantes e Medicina Intensiva.<\/p>\n<p>Dica da Coluna<br \/>\nLeia o Blog do Edilson (www.blogdoedilson.com.br): Cultura, educa\u00e7\u00e3o, pol\u00edtica e utilidade p\u00fablica.<\/p>\n","protected":false},"excerpt":{"rendered":"<p>Mudan\u00e7a de Curso e Reingresso na UVA A Universidade Estadual Vale do Acara\u00fa (UVA) realiza&#8230;<\/p>\n","protected":false},"author":7,"featured_media":18025,"comment_status":"open","ping_status":"open","sticky":false,"template":"","format":"standard","meta":{"_jetpack_memberships_contains_paid_content":false,"footnotes":"","jetpack_publicize_message":"","jetpack_publicize_feature_enabled":true,"jetpack_social_post_already_shared":true,"jetpack_social_options":{"image_generator_settings":{"template":"highway","default_image_id":0,"font":"","enabled":false},"version":2}},"categories":[11,36],"tags":[],"class_list":["post-32787","post","type-post","status-publish","format-standard","has-post-thumbnail","hentry","category-artigos","category-em-tempo"],"jetpack_publicize_connections":[],"jetpack_featured_media_url":"https:\/\/correiodasemana.com\/site\/wp-content\/uploads\/2021\/11\/Edilson-Silva.jpg","jetpack-related-posts":[{"id":21104,"url":"https:\/\/correiodasemana.com\/site\/em-tempo-152\/","url_meta":{"origin":32787,"position":0},"title":"Em Tempo","author":"","date":"Setembro 26, 2022","format":false,"excerpt":"Concurso para professor da UFC A Universidade Federal do Cear\u00e1 (UFC) recebe, de 10 a 28 de outubro, inscri\u00e7\u00f5es de concurso p\u00fablico para professor do Campus em Sobral. De acordo com o\u00a0Edital n\u00ba 128\/2022, s\u00e3o oferecidas duas vagas, uma para Engenharia da Computa\u00e7\u00e3o e outra para o curso de Medicina.\u2026","rel":"","context":"In &quot;Artigos&quot;","block_context":{"text":"Artigos","link":"https:\/\/correiodasemana.com\/site\/category\/artigos\/"},"img":{"alt_text":"","src":"https:\/\/i0.wp.com\/correiodasemana.com\/site\/wp-content\/uploads\/2022\/09\/col-em-tempo-300x153.jpg?resize=350%2C200&ssl=1","width":350,"height":200},"classes":[]},{"id":32748,"url":"https:\/\/correiodasemana.com\/site\/em-tempo-266\/","url_meta":{"origin":32787,"position":1},"title":"EM TEMPO \u2022","author":"adminredacao","date":"Mar\u00e7o 9, 2025","format":false,"excerpt":"54\u00ba Concurso de Reda\u00e7\u00e3o de Cartas Inscri\u00e7\u00f5es para o 54\u00ba Concurso Internacional de Reda\u00e7\u00e3o de Cartas est\u00e3o abertas at\u00e9 28 de mar\u00e7o, abrindo as portas para jovens talentos mostrarem sua criatividade e habilidade com a escrita. Carta vencedora poder\u00e1 representar o Brasil na etapa internacional, em Viena (\u00c1ustria) Promovido anualmente\u2026","rel":"","context":"In &quot;Artigos&quot;","block_context":{"text":"Artigos","link":"https:\/\/correiodasemana.com\/site\/category\/artigos\/"},"img":{"alt_text":"","src":"https:\/\/i0.wp.com\/correiodasemana.com\/site\/wp-content\/uploads\/2025\/03\/Jornal-Correio-da-Semana-No-1061-2-150x150.jpg?resize=350%2C200&ssl=1","width":350,"height":200},"classes":[]},{"id":37955,"url":"https:\/\/correiodasemana.com\/site\/em-tempo-319\/","url_meta":{"origin":32787,"position":2},"title":"Em Tempo","author":"adminredacao","date":"Abril 11, 2026","format":false,"excerpt":"Inscri\u00e7\u00f5es para o Vestibular UVA 2026.2 Universidade Estadual Vale do Acara\u00fa (UVA) recebe inscri\u00e7\u00f5es, no per\u00edodo de 23 de mar\u00e7o a 5 de maio, para Vestibular 2026.2. Ser\u00e3o ofertadas 1.114 vagas para os diversos cursos de gradua\u00e7\u00e3o, sendo 834 em Sobral, 80 em Acara\u00fa, 80 em Camocim e 120 em\u2026","rel":"","context":"In &quot;Artigos&quot;","block_context":{"text":"Artigos","link":"https:\/\/correiodasemana.com\/site\/category\/artigos\/"},"img":{"alt_text":"","src":"https:\/\/i0.wp.com\/correiodasemana.com\/site\/wp-content\/uploads\/2026\/04\/Lenine_capa.jpg?resize=350%2C200&ssl=1","width":350,"height":200,"srcset":"https:\/\/i0.wp.com\/correiodasemana.com\/site\/wp-content\/uploads\/2026\/04\/Lenine_capa.jpg?resize=350%2C200&ssl=1 1x, https:\/\/i0.wp.com\/correiodasemana.com\/site\/wp-content\/uploads\/2026\/04\/Lenine_capa.jpg?resize=525%2C300&ssl=1 1.5x, https:\/\/i0.wp.com\/correiodasemana.com\/site\/wp-content\/uploads\/2026\/04\/Lenine_capa.jpg?resize=700%2C400&ssl=1 2x"},"classes":[]},{"id":37977,"url":"https:\/\/correiodasemana.com\/site\/em-tempo-320\/","url_meta":{"origin":32787,"position":3},"title":"Em Tempo","author":"adminredacao","date":"Abril 13, 2026","format":false,"excerpt":"Programa Jovem Aprendiz dos Correios As inscri\u00e7\u00f5es para o Programa Jovem Aprendiz dos Correios seguem at\u00e9 11 de abril. Ao todo, est\u00e3o dispon\u00edveis 548 vagas, al\u00e9m de cadastro reserva, para todo o Brasil. No Cear\u00e1, s\u00e3o ofertadas 20 vagas em Fortaleza, al\u00e9m de forma\u00e7\u00e3o de cadastro reserva em 28 munic\u00edpios.\u2026","rel":"","context":"In &quot;Em Tempo&quot;","block_context":{"text":"Em Tempo","link":"https:\/\/correiodasemana.com\/site\/category\/em-tempo\/"},"img":{"alt_text":"","src":"https:\/\/i0.wp.com\/correiodasemana.com\/site\/wp-content\/uploads\/2026\/04\/okRaymundo-Netto.jpg?resize=350%2C200&ssl=1","width":350,"height":200,"srcset":"https:\/\/i0.wp.com\/correiodasemana.com\/site\/wp-content\/uploads\/2026\/04\/okRaymundo-Netto.jpg?resize=350%2C200&ssl=1 1x, https:\/\/i0.wp.com\/correiodasemana.com\/site\/wp-content\/uploads\/2026\/04\/okRaymundo-Netto.jpg?resize=525%2C300&ssl=1 1.5x, https:\/\/i0.wp.com\/correiodasemana.com\/site\/wp-content\/uploads\/2026\/04\/okRaymundo-Netto.jpg?resize=700%2C400&ssl=1 2x"},"classes":[]},{"id":27070,"url":"https:\/\/correiodasemana.com\/site\/em-tempo-199\/","url_meta":{"origin":32787,"position":4},"title":"EM TEMPO \u2022","author":"adminredacao","date":"Outubro 30, 2023","format":false,"excerpt":"Inscri\u00e7\u00f5es do Vestibular UVA 2024 A Universidade Estadual Vale do Acara\u00fa (UVA) recebe, at\u00e9 31 de outubro, inscri\u00e7\u00f5es para o Vestibular 2024.1, com oferta de 1.140 vagas em cursos de gradua\u00e7\u00e3o em Sobral (860) e S\u00e3o Benedito (120) e para os cursos que funcionar\u00e3o em Camocim (80) e Acara\u00fa (80).\u2026","rel":"","context":"In &quot;Artigos&quot;","block_context":{"text":"Artigos","link":"https:\/\/correiodasemana.com\/site\/category\/artigos\/"},"img":{"alt_text":"","src":"https:\/\/i0.wp.com\/correiodasemana.com\/site\/wp-content\/uploads\/2023\/10\/Jose-Alcides-3-300x169.jpg?resize=350%2C200&ssl=1","width":350,"height":200},"classes":[]},{"id":38151,"url":"https:\/\/correiodasemana.com\/site\/em-tempo-321\/","url_meta":{"origin":32787,"position":5},"title":"Em Tempo","author":"adminredacao","date":"Abril 19, 2026","format":false,"excerpt":"Projeto da Escola de Gastronomia Social O Cear\u00e1 celebra mais um marco hist\u00f3rico na educa\u00e7\u00e3o e na valoriza\u00e7\u00e3o de suas ra\u00edzes. O projeto \u201cLaborat\u00f3rio de Cria\u00e7\u00e3o em Cultura Alimentar e Gastronomia Social: formando para transformar\u201d foi anunciado como um dos finalistas do Pr\u00eamio LED \u2013 Luz na Educa\u00e7\u00e3o 2026. A\u2026","rel":"","context":"In &quot;Em Tempo&quot;","block_context":{"text":"Em Tempo","link":"https:\/\/correiodasemana.com\/site\/category\/em-tempo\/"},"img":{"alt_text":"","src":"https:\/\/i0.wp.com\/correiodasemana.com\/site\/wp-content\/uploads\/2026\/04\/ok-Simone-Mendes-Alcione-Ze-Vaqueiro.jpg?resize=350%2C200&ssl=1","width":350,"height":200,"srcset":"https:\/\/i0.wp.com\/correiodasemana.com\/site\/wp-content\/uploads\/2026\/04\/ok-Simone-Mendes-Alcione-Ze-Vaqueiro.jpg?resize=350%2C200&ssl=1 1x, https:\/\/i0.wp.com\/correiodasemana.com\/site\/wp-content\/uploads\/2026\/04\/ok-Simone-Mendes-Alcione-Ze-Vaqueiro.jpg?resize=525%2C300&ssl=1 1.5x, https:\/\/i0.wp.com\/correiodasemana.com\/site\/wp-content\/uploads\/2026\/04\/ok-Simone-Mendes-Alcione-Ze-Vaqueiro.jpg?resize=700%2C400&ssl=1 2x, https:\/\/i0.wp.com\/correiodasemana.com\/site\/wp-content\/uploads\/2026\/04\/ok-Simone-Mendes-Alcione-Ze-Vaqueiro.jpg?resize=1050%2C600&ssl=1 3x"},"classes":[]}],"jetpack_sharing_enabled":true,"_links":{"self":[{"href":"https:\/\/correiodasemana.com\/site\/wp-json\/wp\/v2\/posts\/32787","targetHints":{"allow":["GET"]}}],"collection":[{"href":"https:\/\/correiodasemana.com\/site\/wp-json\/wp\/v2\/posts"}],"about":[{"href":"https:\/\/correiodasemana.com\/site\/wp-json\/wp\/v2\/types\/post"}],"author":[{"embeddable":true,"href":"https:\/\/correiodasemana.com\/site\/wp-json\/wp\/v2\/users\/7"}],"replies":[{"embeddable":true,"href":"https:\/\/correiodasemana.com\/site\/wp-json\/wp\/v2\/comments?post=32787"}],"version-history":[{"count":1,"href":"https:\/\/correiodasemana.com\/site\/wp-json\/wp\/v2\/posts\/32787\/revisions"}],"predecessor-version":[{"id":32789,"href":"https:\/\/correiodasemana.com\/site\/wp-json\/wp\/v2\/posts\/32787\/revisions\/32789"}],"wp:featuredmedia":[{"embeddable":true,"href":"https:\/\/correiodasemana.com\/site\/wp-json\/wp\/v2\/media\/18025"}],"wp:attachment":[{"href":"https:\/\/correiodasemana.com\/site\/wp-json\/wp\/v2\/media?parent=32787"}],"wp:term":[{"taxonomy":"category","embeddable":true,"href":"https:\/\/correiodasemana.com\/site\/wp-json\/wp\/v2\/categories?post=32787"},{"taxonomy":"post_tag","embeddable":true,"href":"https:\/\/correiodasemana.com\/site\/wp-json\/wp\/v2\/tags?post=32787"}],"curies":[{"name":"wp","href":"https:\/\/api.w.org\/{rel}","templated":true}]}}