{"id":32854,"date":"2025-03-10T16:19:45","date_gmt":"2025-03-10T19:19:45","guid":{"rendered":"https:\/\/correiodasemana.com\/site\/?p=32854"},"modified":"2025-03-10T16:19:45","modified_gmt":"2025-03-10T19:19:45","slug":"missa-com-imposicao-de-cinzas-marca-inicio-da-quaresma","status":"publish","type":"post","link":"https:\/\/correiodasemana.com\/site\/missa-com-imposicao-de-cinzas-marca-inicio-da-quaresma\/","title":{"rendered":"Missa com Imposi\u00e7\u00e3o de Cinzas marca in\u00edcio da Quaresma"},"content":{"rendered":"<div id='gallery-1' class='gallery galleryid-32854 gallery-columns-6 gallery-size-thumbnail'><figure class='gallery-item'>\n\t\t\t<div class='gallery-icon landscape'>\n\t\t\t\t<a href='https:\/\/correiodasemana.com\/site\/missa-com-imposicao-de-cinzas-marca-inicio-da-quaresma\/whatsapp-image-2025-03-07-at-22-33-52\/'><img loading=\"lazy\" width=\"150\" height=\"150\" src=\"https:\/\/correiodasemana.com\/site\/wp-content\/uploads\/2025\/03\/WhatsApp-Image-2025-03-07-at-22.33.52-150x150.jpeg\" class=\"attachment-thumbnail size-thumbnail\" alt=\"WhatsApp Image 2025-03-07 at 22.33.52\" loading=\"lazy\" decoding=\"async\" \/><\/a>\n\t\t\t<\/div><\/figure><figure class='gallery-item'>\n\t\t\t<div class='gallery-icon landscape'>\n\t\t\t\t<a href='https:\/\/correiodasemana.com\/site\/missa-com-imposicao-de-cinzas-marca-inicio-da-quaresma\/whatsapp-image-2025-03-07-at-22-33-53-1\/'><img loading=\"lazy\" width=\"150\" height=\"150\" src=\"https:\/\/correiodasemana.com\/site\/wp-content\/uploads\/2025\/03\/WhatsApp-Image-2025-03-07-at-22.33.53-1-150x150.jpeg\" class=\"attachment-thumbnail size-thumbnail\" alt=\"WhatsApp Image 2025-03-07 at 22.33.53 (1)\" loading=\"lazy\" decoding=\"async\" \/><\/a>\n\t\t\t<\/div><\/figure><figure class='gallery-item'>\n\t\t\t<div class='gallery-icon landscape'>\n\t\t\t\t<a href='https:\/\/correiodasemana.com\/site\/missa-com-imposicao-de-cinzas-marca-inicio-da-quaresma\/whatsapp-image-2025-03-07-at-22-33-53-2\/'><img loading=\"lazy\" width=\"150\" height=\"150\" src=\"https:\/\/correiodasemana.com\/site\/wp-content\/uploads\/2025\/03\/WhatsApp-Image-2025-03-07-at-22.33.53-2-150x150.jpeg\" class=\"attachment-thumbnail size-thumbnail\" alt=\"WhatsApp Image 2025-03-07 at 22.33.53 (2)\" loading=\"lazy\" decoding=\"async\" \/><\/a>\n\t\t\t<\/div><\/figure><figure class='gallery-item'>\n\t\t\t<div class='gallery-icon landscape'>\n\t\t\t\t<a href='https:\/\/correiodasemana.com\/site\/missa-com-imposicao-de-cinzas-marca-inicio-da-quaresma\/whatsapp-image-2025-03-07-at-22-33-53-3\/'><img loading=\"lazy\" width=\"150\" height=\"150\" src=\"https:\/\/correiodasemana.com\/site\/wp-content\/uploads\/2025\/03\/WhatsApp-Image-2025-03-07-at-22.33.53-3-150x150.jpeg\" class=\"attachment-thumbnail size-thumbnail\" alt=\"WhatsApp Image 2025-03-07 at 22.33.53 (3)\" loading=\"lazy\" decoding=\"async\" \/><\/a>\n\t\t\t<\/div><\/figure><figure class='gallery-item'>\n\t\t\t<div class='gallery-icon landscape'>\n\t\t\t\t<a href='https:\/\/correiodasemana.com\/site\/missa-com-imposicao-de-cinzas-marca-inicio-da-quaresma\/whatsapp-image-2025-03-07-at-22-33-53\/'><img loading=\"lazy\" width=\"150\" height=\"150\" src=\"https:\/\/correiodasemana.com\/site\/wp-content\/uploads\/2025\/03\/WhatsApp-Image-2025-03-07-at-22.33.53-150x150.jpeg\" class=\"attachment-thumbnail size-thumbnail\" alt=\"WhatsApp Image 2025-03-07 at 22.33.53\" loading=\"lazy\" decoding=\"async\" \/><\/a>\n\t\t\t<\/div><\/figure><figure class='gallery-item'>\n\t\t\t<div class='gallery-icon landscape'>\n\t\t\t\t<a href='https:\/\/correiodasemana.com\/site\/missa-com-imposicao-de-cinzas-marca-inicio-da-quaresma\/whatsapp-image-2025-03-07-at-22-33-54-1\/'><img loading=\"lazy\" width=\"150\" height=\"150\" src=\"https:\/\/correiodasemana.com\/site\/wp-content\/uploads\/2025\/03\/WhatsApp-Image-2025-03-07-at-22.33.54-1-150x150.jpeg\" class=\"attachment-thumbnail size-thumbnail\" alt=\"WhatsApp Image 2025-03-07 at 22.33.54 (1)\" loading=\"lazy\" decoding=\"async\" \/><\/a>\n\t\t\t<\/div><\/figure><figure class='gallery-item'>\n\t\t\t<div class='gallery-icon landscape'>\n\t\t\t\t<a href='https:\/\/correiodasemana.com\/site\/missa-com-imposicao-de-cinzas-marca-inicio-da-quaresma\/whatsapp-image-2025-03-07-at-22-33-54-2\/'><img loading=\"lazy\" width=\"150\" height=\"150\" src=\"https:\/\/correiodasemana.com\/site\/wp-content\/uploads\/2025\/03\/WhatsApp-Image-2025-03-07-at-22.33.54-2-150x150.jpeg\" class=\"attachment-thumbnail size-thumbnail\" alt=\"WhatsApp Image 2025-03-07 at 22.33.54 (2)\" loading=\"lazy\" decoding=\"async\" \/><\/a>\n\t\t\t<\/div><\/figure><figure class='gallery-item'>\n\t\t\t<div class='gallery-icon portrait'>\n\t\t\t\t<a href='https:\/\/correiodasemana.com\/site\/missa-com-imposicao-de-cinzas-marca-inicio-da-quaresma\/whatsapp-image-2025-03-07-at-22-33-54-3\/'><img loading=\"lazy\" width=\"150\" height=\"150\" src=\"https:\/\/correiodasemana.com\/site\/wp-content\/uploads\/2025\/03\/WhatsApp-Image-2025-03-07-at-22.33.54-3-150x150.jpeg\" class=\"attachment-thumbnail size-thumbnail\" alt=\"WhatsApp Image 2025-03-07 at 22.33.54 (3)\" loading=\"lazy\" decoding=\"async\" \/><\/a>\n\t\t\t<\/div><\/figure><figure class='gallery-item'>\n\t\t\t<div class='gallery-icon landscape'>\n\t\t\t\t<a href='https:\/\/correiodasemana.com\/site\/missa-com-imposicao-de-cinzas-marca-inicio-da-quaresma\/whatsapp-image-2025-03-07-at-22-33-54\/'><img loading=\"lazy\" width=\"150\" height=\"150\" src=\"https:\/\/correiodasemana.com\/site\/wp-content\/uploads\/2025\/03\/WhatsApp-Image-2025-03-07-at-22.33.54-150x150.jpeg\" class=\"attachment-thumbnail size-thumbnail\" alt=\"WhatsApp Image 2025-03-07 at 22.33.54\" loading=\"lazy\" decoding=\"async\" \/><\/a>\n\t\t\t<\/div><\/figure><figure class='gallery-item'>\n\t\t\t<div class='gallery-icon landscape'>\n\t\t\t\t<a href='https:\/\/correiodasemana.com\/site\/missa-com-imposicao-de-cinzas-marca-inicio-da-quaresma\/whatsapp-image-2025-03-07-at-22-33-55-1\/'><img loading=\"lazy\" width=\"150\" height=\"150\" src=\"https:\/\/correiodasemana.com\/site\/wp-content\/uploads\/2025\/03\/WhatsApp-Image-2025-03-07-at-22.33.55-1-150x150.jpeg\" class=\"attachment-thumbnail size-thumbnail\" alt=\"WhatsApp Image 2025-03-07 at 22.33.55 (1)\" loading=\"lazy\" decoding=\"async\" \/><\/a>\n\t\t\t<\/div><\/figure><figure class='gallery-item'>\n\t\t\t<div class='gallery-icon landscape'>\n\t\t\t\t<a href='https:\/\/correiodasemana.com\/site\/missa-com-imposicao-de-cinzas-marca-inicio-da-quaresma\/whatsapp-image-2025-03-07-at-22-33-55-2\/'><img loading=\"lazy\" width=\"150\" height=\"150\" src=\"https:\/\/correiodasemana.com\/site\/wp-content\/uploads\/2025\/03\/WhatsApp-Image-2025-03-07-at-22.33.55-2-150x150.jpeg\" class=\"attachment-thumbnail size-thumbnail\" alt=\"WhatsApp Image 2025-03-07 at 22.33.55 (2)\" loading=\"lazy\" decoding=\"async\" \/><\/a>\n\t\t\t<\/div><\/figure><figure class='gallery-item'>\n\t\t\t<div class='gallery-icon landscape'>\n\t\t\t\t<a href='https:\/\/correiodasemana.com\/site\/missa-com-imposicao-de-cinzas-marca-inicio-da-quaresma\/whatsapp-image-2025-03-07-at-22-33-55\/'><img loading=\"lazy\" width=\"150\" height=\"150\" src=\"https:\/\/correiodasemana.com\/site\/wp-content\/uploads\/2025\/03\/WhatsApp-Image-2025-03-07-at-22.33.55-150x150.jpeg\" class=\"attachment-thumbnail size-thumbnail\" alt=\"WhatsApp Image 2025-03-07 at 22.33.55\" loading=\"lazy\" decoding=\"async\" \/><\/a>\n\t\t\t<\/div><\/figure>\n\t\t<\/div>\n\n<p>Dando in\u00edcio ao per\u00edodo quaresmal, fieis cat\u00f3licos participaram na \u00faltima quarta-feira, 05 de mar\u00e7o, da Santa Missa com Imposi\u00e7\u00e3o de Cinzas na S\u00e9 Catedral de Nossa Senhora da Concei\u00e7\u00e3o, em Sobral. Ao longo do dia aconteceram tr\u00eas celebra\u00e7\u00f5es que reuniu fieis de todos os lugares da cidade.<br \/>\nA \u00faltima missa, no findar da tarde, foi presidida pelo bispo diocesano, Dom Vasconcelos e concelebrada por Pe. Berg, p\u00e1roco da Par\u00f3quia da S\u00e9 e cura da Catedral; e Pe. Livandro Monteiro, membro da comunidade Shalom. O servi\u00e7o do altar foi auxiliado pelo di\u00e1cono Candido.<br \/>\nO per\u00edodo quaresmal s\u00e3o 40 dias, no qual n\u00f3s cat\u00f3licos nos preparamos para a P\u00e1scoa, a mais importante festa do calend\u00e1rio lit\u00fargico crist\u00e3o, pois celebra a ressurrei\u00e7\u00e3o de Jesus, a base principal da f\u00e9 crist\u00e3.<br \/>\nNesse per\u00edodo, que come\u00e7a na Quarta-feira de Cinzas e termina na Quarta-feira da Semana Santa, os fieis s\u00e3o convidados a fazerem um confronto especial entre suas vidas e a mensagem crist\u00e3 expressa nos Evangelhos. Esse confronto deve levar o crist\u00e3o a aprofundar sua compreens\u00e3o da Palavra de Deus e a intensificar a pr\u00e1tica dos princ\u00edpios essenciais de sua f\u00e9.<br \/>\nDom Vasconcelos destacou em homilia as tr\u00eas principais pr\u00e1ticas quaresmais que devem ser realizadas pelos fieis. \u201cO senhor nos pede tr\u00eas exerc\u00edcios espirituais: a ora\u00e7\u00e3o, pois sem a gra\u00e7a de Deus ningu\u00e9m pode tornar-se justo, pois \u00e9 necess\u00e1rio suplicar a convers\u00e3o; o segundo, o jejum. \u00c9 importante jejuar, por\u00e9m \u00e9 o mais dif\u00edcil para muitos, mas, serve para quebrar o nosso orgulho, para mostrar a nossa insignific\u00e2ncia e a nossa fragilidade humana; e por \u00faltimo, a caridade, a maior de todas as virtudes. O senhor nos oferece uma P\u00e1scoa, uma vida nova, que n\u00f3s possamos viver esse tempo intensamente. N\u00e3o deixeis passar em v\u00e3o esse momento de gra\u00e7a, esse tempo favor\u00e1vel\u201d, disse.<br \/>\nAp\u00f3s a homilia, aconteceu o rito de imposi\u00e7\u00e3o das cinzas. Obtidas da queima dos ramos bentos no Domingo de Ramos do ano anterior, as cinzas foram aben\u00e7oadas e colocadas na fronte dos fieis, acompanhadas das palavras: \u201cConvertei-vos e crede no Evangelho\u201d.<\/p>\n<p>Thais Helena &#8211; Jornalista &#8211; Jornal Correio da Semana<\/p>\n","protected":false},"excerpt":{"rendered":"<p>Dando in\u00edcio ao per\u00edodo quaresmal, fieis cat\u00f3licos participaram na \u00faltima quarta-feira, 05 de mar\u00e7o, da&#8230;<\/p>\n","protected":false},"author":7,"featured_media":32856,"comment_status":"open","ping_status":"open","sticky":false,"template":"","format":"standard","meta":{"_jetpack_memberships_contains_paid_content":false,"footnotes":"","jetpack_publicize_message":"","jetpack_publicize_feature_enabled":true,"jetpack_social_post_already_shared":true,"jetpack_social_options":{"image_generator_settings":{"template":"highway","default_image_id":0,"font":"","enabled":false},"version":2}},"categories":[1],"tags":[],"class_list":["post-32854","post","type-post","status-publish","format-standard","has-post-thumbnail","hentry","category-atualidade"],"jetpack_publicize_connections":[],"jetpack_featured_media_url":"https:\/\/correiodasemana.com\/site\/wp-content\/uploads\/2025\/03\/WhatsApp-Image-2025-03-07-at-22.33.53-1.jpeg","jetpack-related-posts":[{"id":37521,"url":"https:\/\/correiodasemana.com\/site\/tempo-de-graca-e-conversao-dom-vasconcelos-preside-missa-com-imposicao-de-cinzas-na-catedral-de-sobral\/","url_meta":{"origin":32854,"position":0},"title":"Tempo de gra\u00e7a e convers\u00e3o: Dom Vasconcelos preside Missa com Imposi\u00e7\u00e3o de Cinzas na Catedral de Sobral","author":"adminredacao","date":"Fevereiro 23, 2026","format":false,"excerpt":"Em comunh\u00e3o com a Igreja no mundo inteiro, Dom Vasconcelos presidiu, na noite da \u00faltima quarta-feira (18\/02), a Santa Missa com Imposi\u00e7\u00e3o de Cinzas na Catedral de Nossa Senhora da Concei\u00e7\u00e3o, em Sobral. A celebra\u00e7\u00e3o marcou o in\u00edcio do tempo da Quaresma, per\u00edodo de 40 dias dedicado \u00e0 ora\u00e7\u00e3o, ao\u2026","rel":"","context":"In &quot;Atualidade&quot;","block_context":{"text":"Atualidade","link":"https:\/\/correiodasemana.com\/site\/category\/atualidade\/"},"img":{"alt_text":"","src":"https:\/\/i0.wp.com\/correiodasemana.com\/site\/wp-content\/uploads\/2026\/02\/WhatsApp-Image-2026-02-20-at-15.02.25-3.jpeg?resize=350%2C200&ssl=1","width":350,"height":200,"srcset":"https:\/\/i0.wp.com\/correiodasemana.com\/site\/wp-content\/uploads\/2026\/02\/WhatsApp-Image-2026-02-20-at-15.02.25-3.jpeg?resize=350%2C200&ssl=1 1x, https:\/\/i0.wp.com\/correiodasemana.com\/site\/wp-content\/uploads\/2026\/02\/WhatsApp-Image-2026-02-20-at-15.02.25-3.jpeg?resize=525%2C300&ssl=1 1.5x, https:\/\/i0.wp.com\/correiodasemana.com\/site\/wp-content\/uploads\/2026\/02\/WhatsApp-Image-2026-02-20-at-15.02.25-3.jpeg?resize=700%2C400&ssl=1 2x, https:\/\/i0.wp.com\/correiodasemana.com\/site\/wp-content\/uploads\/2026\/02\/WhatsApp-Image-2026-02-20-at-15.02.25-3.jpeg?resize=1050%2C600&ssl=1 3x, https:\/\/i0.wp.com\/correiodasemana.com\/site\/wp-content\/uploads\/2026\/02\/WhatsApp-Image-2026-02-20-at-15.02.25-3.jpeg?resize=1400%2C800&ssl=1 4x"},"classes":[]},{"id":19133,"url":"https:\/\/correiodasemana.com\/site\/quarta-feira-de-cinzas-e-celebrada-solenemente-na-se-catedral-de-sobral-por-dom-vasconcelos\/","url_meta":{"origin":32854,"position":1},"title":"Quarta-Feira de Cinzas \u00e9 celebrada solenemente na S\u00c9 Catedral de Sobral por Dom Vasconcelos","author":"","date":"Mar\u00e7o 7, 2022","format":false,"excerpt":"(Thais Helena \u2013 Reda\u00e7\u00e3o Correio da Semana) A Quarta-Feira de Cinzas \u00e9 um momento importante, pois introduz o crist\u00e3o cat\u00f3lico no mist\u00e9rio quaresmal. O momento da imposi\u00e7\u00e3o das cinzas serve de lembrete para n\u00f3s: \u201cLembra-te que do p\u00f3 viestes e ao p\u00f3, h\u00e1s de retornar.\u201d A cinza quer demonstrar justamente\u2026","rel":"","context":"In &quot;Atualidade&quot;","block_context":{"text":"Atualidade","link":"https:\/\/correiodasemana.com\/site\/category\/atualidade\/"},"img":{"alt_text":"","src":"https:\/\/i0.wp.com\/correiodasemana.com\/site\/wp-content\/uploads\/2022\/03\/quartas-de-cinzas-5.jpg?resize=350%2C200&ssl=1","width":350,"height":200,"srcset":"https:\/\/i0.wp.com\/correiodasemana.com\/site\/wp-content\/uploads\/2022\/03\/quartas-de-cinzas-5.jpg?resize=350%2C200&ssl=1 1x, https:\/\/i0.wp.com\/correiodasemana.com\/site\/wp-content\/uploads\/2022\/03\/quartas-de-cinzas-5.jpg?resize=525%2C300&ssl=1 1.5x, https:\/\/i0.wp.com\/correiodasemana.com\/site\/wp-content\/uploads\/2022\/03\/quartas-de-cinzas-5.jpg?resize=700%2C400&ssl=1 2x"},"classes":[]},{"id":28406,"url":"https:\/\/correiodasemana.com\/site\/quarta-feira-de-cinzas-da-inicio-a-quaresma-em-preparacao-a-pascoa\/","url_meta":{"origin":32854,"position":2},"title":"Quarta-feira de Cinzas d\u00e1 in\u00edcio \u00e0 Quaresma em prepara\u00e7\u00e3o a P\u00e1scoa","author":"adminredacao","date":"Fevereiro 19, 2024","format":false,"excerpt":"Dando in\u00edcio ao per\u00edodo Quaresmal, a igreja cat\u00f3lica no mundo inteiro celebrou a Quarta-feira de Cinzas no \u00faltimo dia, 14 de fevereiro. Na S\u00e9 Catedral de Nossa Senhora da Concei\u00e7\u00e3o, em Sobral, a missa das 18h30 foi presidida por Dom Jos\u00e9 Luiz Gomes de Vasconcelos e concelebrada pelo p\u00e1roco da\u2026","rel":"","context":"In &quot;Atualidade&quot;","block_context":{"text":"Atualidade","link":"https:\/\/correiodasemana.com\/site\/category\/atualidade\/"},"img":{"alt_text":"","src":"https:\/\/i0.wp.com\/correiodasemana.com\/site\/wp-content\/uploads\/2024\/02\/WhatsApp-Image-2024-02-16-at-15.19.09-1.jpeg?resize=350%2C200&ssl=1","width":350,"height":200,"srcset":"https:\/\/i0.wp.com\/correiodasemana.com\/site\/wp-content\/uploads\/2024\/02\/WhatsApp-Image-2024-02-16-at-15.19.09-1.jpeg?resize=350%2C200&ssl=1 1x, https:\/\/i0.wp.com\/correiodasemana.com\/site\/wp-content\/uploads\/2024\/02\/WhatsApp-Image-2024-02-16-at-15.19.09-1.jpeg?resize=525%2C300&ssl=1 1.5x, https:\/\/i0.wp.com\/correiodasemana.com\/site\/wp-content\/uploads\/2024\/02\/WhatsApp-Image-2024-02-16-at-15.19.09-1.jpeg?resize=700%2C400&ssl=1 2x, https:\/\/i0.wp.com\/correiodasemana.com\/site\/wp-content\/uploads\/2024\/02\/WhatsApp-Image-2024-02-16-at-15.19.09-1.jpeg?resize=1050%2C600&ssl=1 3x, https:\/\/i0.wp.com\/correiodasemana.com\/site\/wp-content\/uploads\/2024\/02\/WhatsApp-Image-2024-02-16-at-15.19.09-1.jpeg?resize=1400%2C800&ssl=1 4x"},"classes":[]},{"id":28782,"url":"https:\/\/correiodasemana.com\/site\/fieis-participam-de-atos-que-dao-inicio-a-semana-santa-na-catedral\/","url_meta":{"origin":32854,"position":3},"title":"Fi\u00e9is participam de atos que d\u00e3o in\u00edcio a Semana Santa na Catedral","author":"adminredacao","date":"Mar\u00e7o 25, 2024","format":false,"excerpt":"Prociss\u00e3o da Fugida Na noite da \u00faltima quinta-feira, 21 de mar\u00e7o, os cat\u00f3licos sobralenses de diversos lugares participaram da Santa Missa e Prociss\u00e3o da Fugida do Bom Jesus dos Passos na S\u00e9 Catedral. A fugida simboliza a fuga de Jesus para o horto das oliveiras. A imagem coberta por um\u2026","rel":"","context":"In &quot;Atualidade&quot;","block_context":{"text":"Atualidade","link":"https:\/\/correiodasemana.com\/site\/category\/atualidade\/"},"img":{"alt_text":"","src":"https:\/\/i0.wp.com\/correiodasemana.com\/site\/wp-content\/uploads\/2024\/03\/procissao-2.jpeg?resize=350%2C200&ssl=1","width":350,"height":200,"srcset":"https:\/\/i0.wp.com\/correiodasemana.com\/site\/wp-content\/uploads\/2024\/03\/procissao-2.jpeg?resize=350%2C200&ssl=1 1x, https:\/\/i0.wp.com\/correiodasemana.com\/site\/wp-content\/uploads\/2024\/03\/procissao-2.jpeg?resize=525%2C300&ssl=1 1.5x, https:\/\/i0.wp.com\/correiodasemana.com\/site\/wp-content\/uploads\/2024\/03\/procissao-2.jpeg?resize=700%2C400&ssl=1 2x, https:\/\/i0.wp.com\/correiodasemana.com\/site\/wp-content\/uploads\/2024\/03\/procissao-2.jpeg?resize=1050%2C600&ssl=1 3x, https:\/\/i0.wp.com\/correiodasemana.com\/site\/wp-content\/uploads\/2024\/03\/procissao-2.jpeg?resize=1400%2C800&ssl=1 4x"},"classes":[]},{"id":10992,"url":"https:\/\/correiodasemana.com\/site\/quarta-feira-de-cinzas-quaresma-como-um-tempo-oportuno-de-meditacao-e-conversao\/","url_meta":{"origin":32854,"position":4},"title":"Quarta-feira de cinzas: Quaresma como um tempo oportuno de medita\u00e7\u00e3o e convers\u00e3o","author":"","date":"Mar\u00e7o 2, 2020","format":false,"excerpt":"O bispo Dom Vasconcelos presidiu a missa que deu in\u00edcio a quaresma na quarta-feira (26) diante de fi\u00e9is que ocupavam a Catedral da S\u00e9 O bispo Dom Vasconcelos presidiu a missa que deu in\u00edcio a quaresma na quarta-feira (26) diante de fi\u00e9is que ocupavam a Catedral da S\u00e9. O tempo\u2026","rel":"","context":"In &quot;Diocese&quot;","block_context":{"text":"Diocese","link":"https:\/\/correiodasemana.com\/site\/category\/diocese\/"},"img":{"alt_text":"","src":"https:\/\/i0.wp.com\/correiodasemana.com\/site\/wp-content\/uploads\/2020\/03\/legenda-2-2.jpg?resize=350%2C200&ssl=1","width":350,"height":200,"srcset":"https:\/\/i0.wp.com\/correiodasemana.com\/site\/wp-content\/uploads\/2020\/03\/legenda-2-2.jpg?resize=350%2C200&ssl=1 1x, https:\/\/i0.wp.com\/correiodasemana.com\/site\/wp-content\/uploads\/2020\/03\/legenda-2-2.jpg?resize=525%2C300&ssl=1 1.5x, https:\/\/i0.wp.com\/correiodasemana.com\/site\/wp-content\/uploads\/2020\/03\/legenda-2-2.jpg?resize=700%2C400&ssl=1 2x, https:\/\/i0.wp.com\/correiodasemana.com\/site\/wp-content\/uploads\/2020\/03\/legenda-2-2.jpg?resize=1050%2C600&ssl=1 3x"},"classes":[]},{"id":38125,"url":"https:\/\/correiodasemana.com\/site\/da-entrada-em-jerusalem-a-ressurreicao-celebracoes-na-se-catedral-reunem-fe-e-tradicao-na-semana-santa\/","url_meta":{"origin":32854,"position":5},"title":"Da entrada em Jerusal\u00e9m \u00e0 Ressurrei\u00e7\u00e3o: Celebra\u00e7\u00f5es na S\u00e9 Catedral re\u00fanem f\u00e9 e tradi\u00e7\u00e3o na Semana Santa","author":"adminredacao","date":"Abril 13, 2026","format":false,"excerpt":"Solenidade do Domingo de Ramos marca o in\u00edcio da Semana Maior da Igreja Cat\u00f3lica Mais do que um rito lit\u00fargico, o Domingo de Ramos, celebrado no \u00faltimo dia 29 de mar\u00e7o, marcou o in\u00edcio da Semana Santa e convidou os fi\u00e9is a percorrerem, com o cora\u00e7\u00e3o aberto, o caminho da\u2026","rel":"","context":"In &quot;Atualidade&quot;","block_context":{"text":"Atualidade","link":"https:\/\/correiodasemana.com\/site\/category\/atualidade\/"},"img":{"alt_text":"","src":"https:\/\/i0.wp.com\/correiodasemana.com\/site\/wp-content\/uploads\/2026\/04\/Domingo-de-Ramos-9-scaled.jpg?resize=350%2C200&ssl=1","width":350,"height":200,"srcset":"https:\/\/i0.wp.com\/correiodasemana.com\/site\/wp-content\/uploads\/2026\/04\/Domingo-de-Ramos-9-scaled.jpg?resize=350%2C200&ssl=1 1x, https:\/\/i0.wp.com\/correiodasemana.com\/site\/wp-content\/uploads\/2026\/04\/Domingo-de-Ramos-9-scaled.jpg?resize=525%2C300&ssl=1 1.5x, https:\/\/i0.wp.com\/correiodasemana.com\/site\/wp-content\/uploads\/2026\/04\/Domingo-de-Ramos-9-scaled.jpg?resize=700%2C400&ssl=1 2x, https:\/\/i0.wp.com\/correiodasemana.com\/site\/wp-content\/uploads\/2026\/04\/Domingo-de-Ramos-9-scaled.jpg?resize=1050%2C600&ssl=1 3x, https:\/\/i0.wp.com\/correiodasemana.com\/site\/wp-content\/uploads\/2026\/04\/Domingo-de-Ramos-9-scaled.jpg?resize=1400%2C800&ssl=1 4x"},"classes":[]}],"jetpack_sharing_enabled":true,"_links":{"self":[{"href":"https:\/\/correiodasemana.com\/site\/wp-json\/wp\/v2\/posts\/32854","targetHints":{"allow":["GET"]}}],"collection":[{"href":"https:\/\/correiodasemana.com\/site\/wp-json\/wp\/v2\/posts"}],"about":[{"href":"https:\/\/correiodasemana.com\/site\/wp-json\/wp\/v2\/types\/post"}],"author":[{"embeddable":true,"href":"https:\/\/correiodasemana.com\/site\/wp-json\/wp\/v2\/users\/7"}],"replies":[{"embeddable":true,"href":"https:\/\/correiodasemana.com\/site\/wp-json\/wp\/v2\/comments?post=32854"}],"version-history":[{"count":1,"href":"https:\/\/correiodasemana.com\/site\/wp-json\/wp\/v2\/posts\/32854\/revisions"}],"predecessor-version":[{"id":32867,"href":"https:\/\/correiodasemana.com\/site\/wp-json\/wp\/v2\/posts\/32854\/revisions\/32867"}],"wp:featuredmedia":[{"embeddable":true,"href":"https:\/\/correiodasemana.com\/site\/wp-json\/wp\/v2\/media\/32856"}],"wp:attachment":[{"href":"https:\/\/correiodasemana.com\/site\/wp-json\/wp\/v2\/media?parent=32854"}],"wp:term":[{"taxonomy":"category","embeddable":true,"href":"https:\/\/correiodasemana.com\/site\/wp-json\/wp\/v2\/categories?post=32854"},{"taxonomy":"post_tag","embeddable":true,"href":"https:\/\/correiodasemana.com\/site\/wp-json\/wp\/v2\/tags?post=32854"}],"curies":[{"name":"wp","href":"https:\/\/api.w.org\/{rel}","templated":true}]}}