{"id":32868,"date":"2025-03-10T16:23:44","date_gmt":"2025-03-10T19:23:44","guid":{"rendered":"https:\/\/correiodasemana.com\/site\/?p=32868"},"modified":"2025-03-10T16:23:44","modified_gmt":"2025-03-10T19:23:44","slug":"na-celebracao-dos-138-anos-do-instituto-do-ceara-e-posse-da-nova-diretoria-prof-jose-luis-lira-recebe-diploma-de-socio-honorario","status":"publish","type":"post","link":"https:\/\/correiodasemana.com\/site\/na-celebracao-dos-138-anos-do-instituto-do-ceara-e-posse-da-nova-diretoria-prof-jose-luis-lira-recebe-diploma-de-socio-honorario\/","title":{"rendered":"Na celebra\u00e7\u00e3o dos 138 anos do Instituto do Cear\u00e1 e posse da nova Diretoria, Prof. Jos\u00e9 Lu\u00eds Lira recebe diploma de S\u00f3cio Honor\u00e1rio"},"content":{"rendered":"<div id='gallery-1' class='gallery galleryid-32868 gallery-columns-6 gallery-size-thumbnail'><figure class='gallery-item'>\n\t\t\t<div class='gallery-icon landscape'>\n\t\t\t\t<a href='https:\/\/correiodasemana.com\/site\/na-celebracao-dos-138-anos-do-instituto-do-ceara-e-posse-da-nova-diretoria-prof-jose-luis-lira-recebe-diploma-de-socio-honorario\/imagem-do-whatsapp-de-2025-03-08-as-00-00-31_45e3d391\/'><img loading=\"lazy\" width=\"150\" height=\"150\" src=\"https:\/\/correiodasemana.com\/site\/wp-content\/uploads\/2025\/03\/Imagem-do-WhatsApp-de-2025-03-08-as-00.00.31_45e3d391-150x150.jpg\" class=\"attachment-thumbnail size-thumbnail\" alt=\"Imagem do WhatsApp de 2025-03-08 \u00e0(s) 00.00.31_45e3d391\" aria-describedby=\"gallery-1-32869\" loading=\"lazy\" decoding=\"async\" \/><\/a>\n\t\t\t<\/div>\n\t\t\t\t<figcaption class='wp-caption-text gallery-caption' id='gallery-1-32869'>\n\t\t\t\tSilvio Ribeiro, Jos\u00e9 Lu\u00eds Lira e Des. Fernando\u00a0Ximenes\n\t\t\t\t<\/figcaption><\/figure><figure class='gallery-item'>\n\t\t\t<div class='gallery-icon landscape'>\n\t\t\t\t<a href='https:\/\/correiodasemana.com\/site\/na-celebracao-dos-138-anos-do-instituto-do-ceara-e-posse-da-nova-diretoria-prof-jose-luis-lira-recebe-diploma-de-socio-honorario\/imagem-do-whatsapp-de-2025-03-08-as-00-00-31_c1a45d5d\/'><img loading=\"lazy\" width=\"150\" height=\"150\" src=\"https:\/\/correiodasemana.com\/site\/wp-content\/uploads\/2025\/03\/Imagem-do-WhatsApp-de-2025-03-08-as-00.00.31_c1a45d5d-150x150.jpg\" class=\"attachment-thumbnail size-thumbnail\" alt=\"Imagem do WhatsApp de 2025-03-08 \u00e0(s) 00.00.31_c1a45d5d\" aria-describedby=\"gallery-1-32870\" loading=\"lazy\" decoding=\"async\" \/><\/a>\n\t\t\t<\/div>\n\t\t\t\t<figcaption class='wp-caption-text gallery-caption' id='gallery-1-32870'>\n\t\t\t\tJos\u00e9 Lu\u00eds Lira, Profa. Ada Pimentel, Fl\u00e1vio\u00a0Pinheiro\n\t\t\t\t<\/figcaption><\/figure><figure class='gallery-item'>\n\t\t\t<div class='gallery-icon portrait'>\n\t\t\t\t<a href='https:\/\/correiodasemana.com\/site\/na-celebracao-dos-138-anos-do-instituto-do-ceara-e-posse-da-nova-diretoria-prof-jose-luis-lira-recebe-diploma-de-socio-honorario\/imagem-do-whatsapp-de-2025-03-08-as-00-00-32_12fefeae\/'><img loading=\"lazy\" width=\"150\" height=\"150\" src=\"https:\/\/correiodasemana.com\/site\/wp-content\/uploads\/2025\/03\/Imagem-do-WhatsApp-de-2025-03-08-as-00.00.32_12fefeae-150x150.jpg\" class=\"attachment-thumbnail size-thumbnail\" alt=\"Imagem do WhatsApp de 2025-03-08 \u00e0(s) 00.00.32_12fefeae\" aria-describedby=\"gallery-1-32871\" loading=\"lazy\" decoding=\"async\" \/><\/a>\n\t\t\t<\/div>\n\t\t\t\t<figcaption class='wp-caption-text gallery-caption' id='gallery-1-32871'>\n\t\t\t\tFilomeno de Morais, L\u00eada Maria e Jos\u00e9 Lu\u00eds\u00a0Lira\n\t\t\t\t<\/figcaption><\/figure><figure class='gallery-item'>\n\t\t\t<div class='gallery-icon portrait'>\n\t\t\t\t<a href='https:\/\/correiodasemana.com\/site\/na-celebracao-dos-138-anos-do-instituto-do-ceara-e-posse-da-nova-diretoria-prof-jose-luis-lira-recebe-diploma-de-socio-honorario\/imagem-do-whatsapp-de-2025-03-08-as-08-30-38_3044b8fe\/'><img loading=\"lazy\" width=\"150\" height=\"150\" src=\"https:\/\/correiodasemana.com\/site\/wp-content\/uploads\/2025\/03\/Imagem-do-WhatsApp-de-2025-03-08-as-08.30.38_3044b8fe-150x150.jpg\" class=\"attachment-thumbnail size-thumbnail\" alt=\"Imagem do WhatsApp de 2025-03-08 \u00e0(s) 08.30.38_3044b8fe\" aria-describedby=\"gallery-1-32872\" loading=\"lazy\" decoding=\"async\" \/><\/a>\n\t\t\t<\/div>\n\t\t\t\t<figcaption class='wp-caption-text gallery-caption' id='gallery-1-32872'>\n\t\t\t\tAssis Arruda, General Lima Verde, Arnaud Cavalcante e Jos\u00e9 Lu\u00eds Lira\n\t\t\t\t<\/figcaption><\/figure><figure class='gallery-item'>\n\t\t\t<div class='gallery-icon landscape'>\n\t\t\t\t<a href='https:\/\/correiodasemana.com\/site\/na-celebracao-dos-138-anos-do-instituto-do-ceara-e-posse-da-nova-diretoria-prof-jose-luis-lira-recebe-diploma-de-socio-honorario\/jose-luis-lira-recebe-o-diploma-de-socio-honorario-das-maos-do-general-lima-verde\/'><img loading=\"lazy\" width=\"150\" height=\"150\" src=\"https:\/\/correiodasemana.com\/site\/wp-content\/uploads\/2025\/03\/Jose-Luis-Lira-recebe-o-diploma-de-Socio-Honorario-das-maos-do-General-Lima-Verde-150x150.jpg\" class=\"attachment-thumbnail size-thumbnail\" alt=\"Jos\u00e9 Lu\u00eds Lira recebe o diploma de S\u00f3cio Honor\u00e1rio das m\u00e3os do General Lima Verde\" aria-describedby=\"gallery-1-32873\" loading=\"lazy\" decoding=\"async\" \/><\/a>\n\t\t\t<\/div>\n\t\t\t\t<figcaption class='wp-caption-text gallery-caption' id='gallery-1-32873'>\n\t\t\t\tJos\u00e9 Lu\u00eds Lira recebe o diploma de S\u00f3cio Honor\u00e1rio das m\u00e3os do General Lima Verde\n\t\t\t\t<\/figcaption><\/figure><figure class='gallery-item'>\n\t\t\t<div class='gallery-icon landscape'>\n\t\t\t\t<a href='https:\/\/correiodasemana.com\/site\/na-celebracao-dos-138-anos-do-instituto-do-ceara-e-posse-da-nova-diretoria-prof-jose-luis-lira-recebe-diploma-de-socio-honorario\/o-novo-socio-honorario-presenteia-o-instituto-com-a-foto-do-barao-de-studart-entregue-aos-presidentes-lima-verde-e-seridiao-montegro-empossado-na-noite\/'><img loading=\"lazy\" width=\"150\" height=\"150\" src=\"https:\/\/correiodasemana.com\/site\/wp-content\/uploads\/2025\/03\/O-novo-socio-honorario-presenteia-o-Instituto-com-a-foto-do-Barao-de-Studart-entregue-aos-presidentes-Lima-Verde-e-Seridiao-Montegro-empossado-na-noite-150x150.jpg\" class=\"attachment-thumbnail size-thumbnail\" alt=\"O novo s\u00f3cio honor\u00e1rio presenteia o Instituto com a foto do Bar\u00e3o de Studart entregue aos presidentes Lima Verde e Seridi\u00e3o Montegro - empossado na noite.\" aria-describedby=\"gallery-1-32874\" loading=\"lazy\" decoding=\"async\" \/><\/a>\n\t\t\t<\/div>\n\t\t\t\t<figcaption class='wp-caption-text gallery-caption' id='gallery-1-32874'>\n\t\t\t\tO novo s\u00f3cio honor\u00e1rio presenteia o Instituto com a foto do Bar\u00e3o de Studart entregue aos presidentes Lima Verde e Seridi\u00e3o Montegro &#8211; empossado na noite.\n\t\t\t\t<\/figcaption><\/figure>\n\t\t<\/div>\n\n<p>Na noite de quinta-feira, 06\/03, os membros do Instituto do Cear\u00e1 (Hist\u00f3rico, Geogr\u00e1fico e Antropol\u00f3gico) celebraram 138 anos de funda\u00e7\u00e3o da institui\u00e7\u00e3o, a mais antiga institui\u00e7\u00e3o cultural do nosso Estado e uma das mais antigas do Brasil, fundado em 4 de mar\u00e7o de 1887, tendo por finalidade o estudo e a difus\u00e3o da Hist\u00f3ria, da Geografia, da Antropologia e ci\u00eancias correlatas, especialmente no que se refere ao Cear\u00e1.<br \/>\nNa oportunidade, o General J\u00falio Lima Verde Campos de Oliveira, presidente do Instituto entre 2021 e 2025, transmitiu o cargo ao novo Presidente, Seridi\u00e3o Correia Montenegro. Foram empossados, tamb\u00e9m, o S\u00f3cio Honor\u00e1rio, Prof. Dr. Jos\u00e9 Lu\u00eds Lira, Comendador da Santa S\u00e9 e Presidente-Fundador do Instituto Hist\u00f3rico e Geogr\u00e1fico de Sobral, e S\u00f3cio Correspondente do Piau\u00ed, o Prof. Dr. Johny Santana, do Departamento de Hist\u00f3ria da Universidade Federal do Piau\u00ed.<br \/>\nNa oportunidade, foi lan\u00e7ado o Tomo CXXXVIII da Revista do Instituto do Cear\u00e1 que desde 1887, ano da funda\u00e7\u00e3o do Instituto do Cear\u00e1, vem sendo editada de forma ininterrupta.<br \/>\nNa ocasi\u00e3o, o Presidente Lima Verde concedeu ao Instituto Hist\u00f3rico e Geogr\u00e1fico de Sobral a Medalha do Instituto do Cear\u00e1 \u2013 A Casa do Bar\u00e3o de Studart. O General Lima Verde \u00e9 s\u00f3cio honor\u00e1rio do Instituto de Sobral.<br \/>\nO Instituto do Cear\u00e1 \u00e9 sediado no Palacete Jeremias Arruda, na Rua Bar\u00e3o do Rio Branco, 1594, no centro de Fortaleza, Cear\u00e1. O Palacete, com projeto do Arquiteto Jo\u00e3o Sab\u00f3ia Barbosa, foi a resid\u00eancia do casal Jeremias Arruda e Margarida Soares Bezerra. Arruda nasceu em 5 de mar\u00e7o de 1882, em Santo Antonio do Aracatia\u00e7u, Sobral, e faleceu a 02 de Junho de 1969 no Rio de Janeiro. Comerciante, era empreendedor e foi um dos pioneiros na exporta\u00e7\u00e3o de produtos para a Europa, devido a Primeira Guerra Mundial. O Palacete teve seu tombamento definitivo como patrim\u00f4nio cultural do Cear\u00e1 no ano de 2019, pelo Conselho Estadual de Preserva\u00e7\u00e3o do Patrim\u00f4nio Cultural (COEPA), com parecer final relatado pelo agora s\u00f3cio honor\u00e1rio do Instituto, Jos\u00e9 Lu\u00eds Lira, professor adjunto do Curso de Direito da Universidade Estadual Vale do Acara\u00fa (UVA) e diretor do Museu Diocesano Dom Jos\u00e9, da Diocese de Sobral.<br \/>\nA nova diretoria do Instituto ficou assim composta: Presidente: Seridi\u00e3o Correia Montenegro; 1\u00ba Vice-Presidente: Delberg Ponce de Leon; 2\u00ba Vice-Presidente: Grecianny Carvalho Cordeiro; Diretor da Biblioteca e Arquivo: Miguel \u00c2ngelo de Azevedo (Nirez); Diretor de Comunica\u00e7\u00e3o: Gilson da Costa Moreira; Secret\u00e1rio-Geral: Jos\u00e9 Henrique de Almeida Braga; 1\u00ba Secret\u00e1rio: Romeu Duarte J\u00fanior; 2\u00ba Secret\u00e1rio: Angela Barros Leal Farias; 1\u00ba Tesoureiro: Augusto C\u00e9sar Bastos Barbosa e 2\u00ba Tesoureiro: Gl\u00f3ria Maria dos Santos Di\u00f3genes. O Conselho Fiscal, Conselho Superior Consultivo e as Comiss\u00f5es Permanentes tamb\u00e9m foram empossadas na ocasi\u00e3o.<br \/>\nAo longo dos 138 anos do Instituto, a serem celebrados em mar\u00e7o pr\u00f3ximo, 126 personalidades e 4 institui\u00e7\u00f5es, incluindo a Academia Cearense de Letras e a Casa de Juvenal Galeno foram escolhidos para essa categoria. Nomes como os de Rachel de Queiroz, Cl\u00f3vis Bevilaqua, Bar\u00e3o do Rio Branco, Rui Barbosa, Osvaldo Aranha, Marqu\u00eas de Parangu\u00e1, Dom Jer\u00f4nimo Thom\u00e9 da Silva e Pedro Correa do Lago. O Prof. Dr. Comendador Jos\u00e9 Lu\u00eds Lira \u00e9, portanto, o 126\u00ba S\u00f3cio Honor\u00e1rio do Instituto.<br \/>\nJos\u00e9 Lu\u00eds Ara\u00fajo Lira, nascido em Guaraciaba do Norte, mas, tendo cidadania honor\u00edfica sobralense, \u00e9 advogado, mestre e doutor em Direito, professor universit\u00e1rio, Comendador Pontif\u00edcio da Ordem Equestre do Santo Sepulcro de Jerusal\u00e9m, fundador de seis entidades culturais, entre as quais a Academia Fortalezense de Letras, Academia Brasileira de Hagiologia, a Academia Sobralense de Letras Jur\u00eddicas e o Instituto Hist\u00f3rico e Geogr\u00e1fico de Sobral. \u00c9 Professor Adjunto do Curso de Direito e Diretor Adjunto do Centro de Ci\u00eancias Sociais Aplicadas da Universidade Estadual Vale do Acara\u00fa (UVA), Diretor do Museu Diocesano Dom Jos\u00e9, da Diocese de Sobral, Conselheiro do Conselho Estadual de Preserva\u00e7\u00e3o do Patrim\u00f4nio Cultural do Estado do Cear\u00e1 (COEPA), autor de 31 livros publicados, tendo organizado in\u00fameros outros, com destaque para as Efem\u00e9rides de minha vida, de Dom Jos\u00e9 Tupinamb\u00e1 da Frota.<br \/>\nA solenidade foi muito concorrida com representa\u00e7\u00e3o do mundo cultural e social cearense. O Presidente da centen\u00e1ria Academia Sobralense de Estudos e Letras (ASEL), Arnaud de Holanda Cavalcante e um grupo de acad\u00eamicos da ASEL prestigiou o evento. Assis Arruda representou o Instituto Hist\u00f3rico e Geogr\u00e1fico de Sobral. Os dois sobralenses pertencem \u00e0s duas entidades da her\u00e1ldica Sobral de Dom Jos\u00e9. A Presidente do Conselho Estadual de Educa\u00e7\u00e3o do Cear\u00e1, Profa. Ada Pimentel Gomes Vieira, sobralense, se fez presente. Representando o Curso de Direito da UVA, esteve presente o Prof. Dr. Fl\u00e1vio Leite Pinheiro que, tamb\u00e9m, representou a reitora da UVA.<br \/>\nImpossibilitados de comparecer, enviaram mensagens o Presidente do Regional Nordeste 1, da CNBB, Dom Magnus Henrique Lopes, OFM, bispo diocesano de Crato; Dom Jos\u00e9 Luiz Gomes de Vasconcelos, bispo diocesano de Sobral e o Cardeal Orani Tempesta, arcebispo de S\u00e3o Sebasti\u00e3o do Rio de Janeiro. O Prefeito de Sobral, Dr. Oscar Rodrigues, e a Vice-Prefeita, Dra. Imaculada Adeodato, tamb\u00e9m enviaram mensagens congratulat\u00f3rias ao novo S\u00f3cio Honor\u00e1rio do Instituto, onde atualmente s\u00e3o s\u00f3cios efetivos os sobralenses, Mons. Francisco Sadoc de Ara\u00fajo, fundador da Universidade Estadual Vale do Acara\u00fa, eleito em 1993, e a Profa. Dra. Maria Cl\u00e9lia Lustosa Costa, da Universidade Federal do Cear\u00e1, eleita em 2018. Dom Jos\u00e9 Tupinamb\u00e1 da Frota foi s\u00f3cio correspondente, eleito em 5 de fevereiro\u00a0de\u00a01936.<\/p>\n","protected":false},"excerpt":{"rendered":"<p>Na noite de quinta-feira, 06\/03, os membros do Instituto do Cear\u00e1 (Hist\u00f3rico, Geogr\u00e1fico e Antropol\u00f3gico)&#8230;<\/p>\n","protected":false},"author":7,"featured_media":32872,"comment_status":"open","ping_status":"open","sticky":false,"template":"","format":"standard","meta":{"_jetpack_memberships_contains_paid_content":false,"footnotes":"","jetpack_publicize_message":"","jetpack_publicize_feature_enabled":true,"jetpack_social_post_already_shared":true,"jetpack_social_options":{"image_generator_settings":{"template":"highway","default_image_id":0,"font":"","enabled":false},"version":2}},"categories":[1],"tags":[],"class_list":["post-32868","post","type-post","status-publish","format-standard","has-post-thumbnail","hentry","category-atualidade"],"jetpack_publicize_connections":[],"jetpack_featured_media_url":"https:\/\/correiodasemana.com\/site\/wp-content\/uploads\/2025\/03\/Imagem-do-WhatsApp-de-2025-03-08-as-08.30.38_3044b8fe.jpg","jetpack-related-posts":[{"id":20817,"url":"https:\/\/correiodasemana.com\/site\/instituto-historico-e-geografico-de-sobral-e-instalado\/","url_meta":{"origin":32868,"position":0},"title":"Instituto Hist\u00f3rico e Geogr\u00e1fico de Sobral \u00e9 instalado","author":"","date":"Agosto 29, 2022","format":false,"excerpt":"\u201c\u00c9 com grande satisfa\u00e7\u00e3o que a sociedade sobralense se re\u00fane para a sess\u00e3o hist\u00f3rica e solene de instala\u00e7\u00e3o, posse da diretoria e dos primeiros s\u00f3cios do Instituto Hist\u00f3rico e Geogr\u00e1fico de Sobral (IHGS), tendo por patrono o Mons. Francisco Sadoc de Ara\u00fajo\u201d, assim se expressou o mestre de cerim\u00f4nias, F\u00e1bio\u2026","rel":"","context":"In &quot;Atualidade&quot;","block_context":{"text":"Atualidade","link":"https:\/\/correiodasemana.com\/site\/category\/atualidade\/"},"img":{"alt_text":"","src":"https:\/\/i0.wp.com\/correiodasemana.com\/site\/wp-content\/uploads\/2022\/08\/Autoridades-e-socios.jpg?resize=350%2C200&ssl=1","width":350,"height":200,"srcset":"https:\/\/i0.wp.com\/correiodasemana.com\/site\/wp-content\/uploads\/2022\/08\/Autoridades-e-socios.jpg?resize=350%2C200&ssl=1 1x, https:\/\/i0.wp.com\/correiodasemana.com\/site\/wp-content\/uploads\/2022\/08\/Autoridades-e-socios.jpg?resize=525%2C300&ssl=1 1.5x, https:\/\/i0.wp.com\/correiodasemana.com\/site\/wp-content\/uploads\/2022\/08\/Autoridades-e-socios.jpg?resize=700%2C400&ssl=1 2x"},"classes":[]},{"id":18049,"url":"https:\/\/correiodasemana.com\/site\/sobral-tera-um-instituto-historico-e-geografico\/","url_meta":{"origin":32868,"position":1},"title":"Sobral ter\u00e1 um Instituto Hist\u00f3rico e Geogr\u00e1fico\u00a0","author":"","date":"Novembro 14, 2021","format":false,"excerpt":"Por iniciativa do Prof. Dr. Jos\u00e9 Lu\u00eds Lira, ser\u00e1 fundado o Instituto Hist\u00f3rico e Geogr\u00e1fico de Sobral (IHGS). Dia 5 \u00faltimo ele esteve na sede do Instituto Hist\u00f3rico e Geogr\u00e1fico Brasileiro (IHGB), apresentando a ideia ao presidente do IHGB, Prof. Dr. Victorino Coutinho Chermont de Miranda, e a s\u00f3cia do\u2026","rel":"","context":"In &quot;Atualidade&quot;","block_context":{"text":"Atualidade","link":"https:\/\/correiodasemana.com\/site\/category\/atualidade\/"},"img":{"alt_text":"","src":"https:\/\/i0.wp.com\/correiodasemana.com\/site\/wp-content\/uploads\/2021\/11\/20211105_105617-scaled.jpg?resize=350%2C200&ssl=1","width":350,"height":200,"srcset":"https:\/\/i0.wp.com\/correiodasemana.com\/site\/wp-content\/uploads\/2021\/11\/20211105_105617-scaled.jpg?resize=350%2C200&ssl=1 1x, https:\/\/i0.wp.com\/correiodasemana.com\/site\/wp-content\/uploads\/2021\/11\/20211105_105617-scaled.jpg?resize=525%2C300&ssl=1 1.5x, https:\/\/i0.wp.com\/correiodasemana.com\/site\/wp-content\/uploads\/2021\/11\/20211105_105617-scaled.jpg?resize=700%2C400&ssl=1 2x, https:\/\/i0.wp.com\/correiodasemana.com\/site\/wp-content\/uploads\/2021\/11\/20211105_105617-scaled.jpg?resize=1050%2C600&ssl=1 3x, https:\/\/i0.wp.com\/correiodasemana.com\/site\/wp-content\/uploads\/2021\/11\/20211105_105617-scaled.jpg?resize=1400%2C800&ssl=1 4x"},"classes":[]},{"id":18345,"url":"https:\/\/correiodasemana.com\/site\/criado-o-instituto-historico-e-geografico-de-sobral\/","url_meta":{"origin":32868,"position":2},"title":"Criado o Instituto Hist\u00f3rico e Geogr\u00e1fico de Sobral\u00a0","author":"","date":"Dezembro 20, 2021","format":false,"excerpt":"A funda\u00e7\u00e3o oficial do Instituto Hist\u00f3rico e Geogr\u00e1fico de Sobral \u2013 IHGS, se deu no Audit\u00f3rio Pe. Ibiapina, da Par\u00f3quia de Cristo Ressuscitado. A iniciativa foi do Prof. Jos\u00e9 Lu\u00eds Lira, amplamente aceita por intelectuais, historiadores e ge\u00f3grafos sobralenses. O local escolhido fez parte das homenagens ao Mons. Francisco Sadoc\u2026","rel":"","context":"In &quot;Atualidade&quot;","block_context":{"text":"Atualidade","link":"https:\/\/correiodasemana.com\/site\/category\/atualidade\/"},"img":{"alt_text":"","src":"https:\/\/i0.wp.com\/correiodasemana.com\/site\/wp-content\/uploads\/2021\/12\/instituto-historico-de-sobral-2.jpg?resize=350%2C200&ssl=1","width":350,"height":200,"srcset":"https:\/\/i0.wp.com\/correiodasemana.com\/site\/wp-content\/uploads\/2021\/12\/instituto-historico-de-sobral-2.jpg?resize=350%2C200&ssl=1 1x, https:\/\/i0.wp.com\/correiodasemana.com\/site\/wp-content\/uploads\/2021\/12\/instituto-historico-de-sobral-2.jpg?resize=525%2C300&ssl=1 1.5x, https:\/\/i0.wp.com\/correiodasemana.com\/site\/wp-content\/uploads\/2021\/12\/instituto-historico-de-sobral-2.jpg?resize=700%2C400&ssl=1 2x"},"classes":[]},{"id":18047,"url":"https:\/\/correiodasemana.com\/site\/instituto-historico-e-geografico-de-sobral\/","url_meta":{"origin":32868,"position":3},"title":"INSTITUTO HIST\u00d3RICO E GEOGR\u00c1FICO DE SOBRAL\u00a0","author":"","date":"Novembro 14, 2021","format":false,"excerpt":"Semana passada estive no Rio de Janeiro. Nessa viagem tive a alegria de reencontrar o casal Sheila e Daniel de Queiroz Salek (neto da escritora Rachel de Queiroz), o querido Cardeal Dom Orani Tempesta, al\u00e9m de Carla e Sim\u00e3o Aznar, passando, tamb\u00e9m, na sede da Ordem do Santo Sepulcro. Aproveitando\u2026","rel":"","context":"In &quot;Artigos&quot;","block_context":{"text":"Artigos","link":"https:\/\/correiodasemana.com\/site\/category\/artigos\/"},"img":{"alt_text":"","src":"https:\/\/i0.wp.com\/correiodasemana.com\/site\/wp-content\/uploads\/2018\/02\/Jose%CC%81-1.jpg?resize=350%2C200&ssl=1","width":350,"height":200,"srcset":"https:\/\/i0.wp.com\/correiodasemana.com\/site\/wp-content\/uploads\/2018\/02\/Jose%CC%81-1.jpg?resize=350%2C200&ssl=1 1x, https:\/\/i0.wp.com\/correiodasemana.com\/site\/wp-content\/uploads\/2018\/02\/Jose%CC%81-1.jpg?resize=525%2C300&ssl=1 1.5x, https:\/\/i0.wp.com\/correiodasemana.com\/site\/wp-content\/uploads\/2018\/02\/Jose%CC%81-1.jpg?resize=700%2C400&ssl=1 2x"},"classes":[]},{"id":21160,"url":"https:\/\/correiodasemana.com\/site\/ihgs-no-ihgb\/","url_meta":{"origin":32868,"position":4},"title":"IHGS no IHGB\u00a0","author":"","date":"Outubro 2, 2022","format":false,"excerpt":"Rio de Janeiro\/Sobral. No Rio de Janeiro, na sede do Instituto Hist\u00f3rico e Geogr\u00e1fico Brasileiro \u2013 IHGB, a Casa da Mem\u00f3ria Nacional, o Presidente do IHGB, Prof. Dr. Victorino Chermont foi empossado S\u00f3cio-Honor\u00e1rio e Correspondente na cidade do Rio de Janeiro, do Instituto Hist\u00f3rico e Geogr\u00e1fico de Sobral \u2013 IHGS,\u2026","rel":"","context":"In &quot;Atualidade&quot;","block_context":{"text":"Atualidade","link":"https:\/\/correiodasemana.com\/site\/category\/atualidade\/"},"img":{"alt_text":"","src":"https:\/\/i0.wp.com\/correiodasemana.com\/site\/wp-content\/uploads\/2022\/10\/prof-1.jpg?resize=350%2C200&ssl=1","width":350,"height":200,"srcset":"https:\/\/i0.wp.com\/correiodasemana.com\/site\/wp-content\/uploads\/2022\/10\/prof-1.jpg?resize=350%2C200&ssl=1 1x, https:\/\/i0.wp.com\/correiodasemana.com\/site\/wp-content\/uploads\/2022\/10\/prof-1.jpg?resize=525%2C300&ssl=1 1.5x, https:\/\/i0.wp.com\/correiodasemana.com\/site\/wp-content\/uploads\/2022\/10\/prof-1.jpg?resize=700%2C400&ssl=1 2x"},"classes":[]},{"id":32476,"url":"https:\/\/correiodasemana.com\/site\/dom-vasconcelos-sera-empossado-conselheiro-de-honra-da-academia-brasileira-de-hagiologia\/","url_meta":{"origin":32868,"position":5},"title":"Dom Vasconcelos ser\u00e1 empossado Conselheiro de Honra da Academia Brasileira de Hagiologia","author":"adminredacao","date":"Fevereiro 10, 2025","format":false,"excerpt":"Posse\u00a0 O Presidente da Academia Brasileira de Hagiologia - ABRHAGI, Dom Andr\u00e9 Alves dos Santos, OSB, e o Presidente de Honra da ABRHAGI, Prof. Dr. Comend. Jos\u00e9 Lu\u00eds Ara\u00fajo Lira, t\u00eam a grata satisfa\u00e7\u00e3o de convidar para a Solenidade de Posse de Sua Excel\u00eancia Reverend\u00edssima o Senhor Bispo Dom Jos\u00e9\u2026","rel":"","context":"In &quot;Atualidade&quot;","block_context":{"text":"Atualidade","link":"https:\/\/correiodasemana.com\/site\/category\/atualidade\/"},"img":{"alt_text":"","src":"https:\/\/i0.wp.com\/correiodasemana.com\/site\/wp-content\/uploads\/2025\/02\/Dom_Vasconcelos_Sobral.jpg?resize=350%2C200&ssl=1","width":350,"height":200,"srcset":"https:\/\/i0.wp.com\/correiodasemana.com\/site\/wp-content\/uploads\/2025\/02\/Dom_Vasconcelos_Sobral.jpg?resize=350%2C200&ssl=1 1x, https:\/\/i0.wp.com\/correiodasemana.com\/site\/wp-content\/uploads\/2025\/02\/Dom_Vasconcelos_Sobral.jpg?resize=525%2C300&ssl=1 1.5x, https:\/\/i0.wp.com\/correiodasemana.com\/site\/wp-content\/uploads\/2025\/02\/Dom_Vasconcelos_Sobral.jpg?resize=700%2C400&ssl=1 2x"},"classes":[]}],"jetpack_sharing_enabled":true,"_links":{"self":[{"href":"https:\/\/correiodasemana.com\/site\/wp-json\/wp\/v2\/posts\/32868","targetHints":{"allow":["GET"]}}],"collection":[{"href":"https:\/\/correiodasemana.com\/site\/wp-json\/wp\/v2\/posts"}],"about":[{"href":"https:\/\/correiodasemana.com\/site\/wp-json\/wp\/v2\/types\/post"}],"author":[{"embeddable":true,"href":"https:\/\/correiodasemana.com\/site\/wp-json\/wp\/v2\/users\/7"}],"replies":[{"embeddable":true,"href":"https:\/\/correiodasemana.com\/site\/wp-json\/wp\/v2\/comments?post=32868"}],"version-history":[{"count":1,"href":"https:\/\/correiodasemana.com\/site\/wp-json\/wp\/v2\/posts\/32868\/revisions"}],"predecessor-version":[{"id":32875,"href":"https:\/\/correiodasemana.com\/site\/wp-json\/wp\/v2\/posts\/32868\/revisions\/32875"}],"wp:featuredmedia":[{"embeddable":true,"href":"https:\/\/correiodasemana.com\/site\/wp-json\/wp\/v2\/media\/32872"}],"wp:attachment":[{"href":"https:\/\/correiodasemana.com\/site\/wp-json\/wp\/v2\/media?parent=32868"}],"wp:term":[{"taxonomy":"category","embeddable":true,"href":"https:\/\/correiodasemana.com\/site\/wp-json\/wp\/v2\/categories?post=32868"},{"taxonomy":"post_tag","embeddable":true,"href":"https:\/\/correiodasemana.com\/site\/wp-json\/wp\/v2\/tags?post=32868"}],"curies":[{"name":"wp","href":"https:\/\/api.w.org\/{rel}","templated":true}]}}