{"id":33116,"date":"2025-03-31T16:01:47","date_gmt":"2025-03-31T19:01:47","guid":{"rendered":"https:\/\/correiodasemana.com\/site\/?p=33116"},"modified":"2025-03-31T16:01:47","modified_gmt":"2025-03-31T19:01:47","slug":"comunidade-catolica-filhos-de-siao-7","status":"publish","type":"post","link":"https:\/\/correiodasemana.com\/site\/comunidade-catolica-filhos-de-siao-7\/","title":{"rendered":"COMUNIDADE CAT\u00d3LICA FILHOS DE SI\u00c3O"},"content":{"rendered":"<p><strong>Quaresma 2025 \u2013 Conduzidos pelo Esp\u00edrito Santo ao Deserto: \u201cReentrai no pr\u00f3prio cora\u00e7\u00e3o!\u201d<\/strong><\/p>\n<p>Retornar ao cora\u00e7\u00e3o, portanto, significa voltar ao que h\u00e1 de mais pessoal e interior em n\u00f3s. Infelizmente, a interioridade \u00e9 um valor em crise. Algumas causas dessa crise s\u00e3o antigas e inerentes \u00e0 nossa pr\u00f3pria natureza. Nossa \u201ccomposi\u00e7\u00e3o\u201d, ou seja, o fato de sermos constitu\u00eddos de carne e esp\u00edrito, faz com que sejamos como um plano inclinado \u2014 mas inclinado para o exterior, o vis\u00edvel e a multiplicidade.<br \/>\nSanta Teresa de \u00c1vila escreveu um trabalho intitulado O Castelo Interior, que \u00e9 certamente um dos frutos mais maduros da doutrina crist\u00e3 da interioridade. No entanto, infelizmente, tamb\u00e9m existe um \u201ccastelo exterior\u201d, e hoje constatamos que \u00e9 poss\u00edvel estar trancado nele. Trancados fora de casa, incapazes de reentrar. Prisioneiros da exterioridade!<br \/>\nQuantos de n\u00f3s dever\u00edamos fazer nossa a amarga constata\u00e7\u00e3o que Santo Agostinho fez sobre sua vida antes da convers\u00e3o: \u201cTarde te amei, beleza t\u00e3o antiga e t\u00e3o nova, tarde te amei. Sim, porque tu estavas dentro de mim, e eu fora. Ali te buscava. Deformado, jogava-me nas belas formas das tuas criaturas. Estavas comigo, e eu n\u00e3o estava contigo. Mantinham-me distante de ti as tuas criaturas, inexistentes se n\u00e3o existissem em ti.\u201d<br \/>\nUm retorno \u00e0 interioridade \u00e9 especialmente necess\u00e1rio para aqueles que s\u00e3o consagrados ao servi\u00e7o de Deus. Em um discurso aos superiores de uma congrega\u00e7\u00e3o religiosa contemplativa, Paulo VI disse: \u201cA interioridade deve ser cultivada continuamente.\u201d<br \/>\nDeixemos o Senhor transformar nossa vida para que sejamos aut\u00eanticos. Ser aut\u00eantico n\u00e3o \u00e9 apenas expor sentimentos e paix\u00f5es, mas viver uma vida coerente com a vontade de Deus. Ser aut\u00eantico \u00e9 encontrar Deus no mais \u00edntimo de n\u00f3s.<br \/>\nSomos um povo de cora\u00e7\u00e3o duro. Um povo que insiste em viver longe dos planos de Deus porque nos enchemos de nossos pr\u00f3prios planos e nos ocupamos com esta vida exterior, tornando-nos prisioneiros dela.<br \/>\nBibliografia:<br \/>\nAngelus do Papa Francisco (2021); Prega\u00e7\u00e3o do Frei Raniero Cantalamessa (2014); Raniero Cantalamessa \u2013 N\u00f3s pregamos Cristo Crucificado. Francisco Adriano Silva &#8211; Cofundador e Formador Geral da Comunidade Filhos de Si\u00e3o<\/p>\n","protected":false},"excerpt":{"rendered":"<p>Quaresma 2025 \u2013 Conduzidos pelo Esp\u00edrito Santo ao Deserto: \u201cReentrai no pr\u00f3prio cora\u00e7\u00e3o!\u201d Retornar ao&#8230;<\/p>\n","protected":false},"author":7,"featured_media":58,"comment_status":"open","ping_status":"open","sticky":false,"template":"","format":"standard","meta":{"_jetpack_memberships_contains_paid_content":false,"footnotes":"","jetpack_publicize_message":"","jetpack_publicize_feature_enabled":true,"jetpack_social_post_already_shared":true,"jetpack_social_options":{"image_generator_settings":{"template":"highway","default_image_id":0,"font":"","enabled":false},"version":2}},"categories":[11,87],"tags":[],"class_list":["post-33116","post","type-post","status-publish","format-standard","has-post-thumbnail","hentry","category-artigos","category-filhos-de-siao"],"jetpack_publicize_connections":[],"jetpack_featured_media_url":"https:\/\/correiodasemana.com\/site\/wp-content\/uploads\/2019\/07\/Igreja_S\u00e9.jpg","jetpack-related-posts":[{"id":32906,"url":"https:\/\/correiodasemana.com\/site\/comunidade-catolica-filhos-de-siao-6\/","url_meta":{"origin":33116,"position":0},"title":"COMUNIDADE CAT\u00d3LICA  FILHOS DE SI\u00c3O","author":"adminredacao","date":"Mar\u00e7o 17, 2025","format":false,"excerpt":"Quaresma 2025 \u2013 Conduzidos pelo Esp\u00edrito Santo ao Deserto: \u201cO Esp\u00edrito conduziu Jesus ao deserto\u201d \u201cO Esp\u00edrito conduziu Jesus ao deserto\u201d O primeiro tema \u00e9 o do deserto. Jesus acabou de receber, no Jord\u00e3o, a investidura messi\u00e2nica para evangelizar os pobres, curar os quebrantados de cora\u00e7\u00e3o e pregar o reino\u2026","rel":"","context":"In &quot;Artigos&quot;","block_context":{"text":"Artigos","link":"https:\/\/correiodasemana.com\/site\/category\/artigos\/"},"img":{"alt_text":"","src":"https:\/\/i0.wp.com\/correiodasemana.com\/site\/wp-content\/uploads\/2019\/07\/Igreja_S%C3%A9.jpg?resize=350%2C200&ssl=1","width":350,"height":200,"srcset":"https:\/\/i0.wp.com\/correiodasemana.com\/site\/wp-content\/uploads\/2019\/07\/Igreja_S%C3%A9.jpg?resize=350%2C200&ssl=1 1x, https:\/\/i0.wp.com\/correiodasemana.com\/site\/wp-content\/uploads\/2019\/07\/Igreja_S%C3%A9.jpg?resize=525%2C300&ssl=1 1.5x, https:\/\/i0.wp.com\/correiodasemana.com\/site\/wp-content\/uploads\/2019\/07\/Igreja_S%C3%A9.jpg?resize=700%2C400&ssl=1 2x, https:\/\/i0.wp.com\/correiodasemana.com\/site\/wp-content\/uploads\/2019\/07\/Igreja_S%C3%A9.jpg?resize=1050%2C600&ssl=1 3x, https:\/\/i0.wp.com\/correiodasemana.com\/site\/wp-content\/uploads\/2019\/07\/Igreja_S%C3%A9.jpg?resize=1400%2C800&ssl=1 4x"},"classes":[]},{"id":36732,"url":"https:\/\/correiodasemana.com\/site\/comunidade-catolica-filhos-de-siao-19\/","url_meta":{"origin":33116,"position":1},"title":"COMUNIDADE CAT\u00d3LICA FILHOS DE SI\u00c3O","author":"adminredacao","date":"Dezembro 11, 2025","format":false,"excerpt":"Perigos que pedem vigil\u00e2ncia! Com o tempo de caminhada, passamos a n\u00e3o perceber certos perigos. No entanto, precisamos ter muito cuidado para n\u00e3o perdermos a gra\u00e7a inicial do chamado de Deus. Inicio parafraseando nossa Fundadora, Vander L\u00facia:\u00a0\u201cEstamos vivendo os tempos de No\u00e9, e a arca est\u00e1 sendo constru\u00edda diante dos\u2026","rel":"","context":"In &quot;Artigos&quot;","block_context":{"text":"Artigos","link":"https:\/\/correiodasemana.com\/site\/category\/artigos\/"},"img":{"alt_text":"","src":"https:\/\/i0.wp.com\/correiodasemana.com\/site\/wp-content\/uploads\/2019\/07\/cropped-Igreja_S%C3%A9.jpg?resize=350%2C200&ssl=1","width":350,"height":200,"srcset":"https:\/\/i0.wp.com\/correiodasemana.com\/site\/wp-content\/uploads\/2019\/07\/cropped-Igreja_S%C3%A9.jpg?resize=350%2C200&ssl=1 1x, https:\/\/i0.wp.com\/correiodasemana.com\/site\/wp-content\/uploads\/2019\/07\/cropped-Igreja_S%C3%A9.jpg?resize=525%2C300&ssl=1 1.5x, https:\/\/i0.wp.com\/correiodasemana.com\/site\/wp-content\/uploads\/2019\/07\/cropped-Igreja_S%C3%A9.jpg?resize=700%2C400&ssl=1 2x, https:\/\/i0.wp.com\/correiodasemana.com\/site\/wp-content\/uploads\/2019\/07\/cropped-Igreja_S%C3%A9.jpg?resize=1050%2C600&ssl=1 3x, https:\/\/i0.wp.com\/correiodasemana.com\/site\/wp-content\/uploads\/2019\/07\/cropped-Igreja_S%C3%A9.jpg?resize=1400%2C800&ssl=1 4x"},"classes":[]},{"id":37559,"url":"https:\/\/correiodasemana.com\/site\/comunidade-filhos-de-siao-realiza-xxix-enchei-vos-do-espirito-santo\/","url_meta":{"origin":33116,"position":2},"title":"Comunidade Filhos de Si\u00e3o Realiza XXIX Enchei-vos do Esp\u00edrito Santo","author":"adminredacao","date":"Fevereiro 23, 2026","format":false,"excerpt":"Em Marco, a comunidade Filhos de Si\u00e3o realizou de 14 a 17 de fevereiro o XXIX Enchei-vos do Esp\u00edrito Santo, na Quadra do Col\u00e9gio Cenecista S\u00e3o Manuel. O Retiro de Carnaval \u00e9 um grande encontro de f\u00e9 que re\u00fane anualmente centenas de fi\u00e9is em dias marcados por intensa espiritualidade, comunh\u00e3o\u2026","rel":"","context":"In &quot;Atualidade&quot;","block_context":{"text":"Atualidade","link":"https:\/\/correiodasemana.com\/site\/category\/atualidade\/"},"img":{"alt_text":"","src":"https:\/\/i0.wp.com\/correiodasemana.com\/site\/wp-content\/uploads\/2026\/02\/WhatsApp-Image-2026-02-20-at-21.42.56-1.jpeg?resize=350%2C200&ssl=1","width":350,"height":200,"srcset":"https:\/\/i0.wp.com\/correiodasemana.com\/site\/wp-content\/uploads\/2026\/02\/WhatsApp-Image-2026-02-20-at-21.42.56-1.jpeg?resize=350%2C200&ssl=1 1x, https:\/\/i0.wp.com\/correiodasemana.com\/site\/wp-content\/uploads\/2026\/02\/WhatsApp-Image-2026-02-20-at-21.42.56-1.jpeg?resize=525%2C300&ssl=1 1.5x, https:\/\/i0.wp.com\/correiodasemana.com\/site\/wp-content\/uploads\/2026\/02\/WhatsApp-Image-2026-02-20-at-21.42.56-1.jpeg?resize=700%2C400&ssl=1 2x, https:\/\/i0.wp.com\/correiodasemana.com\/site\/wp-content\/uploads\/2026\/02\/WhatsApp-Image-2026-02-20-at-21.42.56-1.jpeg?resize=1050%2C600&ssl=1 3x, https:\/\/i0.wp.com\/correiodasemana.com\/site\/wp-content\/uploads\/2026\/02\/WhatsApp-Image-2026-02-20-at-21.42.56-1.jpeg?resize=1400%2C800&ssl=1 4x"},"classes":[]},{"id":9240,"url":"https:\/\/correiodasemana.com\/site\/o-valor-da-vida-espiritual\/","url_meta":{"origin":33116,"position":3},"title":"O valor da vida espiritual","author":"","date":"Setembro 23, 2019","format":false,"excerpt":"Dentre tantos dons e carismas suscitados no seio da Igreja est\u00e1 o monaquismo. \u00c9 uma forma de vida mais contemplativa, na qual homens e mulheres vivem em completo sil\u00eancio, imersos na viv\u00eancia constante de um \u00edntimo contato com Deus atrav\u00e9s da ora\u00e7\u00e3o. Isso \u00e9 o que define uma profunda espiritualidade,\u2026","rel":"","context":"In &quot;Artigos&quot;","block_context":{"text":"Artigos","link":"https:\/\/correiodasemana.com\/site\/category\/artigos\/"},"img":{"alt_text":"","src":"https:\/\/i0.wp.com\/correiodasemana.com\/site\/wp-content\/uploads\/2018\/02\/editorial-cs.jpg?resize=350%2C200&ssl=1","width":350,"height":200,"srcset":"https:\/\/i0.wp.com\/correiodasemana.com\/site\/wp-content\/uploads\/2018\/02\/editorial-cs.jpg?resize=350%2C200&ssl=1 1x, https:\/\/i0.wp.com\/correiodasemana.com\/site\/wp-content\/uploads\/2018\/02\/editorial-cs.jpg?resize=525%2C300&ssl=1 1.5x"},"classes":[]},{"id":34833,"url":"https:\/\/correiodasemana.com\/site\/o-valor-da-vida-espiritual-3\/","url_meta":{"origin":33116,"position":4},"title":"O valor da vida espiritual","author":"adminredacao","date":"Julho 28, 2025","format":false,"excerpt":"Dentre tantos dons e carismas suscitados no seio da Igreja est\u00e1 o monaquismo. \u00c9 uma forma de vida mais contemplativa, na qual homens e mulheres vivem em completo sil\u00eancio, imersos na viv\u00eancia constante de um \u00edntimo contato com Deus atrav\u00e9s da ora\u00e7\u00e3o. Isso \u00e9 o que define uma profunda espiritualidade,\u2026","rel":"","context":"In &quot;Artigos&quot;","block_context":{"text":"Artigos","link":"https:\/\/correiodasemana.com\/site\/category\/artigos\/"},"img":{"alt_text":"","src":"https:\/\/i0.wp.com\/correiodasemana.com\/site\/wp-content\/uploads\/2018\/02\/editorial-cs.jpg?resize=350%2C200&ssl=1","width":350,"height":200,"srcset":"https:\/\/i0.wp.com\/correiodasemana.com\/site\/wp-content\/uploads\/2018\/02\/editorial-cs.jpg?resize=350%2C200&ssl=1 1x, https:\/\/i0.wp.com\/correiodasemana.com\/site\/wp-content\/uploads\/2018\/02\/editorial-cs.jpg?resize=525%2C300&ssl=1 1.5x"},"classes":[]},{"id":21655,"url":"https:\/\/correiodasemana.com\/site\/o-valor-da-vida-espiritual-2\/","url_meta":{"origin":33116,"position":5},"title":"O valor da vida espiritual","author":"","date":"Novembro 13, 2022","format":false,"excerpt":"Dentre tantos dons e carismas suscitados no seio da Igreja est\u00e1 o monaquismo. \u00c9 uma forma de vida mais contemplativa, na qual homens e mulheres vivem em completo sil\u00eancio, imersos na viv\u00eancia constante de um \u00edntimo contato com Deus atrav\u00e9s da ora\u00e7\u00e3o. Isso \u00e9 o que define uma profunda espiritualidade,\u2026","rel":"","context":"In &quot;A voz do Pastor&quot;","block_context":{"text":"A voz do Pastor","link":"https:\/\/correiodasemana.com\/site\/category\/a-voz-do-pastor\/"},"img":{"alt_text":"","src":"https:\/\/i0.wp.com\/correiodasemana.com\/site\/wp-content\/uploads\/2018\/02\/editorial-cs.jpg?resize=350%2C200&ssl=1","width":350,"height":200,"srcset":"https:\/\/i0.wp.com\/correiodasemana.com\/site\/wp-content\/uploads\/2018\/02\/editorial-cs.jpg?resize=350%2C200&ssl=1 1x, https:\/\/i0.wp.com\/correiodasemana.com\/site\/wp-content\/uploads\/2018\/02\/editorial-cs.jpg?resize=525%2C300&ssl=1 1.5x"},"classes":[]}],"jetpack_sharing_enabled":true,"_links":{"self":[{"href":"https:\/\/correiodasemana.com\/site\/wp-json\/wp\/v2\/posts\/33116","targetHints":{"allow":["GET"]}}],"collection":[{"href":"https:\/\/correiodasemana.com\/site\/wp-json\/wp\/v2\/posts"}],"about":[{"href":"https:\/\/correiodasemana.com\/site\/wp-json\/wp\/v2\/types\/post"}],"author":[{"embeddable":true,"href":"https:\/\/correiodasemana.com\/site\/wp-json\/wp\/v2\/users\/7"}],"replies":[{"embeddable":true,"href":"https:\/\/correiodasemana.com\/site\/wp-json\/wp\/v2\/comments?post=33116"}],"version-history":[{"count":1,"href":"https:\/\/correiodasemana.com\/site\/wp-json\/wp\/v2\/posts\/33116\/revisions"}],"predecessor-version":[{"id":33117,"href":"https:\/\/correiodasemana.com\/site\/wp-json\/wp\/v2\/posts\/33116\/revisions\/33117"}],"wp:featuredmedia":[{"embeddable":true,"href":"https:\/\/correiodasemana.com\/site\/wp-json\/wp\/v2\/media\/58"}],"wp:attachment":[{"href":"https:\/\/correiodasemana.com\/site\/wp-json\/wp\/v2\/media?parent=33116"}],"wp:term":[{"taxonomy":"category","embeddable":true,"href":"https:\/\/correiodasemana.com\/site\/wp-json\/wp\/v2\/categories?post=33116"},{"taxonomy":"post_tag","embeddable":true,"href":"https:\/\/correiodasemana.com\/site\/wp-json\/wp\/v2\/tags?post=33116"}],"curies":[{"name":"wp","href":"https:\/\/api.w.org\/{rel}","templated":true}]}}