{"id":33159,"date":"2025-03-31T16:14:57","date_gmt":"2025-03-31T19:14:57","guid":{"rendered":"https:\/\/correiodasemana.com\/site\/?p=33159"},"modified":"2025-03-31T16:14:57","modified_gmt":"2025-03-31T19:14:57","slug":"herculano-costa-comenta","status":"publish","type":"post","link":"https:\/\/correiodasemana.com\/site\/herculano-costa-comenta\/","title":{"rendered":"Herculano Costa Comenta"},"content":{"rendered":"<p><strong>O bullying nos ambientes escolares no Brasil (I)<\/strong><\/p>\n<p>No nosso coment\u00e1rio de hoje vamos falar sobre um tema importante, muito em voga no momento, o bullying. O assunto preocupa dada \u00e0 sua recorr\u00eancia nos ambientes escolares no Brasil e em outras partes do mundo. Embora o assunto n\u00e3o seja t\u00e3o novo, pois, come\u00e7ou a ser estudado j\u00e1 na d\u00e9cada de 1970 na Su\u00e9cia, o bullying vem-se constituindo, atualmente, um problema s\u00e9rio, que est\u00e1 afetando, negativamente, a vida dos estudantes e comprometendo o ambiente educacional, tornando-o conturbado, preocupante, n\u00e3o saud\u00e1vel.<br \/>\nO que \u00e9 bullyig? &#8211; O bullying \u00e9 um problema de relacionamento social que ocorre, geralmente, no ambiente escolar, contra crian\u00e7as e adolescentes, tanto aqui no Brasil, mas, como supradito, em muitos outros lugares mundo afora. Ele se caracteriza pela agress\u00e3o de ordem f\u00edsica, verbal e\/ou psicol\u00f3gica.<br \/>\nA pr\u00e1tica do bullying se d\u00e1 por meio de atos agressivos violentos, tais como: intimida\u00e7\u00e3o sistem\u00e1tica e outras a\u00e7\u00f5es intencionais e repetitivas, de afrontas, persegui\u00e7\u00e3o, xingamento, humilha\u00e7\u00e3o, preconceito, e outras formas de agress\u00e3o, feitas por uma pessoa ou grupo de pessoas contra um indiv\u00edduo.<br \/>\nO bullyig causa n\u00e3o s\u00f3 a dor f\u00edsica, como tamb\u00e9m problemas de socializa\u00e7\u00e3o, bem assim, e, principalmente, situa\u00e7\u00f5es angustiantes, traumas psicol\u00f3gicos, retra\u00e7\u00f5es e outros efeitos danosos \u00e0s v\u00edtimas.<br \/>\nO bullying vem, cada vez mais, merecendo aten\u00e7\u00e3o especial e um engajamento sistem\u00e1tico de todos (escola, fam\u00edlia e sociedade) no seu combate.<br \/>\nEtimologia &#8211; Bullying \u00e9 uma palavra que se originou na l\u00edngua inglesa. \u201cBully\u201d significa \u201cvalent\u00e3o\u201d, e o sufixo \u201cing\u201d, que representa uma a\u00e7\u00e3o cont\u00ednua. A palavra bullying designa, ent\u00e3o, um quadro de agress\u00f5es cont\u00ednuas, repetitivas, com caracter\u00edsticas de persegui\u00e7\u00e3o de um agressor, ou mais agressores contra uma v\u00edtima, como acima dito.<br \/>\nConv\u00e9m que n\u00e3o se confunda uma agress\u00e3o isolada, resultante de uma briga pontual, com o bullying, pois este tem conota\u00e7\u00e3o de continuidade, const\u00e2ncia das diversificadas agress\u00f5es, o que nos ajuda a entender com maior precis\u00e3o o verdadeiro significado do aludido termo.<br \/>\nComo e onde ocorre o bullying? \u2013 \u00c9 da natureza humana o desejo da domina\u00e7\u00e3o, da ostenta\u00e7\u00e3o, do ego\u00edsmo, da conquista pela for\u00e7a etc., etc. O Brasil tem, a partir do seu descobrimento, da sua ocupa\u00e7\u00e3o territorial, passando, pela sua coloniza\u00e7\u00e3o, um hist\u00f3rico de domina\u00e7\u00e3o pela for\u00e7a (pris\u00f5es dos ind\u00edgenas \u2013 povos nativos, escravatura dos negros etc.). Na segunda metade do s\u00e9culo XX foi a Ditadura Militar (mentora de atos repressivos, como: censuras ideol\u00f3gicas, cerceamento do pensamento livre, persegui\u00e7\u00f5es, julgamentos e pris\u00f5es injustas, desaparecimentos de pessoas, torturas, mortes), o grande exemplo de domina\u00e7\u00e3o pela for\u00e7a.<br \/>\nNa sociedade extraescolar contempor\u00e2nea, em diversificados segmentos sociais, ocorrem pr\u00e1ticas semelhantes ao bullyig. Pessoas consideradas mais poderosas, mais influentes, mais populares ou mais bem-apessoadas tornam-se refer\u00eancia para o\u00a0comportamento social.\u00a0Ent\u00e3o, aqueles que n\u00e3o se enquadram nesse padr\u00e3o s\u00e3o considerados n\u00e3o dignos e estranhos a participa\u00e7\u00f5es sociais mais igualit\u00e1rias. Da\u00ed, surgirem comportamentos humilhantes e vexat\u00f3rios, por parte dos que se consideram normais, mais importantes ou mais populares, contra os que eles mesmos consideram estranhos, por n\u00e3o se enquadrarem nos par\u00e2metros sociais estabelecidos.<br \/>\nEspelhado nisso entende-se que o ambiente escolar comporta a forma\u00e7\u00e3o de grupos sociais\u00a0e, a partir da\u00ed, cria, entre os estudantes, situa\u00e7\u00f5es de hierarquia, com base na for\u00e7a, na aceita\u00e7\u00e3o ou n\u00e3o, que um indiv\u00edduo tem do grupo.<br \/>\nNormalmente, nas rela\u00e7\u00f5es sociais escolares, sobretudo entre infantes e adolescentes, os padr\u00f5es estabelecidos s\u00e3o formados com base no espelho das sociedades n\u00e3o escolares, acrescidos da conceitua\u00e7\u00e3o que esses jovens fazem das caracter\u00edsticas f\u00edsicas e do grau de popularidade e aceita\u00e7\u00e3o que os indiv\u00edduos t\u00eam dentro do grupo.<br \/>\n\u00c9 quando, na comunidade escolar, grupos dominantes cristalizam como\u00a0padr\u00f5es de aceita\u00e7\u00e3o de uns e os grupos que n\u00e3o se enquadram nesses padr\u00f5es acabam exclu\u00eddos e passam a ser v\u00edtimas de bullying.<br \/>\n(Continua na pr\u00f3xima edi\u00e7\u00e3o)<\/p>\n","protected":false},"excerpt":{"rendered":"<p>O bullying nos ambientes escolares no Brasil (I) No nosso coment\u00e1rio de hoje vamos falar&#8230;<\/p>\n","protected":false},"author":7,"featured_media":18585,"comment_status":"open","ping_status":"open","sticky":false,"template":"","format":"standard","meta":{"_jetpack_memberships_contains_paid_content":false,"footnotes":"","jetpack_publicize_message":"","jetpack_publicize_feature_enabled":true,"jetpack_social_post_already_shared":true,"jetpack_social_options":{"image_generator_settings":{"template":"highway","default_image_id":0,"font":"","enabled":false},"version":2}},"categories":[11,97],"tags":[],"class_list":["post-33159","post","type-post","status-publish","format-standard","has-post-thumbnail","hentry","category-artigos","category-herculano-costa"],"jetpack_publicize_connections":[],"jetpack_featured_media_url":"https:\/\/correiodasemana.com\/site\/wp-content\/uploads\/2022\/01\/Herculano-Costa.jpg","jetpack-related-posts":[{"id":33243,"url":"https:\/\/correiodasemana.com\/site\/herculano-costa-comenta-2\/","url_meta":{"origin":33159,"position":0},"title":"Herculano Costa Comenta","author":"adminredacao","date":"Abril 7, 2025","format":false,"excerpt":"O bullying nos ambientes escolares no Brasil (II) Como se caracteriza o bullying? \u2013 O bullying acontece de diversas maneiras: pode ser pela imposi\u00e7\u00e3o de cognomes ridicularizantes, de apelidos vexat\u00f3rios e sistematicamente utilizados, pela persegui\u00e7\u00e3o \u00e0 v\u00edtima, pela humilha\u00e7\u00e3o da v\u00edtima diante de um p\u00fablico, pela exposi\u00e7\u00e3o da v\u00edtima por\u2026","rel":"","context":"In &quot;Artigos&quot;","block_context":{"text":"Artigos","link":"https:\/\/correiodasemana.com\/site\/category\/artigos\/"},"img":{"alt_text":"","src":"https:\/\/i0.wp.com\/correiodasemana.com\/site\/wp-content\/uploads\/2022\/01\/Herculano-Costa.jpg?resize=350%2C200&ssl=1","width":350,"height":200},"classes":[]},{"id":36037,"url":"https:\/\/correiodasemana.com\/site\/bullying-nas-escolas-e-hora-de-agir\/","url_meta":{"origin":33159,"position":1},"title":"Bullying nas escolas: \u00e9 hora de agir","author":"adminredacao","date":"Outubro 29, 2025","format":false,"excerpt":"Por: Lucelmo Lacerda O bullying escolar \u00e9 um problema s\u00e9rio que pode ter impactos profundos e duradouros na vida dos estudantes. Sofrer esse tipo de viol\u00eancia na inf\u00e2ncia e adolesc\u00eancia aumenta significativamente a probabilidade de desenvolver depress\u00e3o, ansiedade e baixa autoestima, al\u00e9m de comprometer o rendimento acad\u00eamico e o futuro\u2026","rel":"","context":"In &quot;Atualidade&quot;","block_context":{"text":"Atualidade","link":"https:\/\/correiodasemana.com\/site\/category\/atualidade\/"},"img":{"alt_text":"","src":"https:\/\/i0.wp.com\/correiodasemana.com\/site\/wp-content\/uploads\/2025\/10\/DivulgacaoFreepik-scaled.jpg?resize=350%2C200&ssl=1","width":350,"height":200,"srcset":"https:\/\/i0.wp.com\/correiodasemana.com\/site\/wp-content\/uploads\/2025\/10\/DivulgacaoFreepik-scaled.jpg?resize=350%2C200&ssl=1 1x, https:\/\/i0.wp.com\/correiodasemana.com\/site\/wp-content\/uploads\/2025\/10\/DivulgacaoFreepik-scaled.jpg?resize=525%2C300&ssl=1 1.5x, https:\/\/i0.wp.com\/correiodasemana.com\/site\/wp-content\/uploads\/2025\/10\/DivulgacaoFreepik-scaled.jpg?resize=700%2C400&ssl=1 2x, https:\/\/i0.wp.com\/correiodasemana.com\/site\/wp-content\/uploads\/2025\/10\/DivulgacaoFreepik-scaled.jpg?resize=1050%2C600&ssl=1 3x, https:\/\/i0.wp.com\/correiodasemana.com\/site\/wp-content\/uploads\/2025\/10\/DivulgacaoFreepik-scaled.jpg?resize=1400%2C800&ssl=1 4x"},"classes":[]},{"id":34136,"url":"https:\/\/correiodasemana.com\/site\/mec-conclui-seminario-de-enfrentamento-ao-bullying-nas-escolas\/","url_meta":{"origin":33159,"position":2},"title":"MEC conclui semin\u00e1rio de enfrentamento ao bullying nas escolas","author":"adminredacao","date":"Junho 9, 2025","format":false,"excerpt":"Realizado em Curitiba (PR), evento reuniu autoridades, especialistas e estudantes para uma s\u00e9rie de debates visando melhorar o ambiente escolar. Protocolo, boletim t\u00e9cnico e guia r\u00e1pido de a\u00e7\u00e3o foram lan\u00e7ados O Minist\u00e9rio da Educa\u00e7\u00e3o (MEC) concluiu, nesta sexta-feira, 6 de junho, o\u00a0Semin\u00e1rio Internacional pelo Enfrentamento do\u00a0Bullying\u00a0nas Escolas. Realizado por meio\u2026","rel":"","context":"In &quot;Atualidade&quot;","block_context":{"text":"Atualidade","link":"https:\/\/correiodasemana.com\/site\/category\/atualidade\/"},"img":{"alt_text":"","src":"https:\/\/i0.wp.com\/correiodasemana.com\/site\/wp-content\/uploads\/2022\/11\/Ministerio-da-Educacao-Fonte-ARCH-Consultoria-Educacional-.png?resize=350%2C200&ssl=1","width":350,"height":200,"srcset":"https:\/\/i0.wp.com\/correiodasemana.com\/site\/wp-content\/uploads\/2022\/11\/Ministerio-da-Educacao-Fonte-ARCH-Consultoria-Educacional-.png?resize=350%2C200&ssl=1 1x, https:\/\/i0.wp.com\/correiodasemana.com\/site\/wp-content\/uploads\/2022\/11\/Ministerio-da-Educacao-Fonte-ARCH-Consultoria-Educacional-.png?resize=525%2C300&ssl=1 1.5x, https:\/\/i0.wp.com\/correiodasemana.com\/site\/wp-content\/uploads\/2022\/11\/Ministerio-da-Educacao-Fonte-ARCH-Consultoria-Educacional-.png?resize=700%2C400&ssl=1 2x, https:\/\/i0.wp.com\/correiodasemana.com\/site\/wp-content\/uploads\/2022\/11\/Ministerio-da-Educacao-Fonte-ARCH-Consultoria-Educacional-.png?resize=1050%2C600&ssl=1 3x, https:\/\/i0.wp.com\/correiodasemana.com\/site\/wp-content\/uploads\/2022\/11\/Ministerio-da-Educacao-Fonte-ARCH-Consultoria-Educacional-.png?resize=1400%2C800&ssl=1 4x"},"classes":[]},{"id":33653,"url":"https:\/\/correiodasemana.com\/site\/educacao-e-cidadania-77\/","url_meta":{"origin":33159,"position":3},"title":"EDUCA\u00c7\u00c3O E CIDADANIA \u2022","author":"adminredacao","date":"Maio 5, 2025","format":false,"excerpt":"O Perigo dos Adolescentes na Internet As redes sociais t\u00eam uma grande influ\u00eancia na vida dos jovens, com impactos que podem ser tanto positivos quanto negativos.\u00a0Elas s\u00e3o um espa\u00e7o de comunica\u00e7\u00e3o e intera\u00e7\u00e3o social, mas tamb\u00e9m podem contribuir para problemas de sa\u00fade mental, como ansiedade e depress\u00e3o, al\u00e9m de afetar\u2026","rel":"","context":"In &quot;Artigos&quot;","block_context":{"text":"Artigos","link":"https:\/\/correiodasemana.com\/site\/category\/artigos\/"},"img":{"alt_text":"","src":"https:\/\/i0.wp.com\/correiodasemana.com\/site\/wp-content\/uploads\/2021\/08\/Salmito-Campos.jpg?resize=350%2C200&ssl=1","width":350,"height":200,"srcset":"https:\/\/i0.wp.com\/correiodasemana.com\/site\/wp-content\/uploads\/2021\/08\/Salmito-Campos.jpg?resize=350%2C200&ssl=1 1x, https:\/\/i0.wp.com\/correiodasemana.com\/site\/wp-content\/uploads\/2021\/08\/Salmito-Campos.jpg?resize=525%2C300&ssl=1 1.5x, https:\/\/i0.wp.com\/correiodasemana.com\/site\/wp-content\/uploads\/2021\/08\/Salmito-Campos.jpg?resize=700%2C400&ssl=1 2x, https:\/\/i0.wp.com\/correiodasemana.com\/site\/wp-content\/uploads\/2021\/08\/Salmito-Campos.jpg?resize=1050%2C600&ssl=1 3x, https:\/\/i0.wp.com\/correiodasemana.com\/site\/wp-content\/uploads\/2021\/08\/Salmito-Campos.jpg?resize=1400%2C800&ssl=1 4x"},"classes":[]},{"id":35749,"url":"https:\/\/correiodasemana.com\/site\/herculano-costa-comenta-17\/","url_meta":{"origin":33159,"position":4},"title":"Herculano Costa Comenta","author":"adminredacao","date":"Setembro 29, 2025","format":false,"excerpt":"Carlo Acutis, o primeiro santo millennial e influencer de Deus Tornar-se santo n\u00e3o est\u00e1 nos planos da maioria de n\u00f3s, mas um jogador de videogame italiano de 15 anos, de nome Carlo Acutis, acaba de passar por todas as etapas da canoniza\u00e7\u00e3o para tornar-se Santo da Igreja Cat\u00f3lica Apost\u00f3lica Romana.\u2026","rel":"","context":"In &quot;Artigos&quot;","block_context":{"text":"Artigos","link":"https:\/\/correiodasemana.com\/site\/category\/artigos\/"},"img":{"alt_text":"","src":"https:\/\/i0.wp.com\/correiodasemana.com\/site\/wp-content\/uploads\/2022\/01\/Herculano-Costa.jpg?resize=350%2C200&ssl=1","width":350,"height":200},"classes":[]},{"id":36261,"url":"https:\/\/correiodasemana.com\/site\/herculano-costa\/","url_meta":{"origin":33159,"position":5},"title":"Herculano Costa","author":"adminredacao","date":"Novembro 12, 2025","format":false,"excerpt":"TDAH: Desafios e conscientiza\u00e7\u00e3o na sociedade contempor\u00e2nea Neste nosso coment\u00e1rio de hoje vamos abordar um tema que tem ganhado destaque nos \u00faltimos anos no campo da neuropsicologia, em meio aos estudiosos das manifesta\u00e7\u00f5es da mente e profissionais do ramo. Trata-se do TDAH -\u00a0Transtorno de D\u00e9ficit de Aten\u00e7\u00e3o com Hiperatividade. O\u2026","rel":"","context":"In &quot;Artigos&quot;","block_context":{"text":"Artigos","link":"https:\/\/correiodasemana.com\/site\/category\/artigos\/"},"img":{"alt_text":"","src":"https:\/\/i0.wp.com\/correiodasemana.com\/site\/wp-content\/uploads\/2022\/01\/Herculano-Costa.jpg?resize=350%2C200&ssl=1","width":350,"height":200},"classes":[]}],"jetpack_sharing_enabled":true,"_links":{"self":[{"href":"https:\/\/correiodasemana.com\/site\/wp-json\/wp\/v2\/posts\/33159","targetHints":{"allow":["GET"]}}],"collection":[{"href":"https:\/\/correiodasemana.com\/site\/wp-json\/wp\/v2\/posts"}],"about":[{"href":"https:\/\/correiodasemana.com\/site\/wp-json\/wp\/v2\/types\/post"}],"author":[{"embeddable":true,"href":"https:\/\/correiodasemana.com\/site\/wp-json\/wp\/v2\/users\/7"}],"replies":[{"embeddable":true,"href":"https:\/\/correiodasemana.com\/site\/wp-json\/wp\/v2\/comments?post=33159"}],"version-history":[{"count":1,"href":"https:\/\/correiodasemana.com\/site\/wp-json\/wp\/v2\/posts\/33159\/revisions"}],"predecessor-version":[{"id":33160,"href":"https:\/\/correiodasemana.com\/site\/wp-json\/wp\/v2\/posts\/33159\/revisions\/33160"}],"wp:featuredmedia":[{"embeddable":true,"href":"https:\/\/correiodasemana.com\/site\/wp-json\/wp\/v2\/media\/18585"}],"wp:attachment":[{"href":"https:\/\/correiodasemana.com\/site\/wp-json\/wp\/v2\/media?parent=33159"}],"wp:term":[{"taxonomy":"category","embeddable":true,"href":"https:\/\/correiodasemana.com\/site\/wp-json\/wp\/v2\/categories?post=33159"},{"taxonomy":"post_tag","embeddable":true,"href":"https:\/\/correiodasemana.com\/site\/wp-json\/wp\/v2\/tags?post=33159"}],"curies":[{"name":"wp","href":"https:\/\/api.w.org\/{rel}","templated":true}]}}