{"id":33161,"date":"2025-03-31T16:16:38","date_gmt":"2025-03-31T19:16:38","guid":{"rendered":"https:\/\/correiodasemana.com\/site\/?p=33161"},"modified":"2025-03-31T16:16:39","modified_gmt":"2025-03-31T19:16:39","slug":"paroquia-da-se-realiza-cerco-de-jerico","status":"publish","type":"post","link":"https:\/\/correiodasemana.com\/site\/paroquia-da-se-realiza-cerco-de-jerico\/","title":{"rendered":"Par\u00f3quia da S\u00e9 realiza Cerco de Jeric\u00f3"},"content":{"rendered":"<div id='gallery-1' class='gallery galleryid-33161 gallery-columns-6 gallery-size-thumbnail'><figure class='gallery-item'>\n\t\t\t<div class='gallery-icon landscape'>\n\t\t\t\t<a href='https:\/\/correiodasemana.com\/site\/paroquia-da-se-realiza-cerco-de-jerico\/capela-santissima-trindade-1\/'><img loading=\"lazy\" width=\"150\" height=\"150\" src=\"https:\/\/correiodasemana.com\/site\/wp-content\/uploads\/2025\/03\/Capela-Santissima-Trindade-1-150x150.jpeg\" class=\"attachment-thumbnail size-thumbnail\" alt=\"Capela Sant\u00edssima Trindade (1)\" loading=\"lazy\" decoding=\"async\" \/><\/a>\n\t\t\t<\/div><\/figure><figure class='gallery-item'>\n\t\t\t<div class='gallery-icon landscape'>\n\t\t\t\t<a href='https:\/\/correiodasemana.com\/site\/paroquia-da-se-realiza-cerco-de-jerico\/capela-santissima-trindade-2\/'><img loading=\"lazy\" width=\"150\" height=\"150\" src=\"https:\/\/correiodasemana.com\/site\/wp-content\/uploads\/2025\/03\/Capela-Santissima-Trindade-2-150x150.jpeg\" class=\"attachment-thumbnail size-thumbnail\" alt=\"Capela Sant\u00edssima Trindade (2)\" loading=\"lazy\" decoding=\"async\" \/><\/a>\n\t\t\t<\/div><\/figure><figure class='gallery-item'>\n\t\t\t<div class='gallery-icon landscape'>\n\t\t\t\t<a href='https:\/\/correiodasemana.com\/site\/paroquia-da-se-realiza-cerco-de-jerico\/catedral-de-sobral-1\/'><img loading=\"lazy\" width=\"150\" height=\"150\" src=\"https:\/\/correiodasemana.com\/site\/wp-content\/uploads\/2025\/03\/Catedral-de-Sobral-1-150x150.jpg\" class=\"attachment-thumbnail size-thumbnail\" alt=\"Catedral de Sobral (1)\" loading=\"lazy\" decoding=\"async\" \/><\/a>\n\t\t\t<\/div><\/figure><figure class='gallery-item'>\n\t\t\t<div class='gallery-icon landscape'>\n\t\t\t\t<a href='https:\/\/correiodasemana.com\/site\/paroquia-da-se-realiza-cerco-de-jerico\/catedral-de-sobral-2\/'><img loading=\"lazy\" width=\"150\" height=\"150\" src=\"https:\/\/correiodasemana.com\/site\/wp-content\/uploads\/2025\/03\/Catedral-de-Sobral-2-150x150.jpg\" class=\"attachment-thumbnail size-thumbnail\" alt=\"Catedral de Sobral (2)\" loading=\"lazy\" decoding=\"async\" \/><\/a>\n\t\t\t<\/div><\/figure>\n\t\t<\/div>\n\n<p>Entre os dias 22 e 28 de mar\u00e7o a Par\u00f3quia de Nossa Senhora da Concei\u00e7\u00e3o &#8211; S\u00e9 Catedral de Sobral, realizou o Cerco de Jeric\u00f3 em todo territ\u00f3rio paroquial com o tema: \u201cA Esperan\u00e7a n\u00e3o engana\u201d. Rm 5, 5.<br \/>\nNo Antigo Testamento, depois da morte de Mois\u00e9s, Deus escolheu Josu\u00e9 para conduzir o povo hebreu. Deus disse a Josu\u00e9 que atravessasse o Jord\u00e3o com todo o povo e tomasse posse da Terra Prometida. A cidade de Jeric\u00f3 era uma fortaleza inexpugn\u00e1vel. Ao chegar junto \u00e0s muralhas de Jeric\u00f3, Josu\u00e9 ergueu os olhos e viu um Anjo, com uma espada na m\u00e3o, que lhe deu ordens concretas e detalhadas.<br \/>\nJosu\u00e9 e todo Israel executaram fielmente as ordens recebidas: durante seis dias, os valentes guerreiros de Israel deram uma volta em torno da cidade. No s\u00e9timo dia, deram sete voltas. Durante a s\u00e9tima volta, ao som da trombeta, todo o povo levantou um grande clamor e, pelo poder de Deus, as muralhas de Jeric\u00f3 ca\u00edram. (cf. Js 6).<br \/>\nO Cerco de Jeric\u00f3 foi um momento de unifica\u00e7\u00e3o paroquial, prop\u00edcio para a ora\u00e7\u00e3o e fortalecimento da f\u00e9. A cada dia, as diferentes comunidades e capelas, incluindo o Santu\u00e1rio S\u00e3o Francisco e a Catedral, tiveram a oportunidade de vivenciar este momento especial. Al\u00e9m de rezar por suas inten\u00e7\u00f5es, os paroquianos pediram ora\u00e7\u00f5es pelo Santo Padre, o Papa Francisco; por Dom Vasconcelos, bispo diocesano; e por toda a par\u00f3quia.<br \/>\nA programa\u00e7\u00e3o encerrou nesta sexta-feira, 28 de mar\u00e7o, com a Santa Missa na Catedral presidida por Pe. Deckson, reitor do Santu\u00e1rio S\u00e3o Bento, situado na Fazenda da Esperan\u00e7a. Ap\u00f3s a Santa Missa, houve o IV Of\u00edcio da Paix\u00e3o de Nosso Senhor Jesus Cristo, tradicionalmente celebrado na Catedral durante as sextas-feiras da Quaresma.<br \/>\nThais Helena &#8211; Jornalista &#8211; Jornal Correio da Semana<\/p>\n","protected":false},"excerpt":{"rendered":"<p>Entre os dias 22 e 28 de mar\u00e7o a Par\u00f3quia de Nossa Senhora da Concei\u00e7\u00e3o&#8230;<\/p>\n","protected":false},"author":7,"featured_media":33164,"comment_status":"open","ping_status":"open","sticky":false,"template":"","format":"standard","meta":{"_jetpack_memberships_contains_paid_content":false,"footnotes":"","jetpack_publicize_message":"","jetpack_publicize_feature_enabled":true,"jetpack_social_post_already_shared":true,"jetpack_social_options":{"image_generator_settings":{"template":"highway","default_image_id":0,"font":"","enabled":false},"version":2}},"categories":[1],"tags":[],"class_list":["post-33161","post","type-post","status-publish","format-standard","has-post-thumbnail","hentry","category-atualidade"],"jetpack_publicize_connections":[],"jetpack_featured_media_url":"https:\/\/correiodasemana.com\/site\/wp-content\/uploads\/2025\/03\/Catedral-de-Sobral-1-scaled.jpg","jetpack-related-posts":[{"id":24553,"url":"https:\/\/correiodasemana.com\/site\/rodrigo-pacheco-afirma-que-reforma-tributaria-e-um-dos-maiores-desafios-do-congresso\/","url_meta":{"origin":33161,"position":0},"title":"Rodrigo Pacheco afirma que reforma tribut\u00e1ria \u00e9 um dos maiores desafios do Congresso","author":"","date":"Maio 9, 2023","format":false,"excerpt":"Durante encontro com industriais para debater a reforma tribut\u00e1ria, o presidente do Senado, Rodrigo Pacheco (PSD-MG), considerou a polariza\u00e7\u00e3o pol\u00edtica negativa para o Brasil. Em meio a desgastes com o presidente da C\u00e2mara dos Deputados, Arthur Lira (PP-AL), o senador destacou a import\u00e2ncia do equil\u00edbrio entre os Poderes. \u201c\u00c9 fundamental\u2026","rel":"","context":"In &quot;Atualidade&quot;","block_context":{"text":"Atualidade","link":"https:\/\/correiodasemana.com\/site\/category\/atualidade\/"},"img":{"alt_text":"","src":"https:\/\/i0.wp.com\/correiodasemana.com\/site\/wp-content\/uploads\/2023\/05\/plenrio-do-senado_52261534409_o.webp?resize=350%2C200&ssl=1","width":350,"height":200,"srcset":"https:\/\/i0.wp.com\/correiodasemana.com\/site\/wp-content\/uploads\/2023\/05\/plenrio-do-senado_52261534409_o.webp?resize=350%2C200&ssl=1 1x, https:\/\/i0.wp.com\/correiodasemana.com\/site\/wp-content\/uploads\/2023\/05\/plenrio-do-senado_52261534409_o.webp?resize=525%2C300&ssl=1 1.5x, https:\/\/i0.wp.com\/correiodasemana.com\/site\/wp-content\/uploads\/2023\/05\/plenrio-do-senado_52261534409_o.webp?resize=700%2C400&ssl=1 2x, https:\/\/i0.wp.com\/correiodasemana.com\/site\/wp-content\/uploads\/2023\/05\/plenrio-do-senado_52261534409_o.webp?resize=1050%2C600&ssl=1 3x"},"classes":[]},{"id":30831,"url":"https:\/\/correiodasemana.com\/site\/para-valorizar-as-sementes-do-bem-plantadas-por-deus\/","url_meta":{"origin":33161,"position":1},"title":"Para valorizar as sementes do bem plantadas por Deus","author":"adminredacao","date":"Outubro 2, 2024","format":false,"excerpt":"Durante muitos s\u00e9culos Deus formou seu povo escolhido, dando-lhe leis e mandamentos justos, que proporcionaram a tantos homens e mulheres vislumbrarem a realiza\u00e7\u00e3o das promessas, na expectativa da plena realiza\u00e7\u00e3o do projeto do Senhor. Ao longo do caminho, muitas foram as li\u00e7\u00f5es e os corretivos feitos por Deus, atrav\u00e9s de\u2026","rel":"","context":"In &quot;A voz do Pastor&quot;","block_context":{"text":"A voz do Pastor","link":"https:\/\/correiodasemana.com\/site\/category\/a-voz-do-pastor\/"},"img":{"alt_text":"","src":"https:\/\/i0.wp.com\/correiodasemana.com\/site\/wp-content\/uploads\/2018\/02\/Dom-Vasconcelos-posses.jpg?resize=350%2C200&ssl=1","width":350,"height":200,"srcset":"https:\/\/i0.wp.com\/correiodasemana.com\/site\/wp-content\/uploads\/2018\/02\/Dom-Vasconcelos-posses.jpg?resize=350%2C200&ssl=1 1x, https:\/\/i0.wp.com\/correiodasemana.com\/site\/wp-content\/uploads\/2018\/02\/Dom-Vasconcelos-posses.jpg?resize=525%2C300&ssl=1 1.5x, https:\/\/i0.wp.com\/correiodasemana.com\/site\/wp-content\/uploads\/2018\/02\/Dom-Vasconcelos-posses.jpg?resize=700%2C400&ssl=1 2x"},"classes":[]},{"id":8457,"url":"https:\/\/correiodasemana.com\/site\/regioes-episcopais-5\/","url_meta":{"origin":33161,"position":2},"title":"Regi\u00f5es Episcopais","author":"","date":"Julho 30, 2019","format":false,"excerpt":"Regi\u00f5es Episcopais Par\u00f3quia do Cristo Ressuscitado \u2013 Sobral \u2013 CE A Par\u00f3quia do Cristo Ressuscitado realiza seu primeiro Congresso de Cura e Liberta\u00e7\u00e3o que ser\u00e1 realizado no dia 26 \u00e0 28 de julho com uma programa\u00e7\u00e3o rica em prega\u00e7\u00f5es, momentos de louvor e adora\u00e7\u00e3o. Com a presen\u00e7a de Jorj\u00e3o (Pregador,\u2026","rel":"","context":"In &quot;Diocese&quot;","block_context":{"text":"Diocese","link":"https:\/\/correiodasemana.com\/site\/category\/diocese\/"},"img":{"alt_text":"","src":"https:\/\/i0.wp.com\/correiodasemana.com\/site\/wp-content\/uploads\/2019\/07\/Igreja_S%C3%A9.jpg?resize=350%2C200&ssl=1","width":350,"height":200,"srcset":"https:\/\/i0.wp.com\/correiodasemana.com\/site\/wp-content\/uploads\/2019\/07\/Igreja_S%C3%A9.jpg?resize=350%2C200&ssl=1 1x, https:\/\/i0.wp.com\/correiodasemana.com\/site\/wp-content\/uploads\/2019\/07\/Igreja_S%C3%A9.jpg?resize=525%2C300&ssl=1 1.5x, https:\/\/i0.wp.com\/correiodasemana.com\/site\/wp-content\/uploads\/2019\/07\/Igreja_S%C3%A9.jpg?resize=700%2C400&ssl=1 2x, https:\/\/i0.wp.com\/correiodasemana.com\/site\/wp-content\/uploads\/2019\/07\/Igreja_S%C3%A9.jpg?resize=1050%2C600&ssl=1 3x, https:\/\/i0.wp.com\/correiodasemana.com\/site\/wp-content\/uploads\/2019\/07\/Igreja_S%C3%A9.jpg?resize=1400%2C800&ssl=1 4x"},"classes":[]},{"id":12590,"url":"https:\/\/correiodasemana.com\/site\/igreja-no-brasil-celebra-de-9-a-15-de-agosto-a-semana-nacional-da-familia\/","url_meta":{"origin":33161,"position":3},"title":"Igreja no Brasil celebra de 9 a 15 de agosto a Semana Nacional da Fam\u00edlia","author":"","date":"Agosto 10, 2020","format":false,"excerpt":"Dentro do M\u00eas Vocacional, a Igreja no Brasil celebra, na segunda semana de agosto, a Semana Nacional da Fam\u00edlia, uma mobiliza\u00e7\u00e3o de grupos e comunidades que ocorre, desde 1992, com momentos de ora\u00e7\u00e3o, forma\u00e7\u00e3o e reflex\u00e3o. Neste ano, a Comiss\u00e3o Episcopal Pastoral para a Vida e a Fam\u00edlia da Confer\u00eancia\u2026","rel":"","context":"In &quot;Atualidade&quot;","block_context":{"text":"Atualidade","link":"https:\/\/correiodasemana.com\/site\/category\/atualidade\/"},"img":{"alt_text":"","src":"https:\/\/i0.wp.com\/correiodasemana.com\/site\/wp-content\/uploads\/2020\/08\/capa-familia-semana-nacional-familia2020.jpg?resize=350%2C200&ssl=1","width":350,"height":200,"srcset":"https:\/\/i0.wp.com\/correiodasemana.com\/site\/wp-content\/uploads\/2020\/08\/capa-familia-semana-nacional-familia2020.jpg?resize=350%2C200&ssl=1 1x, https:\/\/i0.wp.com\/correiodasemana.com\/site\/wp-content\/uploads\/2020\/08\/capa-familia-semana-nacional-familia2020.jpg?resize=525%2C300&ssl=1 1.5x, https:\/\/i0.wp.com\/correiodasemana.com\/site\/wp-content\/uploads\/2020\/08\/capa-familia-semana-nacional-familia2020.jpg?resize=700%2C400&ssl=1 2x"},"classes":[]},{"id":31993,"url":"https:\/\/correiodasemana.com\/site\/antifonas-em-o\/","url_meta":{"origin":33161,"position":4},"title":"Ant\u00edfonas em \u00d3\u00a0","author":"adminredacao","date":"Dezembro 24, 2024","format":false,"excerpt":"Entre os dias 17 e 23 de dezembro entramos propriamente no per\u00edodo da Semana de Prepara\u00e7\u00e3o pr\u00f3xima do Natal, antecedendo a vinda de Nosso Senhor, vivemos um per\u00edodo de expecta\u00e7\u00e3o, por isso, por esses dias celebramos a mem\u00f3ria lit\u00fargica de Nossa Senhora da Expecta\u00e7\u00e3o, N. Sra. do Parto ou Nossa\u2026","rel":"","context":"In &quot;A voz do Pastor&quot;","block_context":{"text":"A voz do Pastor","link":"https:\/\/correiodasemana.com\/site\/category\/a-voz-do-pastor\/"},"img":{"alt_text":"","src":"https:\/\/i0.wp.com\/correiodasemana.com\/site\/wp-content\/uploads\/2024\/12\/festa-santa-luzia-com-dom-Vasconcelos-5-scaled.jpg?resize=350%2C200&ssl=1","width":350,"height":200,"srcset":"https:\/\/i0.wp.com\/correiodasemana.com\/site\/wp-content\/uploads\/2024\/12\/festa-santa-luzia-com-dom-Vasconcelos-5-scaled.jpg?resize=350%2C200&ssl=1 1x, https:\/\/i0.wp.com\/correiodasemana.com\/site\/wp-content\/uploads\/2024\/12\/festa-santa-luzia-com-dom-Vasconcelos-5-scaled.jpg?resize=525%2C300&ssl=1 1.5x, https:\/\/i0.wp.com\/correiodasemana.com\/site\/wp-content\/uploads\/2024\/12\/festa-santa-luzia-com-dom-Vasconcelos-5-scaled.jpg?resize=700%2C400&ssl=1 2x, https:\/\/i0.wp.com\/correiodasemana.com\/site\/wp-content\/uploads\/2024\/12\/festa-santa-luzia-com-dom-Vasconcelos-5-scaled.jpg?resize=1050%2C600&ssl=1 3x, https:\/\/i0.wp.com\/correiodasemana.com\/site\/wp-content\/uploads\/2024\/12\/festa-santa-luzia-com-dom-Vasconcelos-5-scaled.jpg?resize=1400%2C800&ssl=1 4x"},"classes":[]},{"id":26748,"url":"https:\/\/correiodasemana.com\/site\/que-mais-eu-poderia-ter-feito\/","url_meta":{"origin":33161,"position":5},"title":"QUE MAIS EU PODERIA TER FEITO?\u00a0","author":"adminredacao","date":"Outubro 9, 2023","format":false,"excerpt":"A liturgia deste Vig\u00e9simo S\u00e9timo Domingo do Tempo Comum, nos apresenta a tem\u00e1tica da vinha. A liturgia de hoje, recorda-nos uma hist\u00f3ria de amor, misteriosa, triste e destinada a nos fazer pensar. \u00c9 a hist\u00f3ria do Povo de Israel. N\u00e3o sua hist\u00f3ria simplesmente na forma de cr\u00f4nica, de ros\u00e1rio de\u2026","rel":"","context":"In &quot;A voz do Pastor&quot;","block_context":{"text":"A voz do Pastor","link":"https:\/\/correiodasemana.com\/site\/category\/a-voz-do-pastor\/"},"img":{"alt_text":"","src":"https:\/\/i0.wp.com\/correiodasemana.com\/site\/wp-content\/uploads\/2018\/02\/Dom-Vasconcelos-posses.jpg?resize=350%2C200&ssl=1","width":350,"height":200,"srcset":"https:\/\/i0.wp.com\/correiodasemana.com\/site\/wp-content\/uploads\/2018\/02\/Dom-Vasconcelos-posses.jpg?resize=350%2C200&ssl=1 1x, https:\/\/i0.wp.com\/correiodasemana.com\/site\/wp-content\/uploads\/2018\/02\/Dom-Vasconcelos-posses.jpg?resize=525%2C300&ssl=1 1.5x, https:\/\/i0.wp.com\/correiodasemana.com\/site\/wp-content\/uploads\/2018\/02\/Dom-Vasconcelos-posses.jpg?resize=700%2C400&ssl=1 2x"},"classes":[]}],"jetpack_sharing_enabled":true,"_links":{"self":[{"href":"https:\/\/correiodasemana.com\/site\/wp-json\/wp\/v2\/posts\/33161","targetHints":{"allow":["GET"]}}],"collection":[{"href":"https:\/\/correiodasemana.com\/site\/wp-json\/wp\/v2\/posts"}],"about":[{"href":"https:\/\/correiodasemana.com\/site\/wp-json\/wp\/v2\/types\/post"}],"author":[{"embeddable":true,"href":"https:\/\/correiodasemana.com\/site\/wp-json\/wp\/v2\/users\/7"}],"replies":[{"embeddable":true,"href":"https:\/\/correiodasemana.com\/site\/wp-json\/wp\/v2\/comments?post=33161"}],"version-history":[{"count":1,"href":"https:\/\/correiodasemana.com\/site\/wp-json\/wp\/v2\/posts\/33161\/revisions"}],"predecessor-version":[{"id":33166,"href":"https:\/\/correiodasemana.com\/site\/wp-json\/wp\/v2\/posts\/33161\/revisions\/33166"}],"wp:featuredmedia":[{"embeddable":true,"href":"https:\/\/correiodasemana.com\/site\/wp-json\/wp\/v2\/media\/33164"}],"wp:attachment":[{"href":"https:\/\/correiodasemana.com\/site\/wp-json\/wp\/v2\/media?parent=33161"}],"wp:term":[{"taxonomy":"category","embeddable":true,"href":"https:\/\/correiodasemana.com\/site\/wp-json\/wp\/v2\/categories?post=33161"},{"taxonomy":"post_tag","embeddable":true,"href":"https:\/\/correiodasemana.com\/site\/wp-json\/wp\/v2\/tags?post=33161"}],"curies":[{"name":"wp","href":"https:\/\/api.w.org\/{rel}","templated":true}]}}