{"id":33203,"date":"2025-04-07T10:02:21","date_gmt":"2025-04-07T13:02:21","guid":{"rendered":"https:\/\/correiodasemana.com\/site\/?p=33203"},"modified":"2025-04-07T10:02:21","modified_gmt":"2025-04-07T13:02:21","slug":"reconhecimento-retiro-de-carnaval-enchei-vos-do-espirito-santo-e-homenageado-na-camara-municipal-de-marco","status":"publish","type":"post","link":"https:\/\/correiodasemana.com\/site\/reconhecimento-retiro-de-carnaval-enchei-vos-do-espirito-santo-e-homenageado-na-camara-municipal-de-marco\/","title":{"rendered":"RECONHECIMENTO: Retiro de Carnaval \u201cEnchei-vos do Esp\u00edrito Santo\u201d \u00e9 homenageado na C\u00e2mara Municipal de Marco"},"content":{"rendered":"<p>A C\u00e2mara Municipal de Marco homenageou, na \u00faltima segunda-feira, 31 de mar\u00e7o, a Comunidade Filhos de Si\u00e3o pela realiza\u00e7\u00e3o do 28\u00ba Retiro de Carnaval \u201cEnchei-vos do Esp\u00edrito Santo\u201d, em Marco\/CE, durante uma Sess\u00e3o Solene.<br \/>\nO \u201cEnchei-vos do Esp\u00edrito Santo\u201d \u00e9 um evento religioso promovido anualmente pela Comunidade Cat\u00f3lica Mission\u00e1ria Mariana Filhos de Si\u00e3o durante o per\u00edodo de carnaval. Seu objetivo \u00e9 oferecer aos fi\u00e9is e \u00e0 popula\u00e7\u00e3o em geral uma alternativa de celebra\u00e7\u00e3o baseada na viv\u00eancia da f\u00e9 crist\u00e3, por meio de momentos de ora\u00e7\u00e3o, louvor e reflex\u00e3o.<br \/>\nEm 2025, o evento teve como tema \u201cJesus Cristo, nossa esperan\u00e7a\u201d e contou com a participa\u00e7\u00e3o do p\u00e1roco, Monsenhor Nonato Timb\u00f3; do padre Francisco Eduardo, administrador paroquial da Par\u00f3quia de S\u00e3o Jo\u00e3o Batista, em Celsol\u00e2ndia\/Acara\u00fa; do padre Edson Carlos, p\u00e1roco da Par\u00f3quia de Nossa Senhora de F\u00e1tima, em Itarema e do mission\u00e1rio Rafael Lima, de S\u00e3o Paulo.<br \/>\nO encontro aconteceu entre os dias 1\u00ba e 4 de mar\u00e7o, na quadra do Col\u00e9gio Cenecista S\u00e3o Manuel, com total apoio da Par\u00f3quia de S\u00e3o Manuel. Neste ano, a realiza\u00e7\u00e3o do evento superou as expectativas, reunindo aproximadamente 1.500 pessoas em uma programa\u00e7\u00e3o diversificada, que incluiu momentos de louvor, prega\u00e7\u00f5es, adora\u00e7\u00e3o ao Sant\u00edssimo Sacramento, atendimento de confiss\u00f5es, celebra\u00e7\u00e3o de missas, apresenta\u00e7\u00f5es art\u00edsticas e shows cat\u00f3licos.<br \/>\nA homenagem foi proposta pelo vereador Domingos S\u00e1vio Pontes Neves e recebeu o apoio un\u00e2nime dos demais parlamentares. Durante a cerim\u00f4nia, os organizadores do retiro receberam um certificado de reconhecimento pelos servi\u00e7os prestados \u00e0 comunidade, destacando a import\u00e2ncia do evento na promo\u00e7\u00e3o da espiritualidade e da unidade entre os participantes.<br \/>\nRepresentando a Comunidade Filhos de Si\u00e3o, a fundadora Vander L\u00facia, agradeceu a homenagem e destacou que o evento s\u00f3 \u00e9 poss\u00edvel gra\u00e7as ao apoio dos volunt\u00e1rios, da par\u00f3quia e da participa\u00e7\u00e3o ativa da comunidade.<\/p>\n<p>Thais Helena &#8211; Jornalista &#8211; Jornal Correio da Semana<\/p>\n<p>&nbsp;<\/p>\n","protected":false},"excerpt":{"rendered":"<p>A C\u00e2mara Municipal de Marco homenageou, na \u00faltima segunda-feira, 31 de mar\u00e7o, a Comunidade Filhos&#8230;<\/p>\n","protected":false},"author":7,"featured_media":33204,"comment_status":"open","ping_status":"open","sticky":false,"template":"","format":"standard","meta":{"_jetpack_newsletter_access":"","_jetpack_dont_email_post_to_subs":false,"_jetpack_newsletter_tier_id":0,"_jetpack_memberships_contains_paywalled_content":false,"_jetpack_feature_clip_id":0,"_jetpack_memberships_contains_paid_content":false,"footnotes":"","jetpack_publicize_message":"","jetpack_publicize_feature_enabled":true,"jetpack_social_post_already_shared":true,"jetpack_social_options":{"image_generator_settings":{"template":"highway","default_image_id":0,"font":"","enabled":false},"version":2},"jetpack_post_was_ever_published":false},"categories":[1],"tags":[],"class_list":["post-33203","post","type-post","status-publish","format-standard","has-post-thumbnail","hentry","category-atualidade"],"jetpack_publicize_connections":[],"featured_image_urls":{"full":["https:\/\/correiodasemana.com\/site\/wp-content\/uploads\/2025\/04\/Jornal-Correio-da-Semana-No-1066.jpg",812,178,false],"thumbnail":["https:\/\/correiodasemana.com\/site\/wp-content\/uploads\/2025\/04\/Jornal-Correio-da-Semana-No-1066-150x150.jpg",150,150,true],"medium":["https:\/\/correiodasemana.com\/site\/wp-content\/uploads\/2025\/04\/Jornal-Correio-da-Semana-No-1066-300x66.jpg",300,66,true],"medium_large":["https:\/\/correiodasemana.com\/site\/wp-content\/uploads\/2025\/04\/Jornal-Correio-da-Semana-No-1066-768x168.jpg",640,140,true],"large":["https:\/\/correiodasemana.com\/site\/wp-content\/uploads\/2025\/04\/Jornal-Correio-da-Semana-No-1066.jpg",640,140,false],"1536x1536":["https:\/\/correiodasemana.com\/site\/wp-content\/uploads\/2025\/04\/Jornal-Correio-da-Semana-No-1066.jpg",812,178,false],"2048x2048":["https:\/\/correiodasemana.com\/site\/wp-content\/uploads\/2025\/04\/Jornal-Correio-da-Semana-No-1066.jpg",812,178,false],"covernews-featured":["https:\/\/correiodasemana.com\/site\/wp-content\/uploads\/2025\/04\/Jornal-Correio-da-Semana-No-1066.jpg",812,178,false],"covernews-medium":["https:\/\/correiodasemana.com\/site\/wp-content\/uploads\/2025\/04\/Jornal-Correio-da-Semana-No-1066-540x178.jpg",540,178,true]},"author_info":{"info":["adminredacao"]},"category_info":"<a href=\"https:\/\/correiodasemana.com\/site\/category\/atualidade\/\" rel=\"category tag\">Atualidade<\/a>","tag_info":"Atualidade","comment_count":"0","jetpack-related-posts":[{"id":33291,"url":"https:\/\/correiodasemana.com\/site\/comunidade-catolica-filhos-de-siao-8\/","url_meta":{"origin":33203,"position":0},"title":"COMUNIDADE CAT\u00d3LICA FILHOS DE SI\u00c3O","author":"adminredacao","date":"Abril 14, 2025","format":false,"excerpt":"RECONHECIMENTO: Retiro de Carnaval Enchei-vos do Esp\u00edrito Santo \u00e9 homenageado na C\u00e2mara Municipal de Marco A C\u00e2mara Municipal de Marco homenageou, nesta segunda-feira (31), o Retiro de Carnaval da Comunidade Filhos de Si\u00e3o - Enchei-vos do Esp\u00edrito Santo em Marco (CE). De autoria do Vereador Domingos S\u00e1vio Pontes Neves e\u2026","rel":"","context":"In &quot;Artigos&quot;","block_context":{"text":"Artigos","link":"https:\/\/correiodasemana.com\/site\/category\/artigos\/"},"img":{"alt_text":"","src":"https:\/\/i0.wp.com\/correiodasemana.com\/site\/wp-content\/uploads\/2019\/07\/Igreja_S%C3%A9.jpg?resize=350%2C200&ssl=1","width":350,"height":200,"srcset":"https:\/\/i0.wp.com\/correiodasemana.com\/site\/wp-content\/uploads\/2019\/07\/Igreja_S%C3%A9.jpg?resize=350%2C200&ssl=1 1x, https:\/\/i0.wp.com\/correiodasemana.com\/site\/wp-content\/uploads\/2019\/07\/Igreja_S%C3%A9.jpg?resize=525%2C300&ssl=1 1.5x, https:\/\/i0.wp.com\/correiodasemana.com\/site\/wp-content\/uploads\/2019\/07\/Igreja_S%C3%A9.jpg?resize=700%2C400&ssl=1 2x, https:\/\/i0.wp.com\/correiodasemana.com\/site\/wp-content\/uploads\/2019\/07\/Igreja_S%C3%A9.jpg?resize=1050%2C600&ssl=1 3x, https:\/\/i0.wp.com\/correiodasemana.com\/site\/wp-content\/uploads\/2019\/07\/Igreja_S%C3%A9.jpg?resize=1400%2C800&ssl=1 4x"},"classes":[]},{"id":37559,"url":"https:\/\/correiodasemana.com\/site\/comunidade-filhos-de-siao-realiza-xxix-enchei-vos-do-espirito-santo\/","url_meta":{"origin":33203,"position":1},"title":"Comunidade Filhos de Si\u00e3o Realiza XXIX Enchei-vos do Esp\u00edrito Santo","author":"adminredacao","date":"Fevereiro 23, 2026","format":false,"excerpt":"Em Marco, a comunidade Filhos de Si\u00e3o realizou de 14 a 17 de fevereiro o XXIX Enchei-vos do Esp\u00edrito Santo, na Quadra do Col\u00e9gio Cenecista S\u00e3o Manuel. O Retiro de Carnaval \u00e9 um grande encontro de f\u00e9 que re\u00fane anualmente centenas de fi\u00e9is em dias marcados por intensa espiritualidade, comunh\u00e3o\u2026","rel":"","context":"In &quot;Atualidade&quot;","block_context":{"text":"Atualidade","link":"https:\/\/correiodasemana.com\/site\/category\/atualidade\/"},"img":{"alt_text":"","src":"https:\/\/i0.wp.com\/correiodasemana.com\/site\/wp-content\/uploads\/2026\/02\/WhatsApp-Image-2026-02-20-at-21.42.56-1.jpeg?resize=350%2C200&ssl=1","width":350,"height":200,"srcset":"https:\/\/i0.wp.com\/correiodasemana.com\/site\/wp-content\/uploads\/2026\/02\/WhatsApp-Image-2026-02-20-at-21.42.56-1.jpeg?resize=350%2C200&ssl=1 1x, https:\/\/i0.wp.com\/correiodasemana.com\/site\/wp-content\/uploads\/2026\/02\/WhatsApp-Image-2026-02-20-at-21.42.56-1.jpeg?resize=525%2C300&ssl=1 1.5x, https:\/\/i0.wp.com\/correiodasemana.com\/site\/wp-content\/uploads\/2026\/02\/WhatsApp-Image-2026-02-20-at-21.42.56-1.jpeg?resize=700%2C400&ssl=1 2x, https:\/\/i0.wp.com\/correiodasemana.com\/site\/wp-content\/uploads\/2026\/02\/WhatsApp-Image-2026-02-20-at-21.42.56-1.jpeg?resize=1050%2C600&ssl=1 3x, https:\/\/i0.wp.com\/correiodasemana.com\/site\/wp-content\/uploads\/2026\/02\/WhatsApp-Image-2026-02-20-at-21.42.56-1.jpeg?resize=1400%2C800&ssl=1 4x"},"classes":[]},{"id":23447,"url":"https:\/\/correiodasemana.com\/site\/comunidade-catolica-filhos-de-siao-convida-para-o-enchei-vos-do-espirito-santo-2023\/","url_meta":{"origin":33203,"position":2},"title":"Comunidade Cat\u00f3lica Filhos de Si\u00e3o convida para o \u201cEnchei-vos do Espirito Santo 2023\u201d","author":"","date":"Fevereiro 5, 2023","format":false,"excerpt":"O Enchei-vos do Esp\u00edrito Santo nasceu em 1997 com o apoio do saudoso Servo de Deus, Waldir Lopes de Castro. \u00c9 um evento que proporciona aos participantes um experi\u00eancia pessoal com Jesus Cristo. S\u00e3o in\u00fameros os testemunhos de mudan\u00e7a de vida de pessoas que j\u00e1 participaram e hoje vivem da\u2026","rel":"","context":"In &quot;Atualidade&quot;","block_context":{"text":"Atualidade","link":"https:\/\/correiodasemana.com\/site\/category\/atualidade\/"},"img":{"alt_text":"","src":"https:\/\/i0.wp.com\/correiodasemana.com\/site\/wp-content\/uploads\/2023\/02\/WhatsApp-Image-2023-02-02-at-16.41.08.jpeg?resize=350%2C200&ssl=1","width":350,"height":200,"srcset":"https:\/\/i0.wp.com\/correiodasemana.com\/site\/wp-content\/uploads\/2023\/02\/WhatsApp-Image-2023-02-02-at-16.41.08.jpeg?resize=350%2C200&ssl=1 1x, https:\/\/i0.wp.com\/correiodasemana.com\/site\/wp-content\/uploads\/2023\/02\/WhatsApp-Image-2023-02-02-at-16.41.08.jpeg?resize=525%2C300&ssl=1 1.5x"},"classes":[]},{"id":39670,"url":"https:\/\/correiodasemana.com\/site\/sao-camilo-de-lellis-inspirador-da-nossa-missao\/","url_meta":{"origin":33203,"position":3},"title":"S\u00e3o Camilo de L\u00e9llis \u2013 Inspirador da Nossa Miss\u00e3o","author":"adminredacao","date":"Agosto 24, 2026","format":false,"excerpt":"Corria o ano de 2002 quando nos foi apresentado S\u00e3o Camilo de Lellis. J\u00fanior, da Comunidade Raboni, apresentou-nos S\u00e3o Camilo naquele Enchei-vos do Esp\u00edrito Santo. J\u00fanior disse que ficar\u00edamos impressionados, e realmente assim foi. Tudo o que ele falava era extraordin\u00e1rio para os meus ouvidos. \u201cCoragem, covarde! Esta obra n\u00e3o\u2026","rel":"","context":"In &quot;Filhos de Si\u00e3o&quot;","block_context":{"text":"Filhos de Si\u00e3o","link":"https:\/\/correiodasemana.com\/site\/category\/filhos-de-siao\/"},"img":{"alt_text":"","src":"https:\/\/i0.wp.com\/correiodasemana.com\/site\/wp-content\/uploads\/2020\/08\/Catedral-da-Se-N.-S.-da-Conceicao-Sobral-Ceara-scaled.jpg?resize=350%2C200&ssl=1","width":350,"height":200,"srcset":"https:\/\/i0.wp.com\/correiodasemana.com\/site\/wp-content\/uploads\/2020\/08\/Catedral-da-Se-N.-S.-da-Conceicao-Sobral-Ceara-scaled.jpg?resize=350%2C200&ssl=1 1x, https:\/\/i0.wp.com\/correiodasemana.com\/site\/wp-content\/uploads\/2020\/08\/Catedral-da-Se-N.-S.-da-Conceicao-Sobral-Ceara-scaled.jpg?resize=525%2C300&ssl=1 1.5x, https:\/\/i0.wp.com\/correiodasemana.com\/site\/wp-content\/uploads\/2020\/08\/Catedral-da-Se-N.-S.-da-Conceicao-Sobral-Ceara-scaled.jpg?resize=700%2C400&ssl=1 2x, https:\/\/i0.wp.com\/correiodasemana.com\/site\/wp-content\/uploads\/2020\/08\/Catedral-da-Se-N.-S.-da-Conceicao-Sobral-Ceara-scaled.jpg?resize=1050%2C600&ssl=1 3x, https:\/\/i0.wp.com\/correiodasemana.com\/site\/wp-content\/uploads\/2020\/08\/Catedral-da-Se-N.-S.-da-Conceicao-Sobral-Ceara-scaled.jpg?resize=1400%2C800&ssl=1 4x"},"classes":[]},{"id":26854,"url":"https:\/\/correiodasemana.com\/site\/comunidade-catolica-filhos-de-siao-recebe-homenagem-na-camara-municipal-de-marco\/","url_meta":{"origin":33203,"position":4},"title":"Comunidade Cat\u00f3lica Filhos de Si\u00e3o recebe homenagem na C\u00e2mara Municipal de Marco","author":"adminredacao","date":"Outubro 17, 2023","format":false,"excerpt":"A Comunidade Cat\u00f3lica Filhos de Si\u00e3o foi homenageada, na \u00faltima sexta-feira (06), na C\u00e2mara Municipal de Marco pelos 25 anos de miss\u00e3o na cidade de Marco e cidades vizinhas. Proposta pelo vereador Jo\u00e3o Batista Viana, conhecedor da Miss\u00e3o da Comunidade, a solenidade destacou a atua\u00e7\u00e3o da Comunidade no cuidado da\u2026","rel":"","context":"In &quot;Artigos&quot;","block_context":{"text":"Artigos","link":"https:\/\/correiodasemana.com\/site\/category\/artigos\/"},"img":{"alt_text":"","src":"https:\/\/i0.wp.com\/correiodasemana.com\/site\/wp-content\/uploads\/2018\/02\/Igreja_Se%CC%81.jpg?resize=350%2C200&ssl=1","width":350,"height":200,"srcset":"https:\/\/i0.wp.com\/correiodasemana.com\/site\/wp-content\/uploads\/2018\/02\/Igreja_Se%CC%81.jpg?resize=350%2C200&ssl=1 1x, https:\/\/i0.wp.com\/correiodasemana.com\/site\/wp-content\/uploads\/2018\/02\/Igreja_Se%CC%81.jpg?resize=525%2C300&ssl=1 1.5x, https:\/\/i0.wp.com\/correiodasemana.com\/site\/wp-content\/uploads\/2018\/02\/Igreja_Se%CC%81.jpg?resize=700%2C400&ssl=1 2x, https:\/\/i0.wp.com\/correiodasemana.com\/site\/wp-content\/uploads\/2018\/02\/Igreja_Se%CC%81.jpg?resize=1050%2C600&ssl=1 3x, https:\/\/i0.wp.com\/correiodasemana.com\/site\/wp-content\/uploads\/2018\/02\/Igreja_Se%CC%81.jpg?resize=1400%2C800&ssl=1 4x"},"classes":[]},{"id":37532,"url":"https:\/\/correiodasemana.com\/site\/vem-louvar-reune-fieis-em-retiro-de-carnaval-em-sobral\/","url_meta":{"origin":33203,"position":5},"title":"Vem Louvar re\u00fane fi\u00e9is em retiro de carnaval em Sobral","author":"adminredacao","date":"Fevereiro 23, 2026","format":false,"excerpt":"A Comunidade Rainha da Paz realizou, de 15 a 17 de fevereiro, o Vem Louvar, na Arena Pl\u00ednio Pompeu, em Sobral, com o tema: \u201cJesus Eucar\u00edstico: o amor que anunciamos\u201d. O evento foi um verdadeiro convite a viver o carnaval de forma diferente, colocando Cristo no centro da vida e\u2026","rel":"","context":"In &quot;Atualidade&quot;","block_context":{"text":"Atualidade","link":"https:\/\/correiodasemana.com\/site\/category\/atualidade\/"},"img":{"alt_text":"","src":"https:\/\/i0.wp.com\/correiodasemana.com\/site\/wp-content\/uploads\/2026\/02\/WhatsApp-Image-2026-02-20-at-16.03.33.jpeg?resize=350%2C200&ssl=1","width":350,"height":200,"srcset":"https:\/\/i0.wp.com\/correiodasemana.com\/site\/wp-content\/uploads\/2026\/02\/WhatsApp-Image-2026-02-20-at-16.03.33.jpeg?resize=350%2C200&ssl=1 1x, https:\/\/i0.wp.com\/correiodasemana.com\/site\/wp-content\/uploads\/2026\/02\/WhatsApp-Image-2026-02-20-at-16.03.33.jpeg?resize=525%2C300&ssl=1 1.5x, https:\/\/i0.wp.com\/correiodasemana.com\/site\/wp-content\/uploads\/2026\/02\/WhatsApp-Image-2026-02-20-at-16.03.33.jpeg?resize=700%2C400&ssl=1 2x, https:\/\/i0.wp.com\/correiodasemana.com\/site\/wp-content\/uploads\/2026\/02\/WhatsApp-Image-2026-02-20-at-16.03.33.jpeg?resize=1050%2C600&ssl=1 3x"},"classes":[]}],"jetpack_sharing_enabled":true,"jetpack_featured_media_url":"https:\/\/correiodasemana.com\/site\/wp-content\/uploads\/2025\/04\/Jornal-Correio-da-Semana-No-1066.jpg","_links":{"self":[{"href":"https:\/\/correiodasemana.com\/site\/wp-json\/wp\/v2\/posts\/33203","targetHints":{"allow":["GET"]}}],"collection":[{"href":"https:\/\/correiodasemana.com\/site\/wp-json\/wp\/v2\/posts"}],"about":[{"href":"https:\/\/correiodasemana.com\/site\/wp-json\/wp\/v2\/types\/post"}],"author":[{"embeddable":true,"href":"https:\/\/correiodasemana.com\/site\/wp-json\/wp\/v2\/users\/7"}],"replies":[{"embeddable":true,"href":"https:\/\/correiodasemana.com\/site\/wp-json\/wp\/v2\/comments?post=33203"}],"version-history":[{"count":1,"href":"https:\/\/correiodasemana.com\/site\/wp-json\/wp\/v2\/posts\/33203\/revisions"}],"predecessor-version":[{"id":33205,"href":"https:\/\/correiodasemana.com\/site\/wp-json\/wp\/v2\/posts\/33203\/revisions\/33205"}],"wp:featuredmedia":[{"embeddable":true,"href":"https:\/\/correiodasemana.com\/site\/wp-json\/wp\/v2\/media\/33204"}],"wp:attachment":[{"href":"https:\/\/correiodasemana.com\/site\/wp-json\/wp\/v2\/media?parent=33203"}],"wp:term":[{"taxonomy":"category","embeddable":true,"href":"https:\/\/correiodasemana.com\/site\/wp-json\/wp\/v2\/categories?post=33203"},{"taxonomy":"post_tag","embeddable":true,"href":"https:\/\/correiodasemana.com\/site\/wp-json\/wp\/v2\/tags?post=33203"}],"curies":[{"name":"wp","href":"https:\/\/api.w.org\/{rel}","templated":true}]}}