{"id":33359,"date":"2025-04-14T16:13:01","date_gmt":"2025-04-14T19:13:01","guid":{"rendered":"https:\/\/correiodasemana.com\/site\/?p=33359"},"modified":"2025-04-14T16:14:56","modified_gmt":"2025-04-14T19:14:56","slug":"regiao-episcopal-sede-mutirao-de-confissoes-reune-centenas-de-fieis","status":"publish","type":"post","link":"https:\/\/correiodasemana.com\/site\/regiao-episcopal-sede-mutirao-de-confissoes-reune-centenas-de-fieis\/","title":{"rendered":"Regi\u00e3o Episcopal Sede: Mutir\u00e3o de Confiss\u00f5es re\u00fane centenas de fieis"},"content":{"rendered":"<div id='gallery-1' class='gallery galleryid-33359 gallery-columns-6 gallery-size-thumbnail'><figure class='gallery-item'>\n\t\t\t<div class='gallery-icon landscape'>\n\t\t\t\t<a href='https:\/\/correiodasemana.com\/site\/regiao-episcopal-sede-mutirao-de-confissoes-reune-centenas-de-fieis\/paroquia-de-nossa-senhora-do-patrocinio-1\/'><img loading=\"lazy\" width=\"150\" height=\"150\" src=\"https:\/\/correiodasemana.com\/site\/wp-content\/uploads\/2025\/04\/Paroquia-de-Nossa-Senhora-do-Patrocinio-1-150x150.jpeg\" class=\"attachment-thumbnail size-thumbnail\" alt=\"Paroquia de Nossa Senhora do Patrocinio (1)\" loading=\"lazy\" decoding=\"async\" \/><\/a>\n\t\t\t<\/div><\/figure><figure class='gallery-item'>\n\t\t\t<div class='gallery-icon landscape'>\n\t\t\t\t<a href='https:\/\/correiodasemana.com\/site\/regiao-episcopal-sede-mutirao-de-confissoes-reune-centenas-de-fieis\/paroquia-de-nossa-senhora-do-patrocinio-2\/'><img loading=\"lazy\" width=\"150\" height=\"150\" src=\"https:\/\/correiodasemana.com\/site\/wp-content\/uploads\/2025\/04\/Paroquia-de-Nossa-Senhora-do-Patrocinio-2-150x150.jpeg\" class=\"attachment-thumbnail size-thumbnail\" alt=\"Paroquia de Nossa Senhora do Patrocinio (2)\" loading=\"lazy\" decoding=\"async\" \/><\/a>\n\t\t\t<\/div><\/figure><figure class='gallery-item'>\n\t\t\t<div class='gallery-icon landscape'>\n\t\t\t\t<a href='https:\/\/correiodasemana.com\/site\/regiao-episcopal-sede-mutirao-de-confissoes-reune-centenas-de-fieis\/paroquia-de-sao-francisco-de-assis-forquilha\/'><img loading=\"lazy\" width=\"150\" height=\"150\" src=\"https:\/\/correiodasemana.com\/site\/wp-content\/uploads\/2025\/04\/Paroquia-de-Sao-Francisco-de-Assis-Forquilha-150x150.jpeg\" class=\"attachment-thumbnail size-thumbnail\" alt=\"Par\u00f3quia de S\u00e3o Francisco de Assis - Forquilha\" loading=\"lazy\" decoding=\"async\" \/><\/a>\n\t\t\t<\/div><\/figure><figure class='gallery-item'>\n\t\t\t<div class='gallery-icon portrait'>\n\t\t\t\t<a href='https:\/\/correiodasemana.com\/site\/regiao-episcopal-sede-mutirao-de-confissoes-reune-centenas-de-fieis\/paroquia-de-sao-jose\/'><img loading=\"lazy\" width=\"150\" height=\"150\" src=\"https:\/\/correiodasemana.com\/site\/wp-content\/uploads\/2025\/04\/Paroquia-de-Sao-Jose-150x150.jpeg\" class=\"attachment-thumbnail size-thumbnail\" alt=\"Par\u00f3quia de S\u00e3o Jos\u00e9\" loading=\"lazy\" decoding=\"async\" \/><\/a>\n\t\t\t<\/div><\/figure><figure class='gallery-item'>\n\t\t\t<div class='gallery-icon landscape'>\n\t\t\t\t<a href='https:\/\/correiodasemana.com\/site\/regiao-episcopal-sede-mutirao-de-confissoes-reune-centenas-de-fieis\/quase-paroquia-de-nossa-senhora-da-saude-jordao-2\/'><img loading=\"lazy\" width=\"150\" height=\"150\" src=\"https:\/\/correiodasemana.com\/site\/wp-content\/uploads\/2025\/04\/Quase-Paroquia-de-Nossa-Senhora-da-Saude-Jordao-2-150x150.jpeg\" class=\"attachment-thumbnail size-thumbnail\" alt=\"Quase Par\u00f3quia de Nossa Senhora da Sa\u00fade - Jord\u00e3o (2)\" loading=\"lazy\" decoding=\"async\" \/><\/a>\n\t\t\t<\/div><\/figure><figure class='gallery-item'>\n\t\t\t<div class='gallery-icon landscape'>\n\t\t\t\t<a href='https:\/\/correiodasemana.com\/site\/regiao-episcopal-sede-mutirao-de-confissoes-reune-centenas-de-fieis\/quase-paroquia-de-nossa-senhora-da-saude-jordao\/'><img loading=\"lazy\" width=\"150\" height=\"150\" src=\"https:\/\/correiodasemana.com\/site\/wp-content\/uploads\/2025\/04\/Quase-Paroquia-de-Nossa-Senhora-da-Saude-Jordao-150x150.jpeg\" class=\"attachment-thumbnail size-thumbnail\" alt=\"Quase Par\u00f3quia de Nossa Senhora da Sa\u00fade - Jord\u00e3o\" loading=\"lazy\" decoding=\"async\" \/><\/a>\n\t\t\t<\/div><\/figure><figure class='gallery-item'>\n\t\t\t<div class='gallery-icon landscape'>\n\t\t\t\t<a href='https:\/\/correiodasemana.com\/site\/regiao-episcopal-sede-mutirao-de-confissoes-reune-centenas-de-fieis\/whatsapp-image-2025-04-12-at-19-47-41-1\/'><img loading=\"lazy\" width=\"150\" height=\"150\" src=\"https:\/\/correiodasemana.com\/site\/wp-content\/uploads\/2025\/04\/WhatsApp-Image-2025-04-12-at-19.47.41-1-150x150.jpeg\" class=\"attachment-thumbnail size-thumbnail\" alt=\"WhatsApp Image 2025-04-12 at 19.47.41 (1)\" loading=\"lazy\" decoding=\"async\" \/><\/a>\n\t\t\t<\/div><\/figure><figure class='gallery-item'>\n\t\t\t<div class='gallery-icon portrait'>\n\t\t\t\t<a href='https:\/\/correiodasemana.com\/site\/regiao-episcopal-sede-mutirao-de-confissoes-reune-centenas-de-fieis\/whatsapp-image-2025-04-12-at-19-47-41\/'><img loading=\"lazy\" width=\"150\" height=\"150\" src=\"https:\/\/correiodasemana.com\/site\/wp-content\/uploads\/2025\/04\/WhatsApp-Image-2025-04-12-at-19.47.41-150x150.jpeg\" class=\"attachment-thumbnail size-thumbnail\" alt=\"WhatsApp Image 2025-04-12 at 19.47.41\" loading=\"lazy\" decoding=\"async\" \/><\/a>\n\t\t\t<\/div><\/figure>\n\t\t<\/div>\n\n<p>Entre os meses de mar\u00e7o e abril, 11 par\u00f3quias e 2 quase-par\u00f3quias que fazem parte da Regi\u00e3o Episcopal Sede da Diocese de Sobral realizaram o Mutir\u00e3o de Confiss\u00f5es durante o per\u00edodo quaresmal.<br \/>\nA a\u00e7\u00e3o teve como objetivo manter a unidade em toda a regi\u00e3o e proporcionar um atendimento ampliado, em diversos hor\u00e1rios, para aqueles que desejaram receber o sacramento da Penit\u00eancia.<br \/>\nPara a realiza\u00e7\u00e3o de uma boa confiss\u00e3o \u00e9 preciso seguir alguns passos: exame de consci\u00eancia, arrependimento, acusa\u00e7\u00e3o dos pecados, prop\u00f3sito e satisfa\u00e7\u00e3o. Ou seja, precisa ser realizado um ato de abertura a Deus; precisa-se realizar um ato de retorno para os bra\u00e7os do Pai misericordioso.<br \/>\nEm todos os dias do mutir\u00e3o, centenas de fieis procuraram aproximar-se mais de Deus por meio da reconcilia\u00e7\u00e3o. Participaram da iniciativa as par\u00f3quias: S\u00e9 Catedral, Nossa Senhora do Patroc\u00ednio, Nossa Senhora de F\u00e1tima, S\u00e3o Jos\u00e9, Santa Luzia, Sagrado Cora\u00e7\u00e3o de Jesus, S\u00e3o Paulo Ap\u00f3stolo, Santo Ant\u00f4nio (Aracatia\u00e7u), Nossa Senhora do Carmo (Taperuaba), S\u00e3o Francisco de Assis (Forquilha) e Santa Terezinha (Jaibaras). Tamb\u00e9m aderiram ao mutir\u00e3o as quase-par\u00f3quias Divina Miseric\u00f3rdia e Nossa Senhora da Sa\u00fade (Jord\u00e3o).<br \/>\nO vig\u00e1rio episcopal da Regi\u00e3o Sede, Padre Denilson de Sousa, destacou que o mutir\u00e3o de confiss\u00f5es coloca cada crist\u00e3o cat\u00f3lico, cada paroquiano, neste estado de gra\u00e7a que o leva a reconhecer suas culpas e buscar a miseric\u00f3rdia de Deus.<br \/>\n\u201cNosso mutir\u00e3o aconteceu em todas as par\u00f3quias da regi\u00e3o, exceto em uma, em comunh\u00e3o com o p\u00e1roco que justificou a raz\u00e3o pelo qual n\u00e3o aconteceria o mutir\u00e3o na par\u00f3quia. Foi um verdadeiro kair\u00f3s, um tempo de gra\u00e7a, de unidade e confraterniza\u00e7\u00e3o dos sacerdotes que se uniram para distribuir este valioso e necess\u00e1rio sacramento: a penit\u00eancia ou confiss\u00e3o\u201d, disse o sacerdote.<br \/>\nA cada dia, cerca de 15 sacerdotes estavam dispon\u00edveis para atender as confiss\u00f5es, proporcionando aos fieis um ambiente acolhedor, de escuta e miseric\u00f3rdia. O mutir\u00e3o foi marcado por momentos de profunda espiritualidade, com ora\u00e7\u00f5es, e em alguns locais, Adora\u00e7\u00e3o ao Sant\u00edssimo Sacramento.<\/p>\n<p>Como representante da regi\u00e3o,<br \/>\nPadre Denilson relatou que os presb\u00edteros ficaram felizes e gratos com a disponibilidade, o sacrif\u00edcio e a doa\u00e7\u00e3o de vida de cada padre que se colocou \u00e0 disposi\u00e7\u00e3o para acolher, ouvir, orientar e absolver cada penitente. S\u00f3 Deus poder\u00e1 retribuir o bem praticado\u201d, completou.<br \/>\nA iniciativa foi bem acolhida pelas comunidades, que reconheceram a import\u00e2ncia de se prepararem espiritualmente para a P\u00e1scoa por meio do sacramento da reconcilia\u00e7\u00e3o. Destacaram ainda o esp\u00edrito de comunh\u00e3o entre as par\u00f3quias e o empenho dos sacerdotes, que se uniram para atender ao maior n\u00famero poss\u00edvel de penitentes.<br \/>\nThais Helena &#8211; Jornalista &#8211; Jornal Correio da Semana<\/p>\n","protected":false},"excerpt":{"rendered":"<p>Entre os meses de mar\u00e7o e abril, 11 par\u00f3quias e 2 quase-par\u00f3quias que fazem parte&#8230;<\/p>\n","protected":false},"author":7,"featured_media":33360,"comment_status":"open","ping_status":"open","sticky":false,"template":"","format":"standard","meta":{"_jetpack_memberships_contains_paid_content":false,"footnotes":"","jetpack_publicize_message":"","jetpack_publicize_feature_enabled":true,"jetpack_social_post_already_shared":true,"jetpack_social_options":{"image_generator_settings":{"template":"highway","default_image_id":0,"font":"","enabled":false},"version":2}},"categories":[1],"tags":[],"class_list":["post-33359","post","type-post","status-publish","format-standard","has-post-thumbnail","hentry","category-atualidade"],"jetpack_publicize_connections":[],"jetpack_featured_media_url":"https:\/\/correiodasemana.com\/site\/wp-content\/uploads\/2025\/04\/Paroquia-de-Nossa-Senhora-do-Patrocinio-1.jpeg","jetpack-related-posts":[{"id":37676,"url":"https:\/\/correiodasemana.com\/site\/regiao-episcopal-sede-paroquias-realizam-mutirao-de-confissoes-no-periodo-quaresmal\/","url_meta":{"origin":33359,"position":0},"title":"Regi\u00e3o Episcopal Sede: Par\u00f3quias realizam Mutir\u00e3o de Confiss\u00f5es no per\u00edodo quaresmal","author":"adminredacao","date":"Mar\u00e7o 10, 2026","format":false,"excerpt":"Desde o dia 03 de mar\u00e7o, as par\u00f3quias que fazem parte da Regi\u00e3o Episcopal Sede est\u00e3o realizando o Mutir\u00e3o de Confiss\u00f5es em diversas localidades dos munic\u00edpios de Sobral e Forquilha, incluindo o distrito de Jord\u00e3o. A iniciativa acontece anualmente durante o tempo da Quaresma, per\u00edodo em que a Igreja convida\u2026","rel":"","context":"In &quot;Atualidade&quot;","block_context":{"text":"Atualidade","link":"https:\/\/correiodasemana.com\/site\/category\/atualidade\/"},"img":{"alt_text":"","src":"https:\/\/i0.wp.com\/correiodasemana.com\/site\/wp-content\/uploads\/2026\/03\/Quase-Paroquia-de-Nossa-Senhora-da-Saude-Jordao-1.jpeg?resize=350%2C200&ssl=1","width":350,"height":200,"srcset":"https:\/\/i0.wp.com\/correiodasemana.com\/site\/wp-content\/uploads\/2026\/03\/Quase-Paroquia-de-Nossa-Senhora-da-Saude-Jordao-1.jpeg?resize=350%2C200&ssl=1 1x, https:\/\/i0.wp.com\/correiodasemana.com\/site\/wp-content\/uploads\/2026\/03\/Quase-Paroquia-de-Nossa-Senhora-da-Saude-Jordao-1.jpeg?resize=525%2C300&ssl=1 1.5x, https:\/\/i0.wp.com\/correiodasemana.com\/site\/wp-content\/uploads\/2026\/03\/Quase-Paroquia-de-Nossa-Senhora-da-Saude-Jordao-1.jpeg?resize=700%2C400&ssl=1 2x, https:\/\/i0.wp.com\/correiodasemana.com\/site\/wp-content\/uploads\/2026\/03\/Quase-Paroquia-de-Nossa-Senhora-da-Saude-Jordao-1.jpeg?resize=1050%2C600&ssl=1 3x"},"classes":[]},{"id":32584,"url":"https:\/\/correiodasemana.com\/site\/primeira-reuniao-do-ano-da-regiao-episcopal-sede-acontece-em-sobral\/","url_meta":{"origin":33359,"position":1},"title":"Primeira reuni\u00e3o do ano da Regi\u00e3o Episcopal Sede acontece em Sobral","author":"adminredacao","date":"Fevereiro 18, 2025","format":false,"excerpt":"Na manh\u00e3 do \u00faltimo s\u00e1bado, 08 de fevereiro, o clero, religiosas, representantes das pastorais, grupos, movimentos e novas comunidades que fazem parte da Regi\u00e3o Episcopal Sede reuniram-se no audit\u00f3rio da Par\u00f3quia de Nossa Senhora do Patroc\u00ednio em Sobral para a primeira reuni\u00e3o ordin\u00e1ria do ano. O encontro foi conduzido pelo\u2026","rel":"","context":"In &quot;Atualidade&quot;","block_context":{"text":"Atualidade","link":"https:\/\/correiodasemana.com\/site\/category\/atualidade\/"},"img":{"alt_text":"","src":"https:\/\/i0.wp.com\/correiodasemana.com\/site\/wp-content\/uploads\/2025\/02\/WhatsApp-Image-2025-02-08-at-22.15.32-1.jpeg?resize=350%2C200&ssl=1","width":350,"height":200,"srcset":"https:\/\/i0.wp.com\/correiodasemana.com\/site\/wp-content\/uploads\/2025\/02\/WhatsApp-Image-2025-02-08-at-22.15.32-1.jpeg?resize=350%2C200&ssl=1 1x, https:\/\/i0.wp.com\/correiodasemana.com\/site\/wp-content\/uploads\/2025\/02\/WhatsApp-Image-2025-02-08-at-22.15.32-1.jpeg?resize=525%2C300&ssl=1 1.5x, https:\/\/i0.wp.com\/correiodasemana.com\/site\/wp-content\/uploads\/2025\/02\/WhatsApp-Image-2025-02-08-at-22.15.32-1.jpeg?resize=700%2C400&ssl=1 2x, https:\/\/i0.wp.com\/correiodasemana.com\/site\/wp-content\/uploads\/2025\/02\/WhatsApp-Image-2025-02-08-at-22.15.32-1.jpeg?resize=1050%2C600&ssl=1 3x"},"classes":[]},{"id":35291,"url":"https:\/\/correiodasemana.com\/site\/jubileu-das-familias-reune-centenas-de-fieis-na-se-catedral-de-sobral\/","url_meta":{"origin":33359,"position":2},"title":"Jubileu das Fam\u00edlias re\u00fane centenas de fi\u00e9is na S\u00e9 Catedral de Sobral","author":"adminredacao","date":"Agosto 25, 2025","format":false,"excerpt":"Vivenciando a gra\u00e7a do Ano Jubilar, a S\u00e9 Catedral de Nossa Senhora da Concei\u00e7\u00e3o recebeu uma grande por\u00e7\u00e3o do povo de Deus que veio at\u00e9 a Igreja m\u00e3e para participar do Jubileu das Fam\u00edlias, no \u00faltimo s\u00e1bado (17). A programa\u00e7\u00e3o teve in\u00edcio com a caminhada penitencial, que partiu do Arco\u2026","rel":"","context":"In &quot;Atualidade&quot;","block_context":{"text":"Atualidade","link":"https:\/\/correiodasemana.com\/site\/category\/atualidade\/"},"img":{"alt_text":"","src":"https:\/\/i0.wp.com\/correiodasemana.com\/site\/wp-content\/uploads\/2025\/08\/WhatsApp-Image-2025-08-22-at-15.28.03.jpeg?resize=350%2C200&ssl=1","width":350,"height":200,"srcset":"https:\/\/i0.wp.com\/correiodasemana.com\/site\/wp-content\/uploads\/2025\/08\/WhatsApp-Image-2025-08-22-at-15.28.03.jpeg?resize=350%2C200&ssl=1 1x, https:\/\/i0.wp.com\/correiodasemana.com\/site\/wp-content\/uploads\/2025\/08\/WhatsApp-Image-2025-08-22-at-15.28.03.jpeg?resize=525%2C300&ssl=1 1.5x, https:\/\/i0.wp.com\/correiodasemana.com\/site\/wp-content\/uploads\/2025\/08\/WhatsApp-Image-2025-08-22-at-15.28.03.jpeg?resize=700%2C400&ssl=1 2x, https:\/\/i0.wp.com\/correiodasemana.com\/site\/wp-content\/uploads\/2025\/08\/WhatsApp-Image-2025-08-22-at-15.28.03.jpeg?resize=1050%2C600&ssl=1 3x, https:\/\/i0.wp.com\/correiodasemana.com\/site\/wp-content\/uploads\/2025\/08\/WhatsApp-Image-2025-08-22-at-15.28.03.jpeg?resize=1400%2C800&ssl=1 4x"},"classes":[]},{"id":25879,"url":"https:\/\/correiodasemana.com\/site\/regiao-episcopal-vale-do-acarau-paroquia-de-acarau-sedia-2o-muticom\/","url_meta":{"origin":33359,"position":3},"title":"Regi\u00e3o Episcopal Vale do Acara\u00fa: Par\u00f3quia de Acara\u00fa sedia 2\u00ba MUTICOM","author":"adminredacao","date":"Julho 31, 2023","format":false,"excerpt":"O dia 23 de julho de 2023 ficou marcado na mem\u00f3ria de centenas de agentes da pastoral da comunica\u00e7\u00e3o da Diocese de Sobral. A Par\u00f3quia de Nossa Senhora da Concei\u00e7\u00e3o em Acara\u00fa, abriu as portas para receber o segundo encontro do Mutir\u00e3o de Comunica\u00e7\u00e3o (MUTICOM). Participaram membros das par\u00f3quias de:\u2026","rel":"","context":"In &quot;Atualidade&quot;","block_context":{"text":"Atualidade","link":"https:\/\/correiodasemana.com\/site\/category\/atualidade\/"},"img":{"alt_text":"","src":"https:\/\/i0.wp.com\/correiodasemana.com\/site\/wp-content\/uploads\/2023\/07\/PASCOM-EM-ACARAU.jpeg?resize=350%2C200&ssl=1","width":350,"height":200,"srcset":"https:\/\/i0.wp.com\/correiodasemana.com\/site\/wp-content\/uploads\/2023\/07\/PASCOM-EM-ACARAU.jpeg?resize=350%2C200&ssl=1 1x, https:\/\/i0.wp.com\/correiodasemana.com\/site\/wp-content\/uploads\/2023\/07\/PASCOM-EM-ACARAU.jpeg?resize=525%2C300&ssl=1 1.5x, https:\/\/i0.wp.com\/correiodasemana.com\/site\/wp-content\/uploads\/2023\/07\/PASCOM-EM-ACARAU.jpeg?resize=700%2C400&ssl=1 2x, https:\/\/i0.wp.com\/correiodasemana.com\/site\/wp-content\/uploads\/2023\/07\/PASCOM-EM-ACARAU.jpeg?resize=1050%2C600&ssl=1 3x, https:\/\/i0.wp.com\/correiodasemana.com\/site\/wp-content\/uploads\/2023\/07\/PASCOM-EM-ACARAU.jpeg?resize=1400%2C800&ssl=1 4x"},"classes":[]},{"id":20059,"url":"https:\/\/correiodasemana.com\/site\/paroquia-de-marco-sedia-muticom-na-regiao-vale-do-acarau\/","url_meta":{"origin":33359,"position":4},"title":"Par\u00f3quia de Marco sedia MUTICOM na Regi\u00e3o Vale do Acara\u00fa","author":"","date":"Junho 12, 2022","format":false,"excerpt":"(Thais Helena \u2013 Reda\u00e7\u00e3o Correio da Semana) A PASCOM Diocesana de Sobral em comunh\u00e3o com a Par\u00f3quia de Marco e a Regi\u00e3o Vale do Acara\u00fa realizou no \u00faltimo s\u00e1bado, 04 de junho, o MUTICOM. O MUTICOM (Mutir\u00e3o de Comunica\u00e7\u00e3o) teve como objetivo reunir os agentes da pastoral da comunica\u00e7\u00e3o com\u2026","rel":"","context":"In &quot;Atualidade&quot;","block_context":{"text":"Atualidade","link":"https:\/\/correiodasemana.com\/site\/category\/atualidade\/"},"img":{"alt_text":"","src":"https:\/\/i0.wp.com\/correiodasemana.com\/site\/wp-content\/uploads\/2022\/06\/muticom-em-Marco-CE-1-300x200.jpeg?resize=350%2C200&ssl=1","width":350,"height":200},"classes":[]},{"id":25076,"url":"https:\/\/correiodasemana.com\/site\/pascom-diocesana-realiza-encontro-regional-com-a-regiao-vale-do-acarau\/","url_meta":{"origin":33359,"position":5},"title":"PASCOM Diocesana realiza encontro regional com a Regi\u00e3o Vale do Acara\u00fa","author":"adminredacao","date":"Junho 6, 2023","format":false,"excerpt":"Os membros da Pastoral da Comunica\u00e7\u00e3o das diversas par\u00f3quias que comp\u00f5em a Regi\u00e3o de Acara\u00fa participaram no \u00faltimo s\u00e1bado, 27\/05, de um encontro regional na Igreja Matriz de S\u00e3o Jo\u00e3o Batista em Celsol\u00e2ndia. Participaram do encontro os articuladores: Manuel Edson e Irani Ara\u00fajo, ambos da regi\u00e3o Vale do Acara\u00fa; Deyson\u2026","rel":"","context":"In &quot;Atualidade&quot;","block_context":{"text":"Atualidade","link":"https:\/\/correiodasemana.com\/site\/category\/atualidade\/"},"img":{"alt_text":"","src":"https:\/\/i0.wp.com\/correiodasemana.com\/site\/wp-content\/uploads\/2023\/06\/WhatsApp-Image-2023-06-02-at-16.22.57.jpeg?resize=350%2C200&ssl=1","width":350,"height":200,"srcset":"https:\/\/i0.wp.com\/correiodasemana.com\/site\/wp-content\/uploads\/2023\/06\/WhatsApp-Image-2023-06-02-at-16.22.57.jpeg?resize=350%2C200&ssl=1 1x, https:\/\/i0.wp.com\/correiodasemana.com\/site\/wp-content\/uploads\/2023\/06\/WhatsApp-Image-2023-06-02-at-16.22.57.jpeg?resize=525%2C300&ssl=1 1.5x, https:\/\/i0.wp.com\/correiodasemana.com\/site\/wp-content\/uploads\/2023\/06\/WhatsApp-Image-2023-06-02-at-16.22.57.jpeg?resize=700%2C400&ssl=1 2x"},"classes":[]}],"jetpack_sharing_enabled":true,"_links":{"self":[{"href":"https:\/\/correiodasemana.com\/site\/wp-json\/wp\/v2\/posts\/33359","targetHints":{"allow":["GET"]}}],"collection":[{"href":"https:\/\/correiodasemana.com\/site\/wp-json\/wp\/v2\/posts"}],"about":[{"href":"https:\/\/correiodasemana.com\/site\/wp-json\/wp\/v2\/types\/post"}],"author":[{"embeddable":true,"href":"https:\/\/correiodasemana.com\/site\/wp-json\/wp\/v2\/users\/7"}],"replies":[{"embeddable":true,"href":"https:\/\/correiodasemana.com\/site\/wp-json\/wp\/v2\/comments?post=33359"}],"version-history":[{"count":1,"href":"https:\/\/correiodasemana.com\/site\/wp-json\/wp\/v2\/posts\/33359\/revisions"}],"predecessor-version":[{"id":33368,"href":"https:\/\/correiodasemana.com\/site\/wp-json\/wp\/v2\/posts\/33359\/revisions\/33368"}],"wp:featuredmedia":[{"embeddable":true,"href":"https:\/\/correiodasemana.com\/site\/wp-json\/wp\/v2\/media\/33360"}],"wp:attachment":[{"href":"https:\/\/correiodasemana.com\/site\/wp-json\/wp\/v2\/media?parent=33359"}],"wp:term":[{"taxonomy":"category","embeddable":true,"href":"https:\/\/correiodasemana.com\/site\/wp-json\/wp\/v2\/categories?post=33359"},{"taxonomy":"post_tag","embeddable":true,"href":"https:\/\/correiodasemana.com\/site\/wp-json\/wp\/v2\/tags?post=33359"}],"curies":[{"name":"wp","href":"https:\/\/api.w.org\/{rel}","templated":true}]}}