{"id":33959,"date":"2025-06-03T23:39:34","date_gmt":"2025-06-04T02:39:34","guid":{"rendered":"https:\/\/correiodasemana.com\/site\/?p=33959"},"modified":"2025-06-03T23:39:34","modified_gmt":"2025-06-04T02:39:34","slug":"camara-aprova-urgencia-para-pl-que-proibe-desconto-automatico-no-inss","status":"publish","type":"post","link":"https:\/\/correiodasemana.com\/site\/camara-aprova-urgencia-para-pl-que-proibe-desconto-automatico-no-inss\/","title":{"rendered":"C\u00e2mara aprova urg\u00eancia para PL que pro\u00edbe desconto autom\u00e1tico no INSS"},"content":{"rendered":"<p>Projeto dever\u00e1 ser votado no Plen\u00e1rio na pr\u00f3xima semana<br \/>\nFONTE: Ag\u00eancia Brasil*<br \/>\nA\u00a0C\u00e2mara dos Deputados aprovou nesta ter\u00e7a-feira (20) a urg\u00eancia\u00a0para o projeto de lei (PL\u00a01846\/25) que pro\u00edbe o desconto autom\u00e1tico de mensalidades de associa\u00e7\u00f5es e sindicatos nos benef\u00edcios do\u00a0Instituto Nacional do Seguro Social (INSS).<br \/>\nCom isso, o\u00a0projeto ir\u00e1 ser votado\u00a0direto no Plen\u00e1rio,\u00a0sem precisar passar por aprova\u00e7\u00e3o das comiss\u00f5es da Casa.<br \/>\nA mensalidade associativa \u00e9 uma contribui\u00e7\u00e3o que aposentados, pensionistas ou pessoas de uma determinada categoria profissional pagam periodicamente para integrar uma associa\u00e7\u00e3o, sindicato ou entidade de classe sem fins lucrativos que representa os interesses de seus afiliados.<br \/>\nO presidente da C\u00e2mara, Hugo Motta (Republicanos-PB), o\u00a0m\u00e9rito do projeto ser\u00e1 analisado na pr\u00f3xima semana, \u201cpois o projeto de lei sobre o reajuste de servidores do Executivo (PL 1466\/25) tranca a pauta\u201d.<br \/>\nSegundo Motta,\u00a0todas propostas relacionadas ao combate de fraudes no INSS ser\u00e3o juntadas.<br \/>\nFraudes nos descontos<br \/>\nOs\u00a0descontos dos aposentados e pensionistas s\u00e3o alvo de investiga\u00e7\u00e3o da Pol\u00edcia Federal e da Controladoria-Geral da Uni\u00e3o (CGU), que apuram a atua\u00e7\u00e3o de organiza\u00e7\u00f5es criminosas para fraudar os benef\u00edcios previdenci\u00e1rios, associando de forma n\u00e3o autorizada os segurados do INSS.<br \/>\nMais de 1,74 milh\u00e3o de aposentados e pensionistas do Instituto Nacional do Seguro Social (INSS)\u00a0solicitaram reembolso de descontos n\u00e3o autorizados\u00a0feitos por entidades associativas, conforme balan\u00e7o divulgado\u00a0nesta ter\u00e7a-feira (20).<br \/>\n* Com informa\u00e7\u00f5es da Ag\u00eancia C\u00e2mara de Not\u00edcias<\/p>\n<p>&nbsp;<\/p>\n","protected":false},"excerpt":{"rendered":"<p>Projeto dever\u00e1 ser votado no Plen\u00e1rio na pr\u00f3xima semana FONTE: Ag\u00eancia Brasil* A\u00a0C\u00e2mara dos Deputados&#8230;<\/p>\n","protected":false},"author":7,"featured_media":33960,"comment_status":"open","ping_status":"open","sticky":false,"template":"","format":"standard","meta":{"_jetpack_memberships_contains_paid_content":false,"footnotes":"","jetpack_publicize_message":"","jetpack_publicize_feature_enabled":true,"jetpack_social_post_already_shared":true,"jetpack_social_options":{"image_generator_settings":{"template":"highway","default_image_id":0,"font":"","enabled":false},"version":2}},"categories":[1],"tags":[],"class_list":["post-33959","post","type-post","status-publish","format-standard","has-post-thumbnail","hentry","category-atualidade"],"jetpack_publicize_connections":[],"jetpack_featured_media_url":"https:\/\/correiodasemana.com\/site\/wp-content\/uploads\/2025\/06\/lula9001.webp","jetpack-related-posts":[{"id":26852,"url":"https:\/\/correiodasemana.com\/site\/camara-aprova-urgencia-para-projetos-sobre-direitos-das-pessoas-com-deficiencia\/","url_meta":{"origin":33959,"position":0},"title":"C\u00e2mara aprova urg\u00eancia para projetos sobre direitos das pessoas com defici\u00eancia","author":"adminredacao","date":"Outubro 17, 2023","format":false,"excerpt":"Propostas poder\u00e3o ser votadas nas pr\u00f3ximas sess\u00f5es do Plen\u00e1rio Zeca Ribeiro\/C\u00e2mara dos Deputados A C\u00e2mara dos Deputados aprovou o regime de urg\u00eancia para sete projetos sobre direitos das pessoas com defici\u00eancia. Em seguida, a Ordem do Dia do Plen\u00e1rio foi encerrada. Confira os projetos com novo regime de tramita\u00e7\u00e3o: -\u2026","rel":"","context":"In &quot;Atualidade&quot;","block_context":{"text":"Atualidade","link":"https:\/\/correiodasemana.com\/site\/category\/atualidade\/"},"img":{"alt_text":"","src":"https:\/\/i0.wp.com\/correiodasemana.com\/site\/wp-content\/uploads\/2023\/06\/direitos_humanos-1024x677-1.png?resize=350%2C200&ssl=1","width":350,"height":200,"srcset":"https:\/\/i0.wp.com\/correiodasemana.com\/site\/wp-content\/uploads\/2023\/06\/direitos_humanos-1024x677-1.png?resize=350%2C200&ssl=1 1x, https:\/\/i0.wp.com\/correiodasemana.com\/site\/wp-content\/uploads\/2023\/06\/direitos_humanos-1024x677-1.png?resize=525%2C300&ssl=1 1.5x, https:\/\/i0.wp.com\/correiodasemana.com\/site\/wp-content\/uploads\/2023\/06\/direitos_humanos-1024x677-1.png?resize=700%2C400&ssl=1 2x"},"classes":[]},{"id":10122,"url":"https:\/\/correiodasemana.com\/site\/camara-aprova-pacote-anticrime-texto-vai-ao-senado\/","url_meta":{"origin":33959,"position":1},"title":"C\u00e2mara aprova pacote anticrime; texto vai ao Senado","author":"","date":"Dezembro 9, 2019","format":false,"excerpt":"Projeto de lei traz modifica\u00e7\u00f5es na legisla\u00e7\u00e3o e no processo penal Ag\u00eancia Brasil O plen\u00e1rio da C\u00e2mara aprovou quarta-feira (4) o\u00a0projeto de lei do pacote anticrime (PL 10372\/18). O texto-base foi aprovado por 408 votos a favor, 9 contra, e 2 absten\u00e7\u00f5es e, posteriormente, os parlamentares rejeitaram um destaque do\u2026","rel":"","context":"In &quot;Atualidade&quot;","block_context":{"text":"Atualidade","link":"https:\/\/correiodasemana.com\/site\/category\/atualidade\/"},"img":{"alt_text":"","src":"https:\/\/i0.wp.com\/correiodasemana.com\/site\/wp-content\/uploads\/2019\/12\/P%C3%A1g-9-imagem.jpg?resize=350%2C200&ssl=1","width":350,"height":200,"srcset":"https:\/\/i0.wp.com\/correiodasemana.com\/site\/wp-content\/uploads\/2019\/12\/P%C3%A1g-9-imagem.jpg?resize=350%2C200&ssl=1 1x, https:\/\/i0.wp.com\/correiodasemana.com\/site\/wp-content\/uploads\/2019\/12\/P%C3%A1g-9-imagem.jpg?resize=525%2C300&ssl=1 1.5x, https:\/\/i0.wp.com\/correiodasemana.com\/site\/wp-content\/uploads\/2019\/12\/P%C3%A1g-9-imagem.jpg?resize=700%2C400&ssl=1 2x, https:\/\/i0.wp.com\/correiodasemana.com\/site\/wp-content\/uploads\/2019\/12\/P%C3%A1g-9-imagem.jpg?resize=1050%2C600&ssl=1 3x"},"classes":[]},{"id":24982,"url":"https:\/\/correiodasemana.com\/site\/camara-derrota-governo-e-aprova-pl-que-limita-demarcacao-de-terra-indigena\/","url_meta":{"origin":33959,"position":2},"title":"C\u00e2mara derrota governo e aprova PL que limita demarca\u00e7\u00e3o de terra ind\u00edgena","author":"","date":"Maio 31, 2023","format":false,"excerpt":"A C\u00e2mara dos Deputados aprovou nesta ter\u00e7a, 30, o Projeto de Lei 490\/2007, o chamado PL do marco temporal. Por 283 votos a 155, o plen\u00e1rio da Casa imp\u00f4s uma derrota ao governo do presidente Luiz In\u00e1cio Lula da Silva. Apesar de governistas terem tentado adiar a vota\u00e7\u00e3o, a proposta\u2026","rel":"","context":"In &quot;Atualidade&quot;","block_context":{"text":"Atualidade","link":"https:\/\/correiodasemana.com\/site\/category\/atualidade\/"},"img":{"alt_text":"","src":"https:\/\/i0.wp.com\/correiodasemana.com\/site\/wp-content\/uploads\/2023\/05\/indigenas-protestam-contra-marco-temporal.jpg?resize=350%2C200&ssl=1","width":350,"height":200,"srcset":"https:\/\/i0.wp.com\/correiodasemana.com\/site\/wp-content\/uploads\/2023\/05\/indigenas-protestam-contra-marco-temporal.jpg?resize=350%2C200&ssl=1 1x, https:\/\/i0.wp.com\/correiodasemana.com\/site\/wp-content\/uploads\/2023\/05\/indigenas-protestam-contra-marco-temporal.jpg?resize=525%2C300&ssl=1 1.5x, https:\/\/i0.wp.com\/correiodasemana.com\/site\/wp-content\/uploads\/2023\/05\/indigenas-protestam-contra-marco-temporal.jpg?resize=700%2C400&ssl=1 2x"},"classes":[]},{"id":22397,"url":"https:\/\/correiodasemana.com\/site\/comissao-do-senado-aprova-pl-dos-agrotoxicos-texto-segue-para-votacao-no-plenario\/","url_meta":{"origin":33959,"position":3},"title":"Comiss\u00e3o do Senado aprova PL dos Agrot\u00f3xicos, texto segue para vota\u00e7\u00e3o no Plen\u00e1rio","author":"","date":"Dezembro 20, 2022","format":false,"excerpt":"A Comiss\u00e3o de Agricultura e Reforma Agr\u00e1ria (CRA) do Senado aprovou, nesta segunda-feira (19), o Projeto de Lei 1.459\/2022, chamado de PL do Veneno por alguns senadores, que modifica as regras de aprova\u00e7\u00e3o e comercializa\u00e7\u00e3o de agrot\u00f3xicos. O PL 1.459\/2022 tramita no Congresso Nacional desde 1999. De autoria do ent\u00e3o\u2026","rel":"","context":"In &quot;Atualidade&quot;","block_context":{"text":"Atualidade","link":"https:\/\/correiodasemana.com\/site\/category\/atualidade\/"},"img":{"alt_text":"","src":"https:\/\/i0.wp.com\/correiodasemana.com\/site\/wp-content\/uploads\/2022\/12\/agrotoxico-848x477-1.webp?resize=350%2C200&ssl=1","width":350,"height":200,"srcset":"https:\/\/i0.wp.com\/correiodasemana.com\/site\/wp-content\/uploads\/2022\/12\/agrotoxico-848x477-1.webp?resize=350%2C200&ssl=1 1x, https:\/\/i0.wp.com\/correiodasemana.com\/site\/wp-content\/uploads\/2022\/12\/agrotoxico-848x477-1.webp?resize=525%2C300&ssl=1 1.5x, https:\/\/i0.wp.com\/correiodasemana.com\/site\/wp-content\/uploads\/2022\/12\/agrotoxico-848x477-1.webp?resize=700%2C400&ssl=1 2x"},"classes":[]},{"id":14978,"url":"https:\/\/correiodasemana.com\/site\/senado-deve-votar-regulamentacao-do-novo-fundeb-nesta-semana\/","url_meta":{"origin":33959,"position":4},"title":"Senado deve votar regulamenta\u00e7\u00e3o do novo Fundeb nesta semana","author":"","date":"Dezembro 14, 2020","format":false,"excerpt":"Regulamenta\u00e7\u00e3o \u00e9 necess\u00e1ria para que recursos sejam usados em 2021 O Senado deve votar nesta semana o Projeto de Lei (PL) 4.372\/2020, que regulamenta o novo Fundo de Manuten\u00e7\u00e3o e Desenvolvimento da Educa\u00e7\u00e3o B\u00e1sica e de Valoriza\u00e7\u00e3o dos Profissionais da Educa\u00e7\u00e3o (Fundeb). O Projeto de Emenda \u00e0 Constitui\u00e7\u00e3o (PEC) que\u2026","rel":"","context":"In &quot;Atualidade&quot;","block_context":{"text":"Atualidade","link":"https:\/\/correiodasemana.com\/site\/category\/atualidade\/"},"img":{"alt_text":"","src":"https:\/\/i0.wp.com\/correiodasemana.com\/site\/wp-content\/uploads\/2020\/12\/img20200826120817410.jpg?resize=350%2C200&ssl=1","width":350,"height":200,"srcset":"https:\/\/i0.wp.com\/correiodasemana.com\/site\/wp-content\/uploads\/2020\/12\/img20200826120817410.jpg?resize=350%2C200&ssl=1 1x, https:\/\/i0.wp.com\/correiodasemana.com\/site\/wp-content\/uploads\/2020\/12\/img20200826120817410.jpg?resize=525%2C300&ssl=1 1.5x, https:\/\/i0.wp.com\/correiodasemana.com\/site\/wp-content\/uploads\/2020\/12\/img20200826120817410.jpg?resize=700%2C400&ssl=1 2x, https:\/\/i0.wp.com\/correiodasemana.com\/site\/wp-content\/uploads\/2020\/12\/img20200826120817410.jpg?resize=1050%2C600&ssl=1 3x"},"classes":[]},{"id":12381,"url":"https:\/\/correiodasemana.com\/site\/camara-aprova-regime-de-urgencia-e-nova-lei-do-gas-deve-ser-votada-em-agosto\/","url_meta":{"origin":33959,"position":5},"title":"C\u00e2mara aprova regime de urg\u00eancia e Nova Lei do G\u00e1s deve ser votada em agosto","author":"","date":"Julho 30, 2020","format":false,"excerpt":"A C\u00e2mara dos Deputados deu mais um passo para avan\u00e7ar na discuss\u00e3o da proposta que pode baratear o pre\u00e7o do g\u00e1s natural no Brasil. Os deputados aprovaram requerimento de urg\u00eancia para vota\u00e7\u00e3o do PL 6.407\/2013, conhecido como Nova Lei do G\u00e1s. O pedido foi encabe\u00e7ado pelo deputado Paulo Ganime (NOVO-RJ)\u2026","rel":"","context":"In &quot;Atualidade&quot;","block_context":{"text":"Atualidade","link":"https:\/\/correiodasemana.com\/site\/category\/atualidade\/"},"img":{"alt_text":"","src":"https:\/\/i0.wp.com\/correiodasemana.com\/site\/wp-content\/uploads\/2020\/07\/gas-1.jpg?resize=350%2C200&ssl=1","width":350,"height":200},"classes":[]}],"jetpack_sharing_enabled":true,"_links":{"self":[{"href":"https:\/\/correiodasemana.com\/site\/wp-json\/wp\/v2\/posts\/33959","targetHints":{"allow":["GET"]}}],"collection":[{"href":"https:\/\/correiodasemana.com\/site\/wp-json\/wp\/v2\/posts"}],"about":[{"href":"https:\/\/correiodasemana.com\/site\/wp-json\/wp\/v2\/types\/post"}],"author":[{"embeddable":true,"href":"https:\/\/correiodasemana.com\/site\/wp-json\/wp\/v2\/users\/7"}],"replies":[{"embeddable":true,"href":"https:\/\/correiodasemana.com\/site\/wp-json\/wp\/v2\/comments?post=33959"}],"version-history":[{"count":1,"href":"https:\/\/correiodasemana.com\/site\/wp-json\/wp\/v2\/posts\/33959\/revisions"}],"predecessor-version":[{"id":33961,"href":"https:\/\/correiodasemana.com\/site\/wp-json\/wp\/v2\/posts\/33959\/revisions\/33961"}],"wp:featuredmedia":[{"embeddable":true,"href":"https:\/\/correiodasemana.com\/site\/wp-json\/wp\/v2\/media\/33960"}],"wp:attachment":[{"href":"https:\/\/correiodasemana.com\/site\/wp-json\/wp\/v2\/media?parent=33959"}],"wp:term":[{"taxonomy":"category","embeddable":true,"href":"https:\/\/correiodasemana.com\/site\/wp-json\/wp\/v2\/categories?post=33959"},{"taxonomy":"post_tag","embeddable":true,"href":"https:\/\/correiodasemana.com\/site\/wp-json\/wp\/v2\/tags?post=33959"}],"curies":[{"name":"wp","href":"https:\/\/api.w.org\/{rel}","templated":true}]}}