{"id":33962,"date":"2025-06-03T23:40:50","date_gmt":"2025-06-04T02:40:50","guid":{"rendered":"https:\/\/correiodasemana.com\/site\/?p=33962"},"modified":"2025-06-03T23:40:50","modified_gmt":"2025-06-04T02:40:50","slug":"becco-ponto-com-215","status":"publish","type":"post","link":"https:\/\/correiodasemana.com\/site\/becco-ponto-com-215\/","title":{"rendered":"Becco ponto Com"},"content":{"rendered":"<p><strong>LIVRAI-NOS, SENHOR!<\/strong><br \/>\nDa galera do r\u00e1dio se digladiando, ufa, Sobral!<br \/>\nDo Elmano cano no povo voltar no governo, ui!<br \/>\nDas patadas do Ciro no \u201cCamilinho\u201d do Cid, ufa!<br \/>\nDas faculdades modernas vendendo t\u00edtulos.<br \/>\nDo modismo crian\u00e7as os bonecos de silicone.<br \/>\nDos nossos dois times em brigas de torcidas<br \/>\nDa pol\u00edtica do trair nos partidos pol\u00edticos, ui!<br \/>\nDa turma da chupeta ainda inconformada.<br \/>\nDas estruturas do Becco, ca\u00edrem um dia por l\u00e1.<br \/>\nDo mi mi mi da Santa Casa, com efeito pol\u00edtico.<\/p>\n<p><strong>NOTICIANDO<\/strong><br \/>\nO Caf\u00e9 Jaibaras, far\u00e1 acontecer este ano, com sucesso e mais uma vez na cidade a sua tradicional festa Junina de S\u00e3o Jo\u00e3o no Becco do Cotovelo, com apoio do sesc e de empresas amigas. Duas bandas de forr\u00f3 animar\u00e3o ao evento que se iniciar\u00e1 das 10h \u00e0s 8h, com vendas de comidas t\u00edpicas e com a dan\u00e7a da quadrilha este ano em grande estilo na cidade. Voc\u00ea \u00e9 nosso convidado!<br \/>\nO Centro Cultural est\u00e1 anunciando para o m\u00eas de setembro, a entrega da \u201cComenda Dom Jos\u00e9\u201d, este ano, em homenagem \u00e0s empresas da cidade e reconhecendo o bispo dos bispos, como o eterno patrono desta classe laboriosa ideia, iluminada do nosso prefeito Oscar, um dos homenageados e fundador do inta em Sobral.<br \/>\nSaiu a Revista C\u00e9sar Acontece, em grande estilo para toda regi\u00e3o Norte, a coluna \u201cT\u00f4 no Becco\u201d foi a atra\u00e7\u00e3o maior desta edi\u00e7\u00e3o t\u00e3o especial. Parab\u00e9ns, aos editores pelo trabalho social desenvolvido com amor e garra ao jornalismo da terra de Dom Jos\u00e9. Viva o Becco!<\/p>\n<p><strong>CENTEN\u00c1RIO JOS\u00c9 MARIA SOARES<\/strong><\/p>\n<p><a href=\"https:\/\/correiodasemana.com\/site\/becco-ponto-com-215\/100-anos-jose-maria-soares\/\" rel=\"attachment wp-att-33963\"><img fetchpriority=\"high\" decoding=\"async\" class=\"aligncenter size-full wp-image-33963\" src=\"https:\/\/correiodasemana.com\/site\/wp-content\/uploads\/2025\/06\/100-ANOS-JOSE-MARIA-SOARES.jpg\" alt=\"\" width=\"1620\" height=\"1080\" srcset=\"https:\/\/correiodasemana.com\/site\/wp-content\/uploads\/2025\/06\/100-ANOS-JOSE-MARIA-SOARES.jpg 1620w, https:\/\/correiodasemana.com\/site\/wp-content\/uploads\/2025\/06\/100-ANOS-JOSE-MARIA-SOARES-300x200.jpg 300w, https:\/\/correiodasemana.com\/site\/wp-content\/uploads\/2025\/06\/100-ANOS-JOSE-MARIA-SOARES-1024x683.jpg 1024w, https:\/\/correiodasemana.com\/site\/wp-content\/uploads\/2025\/06\/100-ANOS-JOSE-MARIA-SOARES-768x512.jpg 768w, https:\/\/correiodasemana.com\/site\/wp-content\/uploads\/2025\/06\/100-ANOS-JOSE-MARIA-SOARES-1536x1024.jpg 1536w\" sizes=\"(max-width: 1620px) 100vw, 1620px\" \/><\/a><br \/>\nFoi comemorado no programa do Ivan Frota, s\u00e1bado, 24, com a festa em homenagem no Becco, o Centen\u00e1rio de vida do cidad\u00e3o, Jos\u00e9 Maria Soares, o papa da radiofonia sobralense em grande estilo e com a participa\u00e7\u00e3o popular. A Associa\u00e7\u00e3o do Becco, entregou um diploma de Honra ao M\u00e9rito ao homenageado (in memoriam). Sua neta, M\u00e1rcia, representou a fam\u00edlia e agradeceu a t\u00e3o justa honraria ao grande sobralense.<\/p>\n<p><strong>CERTIFICADO DE HONRA AO M\u00c9RITO<\/strong><br \/>\nUm preito de gratid\u00e3o a um grande sobralense cidad\u00e3o do r\u00e1dio e da imprensa, reconhecido como o comunicador do s\u00e9culo e o papa da radiofonia sobralense e por m\u00e9ritos, o amigo do Becco, Jos\u00e9 Maria Soares, quando da comemora\u00e7\u00e3o do seu centen\u00e1rio de nascimento no Becco do Cotovelo, no programa do Ivan Frota, reconhecido pela Aabc e o Centro Cultural Dom Jos\u00e9 de Sobral. Viva o Caf\u00e9 Jaibaras!<\/p>\n<p><strong>LIVRE PENSAR:<\/strong><br \/>\n\u201cO poeta \u00e9 um ser semimorto e cheio de ideias vivas.\u201d (Poeta Chico Prado &#8211; Presidente do Centro Cultural Dom Jos\u00e9 de Sobral).<\/p>\n","protected":false},"excerpt":{"rendered":"<p>LIVRAI-NOS, SENHOR! Da galera do r\u00e1dio se digladiando, ufa, Sobral! Do Elmano cano no povo&#8230;<\/p>\n","protected":false},"author":7,"featured_media":17508,"comment_status":"open","ping_status":"open","sticky":false,"template":"","format":"standard","meta":{"_jetpack_memberships_contains_paid_content":false,"footnotes":"","jetpack_publicize_message":"","jetpack_publicize_feature_enabled":true,"jetpack_social_post_already_shared":true,"jetpack_social_options":{"image_generator_settings":{"template":"highway","default_image_id":0,"font":"","enabled":false},"version":2}},"categories":[11,27],"tags":[],"class_list":["post-33962","post","type-post","status-publish","format-standard","has-post-thumbnail","hentry","category-artigos","category-becco-ponto-com"],"jetpack_publicize_connections":[],"jetpack_featured_media_url":"https:\/\/correiodasemana.com\/site\/wp-content\/uploads\/2021\/09\/Dr-Chico-Prado-Trofeu-Dom-Jose-1-1.jpg","jetpack-related-posts":[{"id":20319,"url":"https:\/\/correiodasemana.com\/site\/becco-ponto-com-91\/","url_meta":{"origin":33962,"position":0},"title":"Becco ponto Com","author":"","date":"Julho 3, 2022","format":false,"excerpt":"LIVRAI-NOS, SENHOR! 01. Das mamatas pol\u00cdticas na sa\u00fade. 02. Dos gastos com quadrilhas, ufa! 03. Da crise na pol\u00edtica brasileira fede. 04. S\u00f3 Ensino Superior t\u00e3o com\u00e9rcio. 05. Das multas covardes na cidade, ui! 06. Do futebol arte virando drogas. 07. Da Santa Casa virar urnas pol\u00edticas. 08. Do cartel\u2026","rel":"","context":"In &quot;Artigos&quot;","block_context":{"text":"Artigos","link":"https:\/\/correiodasemana.com\/site\/category\/artigos\/"},"img":{"alt_text":"","src":"https:\/\/i0.wp.com\/correiodasemana.com\/site\/wp-content\/uploads\/2021\/09\/Dr-Chico-Prado-Trofeu-Dom-Jose-1-1.jpg?resize=350%2C200&ssl=1","width":350,"height":200,"srcset":"https:\/\/i0.wp.com\/correiodasemana.com\/site\/wp-content\/uploads\/2021\/09\/Dr-Chico-Prado-Trofeu-Dom-Jose-1-1.jpg?resize=350%2C200&ssl=1 1x, https:\/\/i0.wp.com\/correiodasemana.com\/site\/wp-content\/uploads\/2021\/09\/Dr-Chico-Prado-Trofeu-Dom-Jose-1-1.jpg?resize=525%2C300&ssl=1 1.5x, https:\/\/i0.wp.com\/correiodasemana.com\/site\/wp-content\/uploads\/2021\/09\/Dr-Chico-Prado-Trofeu-Dom-Jose-1-1.jpg?resize=700%2C400&ssl=1 2x"},"classes":[]},{"id":33340,"url":"https:\/\/correiodasemana.com\/site\/becco-ponto-com-210\/","url_meta":{"origin":33962,"position":1},"title":"BECCO PONTO.COM","author":"adminredacao","date":"Abril 14, 2025","format":false,"excerpt":"LIVRAI-NOS, SENHOR! Dos falsos crist\u00e3os evang\u00e9licos, ufa! Da Medicina virando mesa de neg\u00f3cios. Dos fofoqueiros na onda do mi-mi-mi, ui! Dos ateus pol\u00edticos matando um povo. Dos fg,s voltarem ao poder de Sobral, ui! Do mi-mi-mi pol\u00edtico da Santa Casa, ufa! Da fila dos picaretas h\u00e1 voto na pista. Do\u2026","rel":"","context":"In &quot;Artigos&quot;","block_context":{"text":"Artigos","link":"https:\/\/correiodasemana.com\/site\/category\/artigos\/"},"img":{"alt_text":"","src":"https:\/\/i0.wp.com\/correiodasemana.com\/site\/wp-content\/uploads\/2021\/09\/Dr-Chico-Prado-Trofeu-Dom-Jose-1.jpg?resize=350%2C200&ssl=1","width":350,"height":200,"srcset":"https:\/\/i0.wp.com\/correiodasemana.com\/site\/wp-content\/uploads\/2021\/09\/Dr-Chico-Prado-Trofeu-Dom-Jose-1.jpg?resize=350%2C200&ssl=1 1x, https:\/\/i0.wp.com\/correiodasemana.com\/site\/wp-content\/uploads\/2021\/09\/Dr-Chico-Prado-Trofeu-Dom-Jose-1.jpg?resize=525%2C300&ssl=1 1.5x, https:\/\/i0.wp.com\/correiodasemana.com\/site\/wp-content\/uploads\/2021\/09\/Dr-Chico-Prado-Trofeu-Dom-Jose-1.jpg?resize=700%2C400&ssl=1 2x, https:\/\/i0.wp.com\/correiodasemana.com\/site\/wp-content\/uploads\/2021\/09\/Dr-Chico-Prado-Trofeu-Dom-Jose-1.jpg?resize=1050%2C600&ssl=1 3x, https:\/\/i0.wp.com\/correiodasemana.com\/site\/wp-content\/uploads\/2021\/09\/Dr-Chico-Prado-Trofeu-Dom-Jose-1.jpg?resize=1400%2C800&ssl=1 4x"},"classes":[]},{"id":32952,"url":"https:\/\/correiodasemana.com\/site\/becco-ponto-com-206\/","url_meta":{"origin":33962,"position":2},"title":"BECCO PONTO.COM","author":"adminredacao","date":"Mar\u00e7o 17, 2025","format":false,"excerpt":"LIVRAI-NOS, SENHOR! Da volta do comunismo um dia ao Brasil. Da gera\u00e7\u00e3o mi-mi-mi nas redes sociais, ufa! Da ruma de blogueiros informando nada. Da carestia na crise do ovo e do caf\u00e9, ufa! Do ivan frota, fazendo das suas no becco. Dos contra sobre a bela \u201ccavalgada do torto\u201d, ui!\u2026","rel":"","context":"In &quot;Artigos&quot;","block_context":{"text":"Artigos","link":"https:\/\/correiodasemana.com\/site\/category\/artigos\/"},"img":{"alt_text":"","src":"https:\/\/i0.wp.com\/correiodasemana.com\/site\/wp-content\/uploads\/2021\/09\/Dr-Chico-Prado-Trofeu-Dom-Jose-1.jpg?resize=350%2C200&ssl=1","width":350,"height":200,"srcset":"https:\/\/i0.wp.com\/correiodasemana.com\/site\/wp-content\/uploads\/2021\/09\/Dr-Chico-Prado-Trofeu-Dom-Jose-1.jpg?resize=350%2C200&ssl=1 1x, https:\/\/i0.wp.com\/correiodasemana.com\/site\/wp-content\/uploads\/2021\/09\/Dr-Chico-Prado-Trofeu-Dom-Jose-1.jpg?resize=525%2C300&ssl=1 1.5x, https:\/\/i0.wp.com\/correiodasemana.com\/site\/wp-content\/uploads\/2021\/09\/Dr-Chico-Prado-Trofeu-Dom-Jose-1.jpg?resize=700%2C400&ssl=1 2x, https:\/\/i0.wp.com\/correiodasemana.com\/site\/wp-content\/uploads\/2021\/09\/Dr-Chico-Prado-Trofeu-Dom-Jose-1.jpg?resize=1050%2C600&ssl=1 3x, https:\/\/i0.wp.com\/correiodasemana.com\/site\/wp-content\/uploads\/2021\/09\/Dr-Chico-Prado-Trofeu-Dom-Jose-1.jpg?resize=1400%2C800&ssl=1 4x"},"classes":[]},{"id":9608,"url":"https:\/\/correiodasemana.com\/site\/becco-ponto-com-17\/","url_meta":{"origin":33962,"position":3},"title":"Becco ponto Com","author":"","date":"Outubro 28, 2019","format":false,"excerpt":"Livrai-nos, Senhor! Do ataque da LOURA do leite nas ruas, ui! Dos BOLS\u00d5ES do Bolsonaro visando votos. Das campanhas para PERFEITOS corruptos. Das faculdades formando ANALFAS brutos. Do Mi, Mi, Mi dos camaradas da oposi\u00e7\u00e3o. Da guarda apita MULTA nas ruas da cidade. Do modismo por aqui SANDUICHE musical. Da\u2026","rel":"","context":"In &quot;Artigos&quot;","block_context":{"text":"Artigos","link":"https:\/\/correiodasemana.com\/site\/category\/artigos\/"},"img":{"alt_text":"","src":"https:\/\/i0.wp.com\/correiodasemana.com\/site\/wp-content\/uploads\/2019\/10\/vereador-dr-estevao-ponte.jpg?resize=350%2C200&ssl=1","width":350,"height":200,"srcset":"https:\/\/i0.wp.com\/correiodasemana.com\/site\/wp-content\/uploads\/2019\/10\/vereador-dr-estevao-ponte.jpg?resize=350%2C200&ssl=1 1x, https:\/\/i0.wp.com\/correiodasemana.com\/site\/wp-content\/uploads\/2019\/10\/vereador-dr-estevao-ponte.jpg?resize=525%2C300&ssl=1 1.5x, https:\/\/i0.wp.com\/correiodasemana.com\/site\/wp-content\/uploads\/2019\/10\/vereador-dr-estevao-ponte.jpg?resize=700%2C400&ssl=1 2x, https:\/\/i0.wp.com\/correiodasemana.com\/site\/wp-content\/uploads\/2019\/10\/vereador-dr-estevao-ponte.jpg?resize=1050%2C600&ssl=1 3x, https:\/\/i0.wp.com\/correiodasemana.com\/site\/wp-content\/uploads\/2019\/10\/vereador-dr-estevao-ponte.jpg?resize=1400%2C800&ssl=1 4x"},"classes":[]},{"id":33240,"url":"https:\/\/correiodasemana.com\/site\/becco-ponto-com-209\/","url_meta":{"origin":33962,"position":4},"title":"BECCO PONTO.COM","author":"adminredacao","date":"Abril 7, 2025","format":false,"excerpt":"LIVRAI-NOS, SENHOR! De um novo time empresariado chegando, ufa! Da dor de corno ainda dos perdedores, \u201ca\u00ed doeu\u201d! Da ruma de profiss\u00f5es sem rumo nas escolas. Do Cid Gomes, ser um dia vereador de Sobral. Do mi-mi-mi pol\u00edtico da Santa Casa nos r\u00e1dios. Das Faculdades formando como bananas, ufa! Do\u2026","rel":"","context":"In &quot;Artigos&quot;","block_context":{"text":"Artigos","link":"https:\/\/correiodasemana.com\/site\/category\/artigos\/"},"img":{"alt_text":"","src":"https:\/\/i0.wp.com\/correiodasemana.com\/site\/wp-content\/uploads\/2021\/09\/Dr-Chico-Prado-Trofeu-Dom-Jose-1.jpg?resize=350%2C200&ssl=1","width":350,"height":200,"srcset":"https:\/\/i0.wp.com\/correiodasemana.com\/site\/wp-content\/uploads\/2021\/09\/Dr-Chico-Prado-Trofeu-Dom-Jose-1.jpg?resize=350%2C200&ssl=1 1x, https:\/\/i0.wp.com\/correiodasemana.com\/site\/wp-content\/uploads\/2021\/09\/Dr-Chico-Prado-Trofeu-Dom-Jose-1.jpg?resize=525%2C300&ssl=1 1.5x, https:\/\/i0.wp.com\/correiodasemana.com\/site\/wp-content\/uploads\/2021\/09\/Dr-Chico-Prado-Trofeu-Dom-Jose-1.jpg?resize=700%2C400&ssl=1 2x, https:\/\/i0.wp.com\/correiodasemana.com\/site\/wp-content\/uploads\/2021\/09\/Dr-Chico-Prado-Trofeu-Dom-Jose-1.jpg?resize=1050%2C600&ssl=1 3x, https:\/\/i0.wp.com\/correiodasemana.com\/site\/wp-content\/uploads\/2021\/09\/Dr-Chico-Prado-Trofeu-Dom-Jose-1.jpg?resize=1400%2C800&ssl=1 4x"},"classes":[]},{"id":27485,"url":"https:\/\/correiodasemana.com\/site\/becco-ponto-com-148\/","url_meta":{"origin":33962,"position":5},"title":"Becco Ponto Com","author":"adminredacao","date":"Dezembro 4, 2023","format":false,"excerpt":"LIVRAI-NOS, SENHOR! Dos casamentos movidos a \u201cPix Presentes\u201d Dos t\u00edtulos persona non grata via c\u00e2mara. Do mi mi mi dos pol\u00edticos de ocasi\u00e3o em 2024. Da piada de vice em uma viagem a Portugal, j\u00e1! Da ruma de calangos em cima do , ufa! Dos fgs perderem o poder \u201cvia\u2026","rel":"","context":"In &quot;Artigos&quot;","block_context":{"text":"Artigos","link":"https:\/\/correiodasemana.com\/site\/category\/artigos\/"},"img":{"alt_text":"","src":"https:\/\/i0.wp.com\/correiodasemana.com\/site\/wp-content\/uploads\/2021\/09\/Dr-Chico-Prado-Trofeu-Dom-Jose-1.jpg?resize=350%2C200&ssl=1","width":350,"height":200,"srcset":"https:\/\/i0.wp.com\/correiodasemana.com\/site\/wp-content\/uploads\/2021\/09\/Dr-Chico-Prado-Trofeu-Dom-Jose-1.jpg?resize=350%2C200&ssl=1 1x, https:\/\/i0.wp.com\/correiodasemana.com\/site\/wp-content\/uploads\/2021\/09\/Dr-Chico-Prado-Trofeu-Dom-Jose-1.jpg?resize=525%2C300&ssl=1 1.5x, https:\/\/i0.wp.com\/correiodasemana.com\/site\/wp-content\/uploads\/2021\/09\/Dr-Chico-Prado-Trofeu-Dom-Jose-1.jpg?resize=700%2C400&ssl=1 2x, https:\/\/i0.wp.com\/correiodasemana.com\/site\/wp-content\/uploads\/2021\/09\/Dr-Chico-Prado-Trofeu-Dom-Jose-1.jpg?resize=1050%2C600&ssl=1 3x, https:\/\/i0.wp.com\/correiodasemana.com\/site\/wp-content\/uploads\/2021\/09\/Dr-Chico-Prado-Trofeu-Dom-Jose-1.jpg?resize=1400%2C800&ssl=1 4x"},"classes":[]}],"jetpack_sharing_enabled":true,"_links":{"self":[{"href":"https:\/\/correiodasemana.com\/site\/wp-json\/wp\/v2\/posts\/33962","targetHints":{"allow":["GET"]}}],"collection":[{"href":"https:\/\/correiodasemana.com\/site\/wp-json\/wp\/v2\/posts"}],"about":[{"href":"https:\/\/correiodasemana.com\/site\/wp-json\/wp\/v2\/types\/post"}],"author":[{"embeddable":true,"href":"https:\/\/correiodasemana.com\/site\/wp-json\/wp\/v2\/users\/7"}],"replies":[{"embeddable":true,"href":"https:\/\/correiodasemana.com\/site\/wp-json\/wp\/v2\/comments?post=33962"}],"version-history":[{"count":2,"href":"https:\/\/correiodasemana.com\/site\/wp-json\/wp\/v2\/posts\/33962\/revisions"}],"predecessor-version":[{"id":33965,"href":"https:\/\/correiodasemana.com\/site\/wp-json\/wp\/v2\/posts\/33962\/revisions\/33965"}],"wp:featuredmedia":[{"embeddable":true,"href":"https:\/\/correiodasemana.com\/site\/wp-json\/wp\/v2\/media\/17508"}],"wp:attachment":[{"href":"https:\/\/correiodasemana.com\/site\/wp-json\/wp\/v2\/media?parent=33962"}],"wp:term":[{"taxonomy":"category","embeddable":true,"href":"https:\/\/correiodasemana.com\/site\/wp-json\/wp\/v2\/categories?post=33962"},{"taxonomy":"post_tag","embeddable":true,"href":"https:\/\/correiodasemana.com\/site\/wp-json\/wp\/v2\/tags?post=33962"}],"curies":[{"name":"wp","href":"https:\/\/api.w.org\/{rel}","templated":true}]}}