{"id":33966,"date":"2025-06-03T23:43:16","date_gmt":"2025-06-04T02:43:16","guid":{"rendered":"https:\/\/correiodasemana.com\/site\/?p=33966"},"modified":"2025-06-03T23:43:16","modified_gmt":"2025-06-04T02:43:16","slug":"grupo-esperanca-viva-de-sobral-comemora-15-anos","status":"publish","type":"post","link":"https:\/\/correiodasemana.com\/site\/grupo-esperanca-viva-de-sobral-comemora-15-anos\/","title":{"rendered":"Grupo Esperan\u00e7a Viva de Sobral comemora 15 anos"},"content":{"rendered":"<p>H\u00e1 15 anos em 2010 o Grupo Esperan\u00e7a Viva (GEV) de Sobral dava in\u00edcio a sua miss\u00e3o de acolher pessoas com problemas de depend\u00eancia qu\u00edmica junto com seus familiares. E a incumb\u00eancia do grupo at\u00e9 hoje \u00e9 fazer uma ponte para o ingresso do adicto na Fazenda da Esperan\u00e7a S\u00e3o Bento Sobral, ou encaminhar para outras unidades da Obra, j\u00e1 que temos em outras localidades ou Estados. Mas n\u00e3o parando por a\u00ed acolhe tamb\u00e9m as Fam\u00edlias que passam por esses problemas e que precisam se adaptar para assim saber lidar com essa problem\u00e1tica.<br \/>\nMuitas pessoas durante esse per\u00edodo se fazem Fam\u00edlias conosco nos momentos de encontros semanais. Essas pessoas, na maioria, chegavam a busca de uma solu\u00e7\u00e3o para sanar as dores que passavam referente ao uso de drogas. E o GEV por sua vez est\u00e1 preparado para ajudar na mudan\u00e7a dessa hist\u00f3ria junto com todos que buscam o mesmo o objetivo que \u00e9 a recupera\u00e7\u00e3o, a forma\u00e7\u00e3o de um homem novo.<br \/>\nAs reuni\u00f5es semanais acontecem no audit\u00f3rio da Diocese de Sobral, s\u00e3o os elementos principais do nosso funcionamento, pois s\u00e3o nesses momentos que disponibilizamos ajudas para vivermos uma nova realidade, que \u00e9 a viv\u00eancia da palavra de Deus no nosso dia a dia. \u00c9 atrav\u00e9s de grandes testemunhas e da viv\u00eancia da palavra que passamos a entender melhor as oportunidades de uma nova vida que come\u00e7am a surgir quando abra\u00e7amos a dor do outro. Todos s\u00e3o contemplados nesse trabalho mission\u00e1rio tanto o usu\u00e1rio, a Fam\u00edlia, ES que se recuperaram na Fazenda da Esperan\u00e7a e at\u00e9 mesmo, n\u00f3s volunt\u00e1rios, seja do GEV ou da Fazenda da Esperan\u00e7a.<br \/>\nDurante esses 15 anos sempre o GEV esteve presente nas Fam\u00edlias dos acolhidos que por aqui passaram, passam e at\u00e9 passar\u00e3o se fazendo presentes em todos os encontros e comungando com as hist\u00f3rias de vidas que nos acordam para entender e viver melhor a Palavra de Vida do Evangelho.<br \/>\n* Dona Gizelda \u00e9 uma pessoa que faz 9 anos que frequentemente est\u00e1 nos encontros, e fala que o GEV \u00e9, e sempre ser\u00e1, um alimento espiritual para vida dela. H\u00e1 tempos que a Filha passou por recupera\u00e7\u00e3o na Fazenda da Esperan\u00e7a e desde ent\u00e3o, ela nunca saiu do GEV, sempre presente apara ajudar aqueles que pretendem se recuperar dos v\u00edcios.<br \/>\n* Danilo \u00e9 um ES que fez a sua recupera\u00e7\u00e3o na Fazenda da Esperan\u00e7a, e depois passou um per\u00edodo de volunt\u00e1rios interno por 4 anos como respons\u00e1vel, somando uma experi\u00eancia de 8 anos dentro da Fazenda da Esperan\u00e7a. Hoje vivendo fora dela por op\u00e7\u00e3o de uma nova vida est\u00e1 em caminhada com a palavra de Deus junto com a fam\u00edlia.<br \/>\nEsses s\u00e3o alguns de muitos frutos gerados durante esses 15 anos para ilustra\u00e7\u00e3o dessa linda hist\u00f3ria do GEV de Sobral Santa Catarina de Labour\u00ea. O GEV (Grupo Esperan\u00e7a Viva)\u00a0\u00e9 um instrumento de evangeliza\u00e7\u00e3o, sendo uma extens\u00e3o da Fazenda da Esperan\u00e7a na sociedade ajudando sempre no processo de recupera\u00e7\u00e3o formando homens novos firmados no amor de Deus.<br \/>\nIvanildo Mello<\/p>\n<div id='gallery-1' class='gallery galleryid-33966 gallery-columns-3 gallery-size-medium'><figure class='gallery-item'>\n\t\t\t<div class='gallery-icon landscape'>\n\t\t\t\t<a href='https:\/\/correiodasemana.com\/site\/grupo-esperanca-viva-de-sobral-comemora-15-anos\/fazenda-da-esperanca-3-2-2\/'><img loading=\"lazy\" width=\"300\" height=\"221\" src=\"https:\/\/correiodasemana.com\/site\/wp-content\/uploads\/2025\/06\/Fazenda-da-esperanca-3-2-300x221.jpeg\" class=\"attachment-medium size-medium\" alt=\"Fazenda da esperan\u00e7a 3 (2)\" srcset=\"https:\/\/correiodasemana.com\/site\/wp-content\/uploads\/2025\/06\/Fazenda-da-esperanca-3-2-300x221.jpeg 300w, https:\/\/correiodasemana.com\/site\/wp-content\/uploads\/2025\/06\/Fazenda-da-esperanca-3-2-1024x753.jpeg 1024w, https:\/\/correiodasemana.com\/site\/wp-content\/uploads\/2025\/06\/Fazenda-da-esperanca-3-2-768x565.jpeg 768w, https:\/\/correiodasemana.com\/site\/wp-content\/uploads\/2025\/06\/Fazenda-da-esperanca-3-2-1536x1129.jpeg 1536w, https:\/\/correiodasemana.com\/site\/wp-content\/uploads\/2025\/06\/Fazenda-da-esperanca-3-2.jpeg 1570w\" sizes=\"auto, (max-width: 300px) 100vw, 300px\" loading=\"lazy\" decoding=\"async\" \/><\/a>\n\t\t\t<\/div><\/figure><figure class='gallery-item'>\n\t\t\t<div class='gallery-icon landscape'>\n\t\t\t\t<a href='https:\/\/correiodasemana.com\/site\/grupo-esperanca-viva-de-sobral-comemora-15-anos\/fazenda-da-esperanca-3-4\/'><img loading=\"lazy\" width=\"300\" height=\"187\" src=\"https:\/\/correiodasemana.com\/site\/wp-content\/uploads\/2025\/06\/Fazenda-da-esperanca-3-4-300x187.jpeg\" class=\"attachment-medium size-medium\" alt=\"Fazenda da esperan\u00e7a 3 (4)\" srcset=\"https:\/\/correiodasemana.com\/site\/wp-content\/uploads\/2025\/06\/Fazenda-da-esperanca-3-4-300x187.jpeg 300w, https:\/\/correiodasemana.com\/site\/wp-content\/uploads\/2025\/06\/Fazenda-da-esperanca-3-4-1024x638.jpeg 1024w, https:\/\/correiodasemana.com\/site\/wp-content\/uploads\/2025\/06\/Fazenda-da-esperanca-3-4-768x478.jpeg 768w, https:\/\/correiodasemana.com\/site\/wp-content\/uploads\/2025\/06\/Fazenda-da-esperanca-3-4-1536x956.jpeg 1536w, https:\/\/correiodasemana.com\/site\/wp-content\/uploads\/2025\/06\/Fazenda-da-esperanca-3-4-800x500.jpeg 800w, https:\/\/correiodasemana.com\/site\/wp-content\/uploads\/2025\/06\/Fazenda-da-esperanca-3-4-400x250.jpeg 400w, https:\/\/correiodasemana.com\/site\/wp-content\/uploads\/2025\/06\/Fazenda-da-esperanca-3-4.jpeg 1553w\" sizes=\"auto, (max-width: 300px) 100vw, 300px\" loading=\"lazy\" decoding=\"async\" \/><\/a>\n\t\t\t<\/div><\/figure><figure class='gallery-item'>\n\t\t\t<div class='gallery-icon landscape'>\n\t\t\t\t<a href='https:\/\/correiodasemana.com\/site\/grupo-esperanca-viva-de-sobral-comemora-15-anos\/fazenda-da-esperanca-3-5\/'><img loading=\"lazy\" width=\"300\" height=\"165\" src=\"https:\/\/correiodasemana.com\/site\/wp-content\/uploads\/2025\/06\/Fazenda-da-esperanca-3-5-300x165.jpeg\" class=\"attachment-medium size-medium\" alt=\"Fazenda da esperan\u00e7a 3 (5)\" srcset=\"https:\/\/correiodasemana.com\/site\/wp-content\/uploads\/2025\/06\/Fazenda-da-esperanca-3-5-300x165.jpeg 300w, https:\/\/correiodasemana.com\/site\/wp-content\/uploads\/2025\/06\/Fazenda-da-esperanca-3-5-1024x563.jpeg 1024w, https:\/\/correiodasemana.com\/site\/wp-content\/uploads\/2025\/06\/Fazenda-da-esperanca-3-5-768x422.jpeg 768w, https:\/\/correiodasemana.com\/site\/wp-content\/uploads\/2025\/06\/Fazenda-da-esperanca-3-5-1536x844.jpeg 1536w, https:\/\/correiodasemana.com\/site\/wp-content\/uploads\/2025\/06\/Fazenda-da-esperanca-3-5.jpeg 1569w\" sizes=\"auto, (max-width: 300px) 100vw, 300px\" loading=\"lazy\" decoding=\"async\" \/><\/a>\n\t\t\t<\/div><\/figure><figure class='gallery-item'>\n\t\t\t<div class='gallery-icon landscape'>\n\t\t\t\t<a href='https:\/\/correiodasemana.com\/site\/grupo-esperanca-viva-de-sobral-comemora-15-anos\/fazenda-da-esperanca-3-6\/'><img loading=\"lazy\" width=\"300\" height=\"222\" src=\"https:\/\/correiodasemana.com\/site\/wp-content\/uploads\/2025\/06\/Fazenda-da-esperanca-3-6-300x222.jpeg\" class=\"attachment-medium size-medium\" alt=\"Fazenda da esperan\u00e7a 3 (6)\" srcset=\"https:\/\/correiodasemana.com\/site\/wp-content\/uploads\/2025\/06\/Fazenda-da-esperanca-3-6-300x222.jpeg 300w, https:\/\/correiodasemana.com\/site\/wp-content\/uploads\/2025\/06\/Fazenda-da-esperanca-3-6-1024x759.jpeg 1024w, https:\/\/correiodasemana.com\/site\/wp-content\/uploads\/2025\/06\/Fazenda-da-esperanca-3-6-768x569.jpeg 768w, https:\/\/correiodasemana.com\/site\/wp-content\/uploads\/2025\/06\/Fazenda-da-esperanca-3-6-1536x1138.jpeg 1536w, https:\/\/correiodasemana.com\/site\/wp-content\/uploads\/2025\/06\/Fazenda-da-esperanca-3-6.jpeg 1576w\" sizes=\"auto, (max-width: 300px) 100vw, 300px\" loading=\"lazy\" decoding=\"async\" \/><\/a>\n\t\t\t<\/div><\/figure><figure class='gallery-item'>\n\t\t\t<div class='gallery-icon landscape'>\n\t\t\t\t<a href='https:\/\/correiodasemana.com\/site\/grupo-esperanca-viva-de-sobral-comemora-15-anos\/fazenda-da-esperanca-3-7\/'><img loading=\"lazy\" width=\"300\" height=\"184\" src=\"https:\/\/correiodasemana.com\/site\/wp-content\/uploads\/2025\/06\/Fazenda-da-esperanca-3-7-300x184.jpeg\" class=\"attachment-medium size-medium\" alt=\"Fazenda da esperan\u00e7a 3 (7)\" srcset=\"https:\/\/correiodasemana.com\/site\/wp-content\/uploads\/2025\/06\/Fazenda-da-esperanca-3-7-300x184.jpeg 300w, https:\/\/correiodasemana.com\/site\/wp-content\/uploads\/2025\/06\/Fazenda-da-esperanca-3-7-1024x629.jpeg 1024w, https:\/\/correiodasemana.com\/site\/wp-content\/uploads\/2025\/06\/Fazenda-da-esperanca-3-7-768x472.jpeg 768w, https:\/\/correiodasemana.com\/site\/wp-content\/uploads\/2025\/06\/Fazenda-da-esperanca-3-7-1536x944.jpeg 1536w, https:\/\/correiodasemana.com\/site\/wp-content\/uploads\/2025\/06\/Fazenda-da-esperanca-3-7.jpeg 1570w\" sizes=\"auto, (max-width: 300px) 100vw, 300px\" loading=\"lazy\" decoding=\"async\" \/><\/a>\n\t\t\t<\/div><\/figure><figure class='gallery-item'>\n\t\t\t<div class='gallery-icon landscape'>\n\t\t\t\t<a href='https:\/\/correiodasemana.com\/site\/grupo-esperanca-viva-de-sobral-comemora-15-anos\/fazenda-da-esperanca-3-8\/'><img loading=\"lazy\" width=\"300\" height=\"222\" src=\"https:\/\/correiodasemana.com\/site\/wp-content\/uploads\/2025\/06\/Fazenda-da-esperanca-3-8-300x222.jpeg\" class=\"attachment-medium size-medium\" alt=\"Fazenda da esperan\u00e7a 3 (8)\" srcset=\"https:\/\/correiodasemana.com\/site\/wp-content\/uploads\/2025\/06\/Fazenda-da-esperanca-3-8-300x222.jpeg 300w, https:\/\/correiodasemana.com\/site\/wp-content\/uploads\/2025\/06\/Fazenda-da-esperanca-3-8-1024x758.jpeg 1024w, https:\/\/correiodasemana.com\/site\/wp-content\/uploads\/2025\/06\/Fazenda-da-esperanca-3-8-768x569.jpeg 768w, https:\/\/correiodasemana.com\/site\/wp-content\/uploads\/2025\/06\/Fazenda-da-esperanca-3-8-1536x1138.jpeg 1536w, https:\/\/correiodasemana.com\/site\/wp-content\/uploads\/2025\/06\/Fazenda-da-esperanca-3-8.jpeg 1573w\" sizes=\"auto, (max-width: 300px) 100vw, 300px\" loading=\"lazy\" decoding=\"async\" \/><\/a>\n\t\t\t<\/div><\/figure><figure class='gallery-item'>\n\t\t\t<div class='gallery-icon landscape'>\n\t\t\t\t<a href='https:\/\/correiodasemana.com\/site\/grupo-esperanca-viva-de-sobral-comemora-15-anos\/fazenda-da-esperanca-3-9\/'><img loading=\"lazy\" width=\"300\" height=\"219\" src=\"https:\/\/correiodasemana.com\/site\/wp-content\/uploads\/2025\/06\/Fazenda-da-esperanca-3-9-300x219.jpeg\" class=\"attachment-medium size-medium\" alt=\"Fazenda da esperan\u00e7a 3 (9)\" srcset=\"https:\/\/correiodasemana.com\/site\/wp-content\/uploads\/2025\/06\/Fazenda-da-esperanca-3-9-300x219.jpeg 300w, https:\/\/correiodasemana.com\/site\/wp-content\/uploads\/2025\/06\/Fazenda-da-esperanca-3-9-1024x746.jpeg 1024w, https:\/\/correiodasemana.com\/site\/wp-content\/uploads\/2025\/06\/Fazenda-da-esperanca-3-9-768x560.jpeg 768w, https:\/\/correiodasemana.com\/site\/wp-content\/uploads\/2025\/06\/Fazenda-da-esperanca-3-9.jpeg 1533w\" sizes=\"auto, (max-width: 300px) 100vw, 300px\" loading=\"lazy\" decoding=\"async\" \/><\/a>\n\t\t\t<\/div><\/figure>\n\t\t<\/div>\n\n","protected":false},"excerpt":{"rendered":"<p>H\u00e1 15 anos em 2010 o Grupo Esperan\u00e7a Viva (GEV) de Sobral dava in\u00edcio a&#8230;<\/p>\n","protected":false},"author":7,"featured_media":33967,"comment_status":"open","ping_status":"open","sticky":false,"template":"","format":"standard","meta":{"_jetpack_memberships_contains_paid_content":false,"footnotes":"","jetpack_publicize_message":"","jetpack_publicize_feature_enabled":true,"jetpack_social_post_already_shared":true,"jetpack_social_options":{"image_generator_settings":{"template":"highway","default_image_id":0,"font":"","enabled":false},"version":2}},"categories":[1],"tags":[],"class_list":["post-33966","post","type-post","status-publish","format-standard","has-post-thumbnail","hentry","category-atualidade"],"jetpack_publicize_connections":[],"jetpack_featured_media_url":"https:\/\/correiodasemana.com\/site\/wp-content\/uploads\/2025\/06\/Fazenda-da-esperanca-3-2.jpeg","jetpack-related-posts":[{"id":31922,"url":"https:\/\/correiodasemana.com\/site\/fazenda-da-esperanca-sao-bento-celebra-16-anos-com-triduo-e-reforca-o-compromisso-com-o-amor-ao-proximo\/","url_meta":{"origin":33966,"position":0},"title":"Fazenda da Esperan\u00e7a S\u00e3o Bento celebra 16 anos com Tr\u00edduo e refor\u00e7a o compromisso com o amor ao pr\u00f3ximo","author":"adminredacao","date":"Dezembro 24, 2024","format":false,"excerpt":"A Fazenda da Esperan\u00e7a S\u00e3o Bento, situada na comunidade de Lagoa Queimada, a um pouco mais de 20km de dist\u00e2ncia de Sobral, realizou de 13 a 15 de dezembro o Tr\u00edduo em comemora\u00e7\u00e3o aos 16 anos de cria\u00e7\u00e3o da obra social, com o tema: \u201cPeregrinos da Esperan\u00e7a\u201d e o lema:\u2026","rel":"","context":"In &quot;Atualidade&quot;","block_context":{"text":"Atualidade","link":"https:\/\/correiodasemana.com\/site\/category\/atualidade\/"},"img":{"alt_text":"","src":"https:\/\/i0.wp.com\/correiodasemana.com\/site\/wp-content\/uploads\/2024\/12\/fazenda-da-esperanca-6.jpg?resize=350%2C200&ssl=1","width":350,"height":200,"srcset":"https:\/\/i0.wp.com\/correiodasemana.com\/site\/wp-content\/uploads\/2024\/12\/fazenda-da-esperanca-6.jpg?resize=350%2C200&ssl=1 1x, https:\/\/i0.wp.com\/correiodasemana.com\/site\/wp-content\/uploads\/2024\/12\/fazenda-da-esperanca-6.jpg?resize=525%2C300&ssl=1 1.5x, https:\/\/i0.wp.com\/correiodasemana.com\/site\/wp-content\/uploads\/2024\/12\/fazenda-da-esperanca-6.jpg?resize=700%2C400&ssl=1 2x, https:\/\/i0.wp.com\/correiodasemana.com\/site\/wp-content\/uploads\/2024\/12\/fazenda-da-esperanca-6.jpg?resize=1050%2C600&ssl=1 3x, https:\/\/i0.wp.com\/correiodasemana.com\/site\/wp-content\/uploads\/2024\/12\/fazenda-da-esperanca-6.jpg?resize=1400%2C800&ssl=1 4x"},"classes":[]},{"id":31114,"url":"https:\/\/correiodasemana.com\/site\/grupo-esperanca-viva-realiza-encontro-em-tiangua\/","url_meta":{"origin":33966,"position":1},"title":"GRUPO &#8220;ESPERAN\u00c7A VIVA&#8221; REALIZA ENCONTRO EM TIANGU\u00c1","author":"adminredacao","date":"Outubro 21, 2024","format":false,"excerpt":"Nos dias 12 e 13 de outubro foi realizada a Escola Grupo Esperan\u00e7a Viva- GEV em Tiangu\u00e1 contanto com a participa\u00e7\u00e3o dos representantes dos estados do Cear\u00e1, Rio Grande do Norte, Para\u00edba e Pernambuco. Alguns representantes da Fazenda da Esperan\u00e7a e do GEV de Sobral participaram colaborando de forma expressiva\u2026","rel":"","context":"In &quot;Atualidade&quot;","block_context":{"text":"Atualidade","link":"https:\/\/correiodasemana.com\/site\/category\/atualidade\/"},"img":{"alt_text":"","src":"https:\/\/i0.wp.com\/correiodasemana.com\/site\/wp-content\/uploads\/2024\/10\/foto-tiangua3.jpeg?resize=350%2C200&ssl=1","width":350,"height":200,"srcset":"https:\/\/i0.wp.com\/correiodasemana.com\/site\/wp-content\/uploads\/2024\/10\/foto-tiangua3.jpeg?resize=350%2C200&ssl=1 1x, https:\/\/i0.wp.com\/correiodasemana.com\/site\/wp-content\/uploads\/2024\/10\/foto-tiangua3.jpeg?resize=525%2C300&ssl=1 1.5x, https:\/\/i0.wp.com\/correiodasemana.com\/site\/wp-content\/uploads\/2024\/10\/foto-tiangua3.jpeg?resize=700%2C400&ssl=1 2x, https:\/\/i0.wp.com\/correiodasemana.com\/site\/wp-content\/uploads\/2024\/10\/foto-tiangua3.jpeg?resize=1050%2C600&ssl=1 3x, https:\/\/i0.wp.com\/correiodasemana.com\/site\/wp-content\/uploads\/2024\/10\/foto-tiangua3.jpeg?resize=1400%2C800&ssl=1 4x"},"classes":[]},{"id":11483,"url":"https:\/\/correiodasemana.com\/site\/fazenda-da-esperanca-realiza-acao-para-acolher-moradores-de-rua-e-pede-doacoes\/","url_meta":{"origin":33966,"position":2},"title":"Fazenda da Esperan\u00e7a realiza a\u00e7\u00e3o para acolher moradores de rua e pede doa\u00e7\u00f5es","author":"","date":"Maio 30, 2020","format":false,"excerpt":"Com o desejo de ser uma resposta concreta a pessoas que n\u00e3o t\u00eam moradia, em meio \u00e0 pandemia causada pelo novo coronav\u00edrus, a Fazenda da Esperan\u00e7a, comunidade terap\u00eautica que atua na recupera\u00e7\u00e3o de dependentes qu\u00edmicos, iniciou uma grande campanha de acolhida a moradores de rua. Em Sobral, a Fazenda da\u2026","rel":"","context":"In &quot;Atualidade&quot;","block_context":{"text":"Atualidade","link":"https:\/\/correiodasemana.com\/site\/category\/atualidade\/"},"img":{"alt_text":"","src":"https:\/\/i0.wp.com\/correiodasemana.com\/site\/wp-content\/uploads\/2020\/05\/fazenda-da-esperan%C3%A7a-1.jpg?resize=350%2C200&ssl=1","width":350,"height":200,"srcset":"https:\/\/i0.wp.com\/correiodasemana.com\/site\/wp-content\/uploads\/2020\/05\/fazenda-da-esperan%C3%A7a-1.jpg?resize=350%2C200&ssl=1 1x, https:\/\/i0.wp.com\/correiodasemana.com\/site\/wp-content\/uploads\/2020\/05\/fazenda-da-esperan%C3%A7a-1.jpg?resize=525%2C300&ssl=1 1.5x, https:\/\/i0.wp.com\/correiodasemana.com\/site\/wp-content\/uploads\/2020\/05\/fazenda-da-esperan%C3%A7a-1.jpg?resize=700%2C400&ssl=1 2x, https:\/\/i0.wp.com\/correiodasemana.com\/site\/wp-content\/uploads\/2020\/05\/fazenda-da-esperan%C3%A7a-1.jpg?resize=1050%2C600&ssl=1 3x"},"classes":[]},{"id":32825,"url":"https:\/\/correiodasemana.com\/site\/retiro-de-carnaval-com-cristo-a-esperanca-nao-decepciona\/","url_meta":{"origin":33966,"position":3},"title":"Retiro de Carnaval com Cristo \u201cA esperan\u00e7a n\u00e3o decepciona\u201d","author":"adminredacao","date":"Mar\u00e7o 10, 2025","format":false,"excerpt":"No per\u00edodo de 01 a 04 de mar\u00e7o de 2025 foi realizado o Retiro de Carnaval com Cristo na Fazenda da Esperan\u00e7a por meio das celebra\u00e7\u00f5es das Santas Missas, Adora\u00e7\u00e3o ao Sant\u00edssimo e realiza\u00e7\u00e3o de Palestras e Show com as Comunidades Cat\u00f3licas Shalom e Rainha da Paz. Segundo Romanos (5:5)\u2026","rel":"","context":"In &quot;Atualidade&quot;","block_context":{"text":"Atualidade","link":"https:\/\/correiodasemana.com\/site\/category\/atualidade\/"},"img":{"alt_text":"","src":"https:\/\/i0.wp.com\/correiodasemana.com\/site\/wp-content\/uploads\/2025\/03\/retiro3-1.jpeg?resize=350%2C200&ssl=1","width":350,"height":200,"srcset":"https:\/\/i0.wp.com\/correiodasemana.com\/site\/wp-content\/uploads\/2025\/03\/retiro3-1.jpeg?resize=350%2C200&ssl=1 1x, https:\/\/i0.wp.com\/correiodasemana.com\/site\/wp-content\/uploads\/2025\/03\/retiro3-1.jpeg?resize=525%2C300&ssl=1 1.5x, https:\/\/i0.wp.com\/correiodasemana.com\/site\/wp-content\/uploads\/2025\/03\/retiro3-1.jpeg?resize=700%2C400&ssl=1 2x, https:\/\/i0.wp.com\/correiodasemana.com\/site\/wp-content\/uploads\/2025\/03\/retiro3-1.jpeg?resize=1050%2C600&ssl=1 3x, https:\/\/i0.wp.com\/correiodasemana.com\/site\/wp-content\/uploads\/2025\/03\/retiro3-1.jpeg?resize=1400%2C800&ssl=1 4x"},"classes":[]},{"id":30252,"url":"https:\/\/correiodasemana.com\/site\/encontro-regional-da-familia-da-esperanca-de-sobral\/","url_meta":{"origin":33966,"position":4},"title":"Encontro Regional da Fam\u00edlia da Esperan\u00e7a de Sobral","author":"adminredacao","date":"Agosto 3, 2024","format":false,"excerpt":"A Fam\u00edlia da Esperan\u00e7a \u00e9 uma Associa\u00e7\u00e3o Internacional de Fi\u00e9is, aprovada pelo Pontif\u00edcio Conselho para os Leigos da Igreja Cat\u00f3lica, uma nova comunidade nascida em meio aos mais necessitados. O objetivo da Fam\u00edlia da Esperan\u00e7a \u00e9 a santifica\u00e7\u00e3o de seus membros atrav\u00e9s da pr\u00e1tica do amor rec\u00edproco, da viv\u00eancia das\u2026","rel":"","context":"In &quot;Atualidade&quot;","block_context":{"text":"Atualidade","link":"https:\/\/correiodasemana.com\/site\/category\/atualidade\/"},"img":{"alt_text":"","src":"https:\/\/i0.wp.com\/correiodasemana.com\/site\/wp-content\/uploads\/2024\/08\/WhatsApp-Image-2024-07-22-at-09.11.15.jpeg?resize=350%2C200&ssl=1","width":350,"height":200,"srcset":"https:\/\/i0.wp.com\/correiodasemana.com\/site\/wp-content\/uploads\/2024\/08\/WhatsApp-Image-2024-07-22-at-09.11.15.jpeg?resize=350%2C200&ssl=1 1x, https:\/\/i0.wp.com\/correiodasemana.com\/site\/wp-content\/uploads\/2024\/08\/WhatsApp-Image-2024-07-22-at-09.11.15.jpeg?resize=525%2C300&ssl=1 1.5x, https:\/\/i0.wp.com\/correiodasemana.com\/site\/wp-content\/uploads\/2024\/08\/WhatsApp-Image-2024-07-22-at-09.11.15.jpeg?resize=700%2C400&ssl=1 2x, https:\/\/i0.wp.com\/correiodasemana.com\/site\/wp-content\/uploads\/2024\/08\/WhatsApp-Image-2024-07-22-at-09.11.15.jpeg?resize=1050%2C600&ssl=1 3x, https:\/\/i0.wp.com\/correiodasemana.com\/site\/wp-content\/uploads\/2024\/08\/WhatsApp-Image-2024-07-22-at-09.11.15.jpeg?resize=1400%2C800&ssl=1 4x"},"classes":[]},{"id":22636,"url":"https:\/\/correiodasemana.com\/site\/alegrias-e-esperancas-tristezas-e-angustias\/","url_meta":{"origin":33966,"position":5},"title":"ALEGRIAS E ESPERAN\u00c7AS, TRISTEZAS E ANG\u00daSTIAS","author":"adminredacao","date":"Janeiro 8, 2023","format":false,"excerpt":"Desejamos concluir em reflex\u00e3o, ora\u00e7\u00e3o e a\u00e7\u00e3o de gra\u00e7as o ano de 2022, com palavras que certamente nos acompanhar\u00e3o no Ano Novo, dedicado, por convoca\u00e7\u00e3o do Papa Francisco, \u00e0 redescoberta e valoriza\u00e7\u00e3o do Conc\u00edlio Vaticano II, como parte da prepara\u00e7\u00e3o do Grande Jubileu do ano de 2025: \u201cAs alegrias e\u2026","rel":"","context":"In &quot;A voz do Pastor&quot;","block_context":{"text":"A voz do Pastor","link":"https:\/\/correiodasemana.com\/site\/category\/a-voz-do-pastor\/"},"img":{"alt_text":"","src":"https:\/\/i0.wp.com\/correiodasemana.com\/site\/wp-content\/uploads\/2018\/02\/Dom-Vasconcelos-posses.jpg?resize=350%2C200&ssl=1","width":350,"height":200,"srcset":"https:\/\/i0.wp.com\/correiodasemana.com\/site\/wp-content\/uploads\/2018\/02\/Dom-Vasconcelos-posses.jpg?resize=350%2C200&ssl=1 1x, https:\/\/i0.wp.com\/correiodasemana.com\/site\/wp-content\/uploads\/2018\/02\/Dom-Vasconcelos-posses.jpg?resize=525%2C300&ssl=1 1.5x, https:\/\/i0.wp.com\/correiodasemana.com\/site\/wp-content\/uploads\/2018\/02\/Dom-Vasconcelos-posses.jpg?resize=700%2C400&ssl=1 2x"},"classes":[]}],"jetpack_sharing_enabled":true,"_links":{"self":[{"href":"https:\/\/correiodasemana.com\/site\/wp-json\/wp\/v2\/posts\/33966","targetHints":{"allow":["GET"]}}],"collection":[{"href":"https:\/\/correiodasemana.com\/site\/wp-json\/wp\/v2\/posts"}],"about":[{"href":"https:\/\/correiodasemana.com\/site\/wp-json\/wp\/v2\/types\/post"}],"author":[{"embeddable":true,"href":"https:\/\/correiodasemana.com\/site\/wp-json\/wp\/v2\/users\/7"}],"replies":[{"embeddable":true,"href":"https:\/\/correiodasemana.com\/site\/wp-json\/wp\/v2\/comments?post=33966"}],"version-history":[{"count":1,"href":"https:\/\/correiodasemana.com\/site\/wp-json\/wp\/v2\/posts\/33966\/revisions"}],"predecessor-version":[{"id":33974,"href":"https:\/\/correiodasemana.com\/site\/wp-json\/wp\/v2\/posts\/33966\/revisions\/33974"}],"wp:featuredmedia":[{"embeddable":true,"href":"https:\/\/correiodasemana.com\/site\/wp-json\/wp\/v2\/media\/33967"}],"wp:attachment":[{"href":"https:\/\/correiodasemana.com\/site\/wp-json\/wp\/v2\/media?parent=33966"}],"wp:term":[{"taxonomy":"category","embeddable":true,"href":"https:\/\/correiodasemana.com\/site\/wp-json\/wp\/v2\/categories?post=33966"},{"taxonomy":"post_tag","embeddable":true,"href":"https:\/\/correiodasemana.com\/site\/wp-json\/wp\/v2\/tags?post=33966"}],"curies":[{"name":"wp","href":"https:\/\/api.w.org\/{rel}","templated":true}]}}