{"id":35394,"date":"2025-09-01T16:26:07","date_gmt":"2025-09-01T19:26:07","guid":{"rendered":"https:\/\/correiodasemana.com\/site\/?p=35394"},"modified":"2025-09-01T16:26:07","modified_gmt":"2025-09-01T19:26:07","slug":"em-tempo-292","status":"publish","type":"post","link":"https:\/\/correiodasemana.com\/site\/em-tempo-292\/","title":{"rendered":"EM TEMPO \u2022"},"content":{"rendered":"<p><strong>Festival de Orquestras Jovens em Sobral<\/strong><br \/>\nSobral \u00e9 palco da 6\u00aa edi\u00e7\u00e3o sul-americana e 36\u00aa edi\u00e7\u00e3o mundial do Festival Internacional de Orquestras de Jovens \u2013 Eurochestries. Programa\u00e7\u00e3o iniciou dia 28 de agosto e segue at\u00e9 6 de setembro, com 90 jovens m\u00fasicos de diferentes pa\u00edses em apresenta\u00e7\u00f5es abertas ao p\u00fablico.<br \/>\nParticipam grupo EBE Ensemble, Camerata do Instituto Adventista de Ensino de Santa Catarina, Quinteto de Metais do Col\u00e9gio Piamarta de Fortaleza, Orquestra de C\u00e2mara da UFC Sobral, Orquestra Sinf\u00f4nica da UFC e m\u00fasicos individuais do Brasil, da Argentina e da Fran\u00e7a.<\/p>\n<p><strong>Pr\u00eamio Fecom\u00e9rcio Cear\u00e1 de Jornalismo<\/strong><br \/>\nPrimeira edi\u00e7\u00e3o do Pr\u00eamio Fecom\u00e9rcio Cear\u00e1 de Jornalismo est\u00e1 com inscri\u00e7\u00f5es abertas. S\u00e3o at\u00e9 R$ 100 mil em premia\u00e7\u00f5es para a capital e o interior. Inscri\u00e7\u00f5es s\u00e3o gratuitas e podem ser realizadas at\u00e9 19 de setembro, exclusivamente pelo site www.fecomercio-ce.com.br.<br \/>\nCom a tem\u00e1tica \u201cUma hist\u00f3ria de tanta gente: o impacto social das a\u00e7\u00f5es do Sistema Fecom\u00e9rcio na vida dos cearenses\u201d, o pr\u00eamio reconhece produ\u00e7\u00f5es que destaquem o impacto das iniciativas do Sistema Fecom\u00e9rcio &#8211; por meio do Sesc e do Senac- na vida da popula\u00e7\u00e3o.<\/p>\n<p><strong>Autora cearense \u00e9 finalista do Oceanos 2025<\/strong><\/p>\n<div id='gallery-1' class='gallery galleryid-35394 gallery-columns-6 gallery-size-thumbnail'><figure class='gallery-item'>\n\t\t\t<div class='gallery-icon landscape'>\n\t\t\t\t<a href='https:\/\/correiodasemana.com\/site\/em-tempo-292\/ok-ana-marcia\/'><img loading=\"lazy\" width=\"150\" height=\"150\" src=\"https:\/\/correiodasemana.com\/site\/wp-content\/uploads\/2025\/09\/OK-ana-marcia-150x150.png\" class=\"attachment-thumbnail size-thumbnail\" alt=\"OK ana marcia\" loading=\"lazy\" decoding=\"async\" \/><\/a>\n\t\t\t<\/div><\/figure>\n\t\t<\/div>\n\n<p><strong>Ana M\u00e1rcia Di\u00f3genes concorre com o romance \u201cBuraco de Dentro\u201d<\/strong><br \/>\nA jornalista e professora cearense Ana M\u00e1rcia Di\u00f3genes \u00e9 uma das 50 finalistas do Oceanos Pr\u00eamio de Literatura em L\u00edngua Portuguesa. Entre os finalistas est\u00e3o concorrentes de 12 estados brasileiros, al\u00e9m de autores da Angola, Cabo Verde, Mo\u00e7ambique e Portugal.<br \/>\nDividido em duas categorias, Poesia e Prosa, com 25 concorrentes em cada, o Pr\u00eamio Oceanos tem a escritora como \u00fanica representante do Cear\u00e1 nesta edi\u00e7\u00e3o. Ana M\u00e1rcia Di\u00f3genes integra a sele\u00e7\u00e3o com o livro \u201cBuraco de Dentro\u201d, publicado pela Editora Patu\u00e1 em 2024.<\/p>\n<p><strong>Doa\u00e7\u00f5es para as Obras Sociais Irm\u00e3 Dulce<\/strong><br \/>\nOs Correios e as Obras Sociais Irm\u00e3 Dulce lan\u00e7aram servi\u00e7o de recebimento de doa\u00e7\u00f5es para a institui\u00e7\u00e3o nas ag\u00eancias de todo o pa\u00eds. Para doar, o cliente deve manifestar o desejo de ajudar a institui\u00e7\u00e3o, informando CPF ou CNPJ. Doa\u00e7\u00f5es podem ser feitas a partir de R$ 5,00.<br \/>\nLan\u00e7amento ocorreu, dia 21 deste m\u00eas, em Salvador, sede do trabalho de assist\u00eancia aos pobres e doentes na Bahia, iniciado quando ela ainda era conhecida como Irm\u00e3 Dulce. No m\u00eas de agosto ocorrem as celebra\u00e7\u00f5es \u00e0 Santa Dulce dos Pobres, a primeira santa brasileira.<\/p>\n<p><strong>Morre cartunista Jaguar no Rio de Janeiro<\/strong><br \/>\nCartunista S\u00e9rgio de Magalh\u00e3es Gomes Jaguaribe, conhecido por Jaguar, morreu aos 93 anos, dia 24 de agosto, no Rio de Janeiro. Estava em interna\u00e7\u00e3o com pneumonia no Copa D\u2019Or. Ele foi um dos fundadores do \u201cO Pasquim\u201d, jornal sat\u00edrico que enfrentou a ditadura militar.<br \/>\nNascido em 1932, Jaguar se consagrou como um dos principais cartunistas da revista \u201cSenhor\u201d nos anos 1960 e colaborou tamb\u00e9m para a Revista \u201cCiviliza\u00e7\u00e3o Brasileira\u201d, a \u201cRevista da Semana\u201d, a \u201cPif-Paf\u201d, a revista Manchete e jornais \u201c\u00daltima Hora\u201d e \u201cTribuna da Imprensa\u201d<\/p>\n<p>Dica da Coluna<br \/>\nLeia o Blog do Edilson (www.blogdoedilson.com.br): Cultura, educa\u00e7\u00e3o, pol\u00edtica e utilidade p\u00fablica.<\/p>\n","protected":false},"excerpt":{"rendered":"<p>Festival de Orquestras Jovens em Sobral Sobral \u00e9 palco da 6\u00aa edi\u00e7\u00e3o sul-americana e 36\u00aa&#8230;<\/p>\n","protected":false},"author":7,"featured_media":18025,"comment_status":"open","ping_status":"open","sticky":false,"template":"","format":"standard","meta":{"_jetpack_memberships_contains_paid_content":false,"footnotes":"","jetpack_publicize_message":"","jetpack_publicize_feature_enabled":true,"jetpack_social_post_already_shared":true,"jetpack_social_options":{"image_generator_settings":{"template":"highway","default_image_id":0,"font":"","enabled":false},"version":2}},"categories":[11,36],"tags":[],"class_list":["post-35394","post","type-post","status-publish","format-standard","has-post-thumbnail","hentry","category-artigos","category-em-tempo"],"jetpack_publicize_connections":[],"jetpack_featured_media_url":"https:\/\/correiodasemana.com\/site\/wp-content\/uploads\/2021\/11\/Edilson-Silva.jpg","jetpack-related-posts":[{"id":25398,"url":"https:\/\/correiodasemana.com\/site\/em-tempo-181\/","url_meta":{"origin":35394,"position":0},"title":"EM TEMPO \u2022","author":"adminredacao","date":"Junho 26, 2023","format":false,"excerpt":"Audiovisual de Sobral em C\u00f3rdoba \u201cUm patrim\u00f4nio chamado Sobral\u201d. Este \u00e9 o document\u00e1rio da docente Telma Bessa Sales, da Universidade Estadual Vale do Acara\u00fa, aceito para a III Jornada Iberoamericana de Jovens Pesquisadores em Patrim\u00f4nio Industrial, em C\u00f3rdoba, Espanha, de 13 a 17 de novembro de 2023. A produ\u00e7\u00e3o audiovisual\u2026","rel":"","context":"In &quot;Artigos&quot;","block_context":{"text":"Artigos","link":"https:\/\/correiodasemana.com\/site\/category\/artigos\/"},"img":{"alt_text":"","src":"https:\/\/i0.wp.com\/correiodasemana.com\/site\/wp-content\/uploads\/2023\/06\/ft_230622_eurochestriessobraldois_gr-300x200.png?resize=350%2C200&ssl=1","width":350,"height":200},"classes":[]},{"id":35455,"url":"https:\/\/correiodasemana.com\/site\/em-tempo-293\/","url_meta":{"origin":35394,"position":1},"title":"EM TEMPO \u2022","author":"adminredacao","date":"Setembro 8, 2025","format":false,"excerpt":"Curso de Cinema e Audiovisual na UFCA Ap\u00f3s mais de 10 anos desde a primeira proposta de cria\u00e7\u00e3o de gradua\u00e7\u00e3o em Cinema e Audiovisual na Universidade Federal do Cariri (UFCA), a institui\u00e7\u00e3o de ensino sediada em Juazeiro do Norte ganhar\u00e1 o esperado curso, com previs\u00e3o da primeira turma para 2027.\u2026","rel":"","context":"In &quot;Artigos&quot;","block_context":{"text":"Artigos","link":"https:\/\/correiodasemana.com\/site\/category\/artigos\/"},"img":{"alt_text":"","src":"https:\/\/i0.wp.com\/correiodasemana.com\/site\/wp-content\/uploads\/2025\/09\/Flora-Airto-e-Ricardo.-Foto-Maria-Bacelar-150x150.jpg?resize=350%2C200&ssl=1","width":350,"height":200,"srcset":"https:\/\/i0.wp.com\/correiodasemana.com\/site\/wp-content\/uploads\/2025\/09\/Flora-Airto-e-Ricardo.-Foto-Maria-Bacelar-150x150.jpg?resize=350%2C200&ssl=1 1x, https:\/\/i0.wp.com\/correiodasemana.com\/site\/wp-content\/uploads\/2025\/09\/Flora-Airto-e-Ricardo.-Foto-Maria-Bacelar-150x150.jpg?resize=525%2C300&ssl=1 1.5x, https:\/\/i0.wp.com\/correiodasemana.com\/site\/wp-content\/uploads\/2025\/09\/Flora-Airto-e-Ricardo.-Foto-Maria-Bacelar-150x150.jpg?resize=700%2C400&ssl=1 2x, https:\/\/i0.wp.com\/correiodasemana.com\/site\/wp-content\/uploads\/2025\/09\/Flora-Airto-e-Ricardo.-Foto-Maria-Bacelar-150x150.jpg?resize=1050%2C600&ssl=1 3x"},"classes":[]},{"id":21166,"url":"https:\/\/correiodasemana.com\/site\/em-tempo-153\/","url_meta":{"origin":35394,"position":2},"title":"Em Tempo","author":"","date":"Outubro 2, 2022","format":false,"excerpt":"Eus\u00e9lio Oliveira no 32\u00ba Cine Cear\u00e1 Eus\u00e9lio Oliveira deixou sua marca no audiovisual cearense. Professor universit\u00e1rio e cineasta, fundou um espa\u00e7o de discuss\u00e3o sobre o cinema na Universidade Federal do Cear\u00e1 (UFC). Agora,\u00a0a hist\u00f3ria do profissional ser\u00e1 contada no document\u00e1rio \u201cSarav\u00e1, meu av\u00f4\u201d. O filme ganha exibi\u00e7\u00e3o especial no dia\u2026","rel":"","context":"In &quot;Artigos&quot;","block_context":{"text":"Artigos","link":"https:\/\/correiodasemana.com\/site\/category\/artigos\/"},"img":{"alt_text":"","src":"https:\/\/i0.wp.com\/correiodasemana.com\/site\/wp-content\/uploads\/2022\/10\/fd471b9f-b1ee-403b-9fd1-f705f2497eaa-300x169.jpg?resize=350%2C200&ssl=1","width":350,"height":200},"classes":[]},{"id":16074,"url":"https:\/\/correiodasemana.com\/site\/em-tempo-75\/","url_meta":{"origin":35394,"position":3},"title":"Em Tempo","author":"","date":"Mar\u00e7o 29, 2021","format":false,"excerpt":"Concurso da Pol\u00edcia Rodovi\u00e1ria Federal O novo cronograma do concurso p\u00fablico\u00a0para a Pol\u00edcia Rodovi\u00e1ria Federal foi divulgado no dia 22. Na publica\u00e7\u00e3o, o \u00f3rg\u00e3o e o Centro Brasileiro de Pesquisa em Avalia\u00e7\u00e3o e Sele\u00e7\u00e3o e de Promo\u00e7\u00e3o de Eventos (Cebraspe) confirmam a realiza\u00e7\u00e3o das provas em 9 de maio. O\u00a0adiamento\u2026","rel":"","context":"In &quot;Artigos&quot;","block_context":{"text":"Artigos","link":"https:\/\/correiodasemana.com\/site\/category\/artigos\/"},"img":{"alt_text":"","src":"https:\/\/i0.wp.com\/correiodasemana.com\/site\/wp-content\/uploads\/2019\/12\/FOTO-EDILSON-SILVA-2.jpg?resize=350%2C200&ssl=1","width":350,"height":200,"srcset":"https:\/\/i0.wp.com\/correiodasemana.com\/site\/wp-content\/uploads\/2019\/12\/FOTO-EDILSON-SILVA-2.jpg?resize=350%2C200&ssl=1 1x, https:\/\/i0.wp.com\/correiodasemana.com\/site\/wp-content\/uploads\/2019\/12\/FOTO-EDILSON-SILVA-2.jpg?resize=525%2C300&ssl=1 1.5x, https:\/\/i0.wp.com\/correiodasemana.com\/site\/wp-content\/uploads\/2019\/12\/FOTO-EDILSON-SILVA-2.jpg?resize=700%2C400&ssl=1 2x"},"classes":[]},{"id":35719,"url":"https:\/\/correiodasemana.com\/site\/em-tempo-296\/","url_meta":{"origin":35394,"position":4},"title":"EM TEMPO \u2022","author":"adminredacao","date":"Setembro 29, 2025","format":false,"excerpt":"10 anos da Orquestra Sinf\u00f4nica da UFC Concerto que uniu o pop e o cl\u00e1ssico marcou comemora\u00e7\u00e3o dos dez anos da Orquestra Sinf\u00f4nica da Universidade Federal do Cear\u00e1 (OSUFC). Show Divas do Pop, com 60 estudantes e profissionais de m\u00fasica, ocorreu em Fortaleza, dia 17 de setembro, no Cineteatro S\u00e3o\u2026","rel":"","context":"In &quot;Artigos&quot;","block_context":{"text":"Artigos","link":"https:\/\/correiodasemana.com\/site\/category\/artigos\/"},"img":{"alt_text":"","src":"https:\/\/i0.wp.com\/correiodasemana.com\/site\/wp-content\/uploads\/2025\/09\/mariana-ximenes-150x150.jpg?resize=350%2C200&ssl=1","width":350,"height":200,"srcset":"https:\/\/i0.wp.com\/correiodasemana.com\/site\/wp-content\/uploads\/2025\/09\/mariana-ximenes-150x150.jpg?resize=350%2C200&ssl=1 1x, https:\/\/i0.wp.com\/correiodasemana.com\/site\/wp-content\/uploads\/2025\/09\/mariana-ximenes-150x150.jpg?resize=525%2C300&ssl=1 1.5x, https:\/\/i0.wp.com\/correiodasemana.com\/site\/wp-content\/uploads\/2025\/09\/mariana-ximenes-150x150.jpg?resize=700%2C400&ssl=1 2x, https:\/\/i0.wp.com\/correiodasemana.com\/site\/wp-content\/uploads\/2025\/09\/mariana-ximenes-150x150.jpg?resize=1050%2C600&ssl=1 3x, https:\/\/i0.wp.com\/correiodasemana.com\/site\/wp-content\/uploads\/2025\/09\/mariana-ximenes-150x150.jpg?resize=1400%2C800&ssl=1 4x"},"classes":[]},{"id":17129,"url":"https:\/\/correiodasemana.com\/site\/em-tempo-93\/","url_meta":{"origin":35394,"position":5},"title":"Em Tempo","author":"","date":"Agosto 2, 2021","format":false,"excerpt":"Inscri\u00e7\u00f5es para pessoas com defici\u00eancia Pessoas com defici\u00eancia t\u00eam novo prazo para se inscrever no concurso do Banco do Brasil. O edital do certame foi retificado pelo Governo Federal e estende as inscri\u00e7\u00f5es para esse grupo at\u00e9 o dia 7 de agosto. Para os outros concorrentes, o per\u00edodo foi encerrado\u2026","rel":"","context":"In &quot;Artigos&quot;","block_context":{"text":"Artigos","link":"https:\/\/correiodasemana.com\/site\/category\/artigos\/"},"img":{"alt_text":"","src":"https:\/\/i0.wp.com\/correiodasemana.com\/site\/wp-content\/uploads\/2019\/12\/FOTO-EDILSON-SILVA-2.jpg?resize=350%2C200&ssl=1","width":350,"height":200,"srcset":"https:\/\/i0.wp.com\/correiodasemana.com\/site\/wp-content\/uploads\/2019\/12\/FOTO-EDILSON-SILVA-2.jpg?resize=350%2C200&ssl=1 1x, https:\/\/i0.wp.com\/correiodasemana.com\/site\/wp-content\/uploads\/2019\/12\/FOTO-EDILSON-SILVA-2.jpg?resize=525%2C300&ssl=1 1.5x, https:\/\/i0.wp.com\/correiodasemana.com\/site\/wp-content\/uploads\/2019\/12\/FOTO-EDILSON-SILVA-2.jpg?resize=700%2C400&ssl=1 2x"},"classes":[]}],"jetpack_sharing_enabled":true,"_links":{"self":[{"href":"https:\/\/correiodasemana.com\/site\/wp-json\/wp\/v2\/posts\/35394","targetHints":{"allow":["GET"]}}],"collection":[{"href":"https:\/\/correiodasemana.com\/site\/wp-json\/wp\/v2\/posts"}],"about":[{"href":"https:\/\/correiodasemana.com\/site\/wp-json\/wp\/v2\/types\/post"}],"author":[{"embeddable":true,"href":"https:\/\/correiodasemana.com\/site\/wp-json\/wp\/v2\/users\/7"}],"replies":[{"embeddable":true,"href":"https:\/\/correiodasemana.com\/site\/wp-json\/wp\/v2\/comments?post=35394"}],"version-history":[{"count":1,"href":"https:\/\/correiodasemana.com\/site\/wp-json\/wp\/v2\/posts\/35394\/revisions"}],"predecessor-version":[{"id":35396,"href":"https:\/\/correiodasemana.com\/site\/wp-json\/wp\/v2\/posts\/35394\/revisions\/35396"}],"wp:featuredmedia":[{"embeddable":true,"href":"https:\/\/correiodasemana.com\/site\/wp-json\/wp\/v2\/media\/18025"}],"wp:attachment":[{"href":"https:\/\/correiodasemana.com\/site\/wp-json\/wp\/v2\/media?parent=35394"}],"wp:term":[{"taxonomy":"category","embeddable":true,"href":"https:\/\/correiodasemana.com\/site\/wp-json\/wp\/v2\/categories?post=35394"},{"taxonomy":"post_tag","embeddable":true,"href":"https:\/\/correiodasemana.com\/site\/wp-json\/wp\/v2\/tags?post=35394"}],"curies":[{"name":"wp","href":"https:\/\/api.w.org\/{rel}","templated":true}]}}