{"id":35422,"date":"2025-09-01T16:46:19","date_gmt":"2025-09-01T19:46:19","guid":{"rendered":"https:\/\/correiodasemana.com\/site\/?p=35422"},"modified":"2025-09-01T16:46:19","modified_gmt":"2025-09-01T19:46:19","slug":"educacao-e-cidadania-89","status":"publish","type":"post","link":"https:\/\/correiodasemana.com\/site\/educacao-e-cidadania-89\/","title":{"rendered":"EDUCA\u00c7\u00c3O E CIDADANIA \u2022"},"content":{"rendered":"<p><strong>O Que \u00e9 o Sofrimento<\/strong><\/p>\n<p>O sofrimento \u00e9 um estado de afli\u00e7\u00e3o, uma experi\u00eancia desagrad\u00e1vel que pode ser f\u00edsica (dor, causada por les\u00f5es, doen\u00e7as) ou moral (tristeza, ang\u00fastia, perda, m\u00e1goa, decep\u00e7\u00e3o, sensa\u00e7\u00e3o de culpa) ou ainda espiritual (ang\u00fastia existencial, sentimento de vazio ou falta de prop\u00f3sito).<br \/>\nO sofrimento pode ter diferentes fun\u00e7\u00f5es, como aprendizado:\u00a0pode ser uma oportunidade de crescimento pessoal, desenvolvimento de resili\u00eancia e fortalecimento do car\u00e1ter;\u00a0reflex\u00e3o: pode levar a pessoa a questionar a vida, a buscar significado e a encontrar um novo prop\u00f3sito;\u00a0e desenvolvimento:\u00a0O sofrimento pode ajudar a pessoa a desenvolver habilidades de enfrentamento, autoconhecimento e empatia.<br \/>\nO sofrimento \u00e9 uma parte inerente da experi\u00eancia humana e pode ser interpretado de diferentes formas, dependendo da perspectiva individual e cultural.<br \/>\nO sofrimento espiritual acontece\u00a0quando uma pessoa se sente angustiada ou desconectada do seu significado, prop\u00f3sito, ou conex\u00e3o com algo maior do que si mesma.\u00a0Pode ser desencadeado por perda, dor, ansiedade, depress\u00e3o, crise de f\u00e9, ou rompimento de relacionamentos.\u00a0A dificuldade em encontrar paz, conforto, for\u00e7a ou conex\u00e3o na vida tamb\u00e9m contribui para a ang\u00fastia espiritual.\u00a0(IA).<br \/>\nO sofrimento n\u00e3o faz parte do plano divino e o caminho mais curto para super\u00e1-lo \u00e9 compreender seu sentido e sua fun\u00e7\u00e3o. De fato, a dor tem um significado espiritual, um encargo moral e tamb\u00e9m um trabalho a realizar em nossas c\u00e9lulas f\u00edsicas. Mas, mesmo reconhecendo isso, devemos saber que nossa alma e o pr\u00f3prio universo n\u00e3o t\u00eam o prop\u00f3sito de nos fazer sofrer. Paradoxalmente, entretanto, o plano maior utiliza o sofrimento para o nosso bem.<br \/>\nA causa do sofrimento encontra-se no pr\u00f3prio ser e, em princ\u00edpio, decorre da sua resist\u00eancia \u00e0 transforma\u00e7\u00e3o. Assim tem sido utilizado pelas for\u00e7as do destino como um meio de amadurecimento da consci\u00eancia e, quando ela n\u00e3o se eleva, movida pela raz\u00e3o, pela intui\u00e7\u00e3o ou pelos conhecimentos que j\u00e1 adquiriu, esse pode contribuir, eventualmente, para um despertar.<br \/>\nH\u00e1 mil\u00eanios um mestre, Buda, revelou que o sofrimento \u00e9 produto do desejo. N\u00f3s o engendramos ao querer coisas, ao nos envolvermos emocional e mentalmente com algo ou com algu\u00e9m e ao fazermos experi\u00eancias sem motivo nobre e universal.<br \/>\nPor estar muito centrada em si mesma, a pessoa pouco se interessa pela evolu\u00e7\u00e3o do universo. Dessa recusa e da ignor\u00e2ncia b\u00e1sica de que h\u00e1 uma \u00fanica vida que a tudo anima, adv\u00e9m o sofrimento. Contudo, se canalizarmos os desejos para objetivos cada vez mais amplos e elevados, podemos mudar essa situa\u00e7\u00e3o.<br \/>\nA purifica\u00e7\u00e3o ou o refinamento dos anseios, cobi\u00e7as ou apetites se d\u00e1 por etapas. Podemos come\u00e7ar pelo desapego das coisas materiais e, a seguir, das liga\u00e7\u00f5es afetivas, e, por fim, dos preconceitos e esquemas mentais. Compreendemos ent\u00e3o que ideias, tend\u00eancias e pretens\u00f5es equivocadas ret\u00eam o fluir da vida ou nos desviam do curso correto, distanciando-nos das leis universais.<br \/>\nCada tipo de sofrimento tem sua fun\u00e7\u00e3o. Se o padecimento \u00e9 de natureza moral, ele forja e edifica o car\u00e1ter &#8211; e pode-se dizer que todos os que t\u00eam car\u00e1ter adquiriram-no vivendo diferentes grada\u00e7\u00f5es desse tipo de infort\u00fanio, pois durante a experi\u00eancia temos possibilidade de fazer op\u00e7\u00f5es importantes para o caminho espiritual.<br \/>\nMas, se o sofrimento \u00e9 de natureza f\u00edsica, quase sempre quer nos mostrar o que devemos mudar em nossa vida. Como os demais, esse tipo de sofrimento \u00e9 sempre proporcional \u00e0 capacidade de suport\u00e1-lo, ainda que, em alguns casos, acrescentamos-lhe lamenta\u00e7\u00f5es e a rejei\u00e7\u00e3o das provas. Com esse aumento, pode-se torn\u00e1-lo excessivamente pesado.\u00a0(otempo.com.br).<br \/>\nProf. Salmito Campos \u2013 (jornalista e radialista).<\/p>\n","protected":false},"excerpt":{"rendered":"<p>O Que \u00e9 o Sofrimento O sofrimento \u00e9 um estado de afli\u00e7\u00e3o, uma experi\u00eancia desagrad\u00e1vel&#8230;<\/p>\n","protected":false},"author":7,"featured_media":17116,"comment_status":"open","ping_status":"open","sticky":false,"template":"","format":"standard","meta":{"_jetpack_memberships_contains_paid_content":false,"footnotes":"","jetpack_publicize_message":"","jetpack_publicize_feature_enabled":true,"jetpack_social_post_already_shared":true,"jetpack_social_options":{"image_generator_settings":{"template":"highway","default_image_id":0,"font":"","enabled":false},"version":2}},"categories":[11,81],"tags":[],"class_list":["post-35422","post","type-post","status-publish","format-standard","has-post-thumbnail","hentry","category-artigos","category-salmito-campos"],"jetpack_publicize_connections":[],"jetpack_featured_media_url":"https:\/\/correiodasemana.com\/site\/wp-content\/uploads\/2021\/08\/Salmito-Campos.jpg","jetpack-related-posts":[{"id":20184,"url":"https:\/\/correiodasemana.com\/site\/santa-casa-de-sobral-implanta-projeto-criancas-in-foco-para-praticas-ludicas-com-pacientes-internados-na-pediatria\/","url_meta":{"origin":35422,"position":0},"title":"Santa Casa de Sobral implanta projeto \u201cCrian\u00e7as In Foco\u201d para pr\u00e1ticas l\u00fadicas com pacientes internados na Pediatria","author":"","date":"Junho 19, 2022","format":false,"excerpt":"O Projeto possibilita uma melhor elabora\u00e7\u00e3o, das ang\u00fastias e sofrimentos, tanto f\u00edsicos quanto ps\u00edquicos, vivenciados no per\u00edodo de internamento. Ascom Complexo SCMS Com o objetivo de contribuir com o bem-estar das crian\u00e7as internadas na Pediatria da Santa Casa de Miseric\u00f3rdia de Sobral (SCMS) durante o per\u00edodo de recupera\u00e7\u00e3o, a institui\u00e7\u00e3o,\u2026","rel":"","context":"In &quot;Atualidade&quot;","block_context":{"text":"Atualidade","link":"https:\/\/correiodasemana.com\/site\/category\/atualidade\/"},"img":{"alt_text":"","src":"https:\/\/i0.wp.com\/correiodasemana.com\/site\/wp-content\/uploads\/2022\/06\/criancas_in_foco_2.jpg?resize=350%2C200&ssl=1","width":350,"height":200,"srcset":"https:\/\/i0.wp.com\/correiodasemana.com\/site\/wp-content\/uploads\/2022\/06\/criancas_in_foco_2.jpg?resize=350%2C200&ssl=1 1x, https:\/\/i0.wp.com\/correiodasemana.com\/site\/wp-content\/uploads\/2022\/06\/criancas_in_foco_2.jpg?resize=525%2C300&ssl=1 1.5x, https:\/\/i0.wp.com\/correiodasemana.com\/site\/wp-content\/uploads\/2022\/06\/criancas_in_foco_2.jpg?resize=700%2C400&ssl=1 2x, https:\/\/i0.wp.com\/correiodasemana.com\/site\/wp-content\/uploads\/2022\/06\/criancas_in_foco_2.jpg?resize=1050%2C600&ssl=1 3x"},"classes":[]},{"id":21445,"url":"https:\/\/correiodasemana.com\/site\/bispos-da-asia-desafiados-pelas-vozes-do-continente-que-pedem-ajuda-e-justica\/","url_meta":{"origin":35422,"position":1},"title":"Bispos da \u00c1sia: desafiados pelas vozes do Continente que pedem ajuda e justi\u00e7a","author":"","date":"Novembro 4, 2022","format":false,"excerpt":"A Confer\u00eancia Geral da Federa\u00e7\u00e3o das Confer\u00eancias Episcopais da \u00c1sia, iniciada em 12 de outubro em Bangcoc, foi conclu\u00edda com uma Mensagem final dando voz aos \"sofrimentos dos pobres, indigentes e marginalizados\", assim como \u00e0 \"ang\u00fastia dos refugiados\" e ao \"gemido da natureza\". Missa conclusiva do cardeal Tagle: \"Caminhemos como\u2026","rel":"","context":"In &quot;Atualidade&quot;","block_context":{"text":"Atualidade","link":"https:\/\/correiodasemana.com\/site\/category\/atualidade\/"},"img":{"alt_text":"","src":"https:\/\/i0.wp.com\/correiodasemana.com\/site\/wp-content\/uploads\/2022\/11\/0044.jpeg?resize=350%2C200&ssl=1","width":350,"height":200,"srcset":"https:\/\/i0.wp.com\/correiodasemana.com\/site\/wp-content\/uploads\/2022\/11\/0044.jpeg?resize=350%2C200&ssl=1 1x, https:\/\/i0.wp.com\/correiodasemana.com\/site\/wp-content\/uploads\/2022\/11\/0044.jpeg?resize=525%2C300&ssl=1 1.5x, https:\/\/i0.wp.com\/correiodasemana.com\/site\/wp-content\/uploads\/2022\/11\/0044.jpeg?resize=700%2C400&ssl=1 2x"},"classes":[]},{"id":27578,"url":"https:\/\/correiodasemana.com\/site\/papa-diante-do-sofrimento-as-palavras-devem-dar-espaco-aos-gestos-de-ternura\/","url_meta":{"origin":35422,"position":2},"title":"Papa: diante do sofrimento, as palavras devem dar espa\u00e7o aos gestos de ternura","author":"","date":"Dezembro 14, 2023","format":false,"excerpt":"Na manh\u00e3 desta quinta-feira (14\/12), na Sala Paulo VI, no Vaticano, uma audi\u00eancia com o Papa marcou a celebra\u00e7\u00e3o dos 120 anos da Uni\u00e3o Nacional Italiana para o Transporte de Doentes a Lourdes e aos Santu\u00e1rios Internacionais (UNITALSI). Francisco, ao receber os membros e diversos representantes da associa\u00e7\u00e3o, sublinhou a\u2026","rel":"","context":"In &quot;Atualidade&quot;","block_context":{"text":"Atualidade","link":"https:\/\/correiodasemana.com\/site\/category\/atualidade\/"},"img":{"alt_text":"","src":"https:\/\/i0.wp.com\/correiodasemana.com\/site\/wp-content\/uploads\/2023\/12\/cq5dam.thumbnail.cropped.750.422-1.jpeg?resize=350%2C200&ssl=1","width":350,"height":200,"srcset":"https:\/\/i0.wp.com\/correiodasemana.com\/site\/wp-content\/uploads\/2023\/12\/cq5dam.thumbnail.cropped.750.422-1.jpeg?resize=350%2C200&ssl=1 1x, https:\/\/i0.wp.com\/correiodasemana.com\/site\/wp-content\/uploads\/2023\/12\/cq5dam.thumbnail.cropped.750.422-1.jpeg?resize=525%2C300&ssl=1 1.5x, https:\/\/i0.wp.com\/correiodasemana.com\/site\/wp-content\/uploads\/2023\/12\/cq5dam.thumbnail.cropped.750.422-1.jpeg?resize=700%2C400&ssl=1 2x"},"classes":[]},{"id":9238,"url":"https:\/\/correiodasemana.com\/site\/fazer-se-proximo\/","url_meta":{"origin":35422,"position":3},"title":"Fazer-se pr\u00f3ximo","author":"","date":"Setembro 23, 2019","format":false,"excerpt":"Na par\u00e1bola evang\u00e9lica do Bom Samaritano (cf. Lc 10,25-37), a pergunta feita a Jesus \u00e9 sobre o modo de alcan\u00e7ar a vida eterna. A narrativa se desenvolve de tal maneira que a resposta se d\u00e1 pela atitude de fazer-se pr\u00f3ximo de quem sofre, deixando-se comover e agir. Conclui Jesus: \u201cV\u00e1\u2026","rel":"","context":"In &quot;A voz do Pastor&quot;","block_context":{"text":"A voz do Pastor","link":"https:\/\/correiodasemana.com\/site\/category\/a-voz-do-pastor\/"},"img":{"alt_text":"","src":"https:\/\/i0.wp.com\/correiodasemana.com\/site\/wp-content\/uploads\/2019\/07\/Dom-Vasconcelos-Em-entrevista-concedida-%C3%A0-Pascom-Diocesana-Foto-Jo%C3%A3o-Pauloo.jpg?resize=350%2C200&ssl=1","width":350,"height":200,"srcset":"https:\/\/i0.wp.com\/correiodasemana.com\/site\/wp-content\/uploads\/2019\/07\/Dom-Vasconcelos-Em-entrevista-concedida-%C3%A0-Pascom-Diocesana-Foto-Jo%C3%A3o-Pauloo.jpg?resize=350%2C200&ssl=1 1x, https:\/\/i0.wp.com\/correiodasemana.com\/site\/wp-content\/uploads\/2019\/07\/Dom-Vasconcelos-Em-entrevista-concedida-%C3%A0-Pascom-Diocesana-Foto-Jo%C3%A3o-Pauloo.jpg?resize=525%2C300&ssl=1 1.5x, https:\/\/i0.wp.com\/correiodasemana.com\/site\/wp-content\/uploads\/2019\/07\/Dom-Vasconcelos-Em-entrevista-concedida-%C3%A0-Pascom-Diocesana-Foto-Jo%C3%A3o-Pauloo.jpg?resize=700%2C400&ssl=1 2x, https:\/\/i0.wp.com\/correiodasemana.com\/site\/wp-content\/uploads\/2019\/07\/Dom-Vasconcelos-Em-entrevista-concedida-%C3%A0-Pascom-Diocesana-Foto-Jo%C3%A3o-Pauloo.jpg?resize=1050%2C600&ssl=1 3x, https:\/\/i0.wp.com\/correiodasemana.com\/site\/wp-content\/uploads\/2019\/07\/Dom-Vasconcelos-Em-entrevista-concedida-%C3%A0-Pascom-Diocesana-Foto-Jo%C3%A3o-Pauloo.jpg?resize=1400%2C800&ssl=1 4x"},"classes":[]},{"id":9059,"url":"https:\/\/correiodasemana.com\/site\/precisamos-falar-sobre-suicidio\/","url_meta":{"origin":35422,"position":4},"title":"Precisamos falar sobre Suic\u00eddio","author":"","date":"Setembro 8, 2019","format":false,"excerpt":"Por Priscila Duarte Segundo a Organiza\u00e7\u00e3o Mundial da Sa\u00fade (OMS) a cada 40 segundos uma pessoa se suicida no mundo, sendo a segunda principal morte entre jovens com idade entre 15 e 29 anos. No dia 10 de setembro \u00e9 celebrado o dia Mundial da Preven\u00e7\u00e3o contra o suic\u00eddio, por\u2026","rel":"","context":"In &quot;Atualidade&quot;","block_context":{"text":"Atualidade","link":"https:\/\/correiodasemana.com\/site\/category\/atualidade\/"},"img":{"alt_text":"","src":"https:\/\/i0.wp.com\/correiodasemana.com\/site\/wp-content\/uploads\/2019\/09\/P%C3%A1g.-04.png?resize=350%2C200&ssl=1","width":350,"height":200,"srcset":"https:\/\/i0.wp.com\/correiodasemana.com\/site\/wp-content\/uploads\/2019\/09\/P%C3%A1g.-04.png?resize=350%2C200&ssl=1 1x, https:\/\/i0.wp.com\/correiodasemana.com\/site\/wp-content\/uploads\/2019\/09\/P%C3%A1g.-04.png?resize=525%2C300&ssl=1 1.5x, https:\/\/i0.wp.com\/correiodasemana.com\/site\/wp-content\/uploads\/2019\/09\/P%C3%A1g.-04.png?resize=700%2C400&ssl=1 2x"},"classes":[]},{"id":11566,"url":"https:\/\/correiodasemana.com\/site\/o-contexto-de-pandemia-e-as-familias-em-situacao-de-vulnerabilidade-social\/","url_meta":{"origin":35422,"position":5},"title":"O contexto de pandemia e as fam\u00edlias em situa\u00e7\u00e3o de vulnerabilidade social","author":"","date":"Julho 2, 2020","format":false,"excerpt":"Em meio a Pandemia do COVID 19, \u00e9 comum as pessoas estarem sentindo medo, ang\u00fastia, inseguran\u00e7a e preocupa\u00e7\u00e3o. Esses sentimentos acabam causando sofrimento e, em alguns casos, adoecimento ps\u00edquico. Isso quer dizer que al\u00e9m do cuidado f\u00edsico, as pessoas precisam cuidar da sa\u00fade mental em tempos de quarentena. Para muitos\u2026","rel":"","context":"In &quot;Artigos&quot;","block_context":{"text":"Artigos","link":"https:\/\/correiodasemana.com\/site\/category\/artigos\/"},"img":{"alt_text":"","src":"https:\/\/i0.wp.com\/correiodasemana.com\/site\/wp-content\/uploads\/2020\/07\/WhatsApp-Image-2020-06-30-at-09.59.32.jpeg?resize=350%2C200&ssl=1","width":350,"height":200,"srcset":"https:\/\/i0.wp.com\/correiodasemana.com\/site\/wp-content\/uploads\/2020\/07\/WhatsApp-Image-2020-06-30-at-09.59.32.jpeg?resize=350%2C200&ssl=1 1x, https:\/\/i0.wp.com\/correiodasemana.com\/site\/wp-content\/uploads\/2020\/07\/WhatsApp-Image-2020-06-30-at-09.59.32.jpeg?resize=525%2C300&ssl=1 1.5x"},"classes":[]}],"jetpack_sharing_enabled":true,"_links":{"self":[{"href":"https:\/\/correiodasemana.com\/site\/wp-json\/wp\/v2\/posts\/35422","targetHints":{"allow":["GET"]}}],"collection":[{"href":"https:\/\/correiodasemana.com\/site\/wp-json\/wp\/v2\/posts"}],"about":[{"href":"https:\/\/correiodasemana.com\/site\/wp-json\/wp\/v2\/types\/post"}],"author":[{"embeddable":true,"href":"https:\/\/correiodasemana.com\/site\/wp-json\/wp\/v2\/users\/7"}],"replies":[{"embeddable":true,"href":"https:\/\/correiodasemana.com\/site\/wp-json\/wp\/v2\/comments?post=35422"}],"version-history":[{"count":1,"href":"https:\/\/correiodasemana.com\/site\/wp-json\/wp\/v2\/posts\/35422\/revisions"}],"predecessor-version":[{"id":35423,"href":"https:\/\/correiodasemana.com\/site\/wp-json\/wp\/v2\/posts\/35422\/revisions\/35423"}],"wp:featuredmedia":[{"embeddable":true,"href":"https:\/\/correiodasemana.com\/site\/wp-json\/wp\/v2\/media\/17116"}],"wp:attachment":[{"href":"https:\/\/correiodasemana.com\/site\/wp-json\/wp\/v2\/media?parent=35422"}],"wp:term":[{"taxonomy":"category","embeddable":true,"href":"https:\/\/correiodasemana.com\/site\/wp-json\/wp\/v2\/categories?post=35422"},{"taxonomy":"post_tag","embeddable":true,"href":"https:\/\/correiodasemana.com\/site\/wp-json\/wp\/v2\/tags?post=35422"}],"curies":[{"name":"wp","href":"https:\/\/api.w.org\/{rel}","templated":true}]}}