{"id":35424,"date":"2025-09-01T16:47:38","date_gmt":"2025-09-01T19:47:38","guid":{"rendered":"https:\/\/correiodasemana.com\/site\/?p=35424"},"modified":"2025-09-01T16:47:38","modified_gmt":"2025-09-01T19:47:38","slug":"becco-ponto-com-229","status":"publish","type":"post","link":"https:\/\/correiodasemana.com\/site\/becco-ponto-com-229\/","title":{"rendered":"BECCO PONTO.COM"},"content":{"rendered":"<p>LIVRAI-NOS, SENHOR!<br \/>\nDas casinhas de pombos que s\u00e3o os apartamentos modernos.<br \/>\nDos verbetes do canastr\u00e3o, Lula, pai de todos os corruptos.<br \/>\nDas contas do \u201cReizinho Ivo\u201d, cair na malha fina dos pol\u00edticos.<br \/>\nDe uma vaca preta nas ruas aterrorizando os pol\u00edticos, ui!<br \/>\nDa grita da turma do bico chorando o leite derramado.<br \/>\nDo exame de admiss\u00e3o para m\u00e9dicos modernos. Uma bomba.<br \/>\nDas pesquisas fajutas via pol\u00edticos do pt, um \u201cLula, l\u00e1, lau\u201d, ufa!<br \/>\nDo abandono do Becco do Cotovelo, feio, fraco e fedorento!<br \/>\nDas faculdades modernas, formando analfas para a vida, ufa!<br \/>\nDa viol\u00eancia no Estado do Cear\u00e1, com tantas propagandas, ui!<\/p>\n<p>NOTICIANDO<br \/>\nFoi com alegria que a comunidade crist\u00e3 de Sobral, comemorou os 10 anos de bispado do nosso caro amigo, Dom Vasconcelos, nesta semana. Ao digno reverendo e amado bispo, os parab\u00e9ns pelo zeloso trabalho que realiza em nossa Diocese com tanto amor a terra de Dom Jos\u00e9! Paz e Bem!<br \/>\nFui convidado em fam\u00edlia, para participar da Equipe de Nossa Senhora, um movimento crist\u00e3o solid\u00e1rio e amigo na cidade. Agradecemos ao caro Dr. Igor e fam\u00edlia pelo gentil convite para nos entrosarmos a esta boa causa crist\u00e3 de perfil familiar. Aceitamos com carinho e amizade.<br \/>\nParab\u00e9ns, ao Cesinha da Revista Acontece, na cidade princesa onde os amigos fizeram festa surpresa para o gentil amigo na comemora\u00e7\u00e3o de mais um ano de vida e gra\u00e7a plena no trabalho. Quem sabe faz a hora acontecer na vida. Parab\u00e9ns, Cesinha, vida longa amigo!<br \/>\nO Centro anunciando programa\u00e7\u00e3o \u201cSetembro Dom Jos\u00e9\u201d, para este ano na cidade. A abertura ser\u00e1 no Becco do Cotovelo, no programa Show do Ivan Frota, Corb\u00e9lia de flores no busto de Dom Jos\u00e9, anivers\u00e1rio de vida na Pra\u00e7a do S\u00e3o Jo\u00e3o, missa f\u00fanebre na S\u00e9, concelebrada pela Diocese de Sobral e Sess\u00e3o Especial na C\u00e2mara Municipal para entrega da Comenda Empresarial Dom Jos\u00e9 em grande estilo na cidade. O Centro e a C\u00e2mara, assinam a festa deste ano.<br \/>\nA Associa\u00e7\u00e3o dos Amigos do Becco, agendando para outubro a entrega da comenda \u201cAmigo do Becco do Cotovelo de Sobral. Tr\u00eas homenagens ser\u00e3o prestadas no programa do Ivan Frota: Sr. Sabino Melo, o Sal\u00e3o Cometa e o amigo n\u00famero um, o deputado federal, Le\u00f4nidas Cristino, o eterno padrinho desta casa de amigos populares na cidade de Dom Jos\u00e9.<\/p>\n<p>PERFIL: JOS\u00c9 LUIS MELO<\/p>\n<div id='gallery-1' class='gallery galleryid-35424 gallery-columns-6 gallery-size-thumbnail'><figure class='gallery-item'>\n\t\t\t<div class='gallery-icon landscape'>\n\t\t\t\t<a href='https:\/\/correiodasemana.com\/site\/becco-ponto-com-229\/luiz-melo-delrio-e-filha-e-dr-chico-prado\/'><img loading=\"lazy\" width=\"150\" height=\"150\" src=\"https:\/\/correiodasemana.com\/site\/wp-content\/uploads\/2025\/09\/Luiz-Melo-Delrio-e-filha-e-Dr.-Chico-Prado-150x150.jpg\" class=\"attachment-thumbnail size-thumbnail\" alt=\"Luiz Melo - Delrio e filha e Dr. Chico Prado\" loading=\"lazy\" decoding=\"async\" \/><\/a>\n\t\t\t<\/div><\/figure>\n\t\t<\/div>\n\n<p>Um cidad\u00e3o com todas as letras, digno empres\u00e1rio diretor da empresa Guaran\u00e1 Delrio de Sobral, amigo e f\u00e3 da terra de Dom Jos\u00e9 e homem afeito a fazer o bem. Falo do sobralense ilustre, Jos\u00e9 Lu\u00eds Melo, que este ano ir\u00e1 receber, por m\u00e9ritos, da C\u00e2mara Municipal a comenda empresarial Dom Jos\u00e9, na casa do povo, dia 30 de setembro, fazendo parte dos festejos no Setembro Dom Jos\u00e9, um evento criado pelo Centro Cultural Dom Jos\u00e9, h\u00e1 anos. Uma homenagem merecid\u00edssima e justa.<br \/>\nLIVRE PENSAR<br \/>\n\u201cCalar e falar: dois verbos dif\u00edceis de se conjugar no presente e no futuro do viver\u201d. (Poeta Chico Prado &#8211; Presidente do Centro Cultural Dom Jos\u00e9 de Sobral).<\/p>\n","protected":false},"excerpt":{"rendered":"<p>LIVRAI-NOS, SENHOR! Das casinhas de pombos que s\u00e3o os apartamentos modernos. Dos verbetes do canastr\u00e3o,&#8230;<\/p>\n","protected":false},"author":7,"featured_media":17508,"comment_status":"open","ping_status":"open","sticky":false,"template":"","format":"standard","meta":{"_jetpack_memberships_contains_paid_content":false,"footnotes":"","jetpack_publicize_message":"","jetpack_publicize_feature_enabled":true,"jetpack_social_post_already_shared":true,"jetpack_social_options":{"image_generator_settings":{"template":"highway","default_image_id":0,"font":"","enabled":false},"version":2}},"categories":[11,27],"tags":[],"class_list":["post-35424","post","type-post","status-publish","format-standard","has-post-thumbnail","hentry","category-artigos","category-becco-ponto-com"],"jetpack_publicize_connections":[],"jetpack_featured_media_url":"https:\/\/correiodasemana.com\/site\/wp-content\/uploads\/2021\/09\/Dr-Chico-Prado-Trofeu-Dom-Jose-1-1.jpg","jetpack-related-posts":[{"id":34114,"url":"https:\/\/correiodasemana.com\/site\/becco-ponto-com-217\/","url_meta":{"origin":35424,"position":0},"title":"BECCO PONTO.COM","author":"adminredacao","date":"Junho 9, 2025","format":false,"excerpt":"LIVRAI-NOS, SENHOR! Das artimanhas pol\u00edticas em tempo de quadrilhas. Das trai\u00e7\u00f5es politicas t\u00e3o normais em fam\u00edlias, ui! Dos gastos astron\u00f4micos em tempo juninos, ufa! Do ca\u00f4 dos \u201cLulas\u201d viajando no mundo com \u201cJanjas\u201d. Da cabe\u00e7a oca e moderna de criarem bonecas, ufa! Dos \u201cZ\u00e9\u2019s\u201d bolachinhas nas C\u00e2maras, traindo votos. Dos\u2026","rel":"","context":"In &quot;Artigos&quot;","block_context":{"text":"Artigos","link":"https:\/\/correiodasemana.com\/site\/category\/artigos\/"},"img":{"alt_text":"","src":"https:\/\/i0.wp.com\/correiodasemana.com\/site\/wp-content\/uploads\/2021\/09\/Dr-Chico-Prado-Trofeu-Dom-Jose-1.jpg?resize=350%2C200&ssl=1","width":350,"height":200,"srcset":"https:\/\/i0.wp.com\/correiodasemana.com\/site\/wp-content\/uploads\/2021\/09\/Dr-Chico-Prado-Trofeu-Dom-Jose-1.jpg?resize=350%2C200&ssl=1 1x, https:\/\/i0.wp.com\/correiodasemana.com\/site\/wp-content\/uploads\/2021\/09\/Dr-Chico-Prado-Trofeu-Dom-Jose-1.jpg?resize=525%2C300&ssl=1 1.5x, https:\/\/i0.wp.com\/correiodasemana.com\/site\/wp-content\/uploads\/2021\/09\/Dr-Chico-Prado-Trofeu-Dom-Jose-1.jpg?resize=700%2C400&ssl=1 2x, https:\/\/i0.wp.com\/correiodasemana.com\/site\/wp-content\/uploads\/2021\/09\/Dr-Chico-Prado-Trofeu-Dom-Jose-1.jpg?resize=1050%2C600&ssl=1 3x, https:\/\/i0.wp.com\/correiodasemana.com\/site\/wp-content\/uploads\/2021\/09\/Dr-Chico-Prado-Trofeu-Dom-Jose-1.jpg?resize=1400%2C800&ssl=1 4x"},"classes":[]},{"id":22341,"url":"https:\/\/correiodasemana.com\/site\/becco-ponto-com-110\/","url_meta":{"origin":35424,"position":1},"title":"Becco ponto Com","author":"","date":"Dezembro 19, 2022","format":false,"excerpt":"Livrai-nos, senhor! Das festas natalinas sem o menino jesus. Da babaquice dos novos ricos por aqui. De uma zebra na Copa do Mundo e Qatar. Dos risos falsos dos pol\u00edticos petistas, ui! Do mi mi do entra e sai na presid\u00eancia, ufa! Do menino moderno t\u00e3o mercantilizado. Da pol\u00edtica do\u2026","rel":"","context":"In &quot;Artigos&quot;","block_context":{"text":"Artigos","link":"https:\/\/correiodasemana.com\/site\/category\/artigos\/"},"img":{"alt_text":"","src":"https:\/\/i0.wp.com\/correiodasemana.com\/site\/wp-content\/uploads\/2021\/09\/Dr-Chico-Prado-Trofeu-Dom-Jose-1.jpg?resize=350%2C200&ssl=1","width":350,"height":200,"srcset":"https:\/\/i0.wp.com\/correiodasemana.com\/site\/wp-content\/uploads\/2021\/09\/Dr-Chico-Prado-Trofeu-Dom-Jose-1.jpg?resize=350%2C200&ssl=1 1x, https:\/\/i0.wp.com\/correiodasemana.com\/site\/wp-content\/uploads\/2021\/09\/Dr-Chico-Prado-Trofeu-Dom-Jose-1.jpg?resize=525%2C300&ssl=1 1.5x, https:\/\/i0.wp.com\/correiodasemana.com\/site\/wp-content\/uploads\/2021\/09\/Dr-Chico-Prado-Trofeu-Dom-Jose-1.jpg?resize=700%2C400&ssl=1 2x, https:\/\/i0.wp.com\/correiodasemana.com\/site\/wp-content\/uploads\/2021\/09\/Dr-Chico-Prado-Trofeu-Dom-Jose-1.jpg?resize=1050%2C600&ssl=1 3x, https:\/\/i0.wp.com\/correiodasemana.com\/site\/wp-content\/uploads\/2021\/09\/Dr-Chico-Prado-Trofeu-Dom-Jose-1.jpg?resize=1400%2C800&ssl=1 4x"},"classes":[]},{"id":29972,"url":"https:\/\/correiodasemana.com\/site\/becco-ponto-com-175\/","url_meta":{"origin":35424,"position":2},"title":"BECCO PONTO.COM","author":"adminredacao","date":"Julho 16, 2024","format":false,"excerpt":"LIVRAI-NOS, SENHOR! Da bufa falsa at\u00e9 no votar, ufa! Do Becco virando cracol\u00e2ndia. Dos pol\u00edticos bolachinhas, ufa! Do pt de Lula, voltando a roubar. Das escolas modernas via papo. Da viol\u00eancia matando todo o dia. Dos gastos para eleger um edil. Das pesquisas encomendadas, ui! Da briga surda nas fm\u2019s\u2026","rel":"","context":"In &quot;Artigos&quot;","block_context":{"text":"Artigos","link":"https:\/\/correiodasemana.com\/site\/category\/artigos\/"},"img":{"alt_text":"","src":"https:\/\/i0.wp.com\/correiodasemana.com\/site\/wp-content\/uploads\/2021\/09\/Dr-Chico-Prado-Trofeu-Dom-Jose-1.jpg?resize=350%2C200&ssl=1","width":350,"height":200,"srcset":"https:\/\/i0.wp.com\/correiodasemana.com\/site\/wp-content\/uploads\/2021\/09\/Dr-Chico-Prado-Trofeu-Dom-Jose-1.jpg?resize=350%2C200&ssl=1 1x, https:\/\/i0.wp.com\/correiodasemana.com\/site\/wp-content\/uploads\/2021\/09\/Dr-Chico-Prado-Trofeu-Dom-Jose-1.jpg?resize=525%2C300&ssl=1 1.5x, https:\/\/i0.wp.com\/correiodasemana.com\/site\/wp-content\/uploads\/2021\/09\/Dr-Chico-Prado-Trofeu-Dom-Jose-1.jpg?resize=700%2C400&ssl=1 2x, https:\/\/i0.wp.com\/correiodasemana.com\/site\/wp-content\/uploads\/2021\/09\/Dr-Chico-Prado-Trofeu-Dom-Jose-1.jpg?resize=1050%2C600&ssl=1 3x, https:\/\/i0.wp.com\/correiodasemana.com\/site\/wp-content\/uploads\/2021\/09\/Dr-Chico-Prado-Trofeu-Dom-Jose-1.jpg?resize=1400%2C800&ssl=1 4x"},"classes":[]},{"id":22423,"url":"https:\/\/correiodasemana.com\/site\/becco-ponto-com-111\/","url_meta":{"origin":35424,"position":3},"title":"Becco ponto Com","author":"","date":"Dezembro 26, 2022","format":false,"excerpt":"LIVRAI-NOS, SENHOR! Da gula por impostos dos pol\u00edticos. Da moda roupa velha no Natal, ufa! Dos puxa-sacos puxando e por amor. Da troca de Jesus, por Papai Noel, ui! Do medo dominante de crimes aqui. Do PT brincando de fazer pol\u00edtica. Da ruma de minist\u00e9rios do Lula. Do fim da\u2026","rel":"","context":"In &quot;Artigos&quot;","block_context":{"text":"Artigos","link":"https:\/\/correiodasemana.com\/site\/category\/artigos\/"},"img":{"alt_text":"","src":"https:\/\/i0.wp.com\/correiodasemana.com\/site\/wp-content\/uploads\/2021\/09\/Dr-Chico-Prado-Trofeu-Dom-Jose-1.jpg?resize=350%2C200&ssl=1","width":350,"height":200,"srcset":"https:\/\/i0.wp.com\/correiodasemana.com\/site\/wp-content\/uploads\/2021\/09\/Dr-Chico-Prado-Trofeu-Dom-Jose-1.jpg?resize=350%2C200&ssl=1 1x, https:\/\/i0.wp.com\/correiodasemana.com\/site\/wp-content\/uploads\/2021\/09\/Dr-Chico-Prado-Trofeu-Dom-Jose-1.jpg?resize=525%2C300&ssl=1 1.5x, https:\/\/i0.wp.com\/correiodasemana.com\/site\/wp-content\/uploads\/2021\/09\/Dr-Chico-Prado-Trofeu-Dom-Jose-1.jpg?resize=700%2C400&ssl=1 2x, https:\/\/i0.wp.com\/correiodasemana.com\/site\/wp-content\/uploads\/2021\/09\/Dr-Chico-Prado-Trofeu-Dom-Jose-1.jpg?resize=1050%2C600&ssl=1 3x, https:\/\/i0.wp.com\/correiodasemana.com\/site\/wp-content\/uploads\/2021\/09\/Dr-Chico-Prado-Trofeu-Dom-Jose-1.jpg?resize=1400%2C800&ssl=1 4x"},"classes":[]},{"id":33962,"url":"https:\/\/correiodasemana.com\/site\/becco-ponto-com-215\/","url_meta":{"origin":35424,"position":4},"title":"Becco ponto Com","author":"adminredacao","date":"Junho 3, 2025","format":false,"excerpt":"LIVRAI-NOS, SENHOR! Da galera do r\u00e1dio se digladiando, ufa, Sobral! Do Elmano cano no povo voltar no governo, ui! Das patadas do Ciro no \u201cCamilinho\u201d do Cid, ufa! Das faculdades modernas vendendo t\u00edtulos. Do modismo crian\u00e7as os bonecos de silicone. Dos nossos dois times em brigas de torcidas Da pol\u00edtica\u2026","rel":"","context":"In &quot;Artigos&quot;","block_context":{"text":"Artigos","link":"https:\/\/correiodasemana.com\/site\/category\/artigos\/"},"img":{"alt_text":"","src":"https:\/\/i0.wp.com\/correiodasemana.com\/site\/wp-content\/uploads\/2021\/09\/Dr-Chico-Prado-Trofeu-Dom-Jose-1-1.jpg?resize=350%2C200&ssl=1","width":350,"height":200,"srcset":"https:\/\/i0.wp.com\/correiodasemana.com\/site\/wp-content\/uploads\/2021\/09\/Dr-Chico-Prado-Trofeu-Dom-Jose-1-1.jpg?resize=350%2C200&ssl=1 1x, https:\/\/i0.wp.com\/correiodasemana.com\/site\/wp-content\/uploads\/2021\/09\/Dr-Chico-Prado-Trofeu-Dom-Jose-1-1.jpg?resize=525%2C300&ssl=1 1.5x, https:\/\/i0.wp.com\/correiodasemana.com\/site\/wp-content\/uploads\/2021\/09\/Dr-Chico-Prado-Trofeu-Dom-Jose-1-1.jpg?resize=700%2C400&ssl=1 2x"},"classes":[]},{"id":33578,"url":"https:\/\/correiodasemana.com\/site\/becco-ponto-com-211\/","url_meta":{"origin":35424,"position":5},"title":"BECCO PONTO.COM","author":"adminredacao","date":"Abril 29, 2025","format":false,"excerpt":"LIVRAI-NOS, SENHOR! Da volta: \u201cLixo neles\u201d, novela pol\u00edtica sobralense. Do rombo no inss via pt lulismo. Foi roubo, ui! Da briga pol\u00edtica de muro baixo: \u201cmando s\u00f3 eu\u201d. Dos fg\u2019s aparecendo na fita do filme do Lula. Do choro dos meninos: \u201cquanto pior \u00e9 melhor\u201d. Da C\u00e2mara camarada fazendo historinhas,\u2026","rel":"","context":"In &quot;Artigos&quot;","block_context":{"text":"Artigos","link":"https:\/\/correiodasemana.com\/site\/category\/artigos\/"},"img":{"alt_text":"","src":"https:\/\/i0.wp.com\/correiodasemana.com\/site\/wp-content\/uploads\/2021\/09\/Dr-Chico-Prado-Trofeu-Dom-Jose-1.jpg?resize=350%2C200&ssl=1","width":350,"height":200,"srcset":"https:\/\/i0.wp.com\/correiodasemana.com\/site\/wp-content\/uploads\/2021\/09\/Dr-Chico-Prado-Trofeu-Dom-Jose-1.jpg?resize=350%2C200&ssl=1 1x, https:\/\/i0.wp.com\/correiodasemana.com\/site\/wp-content\/uploads\/2021\/09\/Dr-Chico-Prado-Trofeu-Dom-Jose-1.jpg?resize=525%2C300&ssl=1 1.5x, https:\/\/i0.wp.com\/correiodasemana.com\/site\/wp-content\/uploads\/2021\/09\/Dr-Chico-Prado-Trofeu-Dom-Jose-1.jpg?resize=700%2C400&ssl=1 2x, https:\/\/i0.wp.com\/correiodasemana.com\/site\/wp-content\/uploads\/2021\/09\/Dr-Chico-Prado-Trofeu-Dom-Jose-1.jpg?resize=1050%2C600&ssl=1 3x, https:\/\/i0.wp.com\/correiodasemana.com\/site\/wp-content\/uploads\/2021\/09\/Dr-Chico-Prado-Trofeu-Dom-Jose-1.jpg?resize=1400%2C800&ssl=1 4x"},"classes":[]}],"jetpack_sharing_enabled":true,"_links":{"self":[{"href":"https:\/\/correiodasemana.com\/site\/wp-json\/wp\/v2\/posts\/35424","targetHints":{"allow":["GET"]}}],"collection":[{"href":"https:\/\/correiodasemana.com\/site\/wp-json\/wp\/v2\/posts"}],"about":[{"href":"https:\/\/correiodasemana.com\/site\/wp-json\/wp\/v2\/types\/post"}],"author":[{"embeddable":true,"href":"https:\/\/correiodasemana.com\/site\/wp-json\/wp\/v2\/users\/7"}],"replies":[{"embeddable":true,"href":"https:\/\/correiodasemana.com\/site\/wp-json\/wp\/v2\/comments?post=35424"}],"version-history":[{"count":1,"href":"https:\/\/correiodasemana.com\/site\/wp-json\/wp\/v2\/posts\/35424\/revisions"}],"predecessor-version":[{"id":35426,"href":"https:\/\/correiodasemana.com\/site\/wp-json\/wp\/v2\/posts\/35424\/revisions\/35426"}],"wp:featuredmedia":[{"embeddable":true,"href":"https:\/\/correiodasemana.com\/site\/wp-json\/wp\/v2\/media\/17508"}],"wp:attachment":[{"href":"https:\/\/correiodasemana.com\/site\/wp-json\/wp\/v2\/media?parent=35424"}],"wp:term":[{"taxonomy":"category","embeddable":true,"href":"https:\/\/correiodasemana.com\/site\/wp-json\/wp\/v2\/categories?post=35424"},{"taxonomy":"post_tag","embeddable":true,"href":"https:\/\/correiodasemana.com\/site\/wp-json\/wp\/v2\/tags?post=35424"}],"curies":[{"name":"wp","href":"https:\/\/api.w.org\/{rel}","templated":true}]}}