{"id":35549,"date":"2025-09-15T14:59:46","date_gmt":"2025-09-15T17:59:46","guid":{"rendered":"https:\/\/correiodasemana.com\/site\/?p=35549"},"modified":"2025-09-15T14:59:46","modified_gmt":"2025-09-15T17:59:46","slug":"pier-george-frassati-e-carlo-acutis-sao-canonizados-no-vaticano","status":"publish","type":"post","link":"https:\/\/correiodasemana.com\/site\/pier-george-frassati-e-carlo-acutis-sao-canonizados-no-vaticano\/","title":{"rendered":"Pier George Frassati e Carlo Acutis s\u00e3o canonizados no Vaticano"},"content":{"rendered":"<div id='gallery-1' class='gallery galleryid-35549 gallery-columns-6 gallery-size-thumbnail'><figure class='gallery-item'>\n\t\t\t<div class='gallery-icon landscape'>\n\t\t\t\t<a href='https:\/\/correiodasemana.com\/site\/pier-george-frassati-e-carlo-acutis-sao-canonizados-no-vaticano\/natal-solidario-4\/'><img loading=\"lazy\" width=\"150\" height=\"150\" src=\"https:\/\/correiodasemana.com\/site\/wp-content\/uploads\/2025\/09\/Natal-solidario-4-150x150.png\" class=\"attachment-thumbnail size-thumbnail\" alt=\"Natal-solidario-4\" loading=\"lazy\" decoding=\"async\" \/><\/a>\n\t\t\t<\/div><\/figure><figure class='gallery-item'>\n\t\t\t<div class='gallery-icon portrait'>\n\t\t\t\t<a href='https:\/\/correiodasemana.com\/site\/pier-george-frassati-e-carlo-acutis-sao-canonizados-no-vaticano\/whatsapp-image-2025-09-12-at-17-25-50\/'><img loading=\"lazy\" width=\"150\" height=\"150\" src=\"https:\/\/correiodasemana.com\/site\/wp-content\/uploads\/2025\/09\/WhatsApp-Image-2025-09-12-at-17.25.50-150x150.jpeg\" class=\"attachment-thumbnail size-thumbnail\" alt=\"WhatsApp Image 2025-09-12 at 17.25.50\" loading=\"lazy\" decoding=\"async\" \/><\/a>\n\t\t\t<\/div><\/figure><figure class='gallery-item'>\n\t\t\t<div class='gallery-icon portrait'>\n\t\t\t\t<a href='https:\/\/correiodasemana.com\/site\/pier-george-frassati-e-carlo-acutis-sao-canonizados-no-vaticano\/whatsapp-image-2025-09-12-at-17-25-51-1\/'><img loading=\"lazy\" width=\"150\" height=\"150\" src=\"https:\/\/correiodasemana.com\/site\/wp-content\/uploads\/2025\/09\/WhatsApp-Image-2025-09-12-at-17.25.51-1-150x150.jpeg\" class=\"attachment-thumbnail size-thumbnail\" alt=\"WhatsApp Image 2025-09-12 at 17.25.51 (1)\" loading=\"lazy\" decoding=\"async\" \/><\/a>\n\t\t\t<\/div><\/figure><figure class='gallery-item'>\n\t\t\t<div class='gallery-icon portrait'>\n\t\t\t\t<a href='https:\/\/correiodasemana.com\/site\/pier-george-frassati-e-carlo-acutis-sao-canonizados-no-vaticano\/whatsapp-image-2025-09-12-at-17-25-51-2\/'><img loading=\"lazy\" width=\"150\" height=\"150\" src=\"https:\/\/correiodasemana.com\/site\/wp-content\/uploads\/2025\/09\/WhatsApp-Image-2025-09-12-at-17.25.51-2-150x150.jpeg\" class=\"attachment-thumbnail size-thumbnail\" alt=\"WhatsApp Image 2025-09-12 at 17.25.51 (2)\" loading=\"lazy\" decoding=\"async\" \/><\/a>\n\t\t\t<\/div><\/figure><figure class='gallery-item'>\n\t\t\t<div class='gallery-icon portrait'>\n\t\t\t\t<a href='https:\/\/correiodasemana.com\/site\/pier-george-frassati-e-carlo-acutis-sao-canonizados-no-vaticano\/whatsapp-image-2025-09-12-at-17-25-52-3\/'><img loading=\"lazy\" width=\"150\" height=\"150\" src=\"https:\/\/correiodasemana.com\/site\/wp-content\/uploads\/2025\/09\/WhatsApp-Image-2025-09-12-at-17.25.52-3-150x150.jpeg\" class=\"attachment-thumbnail size-thumbnail\" alt=\"WhatsApp Image 2025-09-12 at 17.25.52 (3)\" loading=\"lazy\" decoding=\"async\" \/><\/a>\n\t\t\t<\/div><\/figure>\n\t\t<\/div>\n\n<p>Cerca de 80 mil fi\u00e9is participaram na Pra\u00e7a S\u00e3o Pedro de um dos eventos mais aguardados deste Ano Santo: a canoniza\u00e7\u00e3o de Pier Giorgio Frassati e Carlo Acutis.<br \/>\nA solene celebra\u00e7\u00e3o eucar\u00edstica com o rito de canoniza\u00e7\u00e3o teve in\u00edcio com a \u201cPetitio\u201d (Peti\u00e7\u00e3o), em que o prefeito do Dicast\u00e9rio das Causas dos Santos, card. Marcello Semeraro, acompanhado dos postuladores, pediu ao Santo Padre que inscrevesse os dois beatos no \u00c1lbum dos Santos.<br \/>\nNa sequ\u00eancia, o cardeal apresentou brevemente as duas biografias e foi entoada a Ladainha dos Santos. Depois, o Pont\u00edfice leu a f\u00f3rmula de canoniza\u00e7\u00e3o, estabelecendo que \u201cem toda a Igreja eles sejam devotamente honrados entre os santos\u201d. Neste momento, foi oferecido o incenso para a venera\u00e7\u00e3o das rel\u00edquias.<br \/>\nA Santa Missa prosseguiu com a Liturgia da Palavra. Na homilia, o Papa Le\u00e3o comentou as leituras do dia, cuja mensagem principal \u00e9 uma advert\u00eancia a n\u00e3o desperdi\u00e7ar a vida fora do projeto de Deus, um convite a aderir sem hesita\u00e7\u00e3o \u00e0 aventura que o Senhor nos prop\u00f5e, despojando-nos de n\u00f3s mesmos, das coisas e ideias \u00e0s quais estamos apegados, para nos colocarmos \u00e0 escuta da sua palavra.<br \/>\nO Papa convidou a olhar para S\u00e3o Pier Giorgio Frassati, um jovem do in\u00edcio do s\u00e9culo XX, e S\u00e3o Carlo Acutis, um adolescente dos nossos dias, \u201cambos apaixonados por Jesus e prontos a dar tudo por Ele\u201d. E discorreu brevemente sobre cada um.<br \/>\nAmbos, Pier Giorgio e Carlo, cultivaram o amor a Deus e aos irm\u00e3os atrav\u00e9s de meios simples, ao alcance de todos: a Santa Missa di\u00e1ria, a ora\u00e7\u00e3o, especialmente a Adora\u00e7\u00e3o Eucar\u00edstica. Essencial para eles era a Confiss\u00e3o frequente. Ambos, finalmente, tinham uma grande devo\u00e7\u00e3o pelos santos e pela Virgem Maria, e praticavam generosamente a caridade. Quando a doen\u00e7a os atingiu e ceifou as suas jovens vidas, nem mesmo isso os impediu de amar, de se oferecerem a Deus, de bendiz\u00ea-Lo e de orar por si pr\u00f3prios e por todos.<br \/>\n\u201cQueridos, os santos Pier Giorgio Frassati e Carlo Acutis s\u00e3o um convite dirigido a todos n\u00f3s \u2013 especialmente aos jovens \u2013 a n\u00e3o desperdi\u00e7ar a vida, mas a orient\u00e1-la para o alto e a fazer dela uma obra-prima.\u201d<br \/>\nPor Vatican News<\/p>\n","protected":false},"excerpt":{"rendered":"<p>Cerca de 80 mil fi\u00e9is participaram na Pra\u00e7a S\u00e3o Pedro de um dos eventos mais&#8230;<\/p>\n","protected":false},"author":7,"featured_media":35550,"comment_status":"open","ping_status":"open","sticky":false,"template":"","format":"standard","meta":{"_jetpack_memberships_contains_paid_content":false,"footnotes":"","jetpack_publicize_message":"","jetpack_publicize_feature_enabled":true,"jetpack_social_post_already_shared":true,"jetpack_social_options":{"image_generator_settings":{"template":"highway","default_image_id":0,"font":"","enabled":false},"version":2}},"categories":[1],"tags":[],"class_list":["post-35549","post","type-post","status-publish","format-standard","has-post-thumbnail","hentry","category-atualidade"],"jetpack_publicize_connections":[],"jetpack_featured_media_url":"https:\/\/correiodasemana.com\/site\/wp-content\/uploads\/2025\/09\/Natal-solidario-4.png","jetpack-related-posts":[{"id":35493,"url":"https:\/\/correiodasemana.com\/site\/no-domingo-7-de-setembro-igreja-eleva-o-jovem-beato-carlo-acutis-aos-altares-como-o-primeiro-santo-millennial\/","url_meta":{"origin":35549,"position":0},"title":"No domingo, 7 de setembro, Igreja eleva o jovem beato Carlo Acutis aos altares como o primeiro santo millennial","author":"adminredacao","date":"Setembro 8, 2025","format":false,"excerpt":"Fonte: CNBB O jovem beato Carlo Acutis, cuja hist\u00f3ria de devo\u00e7\u00e3o est\u00e1 intimamente ligada ao Brasil, ser\u00e1 elevado aos altares como o primeiro santo da gera\u00e7\u00e3o millennial em celebra\u00e7\u00e3o Eucar\u00edstica e Rito da Canoniza\u00e7\u00e3o a serem realizados na Pra\u00e7a de S\u00e3o Pedro, no pr\u00f3ximo domingo, 7 de setembro, \u00e0s 10h\u2026","rel":"","context":"In &quot;Atualidade&quot;","block_context":{"text":"Atualidade","link":"https:\/\/correiodasemana.com\/site\/category\/atualidade\/"},"img":{"alt_text":"","src":"https:\/\/i0.wp.com\/correiodasemana.com\/site\/wp-content\/uploads\/2025\/09\/carlo-layla-camila.png?resize=350%2C200&ssl=1","width":350,"height":200,"srcset":"https:\/\/i0.wp.com\/correiodasemana.com\/site\/wp-content\/uploads\/2025\/09\/carlo-layla-camila.png?resize=350%2C200&ssl=1 1x, https:\/\/i0.wp.com\/correiodasemana.com\/site\/wp-content\/uploads\/2025\/09\/carlo-layla-camila.png?resize=525%2C300&ssl=1 1.5x, https:\/\/i0.wp.com\/correiodasemana.com\/site\/wp-content\/uploads\/2025\/09\/carlo-layla-camila.png?resize=700%2C400&ssl=1 2x, https:\/\/i0.wp.com\/correiodasemana.com\/site\/wp-content\/uploads\/2025\/09\/carlo-layla-camila.png?resize=1050%2C600&ssl=1 3x"},"classes":[]},{"id":35525,"url":"https:\/\/correiodasemana.com\/site\/carlo-acutis-e-pier-giorgio-frassati-os-santos-contemporaneos\/","url_meta":{"origin":35549,"position":1},"title":"Carlo Acutis e Pier Giorgio Frassati \u2013 os santos contempor\u00e2neos","author":"adminredacao","date":"Setembro 15, 2025","format":false,"excerpt":"Ete dia 7 de setembro de 2025 marca um momento de grande alegria para a Igreja e para o mundo: a canoniza\u00e7\u00e3o de Carlo Acutis e Pier Giorgio Frassati, proclamados santos pelo Papa Le\u00e3o XIV na Pra\u00e7a de S\u00e3o Pedro, em Roma. Este evento \u00e9 n\u00e3o apenas uma celebra\u00e7\u00e3o lit\u00fargica,\u2026","rel":"","context":"In &quot;A voz do Pastor&quot;","block_context":{"text":"A voz do Pastor","link":"https:\/\/correiodasemana.com\/site\/category\/a-voz-do-pastor\/"},"img":{"alt_text":"","src":"https:\/\/i0.wp.com\/correiodasemana.com\/site\/wp-content\/uploads\/2019\/07\/Dom-Vasconcelos-posses.jpg?resize=350%2C200&ssl=1","width":350,"height":200,"srcset":"https:\/\/i0.wp.com\/correiodasemana.com\/site\/wp-content\/uploads\/2019\/07\/Dom-Vasconcelos-posses.jpg?resize=350%2C200&ssl=1 1x, https:\/\/i0.wp.com\/correiodasemana.com\/site\/wp-content\/uploads\/2019\/07\/Dom-Vasconcelos-posses.jpg?resize=525%2C300&ssl=1 1.5x, https:\/\/i0.wp.com\/correiodasemana.com\/site\/wp-content\/uploads\/2019\/07\/Dom-Vasconcelos-posses.jpg?resize=700%2C400&ssl=1 2x"},"classes":[]},{"id":29418,"url":"https:\/\/correiodasemana.com\/site\/assis-recebe-com-festa-reconhecimento-de-milagre-por-intercessao-de-carlo-acutis\/","url_meta":{"origin":35549,"position":2},"title":"Assis recebe com festa reconhecimento de milagre por intercess\u00e3o de Carlo Acutis","author":"adminredacao","date":"Maio 27, 2024","format":false,"excerpt":"\u201cLouvado seja o Senhor, que faz grandes coisas para impulsionar o nosso entusiasmo na coer\u00eancia crist\u00e3 e no an\u00fancio do Evangelho\u201d, escreveu em uma nota dom Domenico Sorrentino, ao saber do decreto do Dicast\u00e9rio das Causas dos Santos. Vatican News A Igreja em Assis est\u00e1 em festa pelo reconhecimento pelo\u2026","rel":"","context":"In &quot;Atualidade&quot;","block_context":{"text":"Atualidade","link":"https:\/\/correiodasemana.com\/site\/category\/atualidade\/"},"img":{"alt_text":"","src":"https:\/\/i0.wp.com\/correiodasemana.com\/site\/wp-content\/uploads\/2022\/07\/Igreja-da-Se-Catedral-1953.jpeg?resize=350%2C200&ssl=1","width":350,"height":200,"srcset":"https:\/\/i0.wp.com\/correiodasemana.com\/site\/wp-content\/uploads\/2022\/07\/Igreja-da-Se-Catedral-1953.jpeg?resize=350%2C200&ssl=1 1x, https:\/\/i0.wp.com\/correiodasemana.com\/site\/wp-content\/uploads\/2022\/07\/Igreja-da-Se-Catedral-1953.jpeg?resize=525%2C300&ssl=1 1.5x, https:\/\/i0.wp.com\/correiodasemana.com\/site\/wp-content\/uploads\/2022\/07\/Igreja-da-Se-Catedral-1953.jpeg?resize=700%2C400&ssl=1 2x"},"classes":[]},{"id":35749,"url":"https:\/\/correiodasemana.com\/site\/herculano-costa-comenta-17\/","url_meta":{"origin":35549,"position":3},"title":"Herculano Costa Comenta","author":"adminredacao","date":"Setembro 29, 2025","format":false,"excerpt":"Carlo Acutis, o primeiro santo millennial e influencer de Deus Tornar-se santo n\u00e3o est\u00e1 nos planos da maioria de n\u00f3s, mas um jogador de videogame italiano de 15 anos, de nome Carlo Acutis, acaba de passar por todas as etapas da canoniza\u00e7\u00e3o para tornar-se Santo da Igreja Cat\u00f3lica Apost\u00f3lica Romana.\u2026","rel":"","context":"In &quot;Artigos&quot;","block_context":{"text":"Artigos","link":"https:\/\/correiodasemana.com\/site\/category\/artigos\/"},"img":{"alt_text":"","src":"https:\/\/i0.wp.com\/correiodasemana.com\/site\/wp-content\/uploads\/2022\/01\/Herculano-Costa.jpg?resize=350%2C200&ssl=1","width":350,"height":200},"classes":[]},{"id":29416,"url":"https:\/\/correiodasemana.com\/site\/papa-reconhece-milagre-atribuido-a-intercessao-do-beato-carlo-acutis\/","url_meta":{"origin":35549,"position":4},"title":"Papa reconhece milagre atribu\u00eddo \u00e0 intercess\u00e3o do Beato Carlo Acutis","author":"adminredacao","date":"Maio 27, 2024","format":false,"excerpt":"Fonte: Vatican News O Sumo Pont\u00edfice tamb\u00e9m aprovou os votos favor\u00e1veis \u200b\u200bda Sess\u00e3o Ordin\u00e1ria dos padres cardeais e bispos para a canoniza\u00e7\u00e3o dos Beatos Emanuele Ruiz e 7 Companheiros, da Ordem dos Frades Menores, e de Francisco, Abdel Mooti e Raffaele Massabki, fi\u00e9is leigos, assassinados por \u00f3dio \u00e0 F\u00e9 em\u2026","rel":"","context":"In &quot;Atualidade&quot;","block_context":{"text":"Atualidade","link":"https:\/\/correiodasemana.com\/site\/category\/atualidade\/"},"img":{"alt_text":"","src":"https:\/\/i0.wp.com\/correiodasemana.com\/site\/wp-content\/uploads\/2023\/10\/igreja-sao-jose-3.jpeg?resize=350%2C200&ssl=1","width":350,"height":200,"srcset":"https:\/\/i0.wp.com\/correiodasemana.com\/site\/wp-content\/uploads\/2023\/10\/igreja-sao-jose-3.jpeg?resize=350%2C200&ssl=1 1x, https:\/\/i0.wp.com\/correiodasemana.com\/site\/wp-content\/uploads\/2023\/10\/igreja-sao-jose-3.jpeg?resize=525%2C300&ssl=1 1.5x, https:\/\/i0.wp.com\/correiodasemana.com\/site\/wp-content\/uploads\/2023\/10\/igreja-sao-jose-3.jpeg?resize=700%2C400&ssl=1 2x, https:\/\/i0.wp.com\/correiodasemana.com\/site\/wp-content\/uploads\/2023\/10\/igreja-sao-jose-3.jpeg?resize=1050%2C600&ssl=1 3x"},"classes":[]},{"id":37981,"url":"https:\/\/correiodasemana.com\/site\/entrega-do-inquerito-diocesano-de-beatificacao-e-de-canonizacao-do-servo-de-deus-waldir-lopes-de-castro-no-vaticano-e-peregrinacao-a-assis\/","url_meta":{"origin":35549,"position":5},"title":"Entrega do Inqu\u00e9rito Diocesano de Beatifica\u00e7\u00e3o e de Canoniza\u00e7\u00e3o do Servo de Deus Waldir Lopes de Castro no Vaticano e peregrina\u00e7\u00e3o \u00e0 Assis","author":"adminredacao","date":"Abril 13, 2026","format":false,"excerpt":"Por Jos\u00e9 Lu\u00eds Lira Entrevista na R\u00e1dio Vaticana e Entrega do Inqu\u00e9rito Ainda era madrugada no Brasil, dia 5 de mar\u00e7o de 2026, por volta de 5h30min, quando Dom Jos\u00e9 Luiz Gomes de Vasconcelos, Bispo Diocesano de Sobral, Mons. Raimundo Nonato Timb\u00f3 de Paiva, P\u00e1roco de Marco e Vig\u00e1rio Geral\u2026","rel":"","context":"In &quot;Atualidade&quot;","block_context":{"text":"Atualidade","link":"https:\/\/correiodasemana.com\/site\/category\/atualidade\/"},"img":{"alt_text":"","src":"https:\/\/i0.wp.com\/correiodasemana.com\/site\/wp-content\/uploads\/2026\/04\/diocese-de-sobral-no-vaticano-2.jpeg?resize=350%2C200&ssl=1","width":350,"height":200,"srcset":"https:\/\/i0.wp.com\/correiodasemana.com\/site\/wp-content\/uploads\/2026\/04\/diocese-de-sobral-no-vaticano-2.jpeg?resize=350%2C200&ssl=1 1x, https:\/\/i0.wp.com\/correiodasemana.com\/site\/wp-content\/uploads\/2026\/04\/diocese-de-sobral-no-vaticano-2.jpeg?resize=525%2C300&ssl=1 1.5x, https:\/\/i0.wp.com\/correiodasemana.com\/site\/wp-content\/uploads\/2026\/04\/diocese-de-sobral-no-vaticano-2.jpeg?resize=700%2C400&ssl=1 2x, https:\/\/i0.wp.com\/correiodasemana.com\/site\/wp-content\/uploads\/2026\/04\/diocese-de-sobral-no-vaticano-2.jpeg?resize=1050%2C600&ssl=1 3x"},"classes":[]}],"jetpack_sharing_enabled":true,"_links":{"self":[{"href":"https:\/\/correiodasemana.com\/site\/wp-json\/wp\/v2\/posts\/35549","targetHints":{"allow":["GET"]}}],"collection":[{"href":"https:\/\/correiodasemana.com\/site\/wp-json\/wp\/v2\/posts"}],"about":[{"href":"https:\/\/correiodasemana.com\/site\/wp-json\/wp\/v2\/types\/post"}],"author":[{"embeddable":true,"href":"https:\/\/correiodasemana.com\/site\/wp-json\/wp\/v2\/users\/7"}],"replies":[{"embeddable":true,"href":"https:\/\/correiodasemana.com\/site\/wp-json\/wp\/v2\/comments?post=35549"}],"version-history":[{"count":1,"href":"https:\/\/correiodasemana.com\/site\/wp-json\/wp\/v2\/posts\/35549\/revisions"}],"predecessor-version":[{"id":35555,"href":"https:\/\/correiodasemana.com\/site\/wp-json\/wp\/v2\/posts\/35549\/revisions\/35555"}],"wp:featuredmedia":[{"embeddable":true,"href":"https:\/\/correiodasemana.com\/site\/wp-json\/wp\/v2\/media\/35550"}],"wp:attachment":[{"href":"https:\/\/correiodasemana.com\/site\/wp-json\/wp\/v2\/media?parent=35549"}],"wp:term":[{"taxonomy":"category","embeddable":true,"href":"https:\/\/correiodasemana.com\/site\/wp-json\/wp\/v2\/categories?post=35549"},{"taxonomy":"post_tag","embeddable":true,"href":"https:\/\/correiodasemana.com\/site\/wp-json\/wp\/v2\/tags?post=35549"}],"curies":[{"name":"wp","href":"https:\/\/api.w.org\/{rel}","templated":true}]}}