{"id":35556,"date":"2025-09-15T15:00:26","date_gmt":"2025-09-15T18:00:26","guid":{"rendered":"https:\/\/correiodasemana.com\/site\/?p=35556"},"modified":"2025-09-15T15:00:26","modified_gmt":"2025-09-15T18:00:26","slug":"alfabetizacao-de-adultos-pode-aumentar-renda-em-ate-16-aponta-estudo","status":"publish","type":"post","link":"https:\/\/correiodasemana.com\/site\/alfabetizacao-de-adultos-pode-aumentar-renda-em-ate-16-aponta-estudo\/","title":{"rendered":"Alfabetiza\u00e7\u00e3o de adultos pode aumentar renda em at\u00e9 16%, aponta estudo"},"content":{"rendered":"<p><strong>Pesquisa in\u00e9dita revela impacto da EJA na renda de alunos<\/strong><\/p>\n<p>Fonte: Ag\u00eancia Brasil<br \/>\nA\u00a0educa\u00e7\u00e3o de jovens e adultos (EJA) tem impacto\u00a0positivo\u00a0direto na renda, ocupa\u00e7\u00e3o e formaliza\u00e7\u00e3o no mercado de trabalho dos estudantes que participam dessa etapa de ensino. \u00c9 o que destaca um estudo in\u00e9dito que mapeou qual \u00e9 o retorno econ\u00f4mico para aqueles jovens e adultos que n\u00e3o conclu\u00edram os estudos na idade certa, mas retornaram para a escola em\u00a0turmas de EJA.<br \/>\nA modalidade faz parte da educa\u00e7\u00e3o b\u00e1sica e possibilita \u00e0queles que n\u00e3o conclu\u00edram a escola\u00a0na idade esperada\u00a0retomarem os estudos e obterem o diploma de ensino fundamental e m\u00e9dio, em cursos com dura\u00e7\u00e3o mais r\u00e1pida do que as classes regulares.<br \/>\nA pesquisa\u00a0ser\u00e1\u00a0lan\u00e7ada nesta quarta-feira (10), no Semin\u00e1rio Nacional de Educa\u00e7\u00e3o de Jovens e Adultos: 1\u00ba Ano do Pacto pela Supera\u00e7\u00e3o do Analfabetismo e Qualifica\u00e7\u00e3o na Educa\u00e7\u00e3o de Jovens e Adultos (Pacto EJA). A investiga\u00e7\u00e3o busca \u201cpreencher uma lacuna importante na pesquisa sobre o tema\u201d e oferecer subs\u00eddios para ampliar o investimento e o acesso da popula\u00e7\u00e3o a essa etapa de ensino.\u00a0A an\u00e1lise foi encomendada pelo Minist\u00e9rio da Educa\u00e7\u00e3o, em\u00a0parceria com a Organiza\u00e7\u00e3o das Na\u00e7\u00f5es Unidas para a Educa\u00e7\u00e3o, Ci\u00eancia e Cultura (Unesco).<br \/>\nO que \u00e9 a EJA?<br \/>\nNas \u00faltimas d\u00e9cadas, o pa\u00eds ampliou significativamente o acesso \u00e0 educa\u00e7\u00e3o formal \u2013 a taxa de atendimento entre 6 e 14 anos, que compreende todo o ensino fundamental,\u00a0chegou a 96,7% em 2010, contra\u00a075,5% em 1991. No entanto, destaca o estudo, as altas taxas de reprova\u00e7\u00e3o e evas\u00e3o persistiram. Dessa forma, parte dos estudantes n\u00e3o termina\u00a0os estudos na idade esperada ou abandona\u00a0a escola antes da conclus\u00e3o do ensino fundamental ou m\u00e9dio.\u00a0Em 2023, por exemplo, 35 de cada 100 jovens brasileiros n\u00e3o haviam conclu\u00eddo o ensino m\u00e9dio at\u00e9 os 20 anos.<br \/>\nPara frequentar o EJA ensino fundamental, \u00e9 preciso ter pelo menos 15 anos; para o m\u00e9dio, 18 anos, e para as turmas de alfabetiza\u00e7\u00e3o\u00a0(AJA), a \u00fanica restri\u00e7\u00e3o \u00e9 a idade m\u00ednima \u00e9 de 15 anos. O estudo tamb\u00e9m mapeou qual \u00e9 o p\u00fablico potencial para cada uma das etapas, considerando diferen\u00e7as regionais, de ra\u00e7a e moradia rural\/urbana.<br \/>\n\u201cAs gera\u00e7\u00f5es que frequentaram, ou deveriam ter frequentado a escola, h\u00e1 duas d\u00e9cadas\u00a0ou mais, vivenciaram um per\u00edodo de grande exclus\u00e3o educacional e, por isso, grande parte n\u00e3o concluiu a educa\u00e7\u00e3o b\u00e1sica. Apesar dos avan\u00e7os, mesmo entre jovens adultos ainda h\u00e1 um grande contingente de pessoas que n\u00e3o conclu\u00edram a educa\u00e7\u00e3o b\u00e1sica na idade apropriada, e tamb\u00e9m\u00a0v\u00e3o compor o p\u00fablico potencial da EJA e da AJA\u201d, destaca o estudo.<br \/>\nRenda e mercado de trabalho<br \/>\nEm todas as etapas da modalidade, desde a alfabetiza\u00e7\u00e3o at\u00e9 a conclus\u00e3o do ensino m\u00e9dio,\u00a0o estudo aponta\u00a0um incremento na renda dos estudantes, ap\u00f3s frequentarem e conclu\u00edrem a EJA. Esse aumento varia de acordo com a faixa et\u00e1ria.<br \/>\nAlfabetiza\u00e7\u00e3o<br \/>\nPara quem concluiu as classes de alfabetiza\u00e7\u00e3o, por exemplo, a renda m\u00e9dia teve um incremento\u00a0de 16,3% no grupo entre 18 e 60 anos. O impacto \u00e9 ainda maior na faixa et\u00e1ria entre 46 e 60 anos, superando 23%.<br \/>\nA AJA tamb\u00e9m aumenta a probabilidade de ter uma ocupa\u00e7\u00e3o formal em 7,7 pontos percentuais (pp) e de ter uma ocupa\u00e7\u00e3o de qualidade em 2,3 pp, considerando todas as faixas et\u00e1rias.\u00a0\u00c9 considerada uma ocupa\u00e7\u00e3o de qualidade quando o trabalhador recebe pelo menos um sal\u00e1rio m\u00ednimo\u00a0e trabalha at\u00e9 44 horas semanais.<br \/>\nEnsino fundamental<br \/>\nPara quem concluiu os anos finais do ensino fundamental pela EJA, a renda m\u00e9dia tem um incremento de 4,6%.\u00a0\u201cEsse impacto \u00e9 particularmente not\u00e1vel para o grupo de 26 a 35 anos, com\u00a0um aumento de 14,9% na renda\u201d, destaca o estudo.\u00a0A conclus\u00e3o da etapa tamb\u00e9m aumenta a probabilidade\u00a0de ter um trabalho formal em 6,6 pp e uma ocupa\u00e7\u00e3o de qualidade em 3,2 pp.<br \/>\nEnsino m\u00e9dio<br \/>\nNo caso da EJA ensino m\u00e9dio, a conclus\u00e3o eleva a renda mensal em 6%, em m\u00e9dia, para o grupo de 18 a 60 anos em compara\u00e7\u00e3o com quem parou no ensino fundamental.\u00a0O maior impacto foi\u00a0observado na faixa de 26 a 35 anos, com um aumento de 10% na renda m\u00e9dia. A\u00a0probabilidade de ter uma ocupa\u00e7\u00e3o formal cresce 9,4 pp e\u00a0uma ocupa\u00e7\u00e3o de qualidade em 3,3 pp,\u00a0com impactos positivos em todas as faixas et\u00e1rias avaliadas.<br \/>\nPara a autora do estudo, Fabiana de Felicio, os\u00a0resultados\u00a0refor\u00e7am a import\u00e2ncia estrat\u00e9gica da educa\u00e7\u00e3o de jovens e adultos no Brasil.<br \/>\n\u201cOs expressivos contingentes de pessoas aptas a cursar a alfabetiza\u00e7\u00e3o e as etapas da EJA, somados aos retornos econ\u00f4micos positivos identificados, indicam um vasto potencial para a expans\u00e3o dessas modalidades de ensino. Os ganhos ao longo da vida parecem ser suficientes para justificar os custos de curto prazo do retorno aos estudos, especialmente para os grupos de idade mais jovens\u201d, indica.<br \/>\nEla refor\u00e7a\u00a0ainda que\u00a0o investimento na EJA traz, al\u00e9m de benef\u00edcios para os indiv\u00edduos, impactos para o desenvolvimento\u00a0social e econ\u00f4mico locais, destacando a import\u00e2ncia de secret\u00e1rios de educa\u00e7\u00e3o e gestores olharem para a modalidade de forma estrat\u00e9gica.<br \/>\n\u201cO aumento da renda, da formalidade e da qualidade das ocupa\u00e7\u00f5es n\u00e3o s\u00f3 melhora a qualidade de vida das pessoas, como tamb\u00e9m contribui para a produtividade e a redu\u00e7\u00e3o\u00a0da pobreza e desigualdade\u201d, destaca o estudo.<br \/>\nPacto EJA<br \/>\nLan\u00e7ado no ano passado pelo MEC,\u00a0o\u00a0Pacto Nacional de Supera\u00e7\u00e3o do Analfabetismo e Qualifica\u00e7\u00e3o de Jovens e Adultos prev\u00ea a cria\u00e7\u00e3o de 3,3 milh\u00f5es de novas matr\u00edculas na EJA e a sua oferta integrada \u00e0 educa\u00e7\u00e3o profissional, com um investimento de R$ 4 bilh\u00f5es\u00a0em\u00a0quatro anos.<br \/>\nDe acordo com dados da Pesquisa Nacional por Amostra de Domic\u00edlios Cont\u00ednua (Pnad Cont\u00ednua), do Instituto Brasileiro de Geografia e Estat\u00edstica (IBGE),\u00a0h\u00e1 no\u00a0Brasil 9,1 milh\u00f5es de pessoas com 15 anos ou mais n\u00e3o alfabetizadas, o equivalente a 5,3% da popula\u00e7\u00e3o nessa faixa et\u00e1ria.<\/p>\n","protected":false},"excerpt":{"rendered":"<p>Pesquisa in\u00e9dita revela impacto da EJA na renda de alunos Fonte: Ag\u00eancia Brasil A\u00a0educa\u00e7\u00e3o de&#8230;<\/p>\n","protected":false},"author":7,"featured_media":35557,"comment_status":"open","ping_status":"open","sticky":false,"template":"","format":"standard","meta":{"_jetpack_memberships_contains_paid_content":false,"footnotes":"","jetpack_publicize_message":"","jetpack_publicize_feature_enabled":true,"jetpack_social_post_already_shared":true,"jetpack_social_options":{"image_generator_settings":{"template":"highway","default_image_id":0,"font":"","enabled":false},"version":2}},"categories":[1],"tags":[],"class_list":["post-35556","post","type-post","status-publish","format-standard","has-post-thumbnail","hentry","category-atualidade"],"jetpack_publicize_connections":[],"jetpack_featured_media_url":"https:\/\/correiodasemana.com\/site\/wp-content\/uploads\/2025\/09\/53627966626_542f52fc40_o.webp","jetpack-related-posts":[{"id":20375,"url":"https:\/\/correiodasemana.com\/site\/diferenca-entre-eja-ceja-e-encceja\/","url_meta":{"origin":35556,"position":0},"title":"Diferen\u00e7a entre EJA, CEJA e ENCCEJA","author":"","date":"Julho 11, 2022","format":false,"excerpt":"Se voc\u00ea chegou \u00e0 idade adulta e n\u00e3o teve a oportunidade de iniciar ou concluir seus estudos no ensino fundamental ou m\u00e9dio, pode ter acesso a essas etapas por meio de cursos e avalia\u00e7\u00f5es diferenciadas abaixo: A rede estadual de educa\u00e7\u00e3o al\u00e9m do ensino regular conta com tr\u00eas categorias: EJA\u00a0\u00a0(Educa\u00e7\u00e3o\u2026","rel":"","context":"In &quot;Artigos&quot;","block_context":{"text":"Artigos","link":"https:\/\/correiodasemana.com\/site\/category\/artigos\/"},"img":{"alt_text":"","src":"https:\/\/i0.wp.com\/correiodasemana.com\/site\/wp-content\/uploads\/2021\/08\/Salmito-Campos.jpg?resize=350%2C200&ssl=1","width":350,"height":200,"srcset":"https:\/\/i0.wp.com\/correiodasemana.com\/site\/wp-content\/uploads\/2021\/08\/Salmito-Campos.jpg?resize=350%2C200&ssl=1 1x, https:\/\/i0.wp.com\/correiodasemana.com\/site\/wp-content\/uploads\/2021\/08\/Salmito-Campos.jpg?resize=525%2C300&ssl=1 1.5x, https:\/\/i0.wp.com\/correiodasemana.com\/site\/wp-content\/uploads\/2021\/08\/Salmito-Campos.jpg?resize=700%2C400&ssl=1 2x, https:\/\/i0.wp.com\/correiodasemana.com\/site\/wp-content\/uploads\/2021\/08\/Salmito-Campos.jpg?resize=1050%2C600&ssl=1 3x, https:\/\/i0.wp.com\/correiodasemana.com\/site\/wp-content\/uploads\/2021\/08\/Salmito-Campos.jpg?resize=1400%2C800&ssl=1 4x"},"classes":[]},{"id":28110,"url":"https:\/\/correiodasemana.com\/site\/saiba-como-funcionara-o-programa-pe-de-meia-para-estudantes\/","url_meta":{"origin":35556,"position":1},"title":"Saiba como funcionar\u00e1 o Programa P\u00e9-de-Meia para estudantes","author":"adminredacao","date":"Janeiro 22, 2024","format":false,"excerpt":"Lei que cria o programa foi publicada no Di\u00e1rio Oficial Por Fab\u00edola Siminb\u00fa - Rep\u00f3rter da Ag\u00eancia Brasil - Bras\u00edlia A\u00a0lei que cria o Programa P\u00e9-de-Meia, para incentivo educacional de estudantes do Ensino M\u00e9dio p\u00fablico, foi publicada na quarta-feira (17) no\u00a0Di\u00e1rio Oficial da Uni\u00e3o. A legisla\u00e7\u00e3o define quem poder\u00e1 receber\u2026","rel":"","context":"In &quot;Atualidade&quot;","block_context":{"text":"Atualidade","link":"https:\/\/correiodasemana.com\/site\/category\/atualidade\/"},"img":{"alt_text":"","src":"https:\/\/i0.wp.com\/correiodasemana.com\/site\/wp-content\/uploads\/2024\/01\/raf08290.webp?resize=350%2C200&ssl=1","width":350,"height":200,"srcset":"https:\/\/i0.wp.com\/correiodasemana.com\/site\/wp-content\/uploads\/2024\/01\/raf08290.webp?resize=350%2C200&ssl=1 1x, https:\/\/i0.wp.com\/correiodasemana.com\/site\/wp-content\/uploads\/2024\/01\/raf08290.webp?resize=525%2C300&ssl=1 1.5x, https:\/\/i0.wp.com\/correiodasemana.com\/site\/wp-content\/uploads\/2024\/01\/raf08290.webp?resize=700%2C400&ssl=1 2x, https:\/\/i0.wp.com\/correiodasemana.com\/site\/wp-content\/uploads\/2024\/01\/raf08290.webp?resize=1050%2C600&ssl=1 3x"},"classes":[]},{"id":28725,"url":"https:\/\/correiodasemana.com\/site\/programa-pe-de-meia-vai-beneficiar-185-mil-estudantes-de-ensino-medio-da-rede-publica-no-ceara\/","url_meta":{"origin":35556,"position":2},"title":"Programa P\u00e9-de-Meia vai beneficiar 185 mil estudantes de Ensino M\u00e9dio da rede p\u00fablica no Cear\u00e1","author":"adminredacao","date":"Mar\u00e7o 18, 2024","format":false,"excerpt":"A poupan\u00e7a ter\u00e1 aportes mensais e outros incentivos para apoiar a perman\u00eancia e a conclus\u00e3o escolar de estudantes de baixa renda em todo o Brasil Larissa Falc\u00e3o - Ascom Casa Civil\u00a0- Texto Muita alegria dos estudantes cearenses na cerim\u00f4nia de ades\u00e3o do Cear\u00e1 ao\u00a0Programa P\u00e9-de-Meia, do Governo Federal, desenvolvido pelo\u2026","rel":"","context":"In &quot;Atualidade&quot;","block_context":{"text":"Atualidade","link":"https:\/\/correiodasemana.com\/site\/category\/atualidade\/"},"img":{"alt_text":"","src":"https:\/\/i0.wp.com\/correiodasemana.com\/site\/wp-content\/uploads\/2024\/03\/20240314114302__MG_8584-1536x1024-1.jpg?resize=350%2C200&ssl=1","width":350,"height":200,"srcset":"https:\/\/i0.wp.com\/correiodasemana.com\/site\/wp-content\/uploads\/2024\/03\/20240314114302__MG_8584-1536x1024-1.jpg?resize=350%2C200&ssl=1 1x, https:\/\/i0.wp.com\/correiodasemana.com\/site\/wp-content\/uploads\/2024\/03\/20240314114302__MG_8584-1536x1024-1.jpg?resize=525%2C300&ssl=1 1.5x, https:\/\/i0.wp.com\/correiodasemana.com\/site\/wp-content\/uploads\/2024\/03\/20240314114302__MG_8584-1536x1024-1.jpg?resize=700%2C400&ssl=1 2x, https:\/\/i0.wp.com\/correiodasemana.com\/site\/wp-content\/uploads\/2024\/03\/20240314114302__MG_8584-1536x1024-1.jpg?resize=1050%2C600&ssl=1 3x, https:\/\/i0.wp.com\/correiodasemana.com\/site\/wp-content\/uploads\/2024\/03\/20240314114302__MG_8584-1536x1024-1.jpg?resize=1400%2C800&ssl=1 4x"},"classes":[]},{"id":16685,"url":"https:\/\/correiodasemana.com\/site\/estimativa-do-governo-do-estado-preve-que-vacinacao-dos-grupos-nao-prioritarios-inicie-ainda-em-junho\/","url_meta":{"origin":35556,"position":3},"title":"Estimativa do Governo do estado prev\u00ea que vacina\u00e7\u00e3o dos grupos n\u00e3o priorit\u00e1rios inicie ainda em junho","author":"","date":"Junho 7, 2021","format":false,"excerpt":"Por Samuel Carvalho - Reda\u00e7\u00e3o Correio da Semana Segundo Sayonara Cidade, vice-presidente da Comiss\u00e3o Intergestores Bipartite (CIB) do Cear\u00e1 a vacina\u00e7\u00e3o contra Covid-19 para pessoas que n\u00e3o fazem parte do grupo priorit\u00e1rio deve come\u00e7ar ainda em junho. O governo estadual prev\u00ea que a imuniza\u00e7\u00e3o dos grupos priorit\u00e1rios da Fase 4\u2026","rel":"","context":"In &quot;Atualidade&quot;","block_context":{"text":"Atualidade","link":"https:\/\/correiodasemana.com\/site\/category\/atualidade\/"},"img":{"alt_text":"","src":"https:\/\/i0.wp.com\/correiodasemana.com\/site\/wp-content\/uploads\/2021\/06\/1611055102756.jpg?resize=350%2C200&ssl=1","width":350,"height":200,"srcset":"https:\/\/i0.wp.com\/correiodasemana.com\/site\/wp-content\/uploads\/2021\/06\/1611055102756.jpg?resize=350%2C200&ssl=1 1x, https:\/\/i0.wp.com\/correiodasemana.com\/site\/wp-content\/uploads\/2021\/06\/1611055102756.jpg?resize=525%2C300&ssl=1 1.5x, https:\/\/i0.wp.com\/correiodasemana.com\/site\/wp-content\/uploads\/2021\/06\/1611055102756.jpg?resize=700%2C400&ssl=1 2x"},"classes":[]},{"id":24888,"url":"https:\/\/correiodasemana.com\/site\/pesquisa-mostra-52-milhoes-de-jovens-entre-14-e-24-anos-sem-emprego\/","url_meta":{"origin":35556,"position":4},"title":"Pesquisa mostra 5,2 milh\u00f5es de jovens entre 14 e 24 anos sem emprego","author":"adminredacao","date":"Maio 29, 2023","format":false,"excerpt":"Entre os desempregados, 52% s\u00e3o mulheres e 66% s\u00e3o pretos e pardos Por Fl\u00e1via Albuquerque - Rep\u00f3rter da Ag\u00eancia Brasil - S\u00e3o Paulo Um diagn\u00f3stico in\u00e9dito sobre dados espec\u00edficos da empregabilidade de jovens no Brasil - feito pela Subsecretaria de Estat\u00edsticas e Estudos do Trabalho, do Minist\u00e9rio do Trabalho e\u2026","rel":"","context":"In &quot;Atualidade&quot;","block_context":{"text":"Atualidade","link":"https:\/\/correiodasemana.com\/site\/category\/atualidade\/"},"img":{"alt_text":"","src":"https:\/\/i0.wp.com\/correiodasemana.com\/site\/wp-content\/uploads\/2023\/05\/carteira_de_trabalho_e_previdencia_social_ctps.jpg?resize=350%2C200&ssl=1","width":350,"height":200,"srcset":"https:\/\/i0.wp.com\/correiodasemana.com\/site\/wp-content\/uploads\/2023\/05\/carteira_de_trabalho_e_previdencia_social_ctps.jpg?resize=350%2C200&ssl=1 1x, https:\/\/i0.wp.com\/correiodasemana.com\/site\/wp-content\/uploads\/2023\/05\/carteira_de_trabalho_e_previdencia_social_ctps.jpg?resize=525%2C300&ssl=1 1.5x, https:\/\/i0.wp.com\/correiodasemana.com\/site\/wp-content\/uploads\/2023\/05\/carteira_de_trabalho_e_previdencia_social_ctps.jpg?resize=700%2C400&ssl=1 2x, https:\/\/i0.wp.com\/correiodasemana.com\/site\/wp-content\/uploads\/2023\/05\/carteira_de_trabalho_e_previdencia_social_ctps.jpg?resize=1050%2C600&ssl=1 3x"},"classes":[]},{"id":11994,"url":"https:\/\/correiodasemana.com\/site\/manutencao-de-merenda-escolar-um-desafio-para-gestores-municipais-e-estaduais\/","url_meta":{"origin":35556,"position":5},"title":"Manuten\u00e7\u00e3o de merenda escolar: Um desafio para gestores municipais e estaduais","author":"","date":"Julho 20, 2020","format":false,"excerpt":"Para muitos alunos da rede p\u00fablica de ensino a merenda escolar \u00e9 a principal refei\u00e7\u00e3o do dia. Com a suspens\u00e3o das aulas presenciais nas escolas municipais e estaduais de todo o pa\u00eds, prefeitos e governadores est\u00e3o distribuindo kits de alimenta\u00e7\u00e3o a fam\u00edlias de alunos em situa\u00e7\u00e3o de vulnerabilidade social. O\u2026","rel":"","context":"In &quot;Atualidade&quot;","block_context":{"text":"Atualidade","link":"https:\/\/correiodasemana.com\/site\/category\/atualidade\/"},"img":{"alt_text":"","src":"https:\/\/i0.wp.com\/correiodasemana.com\/site\/wp-content\/uploads\/2020\/07\/merenda-escolar.jpeg?resize=350%2C200&ssl=1","width":350,"height":200,"srcset":"https:\/\/i0.wp.com\/correiodasemana.com\/site\/wp-content\/uploads\/2020\/07\/merenda-escolar.jpeg?resize=350%2C200&ssl=1 1x, https:\/\/i0.wp.com\/correiodasemana.com\/site\/wp-content\/uploads\/2020\/07\/merenda-escolar.jpeg?resize=525%2C300&ssl=1 1.5x, https:\/\/i0.wp.com\/correiodasemana.com\/site\/wp-content\/uploads\/2020\/07\/merenda-escolar.jpeg?resize=700%2C400&ssl=1 2x"},"classes":[]}],"jetpack_sharing_enabled":true,"_links":{"self":[{"href":"https:\/\/correiodasemana.com\/site\/wp-json\/wp\/v2\/posts\/35556","targetHints":{"allow":["GET"]}}],"collection":[{"href":"https:\/\/correiodasemana.com\/site\/wp-json\/wp\/v2\/posts"}],"about":[{"href":"https:\/\/correiodasemana.com\/site\/wp-json\/wp\/v2\/types\/post"}],"author":[{"embeddable":true,"href":"https:\/\/correiodasemana.com\/site\/wp-json\/wp\/v2\/users\/7"}],"replies":[{"embeddable":true,"href":"https:\/\/correiodasemana.com\/site\/wp-json\/wp\/v2\/comments?post=35556"}],"version-history":[{"count":1,"href":"https:\/\/correiodasemana.com\/site\/wp-json\/wp\/v2\/posts\/35556\/revisions"}],"predecessor-version":[{"id":35558,"href":"https:\/\/correiodasemana.com\/site\/wp-json\/wp\/v2\/posts\/35556\/revisions\/35558"}],"wp:featuredmedia":[{"embeddable":true,"href":"https:\/\/correiodasemana.com\/site\/wp-json\/wp\/v2\/media\/35557"}],"wp:attachment":[{"href":"https:\/\/correiodasemana.com\/site\/wp-json\/wp\/v2\/media?parent=35556"}],"wp:term":[{"taxonomy":"category","embeddable":true,"href":"https:\/\/correiodasemana.com\/site\/wp-json\/wp\/v2\/categories?post=35556"},{"taxonomy":"post_tag","embeddable":true,"href":"https:\/\/correiodasemana.com\/site\/wp-json\/wp\/v2\/tags?post=35556"}],"curies":[{"name":"wp","href":"https:\/\/api.w.org\/{rel}","templated":true}]}}