{"id":35561,"date":"2025-09-15T15:01:58","date_gmt":"2025-09-15T18:01:58","guid":{"rendered":"https:\/\/correiodasemana.com\/site\/?p=35561"},"modified":"2025-09-15T15:01:58","modified_gmt":"2025-09-15T18:01:58","slug":"sesc-mesa-brasil-sobral-lanca-2a-edicao-do-projeto-oficina-do-brinquedo","status":"publish","type":"post","link":"https:\/\/correiodasemana.com\/site\/sesc-mesa-brasil-sobral-lanca-2a-edicao-do-projeto-oficina-do-brinquedo\/","title":{"rendered":"Sesc Mesa Brasil Sobral lan\u00e7a 2\u00aa edi\u00e7\u00e3o do Projeto Oficina do Brinquedo"},"content":{"rendered":"<p><strong>Iniciativa promove a arrecada\u00e7\u00e3o, restaura\u00e7\u00e3o e distribui\u00e7\u00e3o de brinquedos a crian\u00e7as atendidas por entidades sociais na regi\u00e3o<\/strong><\/p>\n<div id='gallery-1' class='gallery galleryid-35561 gallery-columns-6 gallery-size-thumbnail'><figure class='gallery-item'>\n\t\t\t<div class='gallery-icon landscape'>\n\t\t\t\t<a href='https:\/\/correiodasemana.com\/site\/sesc-mesa-brasil-sobral-lanca-2a-edicao-do-projeto-oficina-do-brinquedo\/whatsapp-image-2025-09-12-at-20-04-21\/'><img loading=\"lazy\" width=\"150\" height=\"150\" src=\"https:\/\/correiodasemana.com\/site\/wp-content\/uploads\/2025\/09\/WhatsApp-Image-2025-09-12-at-20.04.21-150x150.jpeg\" class=\"attachment-thumbnail size-thumbnail\" alt=\"WhatsApp Image 2025-09-12 at 20.04.21\" loading=\"lazy\" decoding=\"async\" \/><\/a>\n\t\t\t<\/div><\/figure><figure class='gallery-item'>\n\t\t\t<div class='gallery-icon portrait'>\n\t\t\t\t<a href='https:\/\/correiodasemana.com\/site\/sesc-mesa-brasil-sobral-lanca-2a-edicao-do-projeto-oficina-do-brinquedo\/whatsapp-image-2025-09-12-at-20-06-25\/'><img loading=\"lazy\" width=\"150\" height=\"150\" src=\"https:\/\/correiodasemana.com\/site\/wp-content\/uploads\/2025\/09\/WhatsApp-Image-2025-09-12-at-20.06.25-150x150.jpeg\" class=\"attachment-thumbnail size-thumbnail\" alt=\"WhatsApp Image 2025-09-12 at 20.06.25\" loading=\"lazy\" decoding=\"async\" \/><\/a>\n\t\t\t<\/div><\/figure><figure class='gallery-item'>\n\t\t\t<div class='gallery-icon landscape'>\n\t\t\t\t<a href='https:\/\/correiodasemana.com\/site\/sesc-mesa-brasil-sobral-lanca-2a-edicao-do-projeto-oficina-do-brinquedo\/whatsapp-image-2025-09-12-at-20-07-58\/'><img loading=\"lazy\" width=\"150\" height=\"150\" src=\"https:\/\/correiodasemana.com\/site\/wp-content\/uploads\/2025\/09\/WhatsApp-Image-2025-09-12-at-20.07.58-150x150.jpeg\" class=\"attachment-thumbnail size-thumbnail\" alt=\"WhatsApp Image 2025-09-12 at 20.07.58\" loading=\"lazy\" decoding=\"async\" \/><\/a>\n\t\t\t<\/div><\/figure>\n\t\t<\/div>\n\n<p>Por Za\u00edra Almeida<br \/>\nAo longo de 20 anos de atua\u00e7\u00e3o, o Programa Sesc Mesa Brasil Sobral contribuiu para o combate \u00e0 fome, o desperd\u00edcio de alimentos e a garantia da seguran\u00e7a alimentar e nutricional de milhares de crian\u00e7as, jovens adultos e idosos oriundos de 61 munic\u00edpios da regi\u00e3o, em uma grande rede de solidariedade. O Projeto, que j\u00e1 alcan\u00e7ou n\u00fameros expressivos na distribui\u00e7\u00e3o de alimentos, agora se mobiliza para mais uma iniciativa solid\u00e1ria: a Oficina do Brinquedo, proposta que visa arrecadar brinquedos novos e usados e do\u00e1-los para crian\u00e7as em situa\u00e7\u00e3o de vulnerabilidade social, contando com o aux\u00edlio de uma equipe de volunt\u00e1rios.<br \/>\nEm sua primeira edi\u00e7\u00e3o, no ano de 2024, o Mesa Brasil conseguiu fazer a distribui\u00e7\u00e3o de 7 mil brinquedos, contemplando crian\u00e7as que s\u00e3o atendidas pelas entidades sociais cadastradas no Programa. Enquanto as prateleiras das empresas doadoras abastecem a mesa de tantas pessoas com alimentos de todos os g\u00eaneros, \u00e9 do trabalho dedicado de muitos volunt\u00e1rios que saem brinquedos restaurados, embalados, \u00fanicos, e viram o t\u00e3o sonhado presente de dia das crian\u00e7as de muitos pequenos. \u00c9 que muitos dos brinquedos arrecadados, j\u00e1 tendo sido usados, passam por processos como consertos, restaura\u00e7\u00f5es e higieniza\u00e7\u00e3o.<br \/>\nMaria Assun\u00e7\u00e3o Oliveira Pinto, de 74 anos, \u00e9 uma volunt\u00e1ria fiel e atua tanto na arrecada\u00e7\u00e3o dos brinquedos como na restaura\u00e7\u00e3o. Moradora da localidade de Campo Alegre, em Mira\u00edma, ela se dedica a costurar roupinhas novas para as bonecas doadas, exibindo com orgulho o resultado das suas cria\u00e7\u00f5es. Assun\u00e7\u00e3o, assim como os demais volunt\u00e1rios, s\u00e3o convidados a participar de reuni\u00f5es, oficinas e treinamentos promovidos pelo Mesa Brasil com o objetivo de favorecer momentos de integra\u00e7\u00e3o.<br \/>\n\u201cA Oficina do Brinquedo funciona no trip\u00e9 arrecada\u00e7\u00e3o, restaura\u00e7\u00e3o e distribui\u00e7\u00e3o, contando com o servi\u00e7o volunt\u00e1rio de costureiras, artes\u00e3os, artistas visuais e marceneiros. N\u00e3o se trata simplesmente de arrecadar e doar, mas cria-se uma rela\u00e7\u00e3o social entre quem doa e quem recebe, h\u00e1 tamb\u00e9m o envolvimento dos volunt\u00e1rios, idosos em sua maioria, e os resultados v\u00e3o muito al\u00e9m dos n\u00fameros\u201d, comenta Joc\u00e9lio Ricardo, supervisor de Programas do Mesa Brasil Sobral.<br \/>\nJoc\u00e9lio conta que o Projeto promove a integra\u00e7\u00e3o de unidades do Sesc e Senac, trazendo inova\u00e7\u00e3o e sustentabilidade para as a\u00e7\u00f5es desenvolvidas. \u201cPor meio dessa iniciativa, uma vez que passamos a ter como mat\u00e9ria-prima os brinquedos doados, conseguimos tamb\u00e9m reduzir os custos na realiza\u00e7\u00e3o das nossas atividades educativas\u201d, aponta.<br \/>\nAp\u00f3s restaurados, os brinquedos s\u00e3o embalados e catalogados para serem distribu\u00eddos para as crian\u00e7as, em a\u00e7\u00f5es pontuais no m\u00eas de outubro, em alus\u00e3o ao Dia das Crian\u00e7as, e no per\u00edodo do natal, contando com a parceria das entidades sociais. Em 2024, os brinquedos arrecadados fizeram a alegria das crian\u00e7as atendidas por institui\u00e7\u00f5es presentes em Sobral e em mais 19 munic\u00edpios. A expectativa para este ano \u00e9 arrecadar, at\u00e9 dezembro, 10 mil brinquedos.<\/p>\n<p>Participe da Oficina do Brinquedo<br \/>\nBrinquedos novos e usados podem ser doados diretamente na Unidade Mesa Brasil Sobral, na Rua In\u00e1cio Rodrigues Lima, n\u00ba 225, no bairro Campo dos Velhos. Outra forma de ajudar o projeto \u00e9 se cadastrando para ser volunt\u00e1rio na restaura\u00e7\u00e3o e distribui\u00e7\u00e3o dos brinquedos, pelos fones (88) 99614-0344 e (88) 99702-5650.<\/p>\n","protected":false},"excerpt":{"rendered":"<p>Iniciativa promove a arrecada\u00e7\u00e3o, restaura\u00e7\u00e3o e distribui\u00e7\u00e3o de brinquedos a crian\u00e7as atendidas por entidades sociais&#8230;<\/p>\n","protected":false},"author":7,"featured_media":35562,"comment_status":"open","ping_status":"open","sticky":false,"template":"","format":"standard","meta":{"_jetpack_memberships_contains_paid_content":false,"footnotes":"","jetpack_publicize_message":"","jetpack_publicize_feature_enabled":true,"jetpack_social_post_already_shared":true,"jetpack_social_options":{"image_generator_settings":{"template":"highway","default_image_id":0,"font":"","enabled":false},"version":2}},"categories":[1],"tags":[],"class_list":["post-35561","post","type-post","status-publish","format-standard","has-post-thumbnail","hentry","category-atualidade"],"jetpack_publicize_connections":[],"jetpack_featured_media_url":"https:\/\/correiodasemana.com\/site\/wp-content\/uploads\/2025\/09\/WhatsApp-Image-2025-09-12-at-20.04.21.jpeg","jetpack-related-posts":[{"id":35768,"url":"https:\/\/correiodasemana.com\/site\/mesa-brasil-leva-alimentos-e-dignidade-a-comunidade-paroquial-de-jordao\/","url_meta":{"origin":35561,"position":0},"title":"Mesa Brasil leva alimentos e dignidade \u00e0 Comunidade Paroquial de Jord\u00e3o","author":"adminredacao","date":"Setembro 29, 2025","format":false,"excerpt":"A Comunidade Paroquial de Nossa Senhora da Sa\u00fade, localizada na Serra do Jord\u00e3o, tem sido beneficiada com doa\u00e7\u00f5es do Projeto Mesa Brasil Sesc, uma iniciativa nacional voltada ao combate \u00e0 fome e ao desperd\u00edcio de alimentos. A a\u00e7\u00e3o representa um importante refor\u00e7o para os trabalhos sociais desenvolvidos pela quase-par\u00f3quia, impactando\u2026","rel":"","context":"In &quot;Atualidade&quot;","block_context":{"text":"Atualidade","link":"https:\/\/correiodasemana.com\/site\/category\/atualidade\/"},"img":{"alt_text":"","src":"https:\/\/i0.wp.com\/correiodasemana.com\/site\/wp-content\/uploads\/2025\/09\/WhatsApp-Image-2025-09-19-at-21.24.58.jpeg?resize=350%2C200&ssl=1","width":350,"height":200,"srcset":"https:\/\/i0.wp.com\/correiodasemana.com\/site\/wp-content\/uploads\/2025\/09\/WhatsApp-Image-2025-09-19-at-21.24.58.jpeg?resize=350%2C200&ssl=1 1x, https:\/\/i0.wp.com\/correiodasemana.com\/site\/wp-content\/uploads\/2025\/09\/WhatsApp-Image-2025-09-19-at-21.24.58.jpeg?resize=525%2C300&ssl=1 1.5x, https:\/\/i0.wp.com\/correiodasemana.com\/site\/wp-content\/uploads\/2025\/09\/WhatsApp-Image-2025-09-19-at-21.24.58.jpeg?resize=700%2C400&ssl=1 2x, https:\/\/i0.wp.com\/correiodasemana.com\/site\/wp-content\/uploads\/2025\/09\/WhatsApp-Image-2025-09-19-at-21.24.58.jpeg?resize=1050%2C600&ssl=1 3x"},"classes":[]},{"id":36577,"url":"https:\/\/correiodasemana.com\/site\/area-pastoral-de-jordao-e-contemplada-na-acao-fortal-solidario-2025\/","url_meta":{"origin":35561,"position":1},"title":"\u00c1rea Pastoral de Jord\u00e3o \u00e9 contemplada na A\u00e7\u00e3o Fortal Solid\u00e1rio 2025","author":"adminredacao","date":"Dezembro 1, 2025","format":false,"excerpt":"Na tarde desta segunda-feira, dia 24 de novembro, \u00e0s 14h, na sede da unidade SESC Fortaleza, foi realizada a cerim\u00f4nia de apresenta\u00e7\u00e3o e assinatura da nova coopera\u00e7\u00e3o de trabalho entre o Fortal Solid\u00e1rio 2025 e o Sistema Fecom\u00e9rcio Cear\u00e1. O evento contou com a presen\u00e7a da diretora institucional Dra. Claudia\u2026","rel":"","context":"In &quot;Atualidade&quot;","block_context":{"text":"Atualidade","link":"https:\/\/correiodasemana.com\/site\/category\/atualidade\/"},"img":{"alt_text":"","src":"https:\/\/i0.wp.com\/correiodasemana.com\/site\/wp-content\/uploads\/2025\/12\/PAG-8-ED-1100-3-scaled.jpeg?resize=350%2C200&ssl=1","width":350,"height":200,"srcset":"https:\/\/i0.wp.com\/correiodasemana.com\/site\/wp-content\/uploads\/2025\/12\/PAG-8-ED-1100-3-scaled.jpeg?resize=350%2C200&ssl=1 1x, https:\/\/i0.wp.com\/correiodasemana.com\/site\/wp-content\/uploads\/2025\/12\/PAG-8-ED-1100-3-scaled.jpeg?resize=525%2C300&ssl=1 1.5x, https:\/\/i0.wp.com\/correiodasemana.com\/site\/wp-content\/uploads\/2025\/12\/PAG-8-ED-1100-3-scaled.jpeg?resize=700%2C400&ssl=1 2x, https:\/\/i0.wp.com\/correiodasemana.com\/site\/wp-content\/uploads\/2025\/12\/PAG-8-ED-1100-3-scaled.jpeg?resize=1050%2C600&ssl=1 3x, https:\/\/i0.wp.com\/correiodasemana.com\/site\/wp-content\/uploads\/2025\/12\/PAG-8-ED-1100-3-scaled.jpeg?resize=1400%2C800&ssl=1 4x"},"classes":[]},{"id":36651,"url":"https:\/\/correiodasemana.com\/site\/sistema-fecomercio-ce-divulga-vencedores-da-primeira-edicao-do-premio-de-jornalismo\/","url_meta":{"origin":35561,"position":2},"title":"Sistema Fecom\u00e9rcio-CE divulga vencedores da primeira edi\u00e7\u00e3o do Pr\u00eamio de Jornalismo","author":"adminredacao","date":"Dezembro 11, 2025","format":false,"excerpt":"Por Lucas Diniz - Assessor de Comunica\u00e7\u00e3o O Sistema Fecom\u00e9rcio Cear\u00e1 anunciou, nesta segunda-feira (08\/12), os vencedores da primeira edi\u00e7\u00e3o do Pr\u00eamio Sistema Fecom\u00e9rcio-CE de Jornalismo, em solenidade realizada no Senac Aldeota. Ao todo, foram distribu\u00eddos R$ 100 mil em premia\u00e7\u00f5es, reconhecendo profissionais e equipes que se destacaram na cobertura\u2026","rel":"","context":"In &quot;Atualidade&quot;","block_context":{"text":"Atualidade","link":"https:\/\/correiodasemana.com\/site\/category\/atualidade\/"},"img":{"alt_text":"","src":"https:\/\/i0.wp.com\/correiodasemana.com\/site\/wp-content\/uploads\/2025\/12\/Zaira-Almeida-e-Thais-Helena-no-Premio-de-Jornalismo-do-Sistema-Fecomercio-em-Fortaleza.jpeg?resize=350%2C200&ssl=1","width":350,"height":200,"srcset":"https:\/\/i0.wp.com\/correiodasemana.com\/site\/wp-content\/uploads\/2025\/12\/Zaira-Almeida-e-Thais-Helena-no-Premio-de-Jornalismo-do-Sistema-Fecomercio-em-Fortaleza.jpeg?resize=350%2C200&ssl=1 1x, https:\/\/i0.wp.com\/correiodasemana.com\/site\/wp-content\/uploads\/2025\/12\/Zaira-Almeida-e-Thais-Helena-no-Premio-de-Jornalismo-do-Sistema-Fecomercio-em-Fortaleza.jpeg?resize=525%2C300&ssl=1 1.5x, https:\/\/i0.wp.com\/correiodasemana.com\/site\/wp-content\/uploads\/2025\/12\/Zaira-Almeida-e-Thais-Helena-no-Premio-de-Jornalismo-do-Sistema-Fecomercio-em-Fortaleza.jpeg?resize=700%2C400&ssl=1 2x"},"classes":[]},{"id":33259,"url":"https:\/\/correiodasemana.com\/site\/em-sobral-dom-vasconcelos-realiza-visita-ao-anexo-da-creche-tia-selma-e-ao-projeto-madre-teresa\/","url_meta":{"origin":35561,"position":3},"title":"Em Sobral, Dom Vasconcelos realiza visita ao Anexo da Creche Tia Selma e ao Projeto Madre Teresa","author":"adminredacao","date":"Abril 7, 2025","format":false,"excerpt":"Na noite desta quinta-feira, 3 de abril, Dom Jos\u00e9 Luiz Gomes de Vasconcelos, bispo da Diocese de Sobral, realizou uma visita ao Anexo da Creche Tia Selma e ao Projeto Madre Teresa, da Comunidade Rainha da Paz, localizados no bairro Padre Palhano. O encontro teve grande import\u00e2ncia, pois permitiu que\u2026","rel":"","context":"In &quot;Atualidade&quot;","block_context":{"text":"Atualidade","link":"https:\/\/correiodasemana.com\/site\/category\/atualidade\/"},"img":{"alt_text":"","src":"https:\/\/i0.wp.com\/correiodasemana.com\/site\/wp-content\/uploads\/2025\/04\/Foto-grande.jpg?resize=350%2C200&ssl=1","width":350,"height":200,"srcset":"https:\/\/i0.wp.com\/correiodasemana.com\/site\/wp-content\/uploads\/2025\/04\/Foto-grande.jpg?resize=350%2C200&ssl=1 1x, https:\/\/i0.wp.com\/correiodasemana.com\/site\/wp-content\/uploads\/2025\/04\/Foto-grande.jpg?resize=525%2C300&ssl=1 1.5x, https:\/\/i0.wp.com\/correiodasemana.com\/site\/wp-content\/uploads\/2025\/04\/Foto-grande.jpg?resize=700%2C400&ssl=1 2x, https:\/\/i0.wp.com\/correiodasemana.com\/site\/wp-content\/uploads\/2025\/04\/Foto-grande.jpg?resize=1050%2C600&ssl=1 3x"},"classes":[]},{"id":24509,"url":"https:\/\/correiodasemana.com\/site\/cortes-no-sesc-e-no-senac-impactam-o-desenvolvimento-socioeconomico-do-pais\/","url_meta":{"origin":35561,"position":4},"title":"Cortes no Sesc e no Senac impactam o desenvolvimento socioecon\u00f4mico do Pa\u00eds\u00a0","author":"adminredacao","date":"Maio 8, 2023","format":false,"excerpt":"A amea\u00e7a de corte de 5% nos recursos privados do Sesc e do Senac \u00e9 um atraso para o Brasil. Os artigos 11 e 12 do Projeto de Lei de Convers\u00e3o (PLV) n\u00ba 9\/2023 impactam diretamente as a\u00e7\u00f5es sociais destas institui\u00e7\u00f5es, que h\u00e1 mais de sete d\u00e9cadas promovem educa\u00e7\u00e3o e\u2026","rel":"","context":"In &quot;Atualidade&quot;","block_context":{"text":"Atualidade","link":"https:\/\/correiodasemana.com\/site\/category\/atualidade\/"},"img":{"alt_text":"","src":"https:\/\/i0.wp.com\/correiodasemana.com\/site\/wp-content\/uploads\/2020\/08\/Brasil-deve-ser-a-9a-maior-economia-do-mundo-no-fim-da-decada.jpg?resize=350%2C200&ssl=1","width":350,"height":200,"srcset":"https:\/\/i0.wp.com\/correiodasemana.com\/site\/wp-content\/uploads\/2020\/08\/Brasil-deve-ser-a-9a-maior-economia-do-mundo-no-fim-da-decada.jpg?resize=350%2C200&ssl=1 1x, https:\/\/i0.wp.com\/correiodasemana.com\/site\/wp-content\/uploads\/2020\/08\/Brasil-deve-ser-a-9a-maior-economia-do-mundo-no-fim-da-decada.jpg?resize=525%2C300&ssl=1 1.5x, https:\/\/i0.wp.com\/correiodasemana.com\/site\/wp-content\/uploads\/2020\/08\/Brasil-deve-ser-a-9a-maior-economia-do-mundo-no-fim-da-decada.jpg?resize=700%2C400&ssl=1 2x, https:\/\/i0.wp.com\/correiodasemana.com\/site\/wp-content\/uploads\/2020\/08\/Brasil-deve-ser-a-9a-maior-economia-do-mundo-no-fim-da-decada.jpg?resize=1050%2C600&ssl=1 3x"},"classes":[]},{"id":9259,"url":"https:\/\/correiodasemana.com\/site\/espaco-em-sobral-acolhe-e-ensina-criancas-e-adolescentes-a-exercitarem-o-cerebro\/","url_meta":{"origin":35561,"position":5},"title":"Espa\u00e7o em Sobral acolhe e ensina crian\u00e7as e adolescentes a exercitarem o c\u00e9rebro","author":"","date":"Setembro 30, 2019","format":false,"excerpt":"Idealizada h\u00e1 10 anos, a \u2018Transforme Academia do C\u00e9rebro\u2019 atende pessoas com desenvolvimento at\u00edpico e tamb\u00e9m sem nenhuma dificuldade e, proporciona bem-estar para elas e suas fam\u00edlias Com objetivo de oferecer assist\u00eancia especializada para crian\u00e7as e adolescentes diagnosticados com desenvolvimento at\u00edpico como s\u00edndromes, Transtorno do D\u00e9ficit de Aten\u00e7\u00e3o com Hiperatividade\u2026","rel":"","context":"In &quot;Atualidade&quot;","block_context":{"text":"Atualidade","link":"https:\/\/correiodasemana.com\/site\/category\/atualidade\/"},"img":{"alt_text":"","src":"https:\/\/i0.wp.com\/correiodasemana.com\/site\/wp-content\/uploads\/2019\/09\/WhatsApp-Image-2019-09-26-at-22.39.25.jpeg?resize=350%2C200&ssl=1","width":350,"height":200,"srcset":"https:\/\/i0.wp.com\/correiodasemana.com\/site\/wp-content\/uploads\/2019\/09\/WhatsApp-Image-2019-09-26-at-22.39.25.jpeg?resize=350%2C200&ssl=1 1x, https:\/\/i0.wp.com\/correiodasemana.com\/site\/wp-content\/uploads\/2019\/09\/WhatsApp-Image-2019-09-26-at-22.39.25.jpeg?resize=525%2C300&ssl=1 1.5x, https:\/\/i0.wp.com\/correiodasemana.com\/site\/wp-content\/uploads\/2019\/09\/WhatsApp-Image-2019-09-26-at-22.39.25.jpeg?resize=700%2C400&ssl=1 2x"},"classes":[]}],"jetpack_sharing_enabled":true,"_links":{"self":[{"href":"https:\/\/correiodasemana.com\/site\/wp-json\/wp\/v2\/posts\/35561","targetHints":{"allow":["GET"]}}],"collection":[{"href":"https:\/\/correiodasemana.com\/site\/wp-json\/wp\/v2\/posts"}],"about":[{"href":"https:\/\/correiodasemana.com\/site\/wp-json\/wp\/v2\/types\/post"}],"author":[{"embeddable":true,"href":"https:\/\/correiodasemana.com\/site\/wp-json\/wp\/v2\/users\/7"}],"replies":[{"embeddable":true,"href":"https:\/\/correiodasemana.com\/site\/wp-json\/wp\/v2\/comments?post=35561"}],"version-history":[{"count":1,"href":"https:\/\/correiodasemana.com\/site\/wp-json\/wp\/v2\/posts\/35561\/revisions"}],"predecessor-version":[{"id":35565,"href":"https:\/\/correiodasemana.com\/site\/wp-json\/wp\/v2\/posts\/35561\/revisions\/35565"}],"wp:featuredmedia":[{"embeddable":true,"href":"https:\/\/correiodasemana.com\/site\/wp-json\/wp\/v2\/media\/35562"}],"wp:attachment":[{"href":"https:\/\/correiodasemana.com\/site\/wp-json\/wp\/v2\/media?parent=35561"}],"wp:term":[{"taxonomy":"category","embeddable":true,"href":"https:\/\/correiodasemana.com\/site\/wp-json\/wp\/v2\/categories?post=35561"},{"taxonomy":"post_tag","embeddable":true,"href":"https:\/\/correiodasemana.com\/site\/wp-json\/wp\/v2\/tags?post=35561"}],"curies":[{"name":"wp","href":"https:\/\/api.w.org\/{rel}","templated":true}]}}