{"id":35660,"date":"2025-09-28T11:19:32","date_gmt":"2025-09-28T14:19:32","guid":{"rendered":"https:\/\/correiodasemana.com\/site\/?p=35660"},"modified":"2025-09-28T11:19:32","modified_gmt":"2025-09-28T14:19:32","slug":"transito-causa-ate-10-vezes-mais-sequelas-que-mortes-alerta-cfm","status":"publish","type":"post","link":"https:\/\/correiodasemana.com\/site\/transito-causa-ate-10-vezes-mais-sequelas-que-mortes-alerta-cfm\/","title":{"rendered":"Tr\u00e2nsito causa at\u00e9 10 vezes mais sequelas que mortes, alerta CFM"},"content":{"rendered":"<p><strong>\u201cFam\u00edlias passam a enfrentar sofrimento prolongado\u201d, disse presidente<\/strong><\/p>\n<p>POR Paula Laboissi\u00e8re* &#8211; enviada especial<br \/>\nO presidente do Conselho Federal de Medicina (CFM), Jos\u00e9 Hiran Gallo,\u00a0frisou nesta sexta-feira (16) que os dados referentes ao tr\u00e2nsito no Brasil s\u00e3o preocupantes.\u00a0 Ao participar do 16\u00ba\u00a0Congresso Brasileiro de Medicina do Tr\u00e1fego, em Salvador, ele\u00a0apresentou\u00a0estimativas que indicam que mais de 32 mil pessoas morrem todos os anos em\u00a0sinistros de tr\u00e2nsito no pa\u00eds \u2500 uma m\u00e9dia de 92 v\u00edtimas\u00a0por dia.\u00a0Para cada vida perdida, h\u00e1 pelo menos 10 com sequelas graves ou permanentes.<br \/>\n\u201cFalamos de jovens que deixam de estudar, homens e mulheres impossibilitados de trabalhar, fam\u00edlias que passam a conviver com a depend\u00eancia e o sofrimento prolongado. Esse cen\u00e1rio nos coloca no ranking mundial entre os pa\u00edses com maior n\u00famero absoluto de v\u00edtimas no tr\u00e2nsito, ao lado de na\u00e7\u00f5es muito mais populosas, como \u00cdndia e China.\u201d<br \/>\nDiante desse cen\u00e1rio, Hiran Gallo defendeu que a\u00a0medicina do tr\u00e1fego \u00e9 uma especialidade que vai al\u00e9m da atua\u00e7\u00e3o cl\u00ednica, j\u00e1 que une a pr\u00e1tica m\u00e9dica ao compromisso e \u00e0 a\u00e7\u00e3o social, fornecendo dados, an\u00e1lises e solu\u00e7\u00f5es que orientam decis\u00f5es do Estado brasileiro e pol\u00edticas p\u00fablicas.<br \/>\nDurante o evento, ele destacou ainda os custos provocados por sinistros de tr\u00e2nsito,\u00a0classificados por ele como \u201castron\u00f4micos\u201d. Dados do Instituto de Pesquisa Econ\u00f4mica Aplicada (Ipea) estimam o impacto anual em R$ 50 bilh\u00f5es.<br \/>\n\u201c\u00c9 o resultado da soma de despesas hospitalares e com reabilita\u00e7\u00e3o aos gastos da previd\u00eancia social e aos preju\u00edzos na produtividade\u201d.\u00a0 \u201cEsse valor seria suficiente para construir centenas de hospitais de m\u00e9dio porte ou milhares de escolas p\u00fablicas. Cada sinistro grave no tr\u00e2nsito representa n\u00e3o apenas trag\u00e9dias pessoais e familiares, mas tamb\u00e9m um preju\u00edzo para a coletividade, ao drenar recursos p\u00fablicos que poderiam ajudar no fortalecimento de nossa sa\u00fade, educa\u00e7\u00e3o e seguran\u00e7a\u201d, concluiu.<\/p>\n","protected":false},"excerpt":{"rendered":"<p>\u201cFam\u00edlias passam a enfrentar sofrimento prolongado\u201d, disse presidente POR Paula Laboissi\u00e8re* &#8211; enviada especial O&#8230;<\/p>\n","protected":false},"author":7,"featured_media":35661,"comment_status":"open","ping_status":"open","sticky":false,"template":"","format":"standard","meta":{"_jetpack_memberships_contains_paid_content":false,"footnotes":"","jetpack_publicize_message":"","jetpack_publicize_feature_enabled":true,"jetpack_social_post_already_shared":true,"jetpack_social_options":{"image_generator_settings":{"template":"highway","default_image_id":0,"font":"","enabled":false},"version":2}},"categories":[1],"tags":[],"class_list":["post-35660","post","type-post","status-publish","format-standard","has-post-thumbnail","hentry","category-atualidade"],"jetpack_publicize_connections":[],"jetpack_featured_media_url":"https:\/\/correiodasemana.com\/site\/wp-content\/uploads\/2025\/09\/rbr4148.webp","jetpack-related-posts":[{"id":28934,"url":"https:\/\/correiodasemana.com\/site\/brasil-tem-575-930-medicos-ativos-281-por-mil-habitantes\/","url_meta":{"origin":35660,"position":0},"title":"Brasil tem 575.930 m\u00e9dicos ativos: 2,81 por mil habitantes","author":"adminredacao","date":"Abril 15, 2024","format":false,"excerpt":"Demografia M\u00e9dica 2024 foi divulgada nesta segunda pelo CFM Por Paula Laboissi\u00e8re - Rep\u00f3rter da Ag\u00eancia Brasil - Bras\u00edlia O Brasil registra, atualmente, 575.930 m\u00e9dicos ativos \u2013 uma propor\u00e7\u00e3o de 2,81 profissionais por mil habitantes, a maior j\u00e1 registrada no pa\u00eds. Os dados fazem parte da Demografia M\u00e9dica CFM -\u2026","rel":"","context":"In &quot;Atualidade&quot;","block_context":{"text":"Atualidade","link":"https:\/\/correiodasemana.com\/site\/category\/atualidade\/"},"img":{"alt_text":"","src":"https:\/\/i0.wp.com\/correiodasemana.com\/site\/wp-content\/uploads\/2024\/04\/pzzb5098.jpg?resize=350%2C200&ssl=1","width":350,"height":200,"srcset":"https:\/\/i0.wp.com\/correiodasemana.com\/site\/wp-content\/uploads\/2024\/04\/pzzb5098.jpg?resize=350%2C200&ssl=1 1x, https:\/\/i0.wp.com\/correiodasemana.com\/site\/wp-content\/uploads\/2024\/04\/pzzb5098.jpg?resize=525%2C300&ssl=1 1.5x, https:\/\/i0.wp.com\/correiodasemana.com\/site\/wp-content\/uploads\/2024\/04\/pzzb5098.jpg?resize=700%2C400&ssl=1 2x, https:\/\/i0.wp.com\/correiodasemana.com\/site\/wp-content\/uploads\/2024\/04\/pzzb5098.jpg?resize=1050%2C600&ssl=1 3x"},"classes":[]},{"id":10215,"url":"https:\/\/correiodasemana.com\/site\/mais-de-300-mil-vitimas-ficarao-sem-seguro-dpvat-no-ano-que-vem\/","url_meta":{"origin":35660,"position":1},"title":"Mais de 300 mil v\u00edtimas ficar\u00e3o sem Seguro DPVAT no ano que vem","author":"","date":"Dezembro 16, 2019","format":false,"excerpt":"Nos \u00faltimos 10 anos, cerca de 4 milh\u00f5es de v\u00edtimas de acidentes de tr\u00e2nsito foram indenizadas pelo Seguro DPVAT em todo o pa\u00eds. A partir do hist\u00f3rico de dados da Seguradora L\u00edder, \u00e9 poss\u00edvel projetar um cen\u00e1rio de como ser\u00e1 o pr\u00f3ximo ano sem a exist\u00eancia do seguro de acidente\u2026","rel":"","context":"In &quot;Atualidade&quot;","block_context":{"text":"Atualidade","link":"https:\/\/correiodasemana.com\/site\/category\/atualidade\/"},"img":{"alt_text":"","src":"https:\/\/i0.wp.com\/correiodasemana.com\/site\/wp-content\/uploads\/2019\/12\/seguro-dpvat.jpg?resize=350%2C200&ssl=1","width":350,"height":200,"srcset":"https:\/\/i0.wp.com\/correiodasemana.com\/site\/wp-content\/uploads\/2019\/12\/seguro-dpvat.jpg?resize=350%2C200&ssl=1 1x, https:\/\/i0.wp.com\/correiodasemana.com\/site\/wp-content\/uploads\/2019\/12\/seguro-dpvat.jpg?resize=525%2C300&ssl=1 1.5x, https:\/\/i0.wp.com\/correiodasemana.com\/site\/wp-content\/uploads\/2019\/12\/seguro-dpvat.jpg?resize=700%2C400&ssl=1 2x"},"classes":[]},{"id":15003,"url":"https:\/\/correiodasemana.com\/site\/acidentes-de-transito-causam-prejuizo-de-r-220-bi-por-ano\/","url_meta":{"origin":35660,"position":2},"title":"Acidentes de tr\u00e2nsito causam preju\u00edzo de R$ 220 bi por ano","author":"","date":"Dezembro 15, 2020","format":false,"excerpt":"Todos os anos, o Brasil desperdi\u00e7a 3% do Produto Interno Bruto (PIB), cerca de R$ 220 bilh\u00f5es, para pagar os custos decorrentes dos acidentes de tr\u00e2nsito. \u00c9 o que aponta um estudo feito pela Organiza\u00e7\u00e3o das Na\u00e7\u00f5es Unidas (ONU). \u201cEsse c\u00e1lculo engloba o gasto com socorro, tratamentos m\u00e9dicos, investiga\u00e7\u00e3o e\u2026","rel":"","context":"In &quot;Atualidade&quot;","block_context":{"text":"Atualidade","link":"https:\/\/correiodasemana.com\/site\/category\/atualidade\/"},"img":{"alt_text":"","src":"https:\/\/i0.wp.com\/correiodasemana.com\/site\/wp-content\/uploads\/2020\/12\/14ded2bab5141147c45f4f8d119f46c3.png?resize=350%2C200&ssl=1","width":350,"height":200,"srcset":"https:\/\/i0.wp.com\/correiodasemana.com\/site\/wp-content\/uploads\/2020\/12\/14ded2bab5141147c45f4f8d119f46c3.png?resize=350%2C200&ssl=1 1x, https:\/\/i0.wp.com\/correiodasemana.com\/site\/wp-content\/uploads\/2020\/12\/14ded2bab5141147c45f4f8d119f46c3.png?resize=525%2C300&ssl=1 1.5x, https:\/\/i0.wp.com\/correiodasemana.com\/site\/wp-content\/uploads\/2020\/12\/14ded2bab5141147c45f4f8d119f46c3.png?resize=700%2C400&ssl=1 2x"},"classes":[]},{"id":22561,"url":"https:\/\/correiodasemana.com\/site\/russia-entregas-de-blindados-ocidentais-a-kiev-prolongarao-sofrimento-da-ucrania\/","url_meta":{"origin":35660,"position":3},"title":"R\u00fassia: entregas de blindados ocidentais a Kiev &#8216;prolongar\u00e3o sofrimento&#8217; da Ucr\u00e2nia","author":"","date":"Janeiro 9, 2023","format":false,"excerpt":"As entregas \u00e0 Ucr\u00e2nia de blindados de infantaria e de outras armas, anunciadas na semana passada por v\u00e1rios pa\u00edses ocidentais, v\u00e3o apenas \"prolongar o sofrimento\" dos ucranianos e \"n\u00e3o v\u00e3o mudar\" o equil\u00edbrio de for\u00e7as no terreno - declarou o Kremlin nesta segunda-feira (9). \"Europa, OTAN e Estados Unidos injetaram\u2026","rel":"","context":"In &quot;Atualidade&quot;","block_context":{"text":"Atualidade","link":"https:\/\/correiodasemana.com\/site\/category\/atualidade\/"},"img":{"alt_text":"","src":"https:\/\/i0.wp.com\/correiodasemana.com\/site\/wp-content\/uploads\/2023\/01\/000_324m4v6.jpg?resize=350%2C200&ssl=1","width":350,"height":200,"srcset":"https:\/\/i0.wp.com\/correiodasemana.com\/site\/wp-content\/uploads\/2023\/01\/000_324m4v6.jpg?resize=350%2C200&ssl=1 1x, https:\/\/i0.wp.com\/correiodasemana.com\/site\/wp-content\/uploads\/2023\/01\/000_324m4v6.jpg?resize=525%2C300&ssl=1 1.5x, https:\/\/i0.wp.com\/correiodasemana.com\/site\/wp-content\/uploads\/2023\/01\/000_324m4v6.jpg?resize=700%2C400&ssl=1 2x"},"classes":[]},{"id":14085,"url":"https:\/\/correiodasemana.com\/site\/veto-de-bolsonaro-libera-trafego-de-motos-no-corredor\/","url_meta":{"origin":35660,"position":4},"title":"Veto de Bolsonaro libera tr\u00e1fego de motos no \u201ccorredor\u201d","author":"","date":"Outubro 14, 2020","format":false,"excerpt":"O presidente Jair Bolsonaro vetou o artigo do\u00a0novo C\u00f3digo de Tr\u00e2nsito\u00a0que restringia o tr\u00e1fego de motocicletas nos corredores entre os carros. O artigo 56-A foi vetado por orienta\u00e7\u00e3o da\u00a0Casa Civil.\u00a0O dispositivo aprovado pelo Congresso permitia que o tr\u00e2nsito de motocicletas entre as faixas de ve\u00edculos ocorresse apenas \"quando o fluxo\u2026","rel":"","context":"In &quot;Atualidade&quot;","block_context":{"text":"Atualidade","link":"https:\/\/correiodasemana.com\/site\/category\/atualidade\/"},"img":{"alt_text":"","src":"https:\/\/i0.wp.com\/correiodasemana.com\/site\/wp-content\/uploads\/2020\/10\/moto_dia2-750x430-1.jpg?resize=350%2C200&ssl=1","width":350,"height":200,"srcset":"https:\/\/i0.wp.com\/correiodasemana.com\/site\/wp-content\/uploads\/2020\/10\/moto_dia2-750x430-1.jpg?resize=350%2C200&ssl=1 1x, https:\/\/i0.wp.com\/correiodasemana.com\/site\/wp-content\/uploads\/2020\/10\/moto_dia2-750x430-1.jpg?resize=525%2C300&ssl=1 1.5x, https:\/\/i0.wp.com\/correiodasemana.com\/site\/wp-content\/uploads\/2020\/10\/moto_dia2-750x430-1.jpg?resize=700%2C400&ssl=1 2x"},"classes":[]},{"id":10856,"url":"https:\/\/correiodasemana.com\/site\/conselho-regional-de-medicina-do-estado-do-ceara-visita-maternidade-de-hospital-em-sobral\/","url_meta":{"origin":35660,"position":5},"title":"Conselho Regional de Medicina do Estado do Cear\u00e1 visita Maternidade de hospital em Sobral","author":"","date":"Fevereiro 17, 2020","format":false,"excerpt":"Visita aconteceu na Santa Casa de Miseric\u00f3rdia de Sobral (SCMS) que \u00e9 refer\u00eancia para gestantes em alto risco de 55 munic\u00edpios da regi\u00e3o Norte do Estado do Cear\u00e1. A Maternidade da Santa Casa de Miseric\u00f3rdia de Sobral (SCMS) recebeu na ter\u00e7a-feira (11\/02) a visita de uma equipe de conselheiros do\u2026","rel":"","context":"In &quot;Atualidade&quot;","block_context":{"text":"Atualidade","link":"https:\/\/correiodasemana.com\/site\/category\/atualidade\/"},"img":{"alt_text":"","src":"https:\/\/i0.wp.com\/correiodasemana.com\/site\/wp-content\/uploads\/2020\/02\/IMG_0462.jpg?resize=350%2C200&ssl=1","width":350,"height":200,"srcset":"https:\/\/i0.wp.com\/correiodasemana.com\/site\/wp-content\/uploads\/2020\/02\/IMG_0462.jpg?resize=350%2C200&ssl=1 1x, https:\/\/i0.wp.com\/correiodasemana.com\/site\/wp-content\/uploads\/2020\/02\/IMG_0462.jpg?resize=525%2C300&ssl=1 1.5x, https:\/\/i0.wp.com\/correiodasemana.com\/site\/wp-content\/uploads\/2020\/02\/IMG_0462.jpg?resize=700%2C400&ssl=1 2x"},"classes":[]}],"jetpack_sharing_enabled":true,"_links":{"self":[{"href":"https:\/\/correiodasemana.com\/site\/wp-json\/wp\/v2\/posts\/35660","targetHints":{"allow":["GET"]}}],"collection":[{"href":"https:\/\/correiodasemana.com\/site\/wp-json\/wp\/v2\/posts"}],"about":[{"href":"https:\/\/correiodasemana.com\/site\/wp-json\/wp\/v2\/types\/post"}],"author":[{"embeddable":true,"href":"https:\/\/correiodasemana.com\/site\/wp-json\/wp\/v2\/users\/7"}],"replies":[{"embeddable":true,"href":"https:\/\/correiodasemana.com\/site\/wp-json\/wp\/v2\/comments?post=35660"}],"version-history":[{"count":1,"href":"https:\/\/correiodasemana.com\/site\/wp-json\/wp\/v2\/posts\/35660\/revisions"}],"predecessor-version":[{"id":35662,"href":"https:\/\/correiodasemana.com\/site\/wp-json\/wp\/v2\/posts\/35660\/revisions\/35662"}],"wp:featuredmedia":[{"embeddable":true,"href":"https:\/\/correiodasemana.com\/site\/wp-json\/wp\/v2\/media\/35661"}],"wp:attachment":[{"href":"https:\/\/correiodasemana.com\/site\/wp-json\/wp\/v2\/media?parent=35660"}],"wp:term":[{"taxonomy":"category","embeddable":true,"href":"https:\/\/correiodasemana.com\/site\/wp-json\/wp\/v2\/categories?post=35660"},{"taxonomy":"post_tag","embeddable":true,"href":"https:\/\/correiodasemana.com\/site\/wp-json\/wp\/v2\/tags?post=35660"}],"curies":[{"name":"wp","href":"https:\/\/api.w.org\/{rel}","templated":true}]}}