{"id":35663,"date":"2025-09-28T11:22:30","date_gmt":"2025-09-28T14:22:30","guid":{"rendered":"https:\/\/correiodasemana.com\/site\/?p=35663"},"modified":"2025-09-28T11:22:30","modified_gmt":"2025-09-28T14:22:30","slug":"santa-missa-na-catedral-recorda-66-anos-do-falecimento-de-dom-jose","status":"publish","type":"post","link":"https:\/\/correiodasemana.com\/site\/santa-missa-na-catedral-recorda-66-anos-do-falecimento-de-dom-jose\/","title":{"rendered":"Santa Missa na Catedral recorda 66 anos do falecimento de Dom Jos\u00e9"},"content":{"rendered":"<div id='gallery-1' class='gallery galleryid-35663 gallery-columns-6 gallery-size-thumbnail'><figure class='gallery-item'>\n\t\t\t<div class='gallery-icon landscape'>\n\t\t\t\t<a href='https:\/\/correiodasemana.com\/site\/santa-missa-na-catedral-recorda-66-anos-do-falecimento-de-dom-jose\/dsc_5608\/'><img loading=\"lazy\" width=\"150\" height=\"150\" src=\"https:\/\/correiodasemana.com\/site\/wp-content\/uploads\/2025\/09\/DSC_5608-150x150.jpg\" class=\"attachment-thumbnail size-thumbnail\" alt=\"DSC_5608\" loading=\"lazy\" decoding=\"async\" \/><\/a>\n\t\t\t<\/div><\/figure><figure class='gallery-item'>\n\t\t\t<div class='gallery-icon landscape'>\n\t\t\t\t<a href='https:\/\/correiodasemana.com\/site\/santa-missa-na-catedral-recorda-66-anos-do-falecimento-de-dom-jose\/whatsapp-image-2025-09-26-at-21-20-24\/'><img loading=\"lazy\" width=\"150\" height=\"150\" src=\"https:\/\/correiodasemana.com\/site\/wp-content\/uploads\/2025\/09\/WhatsApp-Image-2025-09-26-at-21.20.24-150x150.jpeg\" class=\"attachment-thumbnail size-thumbnail\" alt=\"WhatsApp Image 2025-09-26 at 21.20.24\" loading=\"lazy\" decoding=\"async\" \/><\/a>\n\t\t\t<\/div><\/figure><figure class='gallery-item'>\n\t\t\t<div class='gallery-icon landscape'>\n\t\t\t\t<a href='https:\/\/correiodasemana.com\/site\/santa-missa-na-catedral-recorda-66-anos-do-falecimento-de-dom-jose\/whatsapp-image-2025-09-26-at-21-20-25-1\/'><img loading=\"lazy\" width=\"150\" height=\"150\" src=\"https:\/\/correiodasemana.com\/site\/wp-content\/uploads\/2025\/09\/WhatsApp-Image-2025-09-26-at-21.20.25-1-150x150.jpeg\" class=\"attachment-thumbnail size-thumbnail\" alt=\"WhatsApp Image 2025-09-26 at 21.20.25 (1)\" loading=\"lazy\" decoding=\"async\" \/><\/a>\n\t\t\t<\/div><\/figure><figure class='gallery-item'>\n\t\t\t<div class='gallery-icon landscape'>\n\t\t\t\t<a href='https:\/\/correiodasemana.com\/site\/santa-missa-na-catedral-recorda-66-anos-do-falecimento-de-dom-jose\/whatsapp-image-2025-09-26-at-21-20-25-2\/'><img loading=\"lazy\" width=\"150\" height=\"150\" src=\"https:\/\/correiodasemana.com\/site\/wp-content\/uploads\/2025\/09\/WhatsApp-Image-2025-09-26-at-21.20.25-2-150x150.jpeg\" class=\"attachment-thumbnail size-thumbnail\" alt=\"WhatsApp Image 2025-09-26 at 21.20.25 (2)\" loading=\"lazy\" decoding=\"async\" \/><\/a>\n\t\t\t<\/div><\/figure><figure class='gallery-item'>\n\t\t\t<div class='gallery-icon landscape'>\n\t\t\t\t<a href='https:\/\/correiodasemana.com\/site\/santa-missa-na-catedral-recorda-66-anos-do-falecimento-de-dom-jose\/whatsapp-image-2025-09-26-at-21-20-25\/'><img loading=\"lazy\" width=\"150\" height=\"150\" src=\"https:\/\/correiodasemana.com\/site\/wp-content\/uploads\/2025\/09\/WhatsApp-Image-2025-09-26-at-21.20.25-150x150.jpeg\" class=\"attachment-thumbnail size-thumbnail\" alt=\"WhatsApp Image 2025-09-26 at 21.20.25\" loading=\"lazy\" decoding=\"async\" \/><\/a>\n\t\t\t<\/div><\/figure><figure class='gallery-item'>\n\t\t\t<div class='gallery-icon landscape'>\n\t\t\t\t<a href='https:\/\/correiodasemana.com\/site\/santa-missa-na-catedral-recorda-66-anos-do-falecimento-de-dom-jose\/whatsapp-image-2025-09-26-at-21-20-26-1\/'><img loading=\"lazy\" width=\"150\" height=\"150\" src=\"https:\/\/correiodasemana.com\/site\/wp-content\/uploads\/2025\/09\/WhatsApp-Image-2025-09-26-at-21.20.26-1-150x150.jpeg\" class=\"attachment-thumbnail size-thumbnail\" alt=\"WhatsApp Image 2025-09-26 at 21.20.26 (1)\" loading=\"lazy\" decoding=\"async\" \/><\/a>\n\t\t\t<\/div><\/figure><figure class='gallery-item'>\n\t\t\t<div class='gallery-icon landscape'>\n\t\t\t\t<a href='https:\/\/correiodasemana.com\/site\/santa-missa-na-catedral-recorda-66-anos-do-falecimento-de-dom-jose\/whatsapp-image-2025-09-26-at-21-20-26-2\/'><img loading=\"lazy\" width=\"150\" height=\"150\" src=\"https:\/\/correiodasemana.com\/site\/wp-content\/uploads\/2025\/09\/WhatsApp-Image-2025-09-26-at-21.20.26-2-150x150.jpeg\" class=\"attachment-thumbnail size-thumbnail\" alt=\"WhatsApp Image 2025-09-26 at 21.20.26 (2)\" loading=\"lazy\" decoding=\"async\" \/><\/a>\n\t\t\t<\/div><\/figure><figure class='gallery-item'>\n\t\t\t<div class='gallery-icon landscape'>\n\t\t\t\t<a href='https:\/\/correiodasemana.com\/site\/santa-missa-na-catedral-recorda-66-anos-do-falecimento-de-dom-jose\/whatsapp-image-2025-09-26-at-21-20-26\/'><img loading=\"lazy\" width=\"150\" height=\"150\" src=\"https:\/\/correiodasemana.com\/site\/wp-content\/uploads\/2025\/09\/WhatsApp-Image-2025-09-26-at-21.20.26-150x150.jpeg\" class=\"attachment-thumbnail size-thumbnail\" alt=\"WhatsApp Image 2025-09-26 at 21.20.26\" loading=\"lazy\" decoding=\"async\" \/><\/a>\n\t\t\t<\/div><\/figure><figure class='gallery-item'>\n\t\t\t<div class='gallery-icon landscape'>\n\t\t\t\t<a href='https:\/\/correiodasemana.com\/site\/santa-missa-na-catedral-recorda-66-anos-do-falecimento-de-dom-jose\/whatsapp-image-2025-09-26-at-21-20-27-1\/'><img loading=\"lazy\" width=\"150\" height=\"150\" src=\"https:\/\/correiodasemana.com\/site\/wp-content\/uploads\/2025\/09\/WhatsApp-Image-2025-09-26-at-21.20.27-1-150x150.jpeg\" class=\"attachment-thumbnail size-thumbnail\" alt=\"WhatsApp Image 2025-09-26 at 21.20.27 (1)\" loading=\"lazy\" decoding=\"async\" \/><\/a>\n\t\t\t<\/div><\/figure><figure class='gallery-item'>\n\t\t\t<div class='gallery-icon landscape'>\n\t\t\t\t<a href='https:\/\/correiodasemana.com\/site\/santa-missa-na-catedral-recorda-66-anos-do-falecimento-de-dom-jose\/whatsapp-image-2025-09-26-at-21-20-27-2\/'><img loading=\"lazy\" width=\"150\" height=\"150\" src=\"https:\/\/correiodasemana.com\/site\/wp-content\/uploads\/2025\/09\/WhatsApp-Image-2025-09-26-at-21.20.27-2-150x150.jpeg\" class=\"attachment-thumbnail size-thumbnail\" alt=\"WhatsApp Image 2025-09-26 at 21.20.27 (2)\" loading=\"lazy\" decoding=\"async\" \/><\/a>\n\t\t\t<\/div><\/figure><figure class='gallery-item'>\n\t\t\t<div class='gallery-icon landscape'>\n\t\t\t\t<a href='https:\/\/correiodasemana.com\/site\/santa-missa-na-catedral-recorda-66-anos-do-falecimento-de-dom-jose\/whatsapp-image-2025-09-26-at-21-20-27\/'><img loading=\"lazy\" width=\"150\" height=\"150\" src=\"https:\/\/correiodasemana.com\/site\/wp-content\/uploads\/2025\/09\/WhatsApp-Image-2025-09-26-at-21.20.27-150x150.jpeg\" class=\"attachment-thumbnail size-thumbnail\" alt=\"WhatsApp Image 2025-09-26 at 21.20.27\" loading=\"lazy\" decoding=\"async\" \/><\/a>\n\t\t\t<\/div><\/figure>\n\t\t<\/div>\n\n<p>Unidos em torno da mesa do altar, a Diocese de Sobral celebrou, na noite desta quinta-feira (25), na Catedral da S\u00e9, a Santa Missa em mem\u00f3ria de Dom Jos\u00e9 Tupinamb\u00e1 da Frota, primeiro bispo desta Igreja Particular, por ocasi\u00e3o dos 66 anos de seu falecimento.<br \/>\nA celebra\u00e7\u00e3o, presidida por Dom Vasconcelos, reuniu religiosas, autoridades civis, leigos e a comunidade em geral. A Santa Missa foi concelebrada pelo Pe. Berg, p\u00e1roco da Catedral, e pelo Pe. Denilson de Sousa, reitor do Semin\u00e1rio Maior de Filosofia S\u00e3o Jo\u00e3o Paulo II.<\/p>\n<p>Durante a homilia, Dom Vasconcelos recordou o legado do primeiro bispo de Sobral, destacando que a Diocese continua viva porque \u00e9 obra de Deus:<br \/>\n\u201cAquela diocese que Dom Jos\u00e9 sonhou e viu nascer, viveu tempos \u00e1ureos, enfrentou ao longo desse centen\u00e1rio muitos altos e baixos, mas continua viva porque a obra \u00e9 de Deus. E por mais imperfeitos que sejamos, n\u00f3s vivemos em busca do amor de Deus, do reino d\u2019Ele. Para isso a Igreja existe.\u201d<br \/>\nO bispo ainda ressaltou a esperan\u00e7a crist\u00e3 que sustenta o caminhar do povo de Deus: \u201cQue Deus conceda a Dom Jos\u00e9 e a todos n\u00f3s que vivemos nesta Igreja militante a gra\u00e7a de nos encontrarmos um dia na Igreja triunfante.\u201d<br \/>\nA mem\u00f3ria de Dom Jos\u00e9 Tupinamb\u00e1 da Frota permanece viva em Sobral e em toda a Regi\u00e3o Norte do Estado como testemunho de f\u00e9, coragem e amor \u00e0 Igreja, inspirando gera\u00e7\u00f5es a viverem firmes no Evangelho.<br \/>\nTha\u00eds Helena<\/p>\n","protected":false},"excerpt":{"rendered":"<p>Unidos em torno da mesa do altar, a Diocese de Sobral celebrou, na noite desta&#8230;<\/p>\n","protected":false},"author":7,"featured_media":35672,"comment_status":"open","ping_status":"open","sticky":false,"template":"","format":"standard","meta":{"_jetpack_memberships_contains_paid_content":false,"footnotes":"","jetpack_publicize_message":"","jetpack_publicize_feature_enabled":true,"jetpack_social_post_already_shared":true,"jetpack_social_options":{"image_generator_settings":{"template":"highway","default_image_id":0,"font":"","enabled":false},"version":2}},"categories":[1],"tags":[],"class_list":["post-35663","post","type-post","status-publish","format-standard","has-post-thumbnail","hentry","category-atualidade"],"jetpack_publicize_connections":[],"jetpack_featured_media_url":"https:\/\/correiodasemana.com\/site\/wp-content\/uploads\/2025\/09\/WhatsApp-Image-2025-09-26-at-21.20.27-1-scaled.jpeg","jetpack-related-posts":[{"id":17614,"url":"https:\/\/correiodasemana.com\/site\/dom-vasconcelos-preside-missa-solene-na-catedral-da-se-marcando-os-62-anos-de-falecimento-de-dom-jose-tupinamba-da-frota\/","url_meta":{"origin":35663,"position":0},"title":"Dom Vasconcelos preside missa solene na Catedral da S\u00e9 marcando os 62 anos de falecimento de Dom Jos\u00e9 Tupinamb\u00e1 da Frota","author":"","date":"Outubro 4, 2021","format":false,"excerpt":"Por Thais Helena (Portal de Comunica\u00e7\u00e3o) Antes da celebra\u00e7\u00e3o foi proferido um texto alusivo aos 62 anos de falecimento de Dom Jos\u00e9 Tupinamb\u00e1 da Frota, pelo comentarista. Os c\u00e2nticos da missa foram m\u00fasicas escolhidas especialmente para este momento saudoso. As celebra\u00e7\u00f5es que marcaram os 62 anos de falecimento de Dom\u2026","rel":"","context":"In &quot;Atualidade&quot;","block_context":{"text":"Atualidade","link":"https:\/\/correiodasemana.com\/site\/category\/atualidade\/"},"img":{"alt_text":"","src":"https:\/\/i0.wp.com\/correiodasemana.com\/site\/wp-content\/uploads\/2021\/10\/missa-aos-62-anos-de-falecimento-de-dom-jose-5.jpg?resize=350%2C200&ssl=1","width":350,"height":200,"srcset":"https:\/\/i0.wp.com\/correiodasemana.com\/site\/wp-content\/uploads\/2021\/10\/missa-aos-62-anos-de-falecimento-de-dom-jose-5.jpg?resize=350%2C200&ssl=1 1x, https:\/\/i0.wp.com\/correiodasemana.com\/site\/wp-content\/uploads\/2021\/10\/missa-aos-62-anos-de-falecimento-de-dom-jose-5.jpg?resize=525%2C300&ssl=1 1.5x, https:\/\/i0.wp.com\/correiodasemana.com\/site\/wp-content\/uploads\/2021\/10\/missa-aos-62-anos-de-falecimento-de-dom-jose-5.jpg?resize=700%2C400&ssl=1 2x"},"classes":[]},{"id":25113,"url":"https:\/\/correiodasemana.com\/site\/morre-marlene-gomes-de-vasconcelos-mae-do-bispo-diocesano-de-sobral-dom-vasconcelos\/","url_meta":{"origin":35663,"position":1},"title":"Morre Marlene Gomes de Vasconcelos, m\u00e3e do bispo diocesano de Sobral, Dom Vasconcelos","author":"adminredacao","date":"Junho 6, 2023","format":false,"excerpt":"Faleceu no in\u00edcio da tarde da \u00faltima quarta-feira, 31\/05, Marlene Gomes de Vasconcelos, m\u00e3e do bispo da Diocese de Sobral, Dom Vasconcelos. O falecimento aconteceu por volta do meio dia. Dona Marlene Gomes, natural de Garanhuns\/PE, faleceu aos 80 anos. Ela estava internada no Hospital do Cora\u00e7\u00e3o Padre Jos\u00e9 Linhares\u2026","rel":"","context":"In &quot;Atualidade&quot;","block_context":{"text":"Atualidade","link":"https:\/\/correiodasemana.com\/site\/category\/atualidade\/"},"img":{"alt_text":"","src":"https:\/\/i0.wp.com\/correiodasemana.com\/site\/wp-content\/uploads\/2023\/06\/DSC3404.jpg?resize=350%2C200&ssl=1","width":350,"height":200,"srcset":"https:\/\/i0.wp.com\/correiodasemana.com\/site\/wp-content\/uploads\/2023\/06\/DSC3404.jpg?resize=350%2C200&ssl=1 1x, https:\/\/i0.wp.com\/correiodasemana.com\/site\/wp-content\/uploads\/2023\/06\/DSC3404.jpg?resize=525%2C300&ssl=1 1.5x, https:\/\/i0.wp.com\/correiodasemana.com\/site\/wp-content\/uploads\/2023\/06\/DSC3404.jpg?resize=700%2C400&ssl=1 2x"},"classes":[]},{"id":35527,"url":"https:\/\/correiodasemana.com\/site\/exposicao-celebra-legado-sobre-a-vida-e-missao-do-primeiro-bispo-de-sobral\/","url_meta":{"origin":35663,"position":2},"title":"Exposi\u00e7\u00e3o celebra legado sobre a vida e miss\u00e3o do primeiro bispo de Sobral","author":"adminredacao","date":"Setembro 15, 2025","format":false,"excerpt":"Durante o m\u00eas de setembro, a cidade de Sobral vive momentos de grande emo\u00e7\u00e3o e reflex\u00e3o com uma programa\u00e7\u00e3o em alus\u00e3o a Dom Jos\u00e9 Tupinamb\u00e1 da Frota, primeiro bispo da Diocese de Sobral. Os sobralenses tem a oportunidade de reviver a hist\u00f3ria do maior benfeitor de Sobral, at\u00e9 o dia\u2026","rel":"","context":"In &quot;Atualidade&quot;","block_context":{"text":"Atualidade","link":"https:\/\/correiodasemana.com\/site\/category\/atualidade\/"},"img":{"alt_text":"","src":"https:\/\/i0.wp.com\/correiodasemana.com\/site\/wp-content\/uploads\/2025\/09\/DSC_2789_1-scaled.jpg?resize=350%2C200&ssl=1","width":350,"height":200,"srcset":"https:\/\/i0.wp.com\/correiodasemana.com\/site\/wp-content\/uploads\/2025\/09\/DSC_2789_1-scaled.jpg?resize=350%2C200&ssl=1 1x, https:\/\/i0.wp.com\/correiodasemana.com\/site\/wp-content\/uploads\/2025\/09\/DSC_2789_1-scaled.jpg?resize=525%2C300&ssl=1 1.5x, https:\/\/i0.wp.com\/correiodasemana.com\/site\/wp-content\/uploads\/2025\/09\/DSC_2789_1-scaled.jpg?resize=700%2C400&ssl=1 2x, https:\/\/i0.wp.com\/correiodasemana.com\/site\/wp-content\/uploads\/2025\/09\/DSC_2789_1-scaled.jpg?resize=1050%2C600&ssl=1 3x, https:\/\/i0.wp.com\/correiodasemana.com\/site\/wp-content\/uploads\/2025\/09\/DSC_2789_1-scaled.jpg?resize=1400%2C800&ssl=1 4x"},"classes":[]},{"id":9287,"url":"https:\/\/correiodasemana.com\/site\/sessenta-anos-da-morte-de-dom-jose\/","url_meta":{"origin":35663,"position":3},"title":"Sessenta anos da morte de Dom Jos\u00e9","author":"","date":"Setembro 30, 2019","format":false,"excerpt":"As celebra\u00e7\u00f5es que marcaram os 60 anos de falecimento de Dom Jos\u00e9 Tupinamb\u00e1 da Frota, primeiro Bispo de Sobral, tiveram in\u00edcio com os sinos de todas as Igrejas Paroquiais da Diocese de Sobral tocando em mem\u00f3ria de seu primeiro Bispo, \u00e0s 18 horas, conforme Decreto de Dom Jos\u00e9 Luiz Gomes\u2026","rel":"","context":"In &quot;Destaques&quot;","block_context":{"text":"Destaques","link":"https:\/\/correiodasemana.com\/site\/category\/destaques\/"},"img":{"alt_text":"","src":"https:\/\/i0.wp.com\/correiodasemana.com\/site\/wp-content\/uploads\/2019\/09\/DSC_4127.jpg?resize=350%2C200&ssl=1","width":350,"height":200,"srcset":"https:\/\/i0.wp.com\/correiodasemana.com\/site\/wp-content\/uploads\/2019\/09\/DSC_4127.jpg?resize=350%2C200&ssl=1 1x, https:\/\/i0.wp.com\/correiodasemana.com\/site\/wp-content\/uploads\/2019\/09\/DSC_4127.jpg?resize=525%2C300&ssl=1 1.5x"},"classes":[]},{"id":24637,"url":"https:\/\/correiodasemana.com\/site\/dom-vasconcelos-celebra-aniversario-natalicio-com-missa-na-se-catedral-de-sobral\/","url_meta":{"origin":35663,"position":4},"title":"Dom Vasconcelos celebra anivers\u00e1rio natal\u00edcio com missa na S\u00e9 Catedral de Sobral","author":"adminredacao","date":"Maio 14, 2023","format":false,"excerpt":"Neste dia 12\/05, sexta-feira, toda a Diocese de Sobral uniu-se em ora\u00e7\u00e3o pelo dom da vida do bispo diocesano, Dom Vasconcelos. Durante o dia houveram v\u00e1rias celebra\u00e7\u00f5es que marcaram esta data especial na vida do sacerdote que hoje completa 60 anos. O sacerdote pernambucano nasceu em Garanhuns-PE, no dia 12\u2026","rel":"","context":"In &quot;Atualidade&quot;","block_context":{"text":"Atualidade","link":"https:\/\/correiodasemana.com\/site\/category\/atualidade\/"},"img":{"alt_text":"","src":"https:\/\/i0.wp.com\/correiodasemana.com\/site\/wp-content\/uploads\/2023\/05\/jantar-10-scaled.jpg?resize=350%2C200&ssl=1","width":350,"height":200,"srcset":"https:\/\/i0.wp.com\/correiodasemana.com\/site\/wp-content\/uploads\/2023\/05\/jantar-10-scaled.jpg?resize=350%2C200&ssl=1 1x, https:\/\/i0.wp.com\/correiodasemana.com\/site\/wp-content\/uploads\/2023\/05\/jantar-10-scaled.jpg?resize=525%2C300&ssl=1 1.5x, https:\/\/i0.wp.com\/correiodasemana.com\/site\/wp-content\/uploads\/2023\/05\/jantar-10-scaled.jpg?resize=700%2C400&ssl=1 2x, https:\/\/i0.wp.com\/correiodasemana.com\/site\/wp-content\/uploads\/2023\/05\/jantar-10-scaled.jpg?resize=1050%2C600&ssl=1 3x, https:\/\/i0.wp.com\/correiodasemana.com\/site\/wp-content\/uploads\/2023\/05\/jantar-10-scaled.jpg?resize=1400%2C800&ssl=1 4x"},"classes":[]},{"id":21171,"url":"https:\/\/correiodasemana.com\/site\/dom-vasconcelos-preside-missa-solene-pelos-63-anos-de-falecimento-de-dom-jose-tupinamba-da-frota\/","url_meta":{"origin":35663,"position":5},"title":"Dom Vasconcelos preside missa solene pelos 63 anos de falecimento de Dom Jos\u00e9 Tupinamb\u00e1 da Frota","author":"","date":"Outubro 2, 2022","format":false,"excerpt":"(Thais Helena \u2013 Reda\u00e7\u00e3o Correio da Semana) O Bispo Diocesano, Dom Vasconcelos, presidiu no \u00faltimo domingo (25\/09), a santa missa pelos 63 anos de falecimento de Dom Jos\u00e9 Tupinamb\u00e1 da Frota na Catedral da S\u00e9. Antes de dar in\u00edcio a celebra\u00e7\u00e3o houve um momento oracional, ocasi\u00e3o em que o bispo\u2026","rel":"","context":"In &quot;Atualidade&quot;","block_context":{"text":"Atualidade","link":"https:\/\/correiodasemana.com\/site\/category\/atualidade\/"},"img":{"alt_text":"","src":"https:\/\/i0.wp.com\/correiodasemana.com\/site\/wp-content\/uploads\/2022\/10\/dom-vasoncelos.jpg?resize=350%2C200&ssl=1","width":350,"height":200,"srcset":"https:\/\/i0.wp.com\/correiodasemana.com\/site\/wp-content\/uploads\/2022\/10\/dom-vasoncelos.jpg?resize=350%2C200&ssl=1 1x, https:\/\/i0.wp.com\/correiodasemana.com\/site\/wp-content\/uploads\/2022\/10\/dom-vasoncelos.jpg?resize=525%2C300&ssl=1 1.5x, https:\/\/i0.wp.com\/correiodasemana.com\/site\/wp-content\/uploads\/2022\/10\/dom-vasoncelos.jpg?resize=700%2C400&ssl=1 2x"},"classes":[]}],"jetpack_sharing_enabled":true,"_links":{"self":[{"href":"https:\/\/correiodasemana.com\/site\/wp-json\/wp\/v2\/posts\/35663","targetHints":{"allow":["GET"]}}],"collection":[{"href":"https:\/\/correiodasemana.com\/site\/wp-json\/wp\/v2\/posts"}],"about":[{"href":"https:\/\/correiodasemana.com\/site\/wp-json\/wp\/v2\/types\/post"}],"author":[{"embeddable":true,"href":"https:\/\/correiodasemana.com\/site\/wp-json\/wp\/v2\/users\/7"}],"replies":[{"embeddable":true,"href":"https:\/\/correiodasemana.com\/site\/wp-json\/wp\/v2\/comments?post=35663"}],"version-history":[{"count":1,"href":"https:\/\/correiodasemana.com\/site\/wp-json\/wp\/v2\/posts\/35663\/revisions"}],"predecessor-version":[{"id":35675,"href":"https:\/\/correiodasemana.com\/site\/wp-json\/wp\/v2\/posts\/35663\/revisions\/35675"}],"wp:featuredmedia":[{"embeddable":true,"href":"https:\/\/correiodasemana.com\/site\/wp-json\/wp\/v2\/media\/35672"}],"wp:attachment":[{"href":"https:\/\/correiodasemana.com\/site\/wp-json\/wp\/v2\/media?parent=35663"}],"wp:term":[{"taxonomy":"category","embeddable":true,"href":"https:\/\/correiodasemana.com\/site\/wp-json\/wp\/v2\/categories?post=35663"},{"taxonomy":"post_tag","embeddable":true,"href":"https:\/\/correiodasemana.com\/site\/wp-json\/wp\/v2\/tags?post=35663"}],"curies":[{"name":"wp","href":"https:\/\/api.w.org\/{rel}","templated":true}]}}