{"id":35679,"date":"2025-09-28T11:24:49","date_gmt":"2025-09-28T14:24:49","guid":{"rendered":"https:\/\/correiodasemana.com\/site\/?p=35679"},"modified":"2025-09-28T11:24:49","modified_gmt":"2025-09-28T14:24:49","slug":"programa-vida-e-missao-recebe-vice-prefeita-dra-imaculada-e-vereador-jonhson-na-educadora-fm-107-5","status":"publish","type":"post","link":"https:\/\/correiodasemana.com\/site\/programa-vida-e-missao-recebe-vice-prefeita-dra-imaculada-e-vereador-jonhson-na-educadora-fm-107-5\/","title":{"rendered":"Programa Vida e Miss\u00e3o recebe Vice-Prefeita Dra. Imaculada e Vereador Jonhson na Educadora FM 107.5"},"content":{"rendered":"<p>Na \u00faltima quarta-feira, 24 de setembro, o programa Vida e Miss\u00e3o, apresentado pelo Padre Assis na Educadora FM 107.5, recebeu dois convidados especiais em alus\u00e3o aos 90 anos de cria\u00e7\u00e3o do Distrito de Jord\u00e3o: a vice-prefeita Dra. Imaculada e o vereador Jonhson.<br \/>\nEm clima de fraternidade e proximidade com os ouvintes, o vereador Jonhson compartilhou sua trajet\u00f3ria familiar e pol\u00edtica, constru\u00edda ao longo de mais de 20 anos de vida p\u00fablica. Ele destacou que sua aproxima\u00e7\u00e3o com as comunidades tem sido essencial para o exerc\u00edcio do mandato e para a identifica\u00e7\u00e3o das demandas da popula\u00e7\u00e3o. Entre as conquistas recentes, ressaltou a luta pela implanta\u00e7\u00e3o do novo e moderno CSF de Baracho, a expans\u00e3o da ilumina\u00e7\u00e3o em LED em ruas e comunidades, melhorias nas estradas de acesso aos s\u00edtios e a necessidade de ampliar a rede de abastecimento de \u00e1gua nas localidades atendidas pela adutora.<br \/>\nJonhson expressou gratid\u00e3o pela caminhada pol\u00edtica iniciada ao lado do ex-vereador Adaldecio Linhares, bem como pelo apoio do grupo pol\u00edtico liderado pelo prefeito Dr. Oscar Rodrigues e pelo deputado federal Moses Rodrigues, que o incentivou a disputar uma vaga no legislativo. Reeleito com expressiva vota\u00e7\u00e3o, o vereador destacou o apoio constante de sua esposa, F\u00e1tima, e reafirmou seu compromisso de continuar trabalhando em favor dos distritos de Jord\u00e3o e Baracho.<br \/>\nJ\u00e1 a vice-prefeita Dra. Imaculada falou de suas origens familiares e da import\u00e2ncia da f\u00e9 na sua forma\u00e7\u00e3o pessoal e profissional. M\u00e9dica odont\u00f3loga, sempre exerceu a profiss\u00e3o com dedica\u00e7\u00e3o e esp\u00edrito de caridade. Ao lado do esposo, Dr. Jo\u00e3o Alberto, secret\u00e1rio distrital, construiu uma trajet\u00f3ria marcada por relevantes servi\u00e7os prestados \u00e0s comunidades rurais e perif\u00e9ricas de Sobral.<br \/>\nDurante sua participa\u00e7\u00e3o, Dra. Imaculada celebrou a reabertura do CEO do Brasil em Sobral, agora ampliado com quatro novas especialidades odontol\u00f3gicas e a meta de realizar cerca de mil atendimentos mensais. Ela tamb\u00e9m anunciou a realiza\u00e7\u00e3o da obra de asfaltamento do bairro Boa Vizinhan\u00e7a, not\u00edcia que foi recebida com entusiasmo pelos ouvintes.<br \/>\nO tempo do programa foi insuficiente para atender a todas as mensagens enviadas pelos ouvintes atrav\u00e9s das plataformas digitais da emissora, o que evidenciou a grande repercuss\u00e3o da participa\u00e7\u00e3o dos convidados. Ao final, Padre Assis agradeceu a presen\u00e7a da vice-prefeita e do vereador, convidando-os a retornar em breve ao Vida e Miss\u00e3o.<br \/>\nPe. Assis Neto<\/p>\n","protected":false},"excerpt":{"rendered":"<p>Na \u00faltima quarta-feira, 24 de setembro, o programa Vida e Miss\u00e3o, apresentado pelo Padre Assis&#8230;<\/p>\n","protected":false},"author":7,"featured_media":35680,"comment_status":"open","ping_status":"open","sticky":false,"template":"","format":"standard","meta":{"_jetpack_memberships_contains_paid_content":false,"footnotes":"","jetpack_publicize_message":"","jetpack_publicize_feature_enabled":true,"jetpack_social_post_already_shared":true,"jetpack_social_options":{"image_generator_settings":{"template":"highway","default_image_id":0,"font":"","enabled":false},"version":2}},"categories":[1],"tags":[],"class_list":["post-35679","post","type-post","status-publish","format-standard","has-post-thumbnail","hentry","category-atualidade"],"jetpack_publicize_connections":[],"jetpack_featured_media_url":"https:\/\/correiodasemana.com\/site\/wp-content\/uploads\/2025\/09\/distrito-do-jordao-8.jpeg","jetpack-related-posts":[{"id":36864,"url":"https:\/\/correiodasemana.com\/site\/imagem-de-nossa-senhora-da-saude-e-abencoada-e-instalada-em-jordao\/","url_meta":{"origin":35679,"position":0},"title":"IMAGEM DE NOSSA SENHORA DA SA\u00daDE \u00c9 ABEN\u00c7OADA E INSTALADA EM JORD\u00c3O","author":"adminredacao","date":"Janeiro 6, 2026","format":false,"excerpt":"Neste domingo, 14 de dezembro, Terceiro Domingo do Advento, a Quase Par\u00f3quia de Nossa Senhora da Sa\u00fade, em Jord\u00e3o, viveu um dos momentos mais marcantes de sua trajet\u00f3ria pastoral com a chegada, b\u00ean\u00e7\u00e3o e instala\u00e7\u00e3o da imagem da Excelsa Padroeira de toda a Serra do Ros\u00e1rio. O projeto foi fruto\u2026","rel":"","context":"In &quot;Atualidade&quot;","block_context":{"text":"Atualidade","link":"https:\/\/correiodasemana.com\/site\/category\/atualidade\/"},"img":{"alt_text":"","src":"https:\/\/i0.wp.com\/correiodasemana.com\/site\/wp-content\/uploads\/2026\/01\/WhatsApp-Image-2025-12-26-at-07.36.44-3-scaled.jpeg?resize=350%2C200&ssl=1","width":350,"height":200,"srcset":"https:\/\/i0.wp.com\/correiodasemana.com\/site\/wp-content\/uploads\/2026\/01\/WhatsApp-Image-2025-12-26-at-07.36.44-3-scaled.jpeg?resize=350%2C200&ssl=1 1x, https:\/\/i0.wp.com\/correiodasemana.com\/site\/wp-content\/uploads\/2026\/01\/WhatsApp-Image-2025-12-26-at-07.36.44-3-scaled.jpeg?resize=525%2C300&ssl=1 1.5x, https:\/\/i0.wp.com\/correiodasemana.com\/site\/wp-content\/uploads\/2026\/01\/WhatsApp-Image-2025-12-26-at-07.36.44-3-scaled.jpeg?resize=700%2C400&ssl=1 2x, https:\/\/i0.wp.com\/correiodasemana.com\/site\/wp-content\/uploads\/2026\/01\/WhatsApp-Image-2025-12-26-at-07.36.44-3-scaled.jpeg?resize=1050%2C600&ssl=1 3x, https:\/\/i0.wp.com\/correiodasemana.com\/site\/wp-content\/uploads\/2026\/01\/WhatsApp-Image-2025-12-26-at-07.36.44-3-scaled.jpeg?resize=1400%2C800&ssl=1 4x"},"classes":[]},{"id":36889,"url":"https:\/\/correiodasemana.com\/site\/dra-imaculada-dias-assume-interinamente-a-prefeitura-de-sobral\/","url_meta":{"origin":35679,"position":1},"title":"Dra. Imaculada Dias assume interinamente a Prefeitura de Sobral","author":"adminredacao","date":"Janeiro 6, 2026","format":false,"excerpt":"Dra. Imacualda assina livro de posse como prefeita interina de Sobral A vice-prefeita de Sobral, Dra. Imaculada Dias Adeodato, tomou posse nesta segunda-feira (29) como prefeita interina do munic\u00edpio. O an\u00fancio foi feito pelo prefeito Oscar Rodrigues em postagem nas redes sociais, na qual destacou a confian\u00e7a na vice-prefeita. \u201cDurante\u2026","rel":"","context":"In &quot;Atualidade&quot;","block_context":{"text":"Atualidade","link":"https:\/\/correiodasemana.com\/site\/category\/atualidade\/"},"img":{"alt_text":"","src":"https:\/\/i0.wp.com\/correiodasemana.com\/site\/wp-content\/uploads\/2026\/01\/Dra.-Imacualda-assina-livro-de-posse-como-prefeita-interina-de-Sobral.jpg?resize=350%2C200&ssl=1","width":350,"height":200,"srcset":"https:\/\/i0.wp.com\/correiodasemana.com\/site\/wp-content\/uploads\/2026\/01\/Dra.-Imacualda-assina-livro-de-posse-como-prefeita-interina-de-Sobral.jpg?resize=350%2C200&ssl=1 1x, https:\/\/i0.wp.com\/correiodasemana.com\/site\/wp-content\/uploads\/2026\/01\/Dra.-Imacualda-assina-livro-de-posse-como-prefeita-interina-de-Sobral.jpg?resize=525%2C300&ssl=1 1.5x, https:\/\/i0.wp.com\/correiodasemana.com\/site\/wp-content\/uploads\/2026\/01\/Dra.-Imacualda-assina-livro-de-posse-como-prefeita-interina-de-Sobral.jpg?resize=700%2C400&ssl=1 2x"},"classes":[]},{"id":32098,"url":"https:\/\/correiodasemana.com\/site\/prefeito-vice-e-vereadores-tomam-posse-para-mandato-2025-2028\/","url_meta":{"origin":35679,"position":2},"title":"Prefeito, vice e vereadores tomam posse para mandato 2025\/2028","author":"adminredacao","date":"Janeiro 15, 2025","format":false,"excerpt":"A C\u00e2mara de Vereadores de Sobral realizou, na tarde de quarta-feira (01\/01\/2025), no Plen\u00e1rio 05 de Julho, a solenidade de instala\u00e7\u00e3o da legislatura 2025-2028, compromisso e posse dos vereadores, prefeito e vice-prefeita eleitos em Sobral. O vereador Carlos do Calisto (PSB), mais votado no pleito de 2024, presidiu a mesa\u2026","rel":"","context":"In &quot;Atualidade&quot;","block_context":{"text":"Atualidade","link":"https:\/\/correiodasemana.com\/site\/category\/atualidade\/"},"img":{"alt_text":"","src":"https:\/\/i0.wp.com\/correiodasemana.com\/site\/wp-content\/uploads\/2025\/01\/Prefeito-vice-prefeita-e-vereadores-empossados-scaled.jpg?resize=350%2C200&ssl=1","width":350,"height":200,"srcset":"https:\/\/i0.wp.com\/correiodasemana.com\/site\/wp-content\/uploads\/2025\/01\/Prefeito-vice-prefeita-e-vereadores-empossados-scaled.jpg?resize=350%2C200&ssl=1 1x, https:\/\/i0.wp.com\/correiodasemana.com\/site\/wp-content\/uploads\/2025\/01\/Prefeito-vice-prefeita-e-vereadores-empossados-scaled.jpg?resize=525%2C300&ssl=1 1.5x, https:\/\/i0.wp.com\/correiodasemana.com\/site\/wp-content\/uploads\/2025\/01\/Prefeito-vice-prefeita-e-vereadores-empossados-scaled.jpg?resize=700%2C400&ssl=1 2x, https:\/\/i0.wp.com\/correiodasemana.com\/site\/wp-content\/uploads\/2025\/01\/Prefeito-vice-prefeita-e-vereadores-empossados-scaled.jpg?resize=1050%2C600&ssl=1 3x, https:\/\/i0.wp.com\/correiodasemana.com\/site\/wp-content\/uploads\/2025\/01\/Prefeito-vice-prefeita-e-vereadores-empossados-scaled.jpg?resize=1400%2C800&ssl=1 4x"},"classes":[]},{"id":31653,"url":"https:\/\/correiodasemana.com\/site\/becco-ponto-com-194\/","url_meta":{"origin":35679,"position":3},"title":"Becco ponto Com","author":"adminredacao","date":"Dezembro 2, 2024","format":false,"excerpt":"LIVRAI-NOS, SENHOR! Da guerra fria pol\u00edtica no Estado, via pt. Das lojas vendendo guguel na cidade, ui! Das intriguinhas do sai e entra do prefeito. Dos acordos esp\u00farios visando a C\u00e2mara. Da sa\u00fade na \u201cuti 1 doutor\u201d para cada dor. Do fim tr\u00e1gico da fam\u00edlia Gomes, no Cear\u00e1. Dos secadores\u2026","rel":"","context":"In &quot;Artigos&quot;","block_context":{"text":"Artigos","link":"https:\/\/correiodasemana.com\/site\/category\/artigos\/"},"img":{"alt_text":"","src":"https:\/\/i0.wp.com\/correiodasemana.com\/site\/wp-content\/uploads\/2021\/09\/Dr-Chico-Prado-Trofeu-Dom-Jose-1-1.jpg?resize=350%2C200&ssl=1","width":350,"height":200,"srcset":"https:\/\/i0.wp.com\/correiodasemana.com\/site\/wp-content\/uploads\/2021\/09\/Dr-Chico-Prado-Trofeu-Dom-Jose-1-1.jpg?resize=350%2C200&ssl=1 1x, https:\/\/i0.wp.com\/correiodasemana.com\/site\/wp-content\/uploads\/2021\/09\/Dr-Chico-Prado-Trofeu-Dom-Jose-1-1.jpg?resize=525%2C300&ssl=1 1.5x, https:\/\/i0.wp.com\/correiodasemana.com\/site\/wp-content\/uploads\/2021\/09\/Dr-Chico-Prado-Trofeu-Dom-Jose-1-1.jpg?resize=700%2C400&ssl=1 2x"},"classes":[]},{"id":36156,"url":"https:\/\/correiodasemana.com\/site\/jordao-celebra-o-dia-da-rainha-e-padroeira-do-brasil-nossa-senhora-aparecida\/","url_meta":{"origin":35679,"position":4},"title":"Jord\u00e3o celebra o Dia da Rainha e Padroeira do Brasil, Nossa Senhora Aparecida","author":"adminredacao","date":"Novembro 3, 2025","format":false,"excerpt":"Jord\u00e3o celebra o Dia da Rainha e Padroeira do Brasil, Nossa Senhora Aparecida A programa\u00e7\u00e3o teve in\u00edcio com a II Caminhada Devocional e Penitencial, que partiu da Igreja Matriz de Nossa Senhora da Sa\u00fade em dire\u00e7\u00e3o \u00e0 Capela de Nossa Senhora Aparecida, no S\u00edtio Croat\u00e1. Muitos fi\u00e9is de todas as\u2026","rel":"","context":"In &quot;Atualidade&quot;","block_context":{"text":"Atualidade","link":"https:\/\/correiodasemana.com\/site\/category\/atualidade\/"},"img":{"alt_text":"","src":"https:\/\/i0.wp.com\/correiodasemana.com\/site\/wp-content\/uploads\/2025\/11\/jordao-celebra-mae-rainha-8.jpeg?resize=350%2C200&ssl=1","width":350,"height":200,"srcset":"https:\/\/i0.wp.com\/correiodasemana.com\/site\/wp-content\/uploads\/2025\/11\/jordao-celebra-mae-rainha-8.jpeg?resize=350%2C200&ssl=1 1x, https:\/\/i0.wp.com\/correiodasemana.com\/site\/wp-content\/uploads\/2025\/11\/jordao-celebra-mae-rainha-8.jpeg?resize=525%2C300&ssl=1 1.5x, https:\/\/i0.wp.com\/correiodasemana.com\/site\/wp-content\/uploads\/2025\/11\/jordao-celebra-mae-rainha-8.jpeg?resize=700%2C400&ssl=1 2x, https:\/\/i0.wp.com\/correiodasemana.com\/site\/wp-content\/uploads\/2025\/11\/jordao-celebra-mae-rainha-8.jpeg?resize=1050%2C600&ssl=1 3x"},"classes":[]},{"id":29064,"url":"https:\/\/correiodasemana.com\/site\/padre-assis-recebe-alunos-do-cefas-no-programa-vida-e-missao-na-radio-educadora\/","url_meta":{"origin":35679,"position":5},"title":"Padre Assis recebe alunos do CEFAS no Programa Vida e Miss\u00e3o na R\u00e1dio Educadora","author":"adminredacao","date":"Abril 29, 2024","format":false,"excerpt":"No raiar da manh\u00e3 de quarta-feira, 24 de abril, Pe. Assis Neto, recebeu no est\u00fadio da R\u00e1dio Educadora FM 107.5 alunos do CEFAS (Centro de Forma\u00e7\u00e3o e Apoio ao Surdo Dom Fernando Saburido), para participar do \u201cPrograma Vida e Miss\u00e3o: A igreja em sua casa\u201d, em virtude do da comemora\u00e7\u00e3o\u2026","rel":"","context":"In &quot;Atualidade&quot;","block_context":{"text":"Atualidade","link":"https:\/\/correiodasemana.com\/site\/category\/atualidade\/"},"img":{"alt_text":"","src":"https:\/\/i0.wp.com\/correiodasemana.com\/site\/wp-content\/uploads\/2024\/04\/439915099_829258235893478_4184395325313947317_n.jpg?resize=350%2C200&ssl=1","width":350,"height":200,"srcset":"https:\/\/i0.wp.com\/correiodasemana.com\/site\/wp-content\/uploads\/2024\/04\/439915099_829258235893478_4184395325313947317_n.jpg?resize=350%2C200&ssl=1 1x, https:\/\/i0.wp.com\/correiodasemana.com\/site\/wp-content\/uploads\/2024\/04\/439915099_829258235893478_4184395325313947317_n.jpg?resize=525%2C300&ssl=1 1.5x, https:\/\/i0.wp.com\/correiodasemana.com\/site\/wp-content\/uploads\/2024\/04\/439915099_829258235893478_4184395325313947317_n.jpg?resize=700%2C400&ssl=1 2x, https:\/\/i0.wp.com\/correiodasemana.com\/site\/wp-content\/uploads\/2024\/04\/439915099_829258235893478_4184395325313947317_n.jpg?resize=1050%2C600&ssl=1 3x"},"classes":[]}],"jetpack_sharing_enabled":true,"_links":{"self":[{"href":"https:\/\/correiodasemana.com\/site\/wp-json\/wp\/v2\/posts\/35679","targetHints":{"allow":["GET"]}}],"collection":[{"href":"https:\/\/correiodasemana.com\/site\/wp-json\/wp\/v2\/posts"}],"about":[{"href":"https:\/\/correiodasemana.com\/site\/wp-json\/wp\/v2\/types\/post"}],"author":[{"embeddable":true,"href":"https:\/\/correiodasemana.com\/site\/wp-json\/wp\/v2\/users\/7"}],"replies":[{"embeddable":true,"href":"https:\/\/correiodasemana.com\/site\/wp-json\/wp\/v2\/comments?post=35679"}],"version-history":[{"count":1,"href":"https:\/\/correiodasemana.com\/site\/wp-json\/wp\/v2\/posts\/35679\/revisions"}],"predecessor-version":[{"id":35681,"href":"https:\/\/correiodasemana.com\/site\/wp-json\/wp\/v2\/posts\/35679\/revisions\/35681"}],"wp:featuredmedia":[{"embeddable":true,"href":"https:\/\/correiodasemana.com\/site\/wp-json\/wp\/v2\/media\/35680"}],"wp:attachment":[{"href":"https:\/\/correiodasemana.com\/site\/wp-json\/wp\/v2\/media?parent=35679"}],"wp:term":[{"taxonomy":"category","embeddable":true,"href":"https:\/\/correiodasemana.com\/site\/wp-json\/wp\/v2\/categories?post=35679"},{"taxonomy":"post_tag","embeddable":true,"href":"https:\/\/correiodasemana.com\/site\/wp-json\/wp\/v2\/tags?post=35679"}],"curies":[{"name":"wp","href":"https:\/\/api.w.org\/{rel}","templated":true}]}}