{"id":35682,"date":"2025-09-28T11:26:32","date_gmt":"2025-09-28T14:26:32","guid":{"rendered":"https:\/\/correiodasemana.com\/site\/?p=35682"},"modified":"2025-09-28T11:26:32","modified_gmt":"2025-09-28T14:26:32","slug":"distrito-de-jordao-comemora-90-anos-de-criacao","status":"publish","type":"post","link":"https:\/\/correiodasemana.com\/site\/distrito-de-jordao-comemora-90-anos-de-criacao\/","title":{"rendered":"Distrito de Jord\u00e3o comemora 90 anos de cria\u00e7\u00e3o"},"content":{"rendered":"<p>O Distrito de Jord\u00e3o, localizado no alto da Serra do Ros\u00e1rio, celebra nesta ter\u00e7a-feira, 23 de setembro de 2025, seus 90 anos de cria\u00e7\u00e3o, institu\u00eddo pela Lei Municipal n\u00ba 123, de 23 de setembro de 1935.<br \/>\nReconhecido pela tradi\u00e7\u00e3o de um povo humilde e trabalhador, Jord\u00e3o consolidou ao longo das d\u00e9cadas bases s\u00f3lidas de religiosidade, educa\u00e7\u00e3o, cultura e economia. Entre seus s\u00edmbolos hist\u00f3ricos est\u00e1 a centen\u00e1ria Igreja de Nossa Senhora da Sa\u00fade, hoje Matriz e refer\u00eancia religiosa para todas as capelas do territ\u00f3rio paroquial.<br \/>\nNo setor da educa\u00e7\u00e3o, o distrito abriga creches, escolas municipais de tempo integral voltadas ao ensino fundamental e uma escola estadual de tempo integral para o ensino m\u00e9dio, ampliando as oportunidades de forma\u00e7\u00e3o para a juventude local.<br \/>\nNa \u00e1rea da sa\u00fade, a popula\u00e7\u00e3o \u00e9 assistida pelos Centros da Sa\u00fade da Fam\u00edlia, que oferecem atendimento m\u00e9dico e servi\u00e7os essenciais aos moradores.<br \/>\nA economia local mant\u00e9m-se baseada em pequenos e m\u00e9dios neg\u00f3cios, al\u00e9m da produ\u00e7\u00e3o agr\u00edcola familiar. Os agricultores preservam a tradi\u00e7\u00e3o dos quintais produtivos e ro\u00e7ados, elementos que continuam a desempenhar papel relevante na subsist\u00eancia e na cultura comunit\u00e1ria.<br \/>\nAl\u00e9m dos avan\u00e7os sociais e econ\u00f4micos, Jord\u00e3o se destaca pela beleza natural da serra, pelo clima ameno e pela hospitalidade de sua popula\u00e7\u00e3o, caracter\u00edsticas que refor\u00e7am a identidade do distrito e fortalecem seu potencial de desenvolvimento.<br \/>\nNa ocasi\u00e3o da data comemorativa, a \u00c1rea Pastoral de Nossa Senhora da Sa\u00fade, por meio de seu administrador paroquial, manifesta votos de felicidade e b\u00ean\u00e7\u00e3os \u00e0 comunidade jordanense, ressaltando que o legado das gera\u00e7\u00f5es anteriores deve servir de inspira\u00e7\u00e3o para os desafios presentes e futuros.<\/p>\n<div id='gallery-1' class='gallery galleryid-35682 gallery-columns-6 gallery-size-thumbnail'><figure class='gallery-item'>\n\t\t\t<div class='gallery-icon portrait'>\n\t\t\t\t<a href='https:\/\/correiodasemana.com\/site\/distrito-de-jordao-comemora-90-anos-de-criacao\/distrito-do-jordao-1\/'><img loading=\"lazy\" width=\"150\" height=\"150\" src=\"https:\/\/correiodasemana.com\/site\/wp-content\/uploads\/2025\/09\/distrito-do-jordao-1-150x150.jpeg\" class=\"attachment-thumbnail size-thumbnail\" alt=\"distrito do jordao (1)\" loading=\"lazy\" decoding=\"async\" \/><\/a>\n\t\t\t<\/div><\/figure>\n\t\t<\/div>\n\n","protected":false},"excerpt":{"rendered":"<p>O Distrito de Jord\u00e3o, localizado no alto da Serra do Ros\u00e1rio, celebra nesta ter\u00e7a-feira, 23&#8230;<\/p>\n","protected":false},"author":7,"featured_media":35683,"comment_status":"open","ping_status":"open","sticky":false,"template":"","format":"standard","meta":{"_jetpack_memberships_contains_paid_content":false,"footnotes":"","jetpack_publicize_message":"","jetpack_publicize_feature_enabled":true,"jetpack_social_post_already_shared":true,"jetpack_social_options":{"image_generator_settings":{"template":"highway","default_image_id":0,"font":"","enabled":false},"version":2}},"categories":[1],"tags":[],"class_list":["post-35682","post","type-post","status-publish","format-standard","has-post-thumbnail","hentry","category-atualidade"],"jetpack_publicize_connections":[],"jetpack_featured_media_url":"https:\/\/correiodasemana.com\/site\/wp-content\/uploads\/2025\/09\/distrito-do-jordao-2.jpeg","jetpack-related-posts":[{"id":10734,"url":"https:\/\/correiodasemana.com\/site\/prefeito-ivo-gomes-inaugura-nesta-sexta-feira-8a-escola-de-tempo-integral-de-sobral\/","url_meta":{"origin":35682,"position":0},"title":"Prefeito Ivo Gomes inaugura nesta sexta-feira 8\u00aa Escola de Tempo Integral de Sobral","author":"","date":"Fevereiro 10, 2020","format":false,"excerpt":"O prefeito Ivo Gomes e o secret\u00e1rio da Educa\u00e7\u00e3o de Sobral, Herbert Lima, inauguram na pr\u00f3xima sexta-feira (07\/02), \u00e0s 19h, a Escola Jos\u00e9 Peregrino de Vasconcelos, no distrito de Patriarca. Esta \u00e9 a oitava unidade escolar da rede municipal, que atender\u00e1 estudantes do 6\u00ba ao 9\u00ba ano do Ensino Fundamental\u2026","rel":"","context":"In &quot;Atualidade&quot;","block_context":{"text":"Atualidade","link":"https:\/\/correiodasemana.com\/site\/category\/atualidade\/"},"img":{"alt_text":"","src":"https:\/\/i0.wp.com\/correiodasemana.com\/site\/wp-content\/uploads\/2020\/02\/ESCOLA_PATRIARCA.jpeg?resize=350%2C200&ssl=1","width":350,"height":200,"srcset":"https:\/\/i0.wp.com\/correiodasemana.com\/site\/wp-content\/uploads\/2020\/02\/ESCOLA_PATRIARCA.jpeg?resize=350%2C200&ssl=1 1x, https:\/\/i0.wp.com\/correiodasemana.com\/site\/wp-content\/uploads\/2020\/02\/ESCOLA_PATRIARCA.jpeg?resize=525%2C300&ssl=1 1.5x, https:\/\/i0.wp.com\/correiodasemana.com\/site\/wp-content\/uploads\/2020\/02\/ESCOLA_PATRIARCA.jpeg?resize=700%2C400&ssl=1 2x, https:\/\/i0.wp.com\/correiodasemana.com\/site\/wp-content\/uploads\/2020\/02\/ESCOLA_PATRIARCA.jpeg?resize=1050%2C600&ssl=1 3x"},"classes":[]},{"id":35679,"url":"https:\/\/correiodasemana.com\/site\/programa-vida-e-missao-recebe-vice-prefeita-dra-imaculada-e-vereador-jonhson-na-educadora-fm-107-5\/","url_meta":{"origin":35682,"position":1},"title":"Programa Vida e Miss\u00e3o recebe Vice-Prefeita Dra. Imaculada e Vereador Jonhson na Educadora FM 107.5","author":"adminredacao","date":"Setembro 28, 2025","format":false,"excerpt":"Na \u00faltima quarta-feira, 24 de setembro, o programa Vida e Miss\u00e3o, apresentado pelo Padre Assis na Educadora FM 107.5, recebeu dois convidados especiais em alus\u00e3o aos 90 anos de cria\u00e7\u00e3o do Distrito de Jord\u00e3o: a vice-prefeita Dra. Imaculada e o vereador Jonhson. Em clima de fraternidade e proximidade com os\u2026","rel":"","context":"In &quot;Atualidade&quot;","block_context":{"text":"Atualidade","link":"https:\/\/correiodasemana.com\/site\/category\/atualidade\/"},"img":{"alt_text":"","src":"https:\/\/i0.wp.com\/correiodasemana.com\/site\/wp-content\/uploads\/2025\/09\/distrito-do-jordao-8.jpeg?resize=350%2C200&ssl=1","width":350,"height":200,"srcset":"https:\/\/i0.wp.com\/correiodasemana.com\/site\/wp-content\/uploads\/2025\/09\/distrito-do-jordao-8.jpeg?resize=350%2C200&ssl=1 1x, https:\/\/i0.wp.com\/correiodasemana.com\/site\/wp-content\/uploads\/2025\/09\/distrito-do-jordao-8.jpeg?resize=525%2C300&ssl=1 1.5x, https:\/\/i0.wp.com\/correiodasemana.com\/site\/wp-content\/uploads\/2025\/09\/distrito-do-jordao-8.jpeg?resize=700%2C400&ssl=1 2x, https:\/\/i0.wp.com\/correiodasemana.com\/site\/wp-content\/uploads\/2025\/09\/distrito-do-jordao-8.jpeg?resize=1050%2C600&ssl=1 3x, https:\/\/i0.wp.com\/correiodasemana.com\/site\/wp-content\/uploads\/2025\/09\/distrito-do-jordao-8.jpeg?resize=1400%2C800&ssl=1 4x"},"classes":[]},{"id":23390,"url":"https:\/\/correiodasemana.com\/site\/area-pastoral-de-nossa-senhora-da-saude-em-jordao-celebra-6-anos-de-criacao\/","url_meta":{"origin":35682,"position":2},"title":"\u00c1rea Pastoral de Nossa Senhora da Sa\u00fade em Jord\u00e3o celebra 6 anos de cria\u00e7\u00e3o","author":"","date":"Fevereiro 5, 2023","format":false,"excerpt":"Sob o olhar de Nossa Senhora da Sa\u00fade, os paroquianos do Distrito de Jord\u00e3o celebraram o 6\u00ba anivers\u00e1rio de cria\u00e7\u00e3o da \u00e1rea pastoral na \u00faltima ter\u00e7a-feira, 31 de janeiro, na igreja matriz. No dia 31 de janeiro de 2017 atrav\u00e9s da provis\u00e3o can\u00f4nica, foi criada esta \u00e1rea pastoral e teve\u2026","rel":"","context":"In &quot;Atualidade&quot;","block_context":{"text":"Atualidade","link":"https:\/\/correiodasemana.com\/site\/category\/atualidade\/"},"img":{"alt_text":"","src":"https:\/\/i0.wp.com\/correiodasemana.com\/site\/wp-content\/uploads\/2023\/02\/igreja-diocese-de-sobral-1.png?resize=350%2C200&ssl=1","width":350,"height":200,"srcset":"https:\/\/i0.wp.com\/correiodasemana.com\/site\/wp-content\/uploads\/2023\/02\/igreja-diocese-de-sobral-1.png?resize=350%2C200&ssl=1 1x, https:\/\/i0.wp.com\/correiodasemana.com\/site\/wp-content\/uploads\/2023\/02\/igreja-diocese-de-sobral-1.png?resize=525%2C300&ssl=1 1.5x, https:\/\/i0.wp.com\/correiodasemana.com\/site\/wp-content\/uploads\/2023\/02\/igreja-diocese-de-sobral-1.png?resize=700%2C400&ssl=1 2x"},"classes":[]},{"id":12831,"url":"https:\/\/correiodasemana.com\/site\/politica-em-evidencia-33\/","url_meta":{"origin":35682,"position":3},"title":"Pol\u00edtica em Evid\u00eancia","author":"","date":"Agosto 17, 2020","format":false,"excerpt":"A partir deste s\u00e1bado dia 15 de agosto, agentes p\u00fablicos de todo o Pa\u00eds v\u00e3o estar proibidos de praticar diversas condutas devido \u00e0s elei\u00e7\u00f5es municipais, marcadas para o dia 15 de novembro. O prazo de tr\u00eas meses que antecede o primeiro turno est\u00e1 de acordo com a legisla\u00e7\u00e3o eleitoral e\u2026","rel":"","context":"In &quot;Artigos&quot;","block_context":{"text":"Artigos","link":"https:\/\/correiodasemana.com\/site\/category\/artigos\/"},"img":{"alt_text":"","src":"","width":0,"height":0},"classes":[]},{"id":36859,"url":"https:\/\/correiodasemana.com\/site\/distrito-de-jordao-recebe-a-trilha-qualificacao-e-renda-do-sebrae-ceara\/","url_meta":{"origin":35682,"position":4},"title":"DISTRITO DE JORD\u00c3O RECEBE A TRILHA QUALIFICA\u00c7\u00c3O E RENDA DO SEBRAE CEAR\u00c1","author":"adminredacao","date":"Janeiro 6, 2026","format":false,"excerpt":"O distrito de Jord\u00e3o recebeu, no per\u00edodo de 1 a 5 de dezembro, a Trilha Qualifica\u00e7\u00e3o e Renda: Empreendedorismo e Desenvolvimento, iniciativa promovida pelo Sebrae Cear\u00e1, em parceria com o Programa Cear\u00e1 Sem Fome, do Governo do Estado do Cear\u00e1. A a\u00e7\u00e3o contemplou empreendedores informais da Serra do Jord\u00e3o, incluindo\u2026","rel":"","context":"In &quot;Atualidade&quot;","block_context":{"text":"Atualidade","link":"https:\/\/correiodasemana.com\/site\/category\/atualidade\/"},"img":{"alt_text":"","src":"https:\/\/i0.wp.com\/correiodasemana.com\/site\/wp-content\/uploads\/2026\/01\/distrito-de-jordao-2.jpeg?resize=350%2C200&ssl=1","width":350,"height":200,"srcset":"https:\/\/i0.wp.com\/correiodasemana.com\/site\/wp-content\/uploads\/2026\/01\/distrito-de-jordao-2.jpeg?resize=350%2C200&ssl=1 1x, https:\/\/i0.wp.com\/correiodasemana.com\/site\/wp-content\/uploads\/2026\/01\/distrito-de-jordao-2.jpeg?resize=525%2C300&ssl=1 1.5x, https:\/\/i0.wp.com\/correiodasemana.com\/site\/wp-content\/uploads\/2026\/01\/distrito-de-jordao-2.jpeg?resize=700%2C400&ssl=1 2x, https:\/\/i0.wp.com\/correiodasemana.com\/site\/wp-content\/uploads\/2026\/01\/distrito-de-jordao-2.jpeg?resize=1050%2C600&ssl=1 3x"},"classes":[]},{"id":10875,"url":"https:\/\/correiodasemana.com\/site\/panorama-politica-2\/","url_meta":{"origin":35682,"position":5},"title":"Panorama Pol\u00edtica","author":"","date":"Fevereiro 17, 2020","format":false,"excerpt":"Prefeito Ivo Gomes apresentou novo projeto do Aeroporto de Sobral O prefeito Ivo Gomes recebeu o secret\u00e1rio da Infraestrutura do Estado, L\u00facio Gomes, para discutir sobre o novo aeroporto de Sobral. O projeto foi apresentado em uma audi\u00eancia p\u00fablica realizada pela secretaria do Detran. \u201cEnxergamos que esse empreendimento vai de\u2026","rel":"","context":"In &quot;Artigos&quot;","block_context":{"text":"Artigos","link":"https:\/\/correiodasemana.com\/site\/category\/artigos\/"},"img":{"alt_text":"","src":"https:\/\/i0.wp.com\/correiodasemana.com\/site\/wp-content\/uploads\/2019\/09\/camara-de-sobral.jpeg?resize=350%2C200&ssl=1","width":350,"height":200,"srcset":"https:\/\/i0.wp.com\/correiodasemana.com\/site\/wp-content\/uploads\/2019\/09\/camara-de-sobral.jpeg?resize=350%2C200&ssl=1 1x, https:\/\/i0.wp.com\/correiodasemana.com\/site\/wp-content\/uploads\/2019\/09\/camara-de-sobral.jpeg?resize=525%2C300&ssl=1 1.5x, https:\/\/i0.wp.com\/correiodasemana.com\/site\/wp-content\/uploads\/2019\/09\/camara-de-sobral.jpeg?resize=700%2C400&ssl=1 2x"},"classes":[]}],"jetpack_sharing_enabled":true,"_links":{"self":[{"href":"https:\/\/correiodasemana.com\/site\/wp-json\/wp\/v2\/posts\/35682","targetHints":{"allow":["GET"]}}],"collection":[{"href":"https:\/\/correiodasemana.com\/site\/wp-json\/wp\/v2\/posts"}],"about":[{"href":"https:\/\/correiodasemana.com\/site\/wp-json\/wp\/v2\/types\/post"}],"author":[{"embeddable":true,"href":"https:\/\/correiodasemana.com\/site\/wp-json\/wp\/v2\/users\/7"}],"replies":[{"embeddable":true,"href":"https:\/\/correiodasemana.com\/site\/wp-json\/wp\/v2\/comments?post=35682"}],"version-history":[{"count":1,"href":"https:\/\/correiodasemana.com\/site\/wp-json\/wp\/v2\/posts\/35682\/revisions"}],"predecessor-version":[{"id":35685,"href":"https:\/\/correiodasemana.com\/site\/wp-json\/wp\/v2\/posts\/35682\/revisions\/35685"}],"wp:featuredmedia":[{"embeddable":true,"href":"https:\/\/correiodasemana.com\/site\/wp-json\/wp\/v2\/media\/35683"}],"wp:attachment":[{"href":"https:\/\/correiodasemana.com\/site\/wp-json\/wp\/v2\/media?parent=35682"}],"wp:term":[{"taxonomy":"category","embeddable":true,"href":"https:\/\/correiodasemana.com\/site\/wp-json\/wp\/v2\/categories?post=35682"},{"taxonomy":"post_tag","embeddable":true,"href":"https:\/\/correiodasemana.com\/site\/wp-json\/wp\/v2\/tags?post=35682"}],"curies":[{"name":"wp","href":"https:\/\/api.w.org\/{rel}","templated":true}]}}