{"id":36431,"date":"2025-11-18T14:28:09","date_gmt":"2025-11-18T17:28:09","guid":{"rendered":"https:\/\/correiodasemana.com\/site\/?p=36431"},"modified":"2025-11-18T14:28:19","modified_gmt":"2025-11-18T17:28:19","slug":"poucas-e-boas-71","status":"publish","type":"post","link":"https:\/\/correiodasemana.com\/site\/poucas-e-boas-71\/","title":{"rendered":"POUCAS E BOAS"},"content":{"rendered":"<p><strong>Esses, sim!!!<\/strong><\/p>\n<div id='gallery-1' class='gallery galleryid-36431 gallery-columns-6 gallery-size-thumbnail'><figure class='gallery-item'>\n\t\t\t<div class='gallery-icon landscape'>\n\t\t\t\t<a href='https:\/\/correiodasemana.com\/site\/poucas-e-boas-71\/poucas-e-boas-1-2\/'><img loading=\"lazy\" width=\"150\" height=\"148\" src=\"https:\/\/correiodasemana.com\/site\/wp-content\/uploads\/2025\/11\/poucas-e-boas-1-150x148.jpeg\" class=\"attachment-thumbnail size-thumbnail\" alt=\"poucas e boas (1)\" loading=\"lazy\" decoding=\"async\" \/><\/a>\n\t\t\t<\/div><\/figure><figure class='gallery-item'>\n\t\t\t<div class='gallery-icon landscape'>\n\t\t\t\t<a href='https:\/\/correiodasemana.com\/site\/poucas-e-boas-71\/poucas-e-boas-2-3\/'><img loading=\"lazy\" width=\"150\" height=\"150\" src=\"https:\/\/correiodasemana.com\/site\/wp-content\/uploads\/2025\/11\/poucas-e-boas-2-150x150.jpeg\" class=\"attachment-thumbnail size-thumbnail\" alt=\"poucas e boas (2)\" srcset=\"https:\/\/correiodasemana.com\/site\/wp-content\/uploads\/2025\/11\/poucas-e-boas-2-150x150.jpeg 150w, https:\/\/correiodasemana.com\/site\/wp-content\/uploads\/2025\/11\/poucas-e-boas-2.jpeg 224w\" sizes=\"auto, (max-width: 150px) 100vw, 150px\" loading=\"lazy\" decoding=\"async\" \/><\/a>\n\t\t\t<\/div><\/figure><figure class='gallery-item'>\n\t\t\t<div class='gallery-icon portrait'>\n\t\t\t\t<a href='https:\/\/correiodasemana.com\/site\/poucas-e-boas-71\/poucas-e-boas-3-3\/'><img loading=\"lazy\" width=\"150\" height=\"150\" src=\"https:\/\/correiodasemana.com\/site\/wp-content\/uploads\/2025\/11\/poucas-e-boas-3-150x150.jpeg\" class=\"attachment-thumbnail size-thumbnail\" alt=\"poucas e boas (3)\" loading=\"lazy\" decoding=\"async\" \/><\/a>\n\t\t\t<\/div><\/figure><figure class='gallery-item'>\n\t\t\t<div class='gallery-icon portrait'>\n\t\t\t\t<a href='https:\/\/correiodasemana.com\/site\/poucas-e-boas-71\/poucas-e-boas-4-3\/'><img loading=\"lazy\" width=\"150\" height=\"150\" src=\"https:\/\/correiodasemana.com\/site\/wp-content\/uploads\/2025\/11\/poucas-e-boas-4-150x150.jpeg\" class=\"attachment-thumbnail size-thumbnail\" alt=\"poucas e boas (4)\" loading=\"lazy\" decoding=\"async\" \/><\/a>\n\t\t\t<\/div><\/figure><figure class='gallery-item'>\n\t\t\t<div class='gallery-icon landscape'>\n\t\t\t\t<a href='https:\/\/correiodasemana.com\/site\/poucas-e-boas-71\/poucas-e-boas-5-3\/'><img loading=\"lazy\" width=\"150\" height=\"150\" src=\"https:\/\/correiodasemana.com\/site\/wp-content\/uploads\/2025\/11\/poucas-e-boas-5-150x150.jpeg\" class=\"attachment-thumbnail size-thumbnail\" alt=\"poucas e boas (5)\" loading=\"lazy\" decoding=\"async\" \/><\/a>\n\t\t\t<\/div><\/figure>\n\t\t<\/div>\n\n<p>Plagiando a vinheta do meu Programa dominical na Educadora FM 107,5, creio que \u00e9 sempre salutar e oportuno trazer \u00e0 tona certos temas palpitantes. O objetivo \u00e9 conhecer suas origens no passado, para compreender melhor seu reflexo no presente, a fim de discutir, de forma equilibrada e inteligente, e projetar a\u00e7\u00f5es que inibam acontecer os mesmos erros no futuro.<br \/>\nDentre os que merecem esse tratamento destaco a quest\u00e3o racial no Brasil. Primeiro, por ser tema atual\u00edssimo; segundo, para lembrar que a comemora\u00e7\u00e3o do Dia da Consci\u00eancia Negra (20\/11) e, em terceiro lugar, por insistir para que haja mais reconhecimento e divulga\u00e7\u00e3o dos bons exemplos do passado e do presente.<br \/>\nPais mais conscientes e preocupados com filhos persistem em discutir sobre alguns \u00eddolos apresentados \u00e0 nossa juventude. Lamentam o fato de os brasileiros em forma\u00e7\u00e3o carecerem demasiadamente de boas refer\u00eancias, de figuras que possam contribuir na descoberta de voca\u00e7\u00f5es e que colaborem no direcionamento de suas vidas. Chegam a citar, ainda, o desinteresse dessa garotada em aprofundar a busca desses vultos, subutilizando, inclusive, o que nos possibilita a Internet.<br \/>\nMas ser\u00e1 mesmo pequena a quantidade de bons exemplos no Pa\u00eds? O desinteresse em procur\u00e1-los, descobri-los ser\u00e1 apenas dos jovens? E, ainda: qual a influ\u00eancia da m\u00eddia nesse questionamento?<br \/>\nCreio que, procurando, ainda s\u00e3o encontrados muitos bons exemplos em todos os segmentos da sociedade. Agora, estimular essa busca compete \u00e0 fam\u00edlia, que se deve munir de conhecimento da vida e obra dos grandes vultos do passado e do presente dignos de mais reconhecimento e divulga\u00e7\u00e3o.<br \/>\nPor outro lado, pais, educadores e formadores de opini\u00e3o deveriam demonstrar de forma clara a diferen\u00e7a entre os verdadeiros e os falsos exemplos. Devem insistir no desmascaramento de certos tipos de \u201cher\u00f3is, famosos, modelos a serem seguidos\u201d, tais como alguns atores, cantores, jogadores, pol\u00edticos, profissionais liberais, ex-BBB\u00b4s e, ultimamente, influenciadores (sintam o peso dessa palavra!), etc. Muitos desses s\u00e3o, com as devidas exce\u00e7\u00f5es, os \u201cmaus exemplos\u201d hoje produzidos pela parte irrespons\u00e1vel e nociva da m\u00eddia. Vale salientar que nessa \u00e1rea (m\u00eddia) h\u00e1 tamb\u00e9m quem se prop\u00f5e a trabalhar para o bem da sociedade. S\u00f3 que sua inten\u00e7\u00e3o quase sempre \u00e9 sufocada pelos que defendem interesses financeiros e escusos.<br \/>\nJ\u00e1 que se aproxima o Dia Nacional da Consci\u00eancia Negra (20\/11), relembro aqui apenas tr\u00eas nomes &#8211; tr\u00eas exemplos de vida &#8211; que tamb\u00e9m lutaram pela liberdade t\u00e3o sonhada pelo her\u00f3i Zumbi dos Palmares (1655 -1695).<br \/>\nObviamente existem outros nomes merecedores de inclus\u00e3o neste pequeno coment\u00e1rio, inclusive em n\u00edvel mundial. Mas deixo para o leitor a tarefa de acrescent\u00e1-los.<br \/>\nNegro Cosme<br \/>\nEm n\u00edvel local, destaco Cosme Bento das Chagas (1800 &#8211; 1842), conhecido como Negro Cosme, escravo livre que nasceu em Sobral (CE) e daqui saiu para ser l\u00edder na Balaiada (1838-1840), rebeli\u00e3o ocorrida no Maranh\u00e3o. Negro Cosme comandou mais de 3.000 revoltosos e lutou at\u00e9 o fim por sua causa. Terminou preso e enforcado em pra\u00e7a p\u00fablica em Itapecuru-Mirim (MA), em 20 de setembro de 1842.<br \/>\nMaria Tom\u00e1sia<br \/>\nJ\u00e1 Maria Tom\u00e1sia Figueira Lima (1826-1902), foi uma sobralense, que lutou a vida inteira pela liberta\u00e7\u00e3o dos escravos. Foi cognominada \u201cA Libertadora\u201d, pois durante o dia, em Fortaleza (CE), arrecadava fundos para comprar e libertar escravos; \u00e0 noite, ajudava companheiros a \u201croubar\u201d escravos de senzalas e os libertava.<br \/>\nLuiz Gama<br \/>\nEm n\u00edvel nacional, ressalto o extraordin\u00e1rio Luiz Gonzaga Pinto da Gama (1830 &#8211; 1882), negro baiano, que, apesar de filho de m\u00e3e negra livre e pai branco, tornou-se escravo aos 10 anos, ap\u00f3s ser vendido pelo pai endividado (jogos). Luiz Gama alfabetizou-se aos 17 anos; atuou em v\u00e1rias profiss\u00f5es e como autodidata tornou-se r\u00e1bula, jornalista, escritor, poeta e orador famoso que fez sua pr\u00f3pria defesa, conquistando judicialmente sua liberdade. L\u00edder dos republicanos e ma\u00e7om respeitado, elegeu o fim da escravid\u00e3o negra no Brasil uma de suas metas principais, chegando a libertar mais de quinhentos negros sem cobrar nada. Luiz da Gama morreu de diabetes aos 52 anos, pouco antes de ver seus sonhos concretizados: Aboli\u00e7\u00e3o da Escravatura (1888) e Proclama\u00e7\u00e3o da Rep\u00fablica (1899).<br \/>\nDepois dessa r\u00e1pida amostragem, arrisco dizer sem receio de incorrer em erro que esses, sim, s\u00e3o aut\u00eanticos exemplos a seguir. E da dimens\u00e3o deles muitos outros existem nesses imenso Brasil (homens e mulheres).<br \/>\nS\u00f3 falta quem os reconhe\u00e7a e os divulgue mais. Principalmente aqueles remanescentes da camada mais humilde e menos lembrada da sociedade.<br \/>\nE mais: \u00c9 imprescind\u00edvel que sejamos um desses reconhecedores e divulgadores dos grandes exemplos!<br \/>\nPense nisso!<br \/>\n*****<\/p>\n<p>Nem e nem<br \/>\nAmanh\u00e3 ser\u00e1 realizado a segunda prova do Exame Nacional do Ensino M\u00e9dio (Enem) em 1,7 mil cidades brasileiras. No caso particular de Sobral, dois conselhos: NEM sair tarde de casa para locais de prova e NEM transitar (a p\u00e9, de carro ou de moto) sem a m\u00e1xima aten\u00e7\u00e3o. Motivo: O \u201cdesembesto\u201d (principalmente de mototaxistas) no tr\u00e2nsito ser\u00e1 grande.<br \/>\nAntes que esque\u00e7a<br \/>\nUm dos sinais da tem\u00edvel e terr\u00edvel Doen\u00e7a de Alzheimer \u00e9 o esquecimento, principalmente de fatos recentes. Mas ningu\u00e9m tamb\u00e9m considera discrimina\u00e7\u00e3o dizer \u201cDEU UM BRANCO\u201d, quando algu\u00e9m esquece alguma coisa. Por qu\u00ea, hein?<\/p>\n<p>\u201cAxo que pa\u00e7ei\u201d<br \/>\nFoi o que escreveu um jovem a respeito de um teste a que se submetera para um emprego. Dada nossa intimidade, respondi: Se quem for avaliar os candidatos conhecer pelo menos um pouquinho do nosso idioma, tenho certeza de que voc\u00ea \u201cir\u00e1 passar, sim\u201d&#8230; Mas bem longe dessa empresa. \u00c9 o \u201cinternet\u00eas\u201d deturpando o Portugu\u00eas. A frase do jovem lembra o que Noel Rosa (1910-1937) cita no samba \u201cFeitio de ora\u00e7\u00e3o\u201d: \u201cQuem acha vive se perdendo&#8230;\u201d<\/p>\n<p>Desrespeito<br \/>\nConstata-se isso em muitos \u00f3rg\u00e3os p\u00fablicos que, num dia como o da Bandeira Nacional (19\/11), n\u00e3o atentam para a obriga\u00e7\u00e3o de hastearem o pavilh\u00e3o nacional, por exemplo. Ou, quando o fazem, realizam em desacordo com as normas. \u00c9 f\u00e1cil comprovar hasteamento por pessoas mal trajadas; fora do hor\u00e1rio; bandeira danificada, etc. De olho nisso!<\/p>\n<p>Sem culpa<br \/>\nOs s\u00edmbolos nacionais n\u00e3o t\u00eam nada a ver com a onda de corrup\u00e7\u00e3o e desmandos da atualidade. Nem podem ser apenados pela pr\u00e1tica pela irresponsabilidade de alguns brasileiros. Enfim, os s\u00edmbolos nacionais representam a identidade brasileira e cada um tem seu significado e SUA import\u00e2ncia. Saber disso e ensinar a quem n\u00e3o sabe \u00e9 dever de todo bom brasileiro.<\/p>\n<p>P\u00e9rolas do r\u00e1dio<br \/>\nA fome de microfone s\u00f3 se assemelhava \u00e0 de iniciantes no r\u00e1dio. A empolga\u00e7\u00e3o era tanta que o radialista n\u00e3o conseguia dar aten\u00e7\u00e3o ao sonoplasta, mesmo que insistisse em repassar um aviso urgente. Enfurecido, o locutor bradou: \u201cTu t\u00e1 querendo dizer o qu\u00ea?\u201d<br \/>\nCom a calma que lhe \u00e9 peculiar seu colega falou: \u201cQuero s\u00f3 informar que h\u00e1 mais de dez minutos a r\u00e1dio est\u00e1 fora do ar\u201d.<\/p>\n<p>Domingo na Educadora (www.radioeducadora950.com.br)<br \/>\nA gente se encontra amanh\u00e3, \u00e0s 10h30, no Programa Artem\u00edsio da Costa na Educadora FM 107,5. Not\u00edcias, entrevistas, reportagens, curiosidades e a m\u00fasica de boa qualidade. Ligue e participe: 3611-1550 \/ 3611-2496.<\/p>\n<p>LEIA, CRITIQUE E SUGIRA &#8211; www.artemisiodacosta.blogspot.com<\/p>\n","protected":false},"excerpt":{"rendered":"<p>Esses, sim!!! Plagiando a vinheta do meu Programa dominical na Educadora FM 107,5, creio que&#8230;<\/p>\n","protected":false},"author":7,"featured_media":24516,"comment_status":"open","ping_status":"open","sticky":false,"template":"","format":"standard","meta":{"_jetpack_memberships_contains_paid_content":false,"footnotes":"","jetpack_publicize_message":"","jetpack_publicize_feature_enabled":true,"jetpack_social_post_already_shared":true,"jetpack_social_options":{"image_generator_settings":{"template":"highway","default_image_id":0,"font":"","enabled":false},"version":2}},"categories":[11,1,82],"tags":[],"class_list":["post-36431","post","type-post","status-publish","format-standard","has-post-thumbnail","hentry","category-artigos","category-atualidade","category-poucas-e-boas"],"jetpack_publicize_connections":[],"jetpack_featured_media_url":"https:\/\/correiodasemana.com\/site\/wp-content\/uploads\/2023\/05\/artemisio-da-costa-2.jpg","jetpack-related-posts":[{"id":27363,"url":"https:\/\/correiodasemana.com\/site\/poucas-e-boas-21\/","url_meta":{"origin":36431,"position":0},"title":"POUCAS E BOAS","author":"adminredacao","date":"Novembro 20, 2023","format":false,"excerpt":"Ilustres desconhecidos Sem d\u00favida, alguns leitores poder\u00e1 at\u00e9 ficar na d\u00favida se j\u00e1 leram ou n\u00e3o nesta Coluna este texto ou algo parecido. Parab\u00e9ns, sua mem\u00f3ria est\u00e1 boa, porque leram mesmo! \u00c9 poss\u00edvel que leitores ass\u00edduos da Coluna at\u00e9 julguem que a repeti\u00e7\u00e3o tenha sido falha do autor ou da\u2026","rel":"","context":"In &quot;Artigos&quot;","block_context":{"text":"Artigos","link":"https:\/\/correiodasemana.com\/site\/category\/artigos\/"},"img":{"alt_text":"","src":"https:\/\/i0.wp.com\/correiodasemana.com\/site\/wp-content\/uploads\/2023\/05\/artemisio-da-costa-2.jpg?resize=350%2C200&ssl=1","width":350,"height":200},"classes":[]},{"id":25311,"url":"https:\/\/correiodasemana.com\/site\/quer-bons-exemplos-2\/","url_meta":{"origin":36431,"position":1},"title":"Quer bons exemplos?","author":"adminredacao","date":"Junho 19, 2023","format":false,"excerpt":"Sem d\u00favida, neste espa\u00e7o voc\u00ea j\u00e1 poder\u00e1 ter lido este texto ou algo parecido. \u00c9 poss\u00edvel que leitores ass\u00edduos da Coluna at\u00e9 julguem que a repeti\u00e7\u00e3o tenha sido falha do autor ou da Reda\u00e7\u00e3o. Outros, quem sabe, me diagnosticar\u00e3o portador de \u201cpreguicite aguda\u201d. Mas nada disso aconteceu: a republica\u00e7\u00e3o do\u2026","rel":"","context":"In &quot;Artigos&quot;","block_context":{"text":"Artigos","link":"https:\/\/correiodasemana.com\/site\/category\/artigos\/"},"img":{"alt_text":"","src":"https:\/\/i0.wp.com\/correiodasemana.com\/site\/wp-content\/uploads\/2023\/05\/artemisio-da-costa-2.jpg?resize=350%2C200&ssl=1","width":350,"height":200},"classes":[]},{"id":36795,"url":"https:\/\/correiodasemana.com\/site\/poucas-e-boas-73\/","url_meta":{"origin":36431,"position":2},"title":"POUCAS E BOAS","author":"adminredacao","date":"Dezembro 15, 2025","format":false,"excerpt":"Como \u00e9 que \u00e9!? Nesta semana um sobralense bairrista, residente h\u00e1 d\u00e9cadas no Rio de Janeiro, com essa pergunta e demonstrando perplexidade, descren\u00e7a e indigna\u00e7\u00e3o queixou-se comigo de goza\u00e7\u00e3o feita por amigo carioca. A motiva\u00e7\u00e3o foi o an\u00fancio pelo prefeito Oscar Rodrigues da constru\u00e7\u00e3o de uma est\u00e1tua de 94 metros\u2026","rel":"","context":"In &quot;Artigos&quot;","block_context":{"text":"Artigos","link":"https:\/\/correiodasemana.com\/site\/category\/artigos\/"},"img":{"alt_text":"","src":"https:\/\/i0.wp.com\/correiodasemana.com\/site\/wp-content\/uploads\/2023\/05\/artemisio-da-costa-2.jpg?resize=350%2C200&ssl=1","width":350,"height":200},"classes":[]},{"id":26076,"url":"https:\/\/correiodasemana.com\/site\/poucas-e-boas-14\/","url_meta":{"origin":36431,"position":3},"title":"POUCAS E BOAS","author":"adminredacao","date":"Agosto 14, 2023","format":false,"excerpt":"Obrigado, Papais! \u00a0 \u00a0 Voc\u00ea sabia que que vem de longe a ideia de festejar o dia dos Pais? A comemora\u00e7\u00e3o come\u00e7ou na antiga Babil\u00f4nia h\u00e1 mais de quatro mil anos. L\u00e1, o jovem Elmesu moldou e esculpiu em argila o primeiro cart\u00e3o. Com isso, ele desejava sorte, sa\u00fade e\u2026","rel":"","context":"In &quot;Artigos&quot;","block_context":{"text":"Artigos","link":"https:\/\/correiodasemana.com\/site\/category\/artigos\/"},"img":{"alt_text":"","src":"https:\/\/i0.wp.com\/correiodasemana.com\/site\/wp-content\/uploads\/2023\/05\/artemisio-da-costa-2.jpg?resize=350%2C200&ssl=1","width":350,"height":200},"classes":[]},{"id":25754,"url":"https:\/\/correiodasemana.com\/site\/poucas-e-boas-11\/","url_meta":{"origin":36431,"position":4},"title":"Poucas e Boas","author":"adminredacao","date":"Julho 17, 2023","format":false,"excerpt":"Amigos e amigos A enorme abertura de portas para a aquisi\u00e7\u00e3o de mais conhecimento, a comodidade no usufruto de in\u00fameros servi\u00e7os e a facilita\u00e7\u00e3o no contato entre as pessoas s\u00e3o os principais atributos que d\u00e3o \u00e0 Internet o t\u00edtulo de o mais importante invento dos \u00faltimos tempos. Por outro lado,\u2026","rel":"","context":"In &quot;Artigos&quot;","block_context":{"text":"Artigos","link":"https:\/\/correiodasemana.com\/site\/category\/artigos\/"},"img":{"alt_text":"","src":"https:\/\/i0.wp.com\/correiodasemana.com\/site\/wp-content\/uploads\/2023\/05\/artemisio-da-costa-2.jpg?resize=350%2C200&ssl=1","width":350,"height":200},"classes":[]},{"id":34334,"url":"https:\/\/correiodasemana.com\/site\/poucas-e-boas-60\/","url_meta":{"origin":36431,"position":5},"title":"POUCAS E BOAS","author":"adminredacao","date":"Junho 23, 2025","format":false,"excerpt":"CEI IRACEMA RODRIGUES SAMPAIO DE SOUZA: Respeito \u00e0 Educa\u00e7\u00e3o e \u00e0 Cultura Regional N\u00e3o \u00e9 por ser a apenas dois quarteir\u00f5es do meu endere\u00e7o, que tamb\u00e9m \u00e9 o da minha filha J\u00e9ssica e esposo Lino, e nem por se tratar de escola p\u00fablica (gratuita) que o filho desse casal -\u2026","rel":"","context":"In &quot;Artigos&quot;","block_context":{"text":"Artigos","link":"https:\/\/correiodasemana.com\/site\/category\/artigos\/"},"img":{"alt_text":"","src":"https:\/\/i0.wp.com\/correiodasemana.com\/site\/wp-content\/uploads\/2023\/05\/artemisio-da-costa-2.jpg?resize=350%2C200&ssl=1","width":350,"height":200},"classes":[]}],"jetpack_sharing_enabled":true,"_links":{"self":[{"href":"https:\/\/correiodasemana.com\/site\/wp-json\/wp\/v2\/posts\/36431","targetHints":{"allow":["GET"]}}],"collection":[{"href":"https:\/\/correiodasemana.com\/site\/wp-json\/wp\/v2\/posts"}],"about":[{"href":"https:\/\/correiodasemana.com\/site\/wp-json\/wp\/v2\/types\/post"}],"author":[{"embeddable":true,"href":"https:\/\/correiodasemana.com\/site\/wp-json\/wp\/v2\/users\/7"}],"replies":[{"embeddable":true,"href":"https:\/\/correiodasemana.com\/site\/wp-json\/wp\/v2\/comments?post=36431"}],"version-history":[{"count":1,"href":"https:\/\/correiodasemana.com\/site\/wp-json\/wp\/v2\/posts\/36431\/revisions"}],"predecessor-version":[{"id":36437,"href":"https:\/\/correiodasemana.com\/site\/wp-json\/wp\/v2\/posts\/36431\/revisions\/36437"}],"wp:featuredmedia":[{"embeddable":true,"href":"https:\/\/correiodasemana.com\/site\/wp-json\/wp\/v2\/media\/24516"}],"wp:attachment":[{"href":"https:\/\/correiodasemana.com\/site\/wp-json\/wp\/v2\/media?parent=36431"}],"wp:term":[{"taxonomy":"category","embeddable":true,"href":"https:\/\/correiodasemana.com\/site\/wp-json\/wp\/v2\/categories?post=36431"},{"taxonomy":"post_tag","embeddable":true,"href":"https:\/\/correiodasemana.com\/site\/wp-json\/wp\/v2\/tags?post=36431"}],"curies":[{"name":"wp","href":"https:\/\/api.w.org\/{rel}","templated":true}]}}