{"id":36535,"date":"2025-11-25T16:31:44","date_gmt":"2025-11-25T19:31:44","guid":{"rendered":"https:\/\/correiodasemana.com\/site\/?p=36535"},"modified":"2025-11-25T16:31:44","modified_gmt":"2025-11-25T19:31:44","slug":"poucas-e-boas-72","status":"publish","type":"post","link":"https:\/\/correiodasemana.com\/site\/poucas-e-boas-72\/","title":{"rendered":"POUCAS E BOAS"},"content":{"rendered":"<p><strong>Vicente Lopes lan\u00e7a \u201cParedes do Tempo\u201d<\/strong><\/p>\n<div id='gallery-1' class='gallery galleryid-36535 gallery-columns-6 gallery-size-thumbnail'><figure class='gallery-item'>\n\t\t\t<div class='gallery-icon landscape'>\n\t\t\t\t<a href='https:\/\/correiodasemana.com\/site\/poucas-e-boas-72\/whatsapp-image-2025-11-21-at-12-43-49\/'><img loading=\"lazy\" width=\"150\" height=\"150\" src=\"https:\/\/correiodasemana.com\/site\/wp-content\/uploads\/2025\/11\/WhatsApp-Image-2025-11-21-at-12.43.49-150x150.jpeg\" class=\"attachment-thumbnail size-thumbnail\" alt=\"WhatsApp Image 2025-11-21 at 12.43.49\" loading=\"lazy\" decoding=\"async\" \/><\/a>\n\t\t\t<\/div><\/figure><figure class='gallery-item'>\n\t\t\t<div class='gallery-icon landscape'>\n\t\t\t\t<a href='https:\/\/correiodasemana.com\/site\/poucas-e-boas-72\/whatsapp-image-2025-11-21-at-12-45-38\/'><img loading=\"lazy\" width=\"150\" height=\"150\" src=\"https:\/\/correiodasemana.com\/site\/wp-content\/uploads\/2025\/11\/WhatsApp-Image-2025-11-21-at-12.45.38-150x150.jpeg\" class=\"attachment-thumbnail size-thumbnail\" alt=\"WhatsApp Image 2025-11-21 at 12.45.38\" srcset=\"https:\/\/correiodasemana.com\/site\/wp-content\/uploads\/2025\/11\/WhatsApp-Image-2025-11-21-at-12.45.38-150x150.jpeg 150w, https:\/\/correiodasemana.com\/site\/wp-content\/uploads\/2025\/11\/WhatsApp-Image-2025-11-21-at-12.45.38-300x300.jpeg 300w, https:\/\/correiodasemana.com\/site\/wp-content\/uploads\/2025\/11\/WhatsApp-Image-2025-11-21-at-12.45.38-1024x1024.jpeg 1024w, https:\/\/correiodasemana.com\/site\/wp-content\/uploads\/2025\/11\/WhatsApp-Image-2025-11-21-at-12.45.38-768x768.jpeg 768w, https:\/\/correiodasemana.com\/site\/wp-content\/uploads\/2025\/11\/WhatsApp-Image-2025-11-21-at-12.45.38-1536x1536.jpeg 1536w, https:\/\/correiodasemana.com\/site\/wp-content\/uploads\/2025\/11\/WhatsApp-Image-2025-11-21-at-12.45.38.jpeg 1600w\" sizes=\"auto, (max-width: 150px) 100vw, 150px\" loading=\"lazy\" decoding=\"async\" \/><\/a>\n\t\t\t<\/div><\/figure><figure class='gallery-item'>\n\t\t\t<div class='gallery-icon portrait'>\n\t\t\t\t<a href='https:\/\/correiodasemana.com\/site\/poucas-e-boas-72\/whatsapp-image-2025-11-21-at-12-46-23\/'><img loading=\"lazy\" width=\"150\" height=\"150\" src=\"https:\/\/correiodasemana.com\/site\/wp-content\/uploads\/2025\/11\/WhatsApp-Image-2025-11-21-at-12.46.23-150x150.jpeg\" class=\"attachment-thumbnail size-thumbnail\" alt=\"WhatsApp Image 2025-11-21 at 12.46.23\" loading=\"lazy\" decoding=\"async\" \/><\/a>\n\t\t\t<\/div><\/figure>\n\t\t<\/div>\n\n<p>No dia 6 de dezembro (s\u00e1bado) estar\u00e1 sendo lan\u00e7ado nas principais plataformas de streaming o novo trabalho de Vicente Lopes, cantor e compositor sobralense. Intitulado \u201cParedes do Tempo\u201d, o novo \u00e1lbum cont\u00e9m sete m\u00fasicas in\u00e9ditas, com exce\u00e7\u00e3o de Lagoa de Alu\u00e1. Al\u00e9m dos parceiros Ednardo e Clim\u00e9rio (Lagoa de Alu\u00e1 e Milagre), Vicente Lopes conta tamb\u00e9m com Alan Mendon\u00e7a (Cora\u00e7\u00e3o Correnteza e De Formas Naturais), e Heitor de Pedra Azul (Paredes do Tempo, O Olho da Noite e Os Tempos do Tempo).<\/p>\n<p>O artista<br \/>\nFilho de Ala\u00edde Lopes Frota e Jos\u00e9 Agobar Frota, Vicente Lopes nasceu no dia 15 de junho de 1954, em Sobral (CE), onde fez sua vida escolar nas Escolas Reunidas Dr. Ribeiro Ramos e Col\u00e9gio Sobralense. O m\u00fasico relembra e agradece os esfor\u00e7os dos seus pais, bem como a contribui\u00e7\u00e3o de grandes mestres, como Pe. Osvaldo Chaves e outros, que o ajudaram na forma\u00e7\u00e3o educacional, contribuindo fortemente no sucesso em concursos e vestibulares a que se submeteu.<\/p>\n<p>Em 1998, na Para\u00edba, concluiu o curso de Engenharia Civil (UFPB), tendo trabalhado naquela capital trabalhou como Engenheiro fiscal de Edifica\u00e7\u00f5es na Companhia Estadual de Habita\u00e7\u00e3o Popular &#8211; CEHAP (Jo\u00e3o Pessoa). Atualmente atua na Ger\u00eancia Regional da Cogerh de Sobral, como Analista em Gest\u00e3o de Recursos H\u00eddricos, onde assumiu o cargo de gerente no per\u00edodo de 2001 a 2014. \u00c9 casado com Margareth Maria Lima Frota desde 1983, com quem tem a filha Liana Lima Frota.<\/p>\n<p>Vicente Lopes (VL) concedeu entrevista a Artem\u00edsio da Costa, do Correio da Semana (CS), na qual falou sobre propens\u00e3o para a m\u00fasica, trajet\u00f3ria, dificuldades, conquistas, trabalho atual e planos para o futuro. Acompanhe:<\/p>\n<p>CS: Quando descobriu a voca\u00e7\u00e3o para a m\u00fasica?<br \/>\nVL: A veia art\u00edstica \u00e9 coisa nata, tendo sido herdada do bisav\u00f4 materno, de Uruoca (Riach\u00e3o), que tocava rabeca.<\/p>\n<p>CS: Quando ocorreu o despertar art\u00edstico e em quem se inspirou?<br \/>\nVL: Comecei a tocar viol\u00e3o na adolesc\u00eancia, em Sobral, em pra\u00e7a p\u00fablica nas rodas de amigos, movido pelos embalos da Jovem Guarda. No entanto, sob o ponto de vista art\u00edstico, da composi\u00e7\u00e3o, a minha base inspiradora foi Luiz Gonzaga e Jackson do Pandeiro. A pr\u00f3pria voz do Rei do Bai\u00e3o, j\u00e1 era, para mim, uma poesia imensa que me tocava profundamente. Mas sempre tive fasc\u00ednio pela boa m\u00fasica, nunca gostei das apela\u00e7\u00f5es.<\/p>\n<p>CS: Que lembran\u00e7as musicais traz na mem\u00f3ria?<br \/>\nVL: Lembro, ainda menino, de ir assistir aos festivais de sanfoneiros no audit\u00f3rio da R\u00e1dio Tupinamb\u00e1, sob o comando do Guajar\u00e1 Cialdine. Era fascinante ver o duelo dos 120 baixos de Gerardo Ferreira com os 8 baixos de Raimundo Pedro.<\/p>\n<p>CS: Qual instrumento preferido?<br \/>\nVL: Meu instrumento \u00e9 o viol\u00e3o. Como autodidata, n\u00e3o tive, naquela \u00e9poca, paci\u00eancia, disciplina para estudar a m\u00fasica academicamente.<\/p>\n<p>CS: Quais suas influ\u00eancias musicais?<br \/>\nVL: No in\u00edcio, quando comecei a tocar e cantar, perseguia os artistas\/conjuntos da Jovem Guarda que faziam grande sucesso com a juventude da \u00e9poca. Por\u00e9m, comecei a tomar consci\u00eancia e apreciar uma outra dimens\u00e3o est\u00e9tica a partir do advento dos grandes festivais de \u00e2mbito nacional, transmitidos pela rec\u00e9m implantada Televis\u00e3o (Festival Internacional da Can\u00e7\u00e3o, Festivais da Record, etc), assim como a partir dos programas do Pessoal do Cear\u00e1, na TV Cear\u00e1. Por\u00e9m, ao ingressar na universidade (UFC), essa consci\u00eancia se agu\u00e7ou, inclusive, sob o ponto de vista de uma percep\u00e7\u00e3o mais politizada da m\u00fasica.<\/p>\n<p>CS: Quando e onde se apresentou pela primeira vez em p\u00fablico?<br \/>\nVL: Lembro que a primeira vez que toquei e cantei em p\u00fablico foi em 1972, no FIC-Festival Intercolegial da Can\u00e7\u00e3o, promovido pelo Col\u00e9gio Sobralense. N\u00e3o lembro o nome da m\u00fasica. Mas no campo da composi\u00e7\u00e3o, para mim, a minha primeira m\u00fasica foi \u201cCanto do Cisne\u2019\u201d, que cantei no I Festival do Mandacaru realizado no Teatro S\u00e3o Jo\u00e3o em1975.<\/p>\n<p>CS: Como avalia o famoso Festival do Mandacaru?<br \/>\nVL: Considero o Festival do Mandacaru um marco na hist\u00f3ria recente da cena art\u00edstico musical de Sobral. Fui vencedor das tr\u00eas primeiras vers\u00f5es com Canto do Cisne, Anonimato e Vira Vento, em 1977.<\/p>\n<p>CS: Conta com m\u00e9todo especial ou fonte de inspira\u00e7\u00e3o para compor?<br \/>\nVL: O processo de cria\u00e7\u00e3o, geralmente, surge de uma ideia, \u00e0s vezes, de maneira imprevis\u00edvel. Dependendo da necessidade, no entanto, faz-se necess\u00e1rio estabelecer uma rotina de trabalho que requer afinco e dedica\u00e7\u00e3o. Atualmente n\u00e3o componho sob press\u00e3o. Ali\u00e1s, quando envolve parceiros, este processo pode se tornar mais animado ou mais lento. Vai depender de cada situa\u00e7\u00e3o, da expectativa gerada.<\/p>\n<p>CS: Chegou a se aliar a movimentos musicais ou grupos de artistas para segui-los?<br \/>\nVL: Eu n\u00e3o fa\u00e7o parte de movimentos musicais. A minha gera\u00e7\u00e3o veio imediatamente ap\u00f3s os artistas cearenses (Pessoal do Cear\u00e1). Sa\u00ed de Sobral e fui morar em Fortaleza em 1973 para fazer o \u201ccursinho\u201d. Em 1974 ingressei no curso de Engenharia El\u00e9trica. Nessa \u00e9poca conheci companheiros que tamb\u00e9m trilhavam o caminho da m\u00fasica e que se tornaram grandes amigos at\u00e9 hoje.<\/p>\n<p>CS: Quando e onde se apresentou pela primeira vez como artista?<br \/>\nVL: A primeira vez que participei de um show artisticamente, foi no Teatro do IBEU em Fortaleza, em 1976. O t\u00edtulo do show era o de uma m\u00fasica do Belchior: Rodagem. Quem estava \u00e0 frente da produ\u00e7\u00e3o desse show era os irm\u00e3os, Caio e Graco, Casa Verde. Depois levamos este show para o TSJ e Teatro 7 de setembro em Teresina.<\/p>\n<p>CS: Quais suas principais composi\u00e7\u00f5es e parceiros?<br \/>\nVL: Quanto \u00e0s m\u00fasicas que compus, posso citar algumas: Lagoa de Alu\u00e1 (CBS), em parceria com Ednardo, e Clim\u00e9rio; Remanso, em parceria com Cl\u00e9sio Ferreira (CBS); Del\u00edrio (em parceria com Brand\u00e3o), Can\u00e7\u00e3o de Caminh\u00e3o, (com Fausto Nilo); Nascente, Vira Vento. Al\u00e9m dessas, as que apresento nesse meu novo trabalho, em que apresento os novos parceiros: Heitor de Pedra Azul e Alan Mendo\u00e7a.<\/p>\n<p>CS: Possui quantos trabalhos j\u00e1 publicados?<br \/>\nVL: O primeiro trabalho solo que gravei foi na Polygram, um Compacto simples, contendo Lagoa de Alu\u00e1 e Vira Vento. Depois gravei um CD denominado \u201cNascente\u201d e agora meu novo \u00e1lbum \u201cParedes do Tempo\u201d. Por\u00e9m participei do \u00e1lbum duplo Massafeira Livre (CBS) e tenho m\u00fasicas gravadas pelo Ednardo e pelos irm\u00e3os piauienses, Clesio Clodo e Clim\u00e9rio.<\/p>\n<p>CS: Como concilia carreira profissional (engenheiro) com a art\u00edstica?<br \/>\nVL: A m\u00fasica \u00e9 insepar\u00e1vel, \u00e9 como uma sombra. Ela sempre me acompanha, gra\u00e7as a Deus. A minha rela\u00e7\u00e3o, atualmente, \u00e9 bem mais tranquila, sem press\u00e3o. Por\u00e9m, isto n\u00e3o significa que eu n\u00e3o tenha compromisso com ela. Quando eu me proponho a realizar qualquer coisa envolvendo m\u00fasica, eu me doo bastante. Mas, infelizmente, nem sempre podemos contar com uma estrutura adequada. E \u00e9 a\u00ed onde reside o grande problema da produ\u00e7\u00e3o.<\/p>\n<p>CS: Em \u201cParedes do Tempo\u201d que ritmos foram contemplados?<br \/>\nVL: O \u00e1lbum encerra um conceito est\u00e9tico musical plural, fundido em uma \u201dpo\u00e9tica pessoal\u201d. A diversidade r\u00edtmica perpassa o bai\u00e3o, maracatu, reggae e o rock em um contexto po\u00e9tico contendo mensagem de cunho social, questionado, reflexivo sobre o sentido da vida e de celebra\u00e7\u00e3o.<\/p>\n<p>CS: Que profissionais participaram das grava\u00e7\u00f5es desse \u00e1lbum?<br \/>\nVL: Atualmente estou dedicado \u00e0 fase de pr\u00e9-lan\u00e7amento do meu novo \u00e1lbum Paredes do Tempo, compreendendo sete m\u00fasicas in\u00e9ditas (exceto Lagoa de Alu\u00e1). O disco foi gravado em Sobral, no est\u00fadio do Beto Brand\u00e3o. Os arranjos, dire\u00e7\u00e3o musical e execu\u00e7\u00e3o das guitarras e viol\u00f5es, ficou a cargo do guitarrista Mimi Rocha. Contamos tamb\u00e9m com grandes m\u00fasicos sobralenses: Artur Paiva (piano), Naim e Renne (baixo), Danilo (bateria), Leleh (percuss\u00e3o). Ainda tivemos as participa\u00e7\u00f5es do violoncelista sobralense Bruno Ponte e de Tchesco Carvalho na flauta, afora um naipe de metal que foi gravado em Fortaleza, em Lagoa de Alu\u00e1. A mixagem e masteriza\u00e7\u00e3o tamb\u00e9m foi feita em Sobral, pelo jovem baterista Danilo.<\/p>\n<p>CS: Qual a previs\u00e3o para ser lan\u00e7ado oficialmente?<br \/>\nVL: O lan\u00e7amento oficial est\u00e1 marcado para o pr\u00f3ximo dia 6 de dezembro, nas principais plataformas de streamings. Vale salientar que este projeto \u00e9 fruto do 13\u00b0 Edital Cear\u00e1 das Artes, tendo sido executado, portanto, com recursos oriundos da Lei Paulo Gustavo (Lei Federal n\u00ba 195\/2022, atrav\u00e9s da SECULT\/CE.<\/p>\n<p>CS: &#8211; Em seus planos h\u00e1 previs\u00e3o de apresenta\u00e7\u00f5es na cidade de Sobral e\/ou fora dela?<br \/>\nVL: Confesso que a minha maior expectativa, agora, \u00e9 fazer o lan\u00e7amento desse trabalho no Teatro S\u00e3o Jo\u00e3o, onde iniciei minha trajet\u00f3ria art\u00edstica. Al\u00e9m disto, estou sentindo falta de contato com o p\u00fablico. Depois de tanto tempo de estrada, de ter atravessado tempos obscuros de pandemia, a realiza\u00e7\u00e3o desse show \u201cParedes do Tempo\u201d, ser\u00e1 um momento de celebra\u00e7\u00e3o. O projeto desse evento j\u00e1 est\u00e1 pronto e a minha expectativa \u00e9 de execut\u00e1-lo em fevereiro de 2026, antes do carnaval.<\/p>\n<p>CONTATO COM VICENTE LOPES:<br \/>\nTelefone: (88) 99289-7316<br \/>\nE-mail: vicentelopesf@gmail.com<br \/>\nInstagram: @vicente.lopesf<\/p>\n<p>DOMINGO NA EDUCADORA (www.radioeducadora950.com.br)<br \/>\nNeste domingo (23), Programa Artem\u00edsio da Costa na Educadora AM 950, com not\u00edcias, reportagens, curiosidades, m\u00fasica de boa qualidade. Destaque: Entrevista com o cantor e compositor sobralense, VICENTE LOPES. Participe 3611-1550 \/\/ 3611-2496 \/\/ WhatsApp (88) 99460-2164 \u00a0\/\/ Facebook: Artem\u00edsio da Costa.<br \/>\nLEIA, CRITIQUE, SUGIRA E DIVULGUE<br \/>\nwww.artemisiodacosta.blogspot.com<\/p>\n","protected":false},"excerpt":{"rendered":"<p>Vicente Lopes lan\u00e7a \u201cParedes do Tempo\u201d No dia 6 de dezembro (s\u00e1bado) estar\u00e1 sendo lan\u00e7ado&#8230;<\/p>\n","protected":false},"author":7,"featured_media":24516,"comment_status":"open","ping_status":"open","sticky":false,"template":"","format":"standard","meta":{"_jetpack_memberships_contains_paid_content":false,"footnotes":"","jetpack_publicize_message":"","jetpack_publicize_feature_enabled":true,"jetpack_social_post_already_shared":true,"jetpack_social_options":{"image_generator_settings":{"template":"highway","default_image_id":0,"font":"","enabled":false},"version":2}},"categories":[11,82],"tags":[],"class_list":["post-36535","post","type-post","status-publish","format-standard","has-post-thumbnail","hentry","category-artigos","category-poucas-e-boas"],"jetpack_publicize_connections":[],"jetpack_featured_media_url":"https:\/\/correiodasemana.com\/site\/wp-content\/uploads\/2023\/05\/artemisio-da-costa-2.jpg","jetpack-related-posts":[{"id":8343,"url":"https:\/\/correiodasemana.com\/site\/em-tempo-2\/","url_meta":{"origin":36535,"position":0},"title":"Em Tempo","author":"","date":"Julho 16, 2019","format":false,"excerpt":"Sobral comemora 246 anos A Prefeitura de Sobral, por meio da Secretaria da Cultura, Juventude, Esporte e Lazer e do Instituto ECOA, realizou, no dia 4 de julho, a Virada Cultural 2019, no Arco Nossa Senhora de F\u00e1tima, com a comemora\u00e7\u00e3o dos 246 anos de emancipa\u00e7\u00e3o pol\u00edtica do munic\u00edpio. A\u2026","rel":"","context":"In &quot;Artigos&quot;","block_context":{"text":"Artigos","link":"https:\/\/correiodasemana.com\/site\/category\/artigos\/"},"img":{"alt_text":"","src":"https:\/\/i0.wp.com\/correiodasemana.com\/site\/wp-content\/uploads\/2019\/07\/Cesar-Tereza-Vicente.jpg?resize=350%2C200&ssl=1","width":350,"height":200,"srcset":"https:\/\/i0.wp.com\/correiodasemana.com\/site\/wp-content\/uploads\/2019\/07\/Cesar-Tereza-Vicente.jpg?resize=350%2C200&ssl=1 1x, https:\/\/i0.wp.com\/correiodasemana.com\/site\/wp-content\/uploads\/2019\/07\/Cesar-Tereza-Vicente.jpg?resize=525%2C300&ssl=1 1.5x, https:\/\/i0.wp.com\/correiodasemana.com\/site\/wp-content\/uploads\/2019\/07\/Cesar-Tereza-Vicente.jpg?resize=700%2C400&ssl=1 2x, https:\/\/i0.wp.com\/correiodasemana.com\/site\/wp-content\/uploads\/2019\/07\/Cesar-Tereza-Vicente.jpg?resize=1050%2C600&ssl=1 3x"},"classes":[]},{"id":10510,"url":"https:\/\/correiodasemana.com\/site\/i-encontro-dos-compositores-de-sobral\/","url_meta":{"origin":36535,"position":1},"title":"I Encontro dos Compositores de Sobral","author":"","date":"Janeiro 22, 2020","format":false,"excerpt":"\u00c0s v\u00e9speras do dia em que se comemora mundialmente, o Dia do Compositor, foi realizado no dia 14 de janeiro , no hall da recep\u00e7\u00e3o do Rotary Club de Sobral, o I Encontro dos Compositores de Sobral, articulado pelo compositor e int\u00e9rprete sobralense Vicente Lopes. Esta iniciativa tem como objetivo\u2026","rel":"","context":"In &quot;Atualidade&quot;","block_context":{"text":"Atualidade","link":"https:\/\/correiodasemana.com\/site\/category\/atualidade\/"},"img":{"alt_text":"","src":"https:\/\/i0.wp.com\/correiodasemana.com\/site\/wp-content\/uploads\/2020\/01\/foto-1.jpeg?resize=350%2C200&ssl=1","width":350,"height":200,"srcset":"https:\/\/i0.wp.com\/correiodasemana.com\/site\/wp-content\/uploads\/2020\/01\/foto-1.jpeg?resize=350%2C200&ssl=1 1x, https:\/\/i0.wp.com\/correiodasemana.com\/site\/wp-content\/uploads\/2020\/01\/foto-1.jpeg?resize=525%2C300&ssl=1 1.5x, https:\/\/i0.wp.com\/correiodasemana.com\/site\/wp-content\/uploads\/2020\/01\/foto-1.jpeg?resize=700%2C400&ssl=1 2x, https:\/\/i0.wp.com\/correiodasemana.com\/site\/wp-content\/uploads\/2020\/01\/foto-1.jpeg?resize=1050%2C600&ssl=1 3x"},"classes":[]},{"id":19041,"url":"https:\/\/correiodasemana.com\/site\/diocese-de-crato-acolhe-seu-novo-bispo-dom-magnus-henrique-lopes\/","url_meta":{"origin":36535,"position":2},"title":"Diocese de Crato acolhe seu novo bispo, Dom Magnus Henrique Lopes","author":"","date":"Fevereiro 27, 2022","format":false,"excerpt":"(Thais Helena \u2013 Reda\u00e7\u00e3o Correio da Semana) Era manh\u00e3 quando Dom Magnus foi recepcionado no munic\u00edpio de Jardim no dia 19 de fevereiro, e o percurso seguiu at\u00e9 Barbalha onde visitou os enfermos do Hospital S\u00e3o Vicente, a pedido do novo bispo. Na sequ\u00eancia houve uma coletiva de imprensa onde\u2026","rel":"","context":"In &quot;Atualidade&quot;","block_context":{"text":"Atualidade","link":"https:\/\/correiodasemana.com\/site\/category\/atualidade\/"},"img":{"alt_text":"","src":"https:\/\/i0.wp.com\/correiodasemana.com\/site\/wp-content\/uploads\/2022\/02\/diocese-de-crato-novo-bispo-3.jpeg?resize=350%2C200&ssl=1","width":350,"height":200,"srcset":"https:\/\/i0.wp.com\/correiodasemana.com\/site\/wp-content\/uploads\/2022\/02\/diocese-de-crato-novo-bispo-3.jpeg?resize=350%2C200&ssl=1 1x, https:\/\/i0.wp.com\/correiodasemana.com\/site\/wp-content\/uploads\/2022\/02\/diocese-de-crato-novo-bispo-3.jpeg?resize=525%2C300&ssl=1 1.5x, https:\/\/i0.wp.com\/correiodasemana.com\/site\/wp-content\/uploads\/2022\/02\/diocese-de-crato-novo-bispo-3.jpeg?resize=700%2C400&ssl=1 2x"},"classes":[]},{"id":32229,"url":"https:\/\/correiodasemana.com\/site\/becco-ponto-com-198\/","url_meta":{"origin":36535,"position":3},"title":"Becco ponto Com","author":"adminredacao","date":"Janeiro 16, 2025","format":false,"excerpt":"LIVRAI-NOS, SENHOR! Das paradas de mortes via drogas na regi\u00e3o. Da nova oposi\u00e7\u00e3o fazendo hist\u00f3ria pol\u00edtica, j\u00e1! Do Guarany, que n\u00e3o sobe mais nunca, s\u00f3 papo! Da ira dos perdedores secando o novo poder. Dos bequeanos, j\u00e1 alegres, com a volta do Ivan. Dos peitistas movidos \u00e0 grana na cueca\u2026","rel":"","context":"In &quot;Artigos&quot;","block_context":{"text":"Artigos","link":"https:\/\/correiodasemana.com\/site\/category\/artigos\/"},"img":{"alt_text":"","src":"https:\/\/i0.wp.com\/correiodasemana.com\/site\/wp-content\/uploads\/2020\/02\/artemisio-da-costa.jpg?resize=350%2C200&ssl=1","width":350,"height":200},"classes":[]},{"id":29852,"url":"https:\/\/correiodasemana.com\/site\/ce-e-pe-rendem-homenagens-a-dom-expedito-lopes\/","url_meta":{"origin":36535,"position":4},"title":"CE e PE rendem homenagens a Dom Expedito Lopes","author":"adminredacao","date":"Julho 8, 2024","format":false,"excerpt":"Julho \u00e9 m\u00eas dedicado \u00e0 mem\u00f3ria de Dom Expedito Lopes, ocasi\u00e3o em que \u00e9 mais fortemente homenageado por cearenses, pernambucanos e devotos dos demais estados. Na segunda-feira (2) foi lembrado o 67\u00ba anivers\u00e1rio da sua tr\u00e1gica morte. J\u00e1 na segunda-feira (8) os fi\u00e9is cat\u00f3licos e admiradores estar\u00e3o rezando pelo transcurso\u2026","rel":"","context":"In &quot;Poucas e Boas&quot;","block_context":{"text":"Poucas e Boas","link":"https:\/\/correiodasemana.com\/site\/category\/poucas-e-boas\/"},"img":{"alt_text":"","src":"https:\/\/i0.wp.com\/correiodasemana.com\/site\/wp-content\/uploads\/2023\/05\/artemisio-da-costa-2.jpg?resize=350%2C200&ssl=1","width":350,"height":200},"classes":[]},{"id":26500,"url":"https:\/\/correiodasemana.com\/site\/poucas-e-boas-15\/","url_meta":{"origin":36535,"position":5},"title":"POUCAS E BOAS","author":"adminredacao","date":"Setembro 11, 2023","format":false,"excerpt":"\u00a0 Bocado comido... Costumeiramente, as pessoas falecidas s\u00e3o mais lembradas nas duas datas que delimitam sua passagem pela terra: a do nascimento e a da morte. Isso ocorre, em tese, porque na pr\u00e1tica at\u00e9 mesmo quem fez muito por um povo, quem marcou a hist\u00f3ria, com o tempo come\u00e7a a\u2026","rel":"","context":"In &quot;Artigos&quot;","block_context":{"text":"Artigos","link":"https:\/\/correiodasemana.com\/site\/category\/artigos\/"},"img":{"alt_text":"","src":"https:\/\/i0.wp.com\/correiodasemana.com\/site\/wp-content\/uploads\/2023\/05\/artemisio-da-costa-2.jpg?resize=350%2C200&ssl=1","width":350,"height":200},"classes":[]}],"jetpack_sharing_enabled":true,"_links":{"self":[{"href":"https:\/\/correiodasemana.com\/site\/wp-json\/wp\/v2\/posts\/36535","targetHints":{"allow":["GET"]}}],"collection":[{"href":"https:\/\/correiodasemana.com\/site\/wp-json\/wp\/v2\/posts"}],"about":[{"href":"https:\/\/correiodasemana.com\/site\/wp-json\/wp\/v2\/types\/post"}],"author":[{"embeddable":true,"href":"https:\/\/correiodasemana.com\/site\/wp-json\/wp\/v2\/users\/7"}],"replies":[{"embeddable":true,"href":"https:\/\/correiodasemana.com\/site\/wp-json\/wp\/v2\/comments?post=36535"}],"version-history":[{"count":1,"href":"https:\/\/correiodasemana.com\/site\/wp-json\/wp\/v2\/posts\/36535\/revisions"}],"predecessor-version":[{"id":36539,"href":"https:\/\/correiodasemana.com\/site\/wp-json\/wp\/v2\/posts\/36535\/revisions\/36539"}],"wp:featuredmedia":[{"embeddable":true,"href":"https:\/\/correiodasemana.com\/site\/wp-json\/wp\/v2\/media\/24516"}],"wp:attachment":[{"href":"https:\/\/correiodasemana.com\/site\/wp-json\/wp\/v2\/media?parent=36535"}],"wp:term":[{"taxonomy":"category","embeddable":true,"href":"https:\/\/correiodasemana.com\/site\/wp-json\/wp\/v2\/categories?post=36535"},{"taxonomy":"post_tag","embeddable":true,"href":"https:\/\/correiodasemana.com\/site\/wp-json\/wp\/v2\/tags?post=36535"}],"curies":[{"name":"wp","href":"https:\/\/api.w.org\/{rel}","templated":true}]}}