{"id":36548,"date":"2025-12-01T09:37:02","date_gmt":"2025-12-01T12:37:02","guid":{"rendered":"https:\/\/correiodasemana.com\/site\/?p=36548"},"modified":"2025-12-01T09:37:02","modified_gmt":"2025-12-01T12:37:02","slug":"a-gratidao-alicerce-da-concordia-e-caminho-para-a-paz","status":"publish","type":"post","link":"https:\/\/correiodasemana.com\/site\/a-gratidao-alicerce-da-concordia-e-caminho-para-a-paz\/","title":{"rendered":"A gratid\u00e3o: alicerce da conc\u00f3rdia e caminho para a paz\u00a0"},"content":{"rendered":"<p>A\u00a0quarta\u00a0quinta-feira de novembro de 2025 marca, no calend\u00e1rio civil, o Dia\u00a0Nacional\u00a0de A\u00e7\u00e3o de Gra\u00e7as. Embora a data tenha ra\u00edzes hist\u00f3ricas em na\u00e7\u00f5es do hemisf\u00e9rio norte, o esp\u00edrito que a anima transcende fronteiras e encontra eco profundo na alma crist\u00e3. Mais do que um feriado ou uma tradi\u00e7\u00e3o cultural importada, este dia nos oferece uma oportunidade preciosa: a de reposicionar o nosso olhar sobre a vida. A Igreja, em sua sabedoria milenar, vive a a\u00e7\u00e3o de gra\u00e7as diariamente. A pr\u00f3pria palavra\u00a0\u201cEucaristia\u201d, centro e cume de nossa f\u00e9, traduz-se do grego exatamente como\u00a0\u201ca\u00e7\u00e3o de gra\u00e7as\u201d. Portanto, celebrar a gratid\u00e3o n\u00e3o \u00e9 uma novidade para n\u00f3s, mas um dever de justi\u00e7a para com o Criador.<br \/>\nEscrevo estas linhas, contudo, com o cora\u00e7\u00e3o voltado especificamente para a nossa realidade aqui no Rio de Janeiro. Olho para a nossa Arquidiocese, para as nossas comunidades, e sinto a urg\u00eancia de vincular o ato de agradecer \u00e0 necessidade imperiosa de paz e conc\u00f3rdia. Vivemos tempos desafiadores. A nossa\u00a0\u201cCidade Maravilhosa\u201d, aben\u00e7oada com uma geografia que canta a gl\u00f3ria de Deus, enfrenta tamb\u00e9m as sombras da viol\u00eancia, da desigualdade e, muitas vezes, do desespero. Diante das manchetes que nos ferem e das dificuldades que batem \u00e0 porta de tantas fam\u00edlias, a pergunta surge natural e dolorosa:\u00a0\u201cPelo que, afinal, devemos agradecer?\u201d.<br \/>\nA resposta crist\u00e3 exige coragem. Agradecemos n\u00e3o porque tudo est\u00e1 perfeito, mas porque Deus est\u00e1 presente. A ingratid\u00e3o \u00e9 a cegueira da alma; ela nos faz ver apenas o que falta, o que d\u00f3i, o que foi perdido. A gratid\u00e3o, ao contr\u00e1rio, \u00e9 a luz que revela o que permanece. Quando agradecemos pelo dom da vida, pela sa\u00fade, pelo trabalho ou simplesmente pelo amanhecer, estamos afirmando que o mal n\u00e3o venceu. Estamos declarando que a esperan\u00e7a \u00e9 mais forte que o medo.<br \/>\nQuero propor a cada carioca e fluminense, neste dia, um exerc\u00edcio espiritual: utilizar a gratid\u00e3o como uma arma \u2014 a \u00fanica arma leg\u00edtima \u2014 na luta pela paz. Existe uma rela\u00e7\u00e3o direta entre um cora\u00e7\u00e3o grato e uma sociedade pac\u00edfica. Quem cultiva a gratid\u00e3o reconhece que tudo o que tem \u00e9 dom, \u00e9 presente. E quem se sabe presenteado, sente o desejo de compartilhar, de estender a m\u00e3o. O ingrato, por sua vez, julga-se credor do mundo; acredita que tudo lhe \u00e9 devido e, nessa busca ego\u00edsta, atropela o pr\u00f3ximo, gerando conflito e viol\u00eancia.<br \/>\nO Rio de Janeiro clama por conc\u00f3rdia. A etimologia desta palavra \u00e9 bel\u00edssima e nos ensina muito: vem do latim cor,\u00a0cordis. Ter conc\u00f3rdia significa ter os cora\u00e7\u00f5es batendo juntos, no mesmo ritmo, unidos pelo mesmo ideal. A disc\u00f3rdia, por oposi\u00e7\u00e3o, \u00e9 a separa\u00e7\u00e3o dos cora\u00e7\u00f5es. Para vencermos a viol\u00eancia que assusta nossos bairros \u2014 do asfalto \u00e0s comunidades \u2014, precisamos mais do que estrat\u00e9gias de seguran\u00e7a; precisamos de uma revolu\u00e7\u00e3o dos afetos, uma mudan\u00e7a interior que comece em nossas casas.<br \/>\nA paz social nasce na mesa da fam\u00edlia que partilha o p\u00e3o e agradece unida. Ela se fortalece no tr\u00e2nsito, quando a gentileza substitui a ofensa. Ela se consolida nas redes sociais, quando o di\u00e1logo respeitoso toma o lugar do ataque gratuito. Em cada um desses momentos, a gratid\u00e3o \u00e9 o tempero que muda o sabor da conviv\u00eancia. Quem agradece ao irm\u00e3o, reconhece nele a dignidade de filho de Deus. E ningu\u00e9m agride aquilo que reconhece como sagrado.<br \/>\nNeste Dia de A\u00e7\u00e3o de Gra\u00e7as, fa\u00e7o um apelo veemente pela paz em nosso Estado. Que as armas se calem e os cora\u00e7\u00f5es se abram. Que o Cristo Redentor, cujos bra\u00e7os abertos sobre a Guanabara s\u00e3o o maior s\u00edmbolo de acolhimento do mundo, inspire nossas autoridades e cada cidad\u00e3o a buscar o bem comum. N\u00e3o deixemos que as trag\u00e9dias endure\u00e7am nossa sensibilidade. Agradecer em meio \u00e0 tribula\u00e7\u00e3o \u00e9 um ato de f\u00e9 e de resist\u00eancia.<br \/>\nPreparamo-nos tamb\u00e9m para o Advento, tempo de espera e esperan\u00e7a. Que a gratid\u00e3o de hoje prepare a manjedoura de nossos cora\u00e7\u00f5es para o Natal que se aproxima. Que saibamos agradecer n\u00e3o apenas pelas grandes gra\u00e7as, mas pelos pequenos milagres cotidianos: o sorriso de uma crian\u00e7a, a m\u00e3o estendida de um amigo, a for\u00e7a para recome\u00e7ar a cada dia.<br \/>\nDeus aben\u00e7oe o Rio de Janeiro. Que a Virgem da Penha e S\u00e3o Sebasti\u00e3o intercedam por n\u00f3s, para que transformemos nossa gratid\u00e3o em compromisso com a vida e com a paz. A todos, um santo e aben\u00e7oado Dia de A\u00e7\u00e3o de Gra\u00e7as.<br \/>\nCardeal Orani Jo\u00e3o Tempesta &#8211; Arcebispo do Rio de Janeiro (RJ)<\/p>\n","protected":false},"excerpt":{"rendered":"<p>A\u00a0quarta\u00a0quinta-feira de novembro de 2025 marca, no calend\u00e1rio civil, o Dia\u00a0Nacional\u00a0de A\u00e7\u00e3o de Gra\u00e7as. Embora&#8230;<\/p>\n","protected":false},"author":7,"featured_media":79,"comment_status":"open","ping_status":"open","sticky":false,"template":"","format":"standard","meta":{"_jetpack_memberships_contains_paid_content":false,"footnotes":"","jetpack_publicize_message":"","jetpack_publicize_feature_enabled":true,"jetpack_social_post_already_shared":true,"jetpack_social_options":{"image_generator_settings":{"template":"highway","default_image_id":0,"font":"","enabled":false},"version":2}},"categories":[24,11],"tags":[],"class_list":["post-36548","post","type-post","status-publish","format-standard","has-post-thumbnail","hentry","category-a-voz-do-pastor","category-artigos"],"jetpack_publicize_connections":[],"jetpack_featured_media_url":"https:\/\/correiodasemana.com\/site\/wp-content\/uploads\/2019\/07\/Dom-Vasconcelos-posses.jpg","jetpack-related-posts":[{"id":36634,"url":"https:\/\/correiodasemana.com\/site\/servico-e-missao-dom-vasconcelos-celebra-36-anos-de-ordenacao-sacerdotal\/","url_meta":{"origin":36548,"position":0},"title":"Servi\u00e7o e miss\u00e3o: Dom Vasconcelos celebra 36 anos de Ordena\u00e7\u00e3o Sacerdotal","author":"adminredacao","date":"Dezembro 11, 2025","format":false,"excerpt":"A Diocese de Sobral viveu, nesta ter\u00e7a-feira (09\/12), um dia especial de gratid\u00e3o pelo 36\u00ba anivers\u00e1rio de Ordena\u00e7\u00e3o Presbiteral de Dom Jos\u00e9 Luiz Gomes de Vasconcelos, bispo diocesano. A data foi marcada por dois momentos celebrativos: pela manh\u00e3, uma confraterniza\u00e7\u00e3o na C\u00faria Diocesana com colaboradores e, \u00e0 noite, a Missa\u2026","rel":"","context":"In &quot;Atualidade&quot;","block_context":{"text":"Atualidade","link":"https:\/\/correiodasemana.com\/site\/category\/atualidade\/"},"img":{"alt_text":"","src":"https:\/\/i0.wp.com\/correiodasemana.com\/site\/wp-content\/uploads\/2025\/12\/Missa-na-Catedral-3-scaled.jpg?resize=350%2C200&ssl=1","width":350,"height":200,"srcset":"https:\/\/i0.wp.com\/correiodasemana.com\/site\/wp-content\/uploads\/2025\/12\/Missa-na-Catedral-3-scaled.jpg?resize=350%2C200&ssl=1 1x, https:\/\/i0.wp.com\/correiodasemana.com\/site\/wp-content\/uploads\/2025\/12\/Missa-na-Catedral-3-scaled.jpg?resize=525%2C300&ssl=1 1.5x, https:\/\/i0.wp.com\/correiodasemana.com\/site\/wp-content\/uploads\/2025\/12\/Missa-na-Catedral-3-scaled.jpg?resize=700%2C400&ssl=1 2x, https:\/\/i0.wp.com\/correiodasemana.com\/site\/wp-content\/uploads\/2025\/12\/Missa-na-Catedral-3-scaled.jpg?resize=1050%2C600&ssl=1 3x, https:\/\/i0.wp.com\/correiodasemana.com\/site\/wp-content\/uploads\/2025\/12\/Missa-na-Catedral-3-scaled.jpg?resize=1400%2C800&ssl=1 4x"},"classes":[]},{"id":31913,"url":"https:\/\/correiodasemana.com\/site\/radio-educadora-radialistas-reunem-se-para-missa-em-acao-de-gracas\/","url_meta":{"origin":36548,"position":1},"title":"R\u00e1dio Educadora: Radialistas re\u00fanem-se para Missa em A\u00e7\u00e3o de Gra\u00e7as","author":"adminredacao","date":"Dezembro 24, 2024","format":false,"excerpt":"Na tarde desta sexta-feira, 20 de dezembro, os radialistas da R\u00e1dio Educadora FM 107.5 participaram da Missa em A\u00e7\u00e3o de Gra\u00e7as pelas conquistas realizadas neste ano de 2024, em um momento de confraterniza\u00e7\u00e3o. A missa foi presidida por Padre Lucas Moreira, diretor da emissora. Estiveram presentes comunicadores e ouvintes que\u2026","rel":"","context":"In &quot;Atualidade&quot;","block_context":{"text":"Atualidade","link":"https:\/\/correiodasemana.com\/site\/category\/atualidade\/"},"img":{"alt_text":"","src":"https:\/\/i0.wp.com\/correiodasemana.com\/site\/wp-content\/uploads\/2024\/12\/paroquia-dom-jose-4-scaled.jpg?resize=350%2C200&ssl=1","width":350,"height":200,"srcset":"https:\/\/i0.wp.com\/correiodasemana.com\/site\/wp-content\/uploads\/2024\/12\/paroquia-dom-jose-4-scaled.jpg?resize=350%2C200&ssl=1 1x, https:\/\/i0.wp.com\/correiodasemana.com\/site\/wp-content\/uploads\/2024\/12\/paroquia-dom-jose-4-scaled.jpg?resize=525%2C300&ssl=1 1.5x, https:\/\/i0.wp.com\/correiodasemana.com\/site\/wp-content\/uploads\/2024\/12\/paroquia-dom-jose-4-scaled.jpg?resize=700%2C400&ssl=1 2x, https:\/\/i0.wp.com\/correiodasemana.com\/site\/wp-content\/uploads\/2024\/12\/paroquia-dom-jose-4-scaled.jpg?resize=1050%2C600&ssl=1 3x, https:\/\/i0.wp.com\/correiodasemana.com\/site\/wp-content\/uploads\/2024\/12\/paroquia-dom-jose-4-scaled.jpg?resize=1400%2C800&ssl=1 4x"},"classes":[]},{"id":37002,"url":"https:\/\/correiodasemana.com\/site\/missa-em-acao-de-gracas-marca-comemoracao-pelos-92-anos-de-monsenhor-manfredo-ramos\/","url_meta":{"origin":36548,"position":2},"title":"Missa em A\u00e7\u00e3o de Gra\u00e7as marca comemora\u00e7\u00e3o pelos 92 anos de Monsenhor Manfredo Ramos","author":"adminredacao","date":"Janeiro 10, 2026","format":false,"excerpt":"Em uma celebra\u00e7\u00e3o marcada por alegria, f\u00e9 e gratid\u00e3o, parentes, amigos e fi\u00e9is participaram da Missa em A\u00e7\u00e3o de Gra\u00e7as pelos 92 anos de vida de Monsenhor Manfredo Ramos, realizada na \u00faltima sexta-feira (02\/01), na Igreja de Nossa Senhora da Concei\u00e7\u00e3o, no Semin\u00e1rio da Prainha, em Fortaleza (CE). A celebra\u00e7\u00e3o\u2026","rel":"","context":"In &quot;Atualidade&quot;","block_context":{"text":"Atualidade","link":"https:\/\/correiodasemana.com\/site\/category\/atualidade\/"},"img":{"alt_text":"","src":"https:\/\/i0.wp.com\/correiodasemana.com\/site\/wp-content\/uploads\/2026\/01\/pag-6-2.jpeg?resize=350%2C200&ssl=1","width":350,"height":200,"srcset":"https:\/\/i0.wp.com\/correiodasemana.com\/site\/wp-content\/uploads\/2026\/01\/pag-6-2.jpeg?resize=350%2C200&ssl=1 1x, https:\/\/i0.wp.com\/correiodasemana.com\/site\/wp-content\/uploads\/2026\/01\/pag-6-2.jpeg?resize=525%2C300&ssl=1 1.5x, https:\/\/i0.wp.com\/correiodasemana.com\/site\/wp-content\/uploads\/2026\/01\/pag-6-2.jpeg?resize=700%2C400&ssl=1 2x, https:\/\/i0.wp.com\/correiodasemana.com\/site\/wp-content\/uploads\/2026\/01\/pag-6-2.jpeg?resize=1050%2C600&ssl=1 3x"},"classes":[]},{"id":15130,"url":"https:\/\/correiodasemana.com\/site\/missa-em-acao-de-gracas-celebra-24-anos-do-hospital-do-coracao-de-sobral\/","url_meta":{"origin":36548,"position":3},"title":"Missa em a\u00e7\u00e3o de gra\u00e7as celebra 24 anos do Hospital do Cora\u00e7\u00e3o de Sobral","author":"","date":"Dezembro 21, 2020","format":false,"excerpt":"Inaugurado em 20 de dezembro de 1996, o Hospital \u00e9 refer\u00eancia no atendimento cardiol\u00f3gico O Hospital do Cora\u00e7\u00e3o, unidade de sa\u00fade do Complexo Santa Casa de Miseric\u00f3rdia de Sobral, comemora 24 anos de funda\u00e7\u00e3o neste domingo (20\/12). Para celebrar o seu anivers\u00e1rio, a Institui\u00e7\u00e3o promoveu uma missa em a\u00e7\u00e3o de\u2026","rel":"","context":"In &quot;Santa Casa&quot;","block_context":{"text":"Santa Casa","link":"https:\/\/correiodasemana.com\/site\/category\/santa-casa\/"},"img":{"alt_text":"","src":"https:\/\/i0.wp.com\/correiodasemana.com\/site\/wp-content\/uploads\/2020\/12\/FOTO-1-1.jpg?resize=350%2C200&ssl=1","width":350,"height":200,"srcset":"https:\/\/i0.wp.com\/correiodasemana.com\/site\/wp-content\/uploads\/2020\/12\/FOTO-1-1.jpg?resize=350%2C200&ssl=1 1x, https:\/\/i0.wp.com\/correiodasemana.com\/site\/wp-content\/uploads\/2020\/12\/FOTO-1-1.jpg?resize=525%2C300&ssl=1 1.5x, https:\/\/i0.wp.com\/correiodasemana.com\/site\/wp-content\/uploads\/2020\/12\/FOTO-1-1.jpg?resize=700%2C400&ssl=1 2x"},"classes":[]},{"id":36197,"url":"https:\/\/correiodasemana.com\/site\/diocese-de-sobral-celebra-110-anos-de-criacao-com-missa-em-acao-de-gracas-na-se-catedral\/","url_meta":{"origin":36548,"position":4},"title":"Diocese de Sobral celebra 110 anos de cria\u00e7\u00e3o com Missa em A\u00e7\u00e3o de Gra\u00e7as na S\u00e9 Catedral","author":"adminredacao","date":"Novembro 12, 2025","format":false,"excerpt":"A Diocese de Sobral celebrou, nesta segunda-feira (10\/11), os 110 anos de sua cria\u00e7\u00e3o. A Missa em A\u00e7\u00e3o de Gra\u00e7as foi presidida pelo bispo diocesano, Dom Jos\u00e9 Luiz Gomes de Vasconcelos, na S\u00e9 Catedral de Nossa Senhora da Concei\u00e7\u00e3o, e concelebrada pelos presb\u00edteros da diocese. A Igreja Particular de Sobral\u2026","rel":"","context":"In &quot;Atualidade&quot;","block_context":{"text":"Atualidade","link":"https:\/\/correiodasemana.com\/site\/category\/atualidade\/"},"img":{"alt_text":"","src":"https:\/\/i0.wp.com\/correiodasemana.com\/site\/wp-content\/uploads\/2025\/11\/DSC_9390-scaled.jpg?resize=350%2C200&ssl=1","width":350,"height":200,"srcset":"https:\/\/i0.wp.com\/correiodasemana.com\/site\/wp-content\/uploads\/2025\/11\/DSC_9390-scaled.jpg?resize=350%2C200&ssl=1 1x, https:\/\/i0.wp.com\/correiodasemana.com\/site\/wp-content\/uploads\/2025\/11\/DSC_9390-scaled.jpg?resize=525%2C300&ssl=1 1.5x, https:\/\/i0.wp.com\/correiodasemana.com\/site\/wp-content\/uploads\/2025\/11\/DSC_9390-scaled.jpg?resize=700%2C400&ssl=1 2x, https:\/\/i0.wp.com\/correiodasemana.com\/site\/wp-content\/uploads\/2025\/11\/DSC_9390-scaled.jpg?resize=1050%2C600&ssl=1 3x, https:\/\/i0.wp.com\/correiodasemana.com\/site\/wp-content\/uploads\/2025\/11\/DSC_9390-scaled.jpg?resize=1400%2C800&ssl=1 4x"},"classes":[]},{"id":33789,"url":"https:\/\/correiodasemana.com\/site\/celebracoes-marcam-aniversario-natalicio-de-dom-vasconcelos-em-sobral\/","url_meta":{"origin":36548,"position":5},"title":"Celebra\u00e7\u00f5es marcam anivers\u00e1rio natal\u00edcio de Dom Vasconcelos em Sobral","author":"adminredacao","date":"Maio 19, 2025","format":false,"excerpt":"Com grande alegria e gratid\u00e3o, a Diocese de Sobral celebrou, no dia 12 de maio, o anivers\u00e1rio natal\u00edcio de seu pastor, Dom Jos\u00e9 Luiz Gomes de Vasconcelos. A data foi marcada por momentos de ora\u00e7\u00e3o, homenagens e celebra\u00e7\u00e3o eucar\u00edstica, reunindo fieis, cl\u00e9rigos, religiosas, seminaristas, representantes das pastorais, movimentos e diversas\u2026","rel":"","context":"In &quot;Atualidade&quot;","block_context":{"text":"Atualidade","link":"https:\/\/correiodasemana.com\/site\/category\/atualidade\/"},"img":{"alt_text":"","src":"https:\/\/i0.wp.com\/correiodasemana.com\/site\/wp-content\/uploads\/2025\/05\/WhatsApp-Image-2025-05-16-at-16.08.37-1-scaled.jpeg?resize=350%2C200&ssl=1","width":350,"height":200,"srcset":"https:\/\/i0.wp.com\/correiodasemana.com\/site\/wp-content\/uploads\/2025\/05\/WhatsApp-Image-2025-05-16-at-16.08.37-1-scaled.jpeg?resize=350%2C200&ssl=1 1x, https:\/\/i0.wp.com\/correiodasemana.com\/site\/wp-content\/uploads\/2025\/05\/WhatsApp-Image-2025-05-16-at-16.08.37-1-scaled.jpeg?resize=525%2C300&ssl=1 1.5x, https:\/\/i0.wp.com\/correiodasemana.com\/site\/wp-content\/uploads\/2025\/05\/WhatsApp-Image-2025-05-16-at-16.08.37-1-scaled.jpeg?resize=700%2C400&ssl=1 2x, https:\/\/i0.wp.com\/correiodasemana.com\/site\/wp-content\/uploads\/2025\/05\/WhatsApp-Image-2025-05-16-at-16.08.37-1-scaled.jpeg?resize=1050%2C600&ssl=1 3x, https:\/\/i0.wp.com\/correiodasemana.com\/site\/wp-content\/uploads\/2025\/05\/WhatsApp-Image-2025-05-16-at-16.08.37-1-scaled.jpeg?resize=1400%2C800&ssl=1 4x"},"classes":[]}],"jetpack_sharing_enabled":true,"_links":{"self":[{"href":"https:\/\/correiodasemana.com\/site\/wp-json\/wp\/v2\/posts\/36548","targetHints":{"allow":["GET"]}}],"collection":[{"href":"https:\/\/correiodasemana.com\/site\/wp-json\/wp\/v2\/posts"}],"about":[{"href":"https:\/\/correiodasemana.com\/site\/wp-json\/wp\/v2\/types\/post"}],"author":[{"embeddable":true,"href":"https:\/\/correiodasemana.com\/site\/wp-json\/wp\/v2\/users\/7"}],"replies":[{"embeddable":true,"href":"https:\/\/correiodasemana.com\/site\/wp-json\/wp\/v2\/comments?post=36548"}],"version-history":[{"count":1,"href":"https:\/\/correiodasemana.com\/site\/wp-json\/wp\/v2\/posts\/36548\/revisions"}],"predecessor-version":[{"id":36549,"href":"https:\/\/correiodasemana.com\/site\/wp-json\/wp\/v2\/posts\/36548\/revisions\/36549"}],"wp:featuredmedia":[{"embeddable":true,"href":"https:\/\/correiodasemana.com\/site\/wp-json\/wp\/v2\/media\/79"}],"wp:attachment":[{"href":"https:\/\/correiodasemana.com\/site\/wp-json\/wp\/v2\/media?parent=36548"}],"wp:term":[{"taxonomy":"category","embeddable":true,"href":"https:\/\/correiodasemana.com\/site\/wp-json\/wp\/v2\/categories?post=36548"},{"taxonomy":"post_tag","embeddable":true,"href":"https:\/\/correiodasemana.com\/site\/wp-json\/wp\/v2\/tags?post=36548"}],"curies":[{"name":"wp","href":"https:\/\/api.w.org\/{rel}","templated":true}]}}