{"id":36550,"date":"2025-12-01T09:37:47","date_gmt":"2025-12-01T12:37:47","guid":{"rendered":"https:\/\/correiodasemana.com\/site\/?p=36550"},"modified":"2025-12-01T09:37:47","modified_gmt":"2025-12-01T12:37:47","slug":"comunidade-catolica-filhos-de-siao-18","status":"publish","type":"post","link":"https:\/\/correiodasemana.com\/site\/comunidade-catolica-filhos-de-siao-18\/","title":{"rendered":"COMUNIDADE CAT\u00d3LICA FILHOS DE SI\u00c3O"},"content":{"rendered":"<p><strong>Perigos que pedem vigil\u00e2ncia!<\/strong><\/p>\n<p>Com o tempo de caminhada, passamos a n\u00e3o perceber certos perigos. No entanto, precisamos ter muito cuidado para n\u00e3o perdermos a gra\u00e7a inicial do chamado de Deus. Inicio parafraseando nossa Fundadora, Vander L\u00facia:\u00a0\u201cEstamos vivendo os tempos de No\u00e9, e a arca est\u00e1 sendo constru\u00edda diante dos nossos olhos \u2014 e ningu\u00e9m se d\u00e1 conta da necessidade de entrar nela.\u201d<\/p>\n<p>Conduzidos por Eclesi\u00e1stico 2, 1-18<br \/>\nSe for para cair, que seja nas m\u00e3os do Senhor; se for para trope\u00e7ar, que seja no colo do Senhor; e, se for para descansar, que seja nos bra\u00e7os do Senhor. Estamos aqui, e precisamos seguir em frente.<\/p>\n<p>O mundo<br \/>\nO que escolher: a Deus e as coisas do alto ou o mundo?<br \/>\nNa verdade, o mundo n\u00e3o \u00e9 o mais dif\u00edcil de ser vencido \u2014 ele se vence com uma decis\u00e3o firme e determinada. Isso se baseia na realidade da nossa pr\u00f3pria caminhada, quando come\u00e7amos a entender que Deus \u00e9 melhor do que tudo o que o mundo oferece.<br \/>\nCom o tempo, vencer o mundo se torna mais f\u00e1cil do que no in\u00edcio da jornada. Mas \u00e9 preciso vencer todos os inimigos da alma, sen\u00e3o perdemos a guerra espiritual. O objetivo \u00e9 vencer os tr\u00eas: o mundo, a carne e o dem\u00f4nio. Contudo, ao vencer um deles, os demais perdem for\u00e7a.<br \/>\nO desapego \u00e9 essencial para vencer o mundo. Tudo aquilo que colocamos no lugar de Deus em nossas vidas \u00e9 passageiro \u2014 e saber disso nos ajuda a viver o desapego. Por isso, \u00e9 necess\u00e1rio exercit\u00e1-lo diariamente.<br \/>\nS\u00e3o Jo\u00e3o da Cruz nos ensina que precisamos de duas atitudes fundamentais: desapegar-nos das pessoas e das coisas.<br \/>\nAo nos desapegarmos das pessoas, conseguimos amar a todos igualmente, sem possessividade. Nada deve ocupar mais espa\u00e7o no nosso cora\u00e7\u00e3o do que a vontade de Deus.<br \/>\nTodos os dias, precisamos desapegar de algo. Ame a todos e esteja pr\u00f3ximo de todos, mas com liberdade interior.<br \/>\nDesapegue tamb\u00e9m dos bens materiais, pois tudo isso passa. E o desapego \u00e9, de fato, um exerc\u00edcio di\u00e1rio.<\/p>\n<p>Julineide Mendes &#8211; Consagrada na Comunidade de Alian\u00e7a com Promessas Definitivas<\/p>\n","protected":false},"excerpt":{"rendered":"<p>Perigos que pedem vigil\u00e2ncia! Com o tempo de caminhada, passamos a n\u00e3o perceber certos perigos&#8230;.<\/p>\n","protected":false},"author":7,"featured_media":58,"comment_status":"open","ping_status":"open","sticky":false,"template":"","format":"standard","meta":{"_jetpack_memberships_contains_paid_content":false,"footnotes":"","jetpack_publicize_message":"","jetpack_publicize_feature_enabled":true,"jetpack_social_post_already_shared":true,"jetpack_social_options":{"image_generator_settings":{"template":"highway","default_image_id":0,"font":"","enabled":false},"version":2}},"categories":[11,87],"tags":[],"class_list":["post-36550","post","type-post","status-publish","format-standard","has-post-thumbnail","hentry","category-artigos","category-filhos-de-siao"],"jetpack_publicize_connections":[],"jetpack_featured_media_url":"https:\/\/correiodasemana.com\/site\/wp-content\/uploads\/2019\/07\/Igreja_S\u00e9.jpg","jetpack-related-posts":[{"id":36732,"url":"https:\/\/correiodasemana.com\/site\/comunidade-catolica-filhos-de-siao-19\/","url_meta":{"origin":36550,"position":0},"title":"COMUNIDADE CAT\u00d3LICA FILHOS DE SI\u00c3O","author":"adminredacao","date":"Dezembro 11, 2025","format":false,"excerpt":"Perigos que pedem vigil\u00e2ncia! Com o tempo de caminhada, passamos a n\u00e3o perceber certos perigos. No entanto, precisamos ter muito cuidado para n\u00e3o perdermos a gra\u00e7a inicial do chamado de Deus. Inicio parafraseando nossa Fundadora, Vander L\u00facia:\u00a0\u201cEstamos vivendo os tempos de No\u00e9, e a arca est\u00e1 sendo constru\u00edda diante dos\u2026","rel":"","context":"In &quot;Artigos&quot;","block_context":{"text":"Artigos","link":"https:\/\/correiodasemana.com\/site\/category\/artigos\/"},"img":{"alt_text":"","src":"https:\/\/i0.wp.com\/correiodasemana.com\/site\/wp-content\/uploads\/2019\/07\/cropped-Igreja_S%C3%A9.jpg?resize=350%2C200&ssl=1","width":350,"height":200,"srcset":"https:\/\/i0.wp.com\/correiodasemana.com\/site\/wp-content\/uploads\/2019\/07\/cropped-Igreja_S%C3%A9.jpg?resize=350%2C200&ssl=1 1x, https:\/\/i0.wp.com\/correiodasemana.com\/site\/wp-content\/uploads\/2019\/07\/cropped-Igreja_S%C3%A9.jpg?resize=525%2C300&ssl=1 1.5x, https:\/\/i0.wp.com\/correiodasemana.com\/site\/wp-content\/uploads\/2019\/07\/cropped-Igreja_S%C3%A9.jpg?resize=700%2C400&ssl=1 2x, https:\/\/i0.wp.com\/correiodasemana.com\/site\/wp-content\/uploads\/2019\/07\/cropped-Igreja_S%C3%A9.jpg?resize=1050%2C600&ssl=1 3x, https:\/\/i0.wp.com\/correiodasemana.com\/site\/wp-content\/uploads\/2019\/07\/cropped-Igreja_S%C3%A9.jpg?resize=1400%2C800&ssl=1 4x"},"classes":[]},{"id":24124,"url":"https:\/\/correiodasemana.com\/site\/os-baluartes-do-carisma-filhos-de-siao\/","url_meta":{"origin":36550,"position":1},"title":"Os Baluartes do Carisma Filhos de Si\u00e3o","author":"adminredacao","date":"Abril 17, 2023","format":false,"excerpt":"O melhor tempo de nossas vidas \u00e9 quando temos op\u00e7\u00f5es\u2026 \u00c9 quando n\u00f3s podemos colocar em algo a nossa seguran\u00e7a, e sonhar o homem, e a mulher, que n\u00f3s queremos ser, e que o Senhor deseja que sejamos. Onde estamos colocando nossas vidas? N\u00f3s, Filhos de Si\u00e3o, estamos colocando nossas\u2026","rel":"","context":"In &quot;Artigos&quot;","block_context":{"text":"Artigos","link":"https:\/\/correiodasemana.com\/site\/category\/artigos\/"},"img":{"alt_text":"","src":"https:\/\/i0.wp.com\/correiodasemana.com\/site\/wp-content\/uploads\/2023\/04\/th-1.jpeg?resize=350%2C200&ssl=1","width":350,"height":200},"classes":[]},{"id":37379,"url":"https:\/\/correiodasemana.com\/site\/comunidade-filhos-de-siao-17\/","url_meta":{"origin":36550,"position":2},"title":"COMUNIDADE FILHOS DE SI\u00c3O","author":"adminredacao","date":"Fevereiro 20, 2026","format":false,"excerpt":"Trip\u00e9 da Voca\u00e7\u00e3o Filhos de Si\u00e3o Ora\u00e7\u00e3o Contemplativa O primeiro presente \u00e9 a Ora\u00e7\u00e3o Contemplativa. Orar n\u00e3o \u00e9 apenas cumprir um dever, nem rezar por simples repeti\u00e7\u00e3o de palavras. O que o Senhor nos pede \u00e9 a contempla\u00e7\u00e3o: um encontro mais profundo, cuidadoso e demorado, vivido com zelo e amor.\u2026","rel":"","context":"In &quot;Artigos&quot;","block_context":{"text":"Artigos","link":"https:\/\/correiodasemana.com\/site\/category\/artigos\/"},"img":{"alt_text":"","src":"https:\/\/i0.wp.com\/correiodasemana.com\/site\/wp-content\/uploads\/2019\/07\/cropped-Igreja_S%C3%A9.jpg?resize=350%2C200&ssl=1","width":350,"height":200,"srcset":"https:\/\/i0.wp.com\/correiodasemana.com\/site\/wp-content\/uploads\/2019\/07\/cropped-Igreja_S%C3%A9.jpg?resize=350%2C200&ssl=1 1x, https:\/\/i0.wp.com\/correiodasemana.com\/site\/wp-content\/uploads\/2019\/07\/cropped-Igreja_S%C3%A9.jpg?resize=525%2C300&ssl=1 1.5x, https:\/\/i0.wp.com\/correiodasemana.com\/site\/wp-content\/uploads\/2019\/07\/cropped-Igreja_S%C3%A9.jpg?resize=700%2C400&ssl=1 2x, https:\/\/i0.wp.com\/correiodasemana.com\/site\/wp-content\/uploads\/2019\/07\/cropped-Igreja_S%C3%A9.jpg?resize=1050%2C600&ssl=1 3x, https:\/\/i0.wp.com\/correiodasemana.com\/site\/wp-content\/uploads\/2019\/07\/cropped-Igreja_S%C3%A9.jpg?resize=1400%2C800&ssl=1 4x"},"classes":[]},{"id":25330,"url":"https:\/\/correiodasemana.com\/site\/filhos-de-siao-4\/","url_meta":{"origin":36550,"position":3},"title":"Filhos de Si\u00e3o","author":"adminredacao","date":"Junho 19, 2023","format":false,"excerpt":"Jesus \u00e9 o Senhor A verdade revelada Algumas verdades s\u00e3o reveladas para n\u00f3s durante o SVES, a verdade de Deus para n\u00f3s. A come\u00e7ar pelo amor divino, que supera todas as coisas e nos constrange. Depois, ouvimos que, por amor, o Pai enviou Seu Filho para nos salvar do pecado.\u2026","rel":"","context":"In &quot;Artigos&quot;","block_context":{"text":"Artigos","link":"https:\/\/correiodasemana.com\/site\/category\/artigos\/"},"img":{"alt_text":"","src":"https:\/\/i0.wp.com\/correiodasemana.com\/site\/wp-content\/uploads\/2018\/02\/Igreja_Se%CC%81.jpg?resize=350%2C200&ssl=1","width":350,"height":200,"srcset":"https:\/\/i0.wp.com\/correiodasemana.com\/site\/wp-content\/uploads\/2018\/02\/Igreja_Se%CC%81.jpg?resize=350%2C200&ssl=1 1x, https:\/\/i0.wp.com\/correiodasemana.com\/site\/wp-content\/uploads\/2018\/02\/Igreja_Se%CC%81.jpg?resize=525%2C300&ssl=1 1.5x, https:\/\/i0.wp.com\/correiodasemana.com\/site\/wp-content\/uploads\/2018\/02\/Igreja_Se%CC%81.jpg?resize=700%2C400&ssl=1 2x, https:\/\/i0.wp.com\/correiodasemana.com\/site\/wp-content\/uploads\/2018\/02\/Igreja_Se%CC%81.jpg?resize=1050%2C600&ssl=1 3x, https:\/\/i0.wp.com\/correiodasemana.com\/site\/wp-content\/uploads\/2018\/02\/Igreja_Se%CC%81.jpg?resize=1400%2C800&ssl=1 4x"},"classes":[]},{"id":26583,"url":"https:\/\/correiodasemana.com\/site\/filhos-de-siao-10\/","url_meta":{"origin":36550,"position":4},"title":"FILHOS DE SI\u00c3O","author":"adminredacao","date":"Setembro 18, 2023","format":false,"excerpt":"\u201cVinde \u00e0 nascente das \u00e1guas\u201d O Senhor nos convidou hoje para a nascente das \u00e1guas. Vinde comer! Aqui na nascente das \u00e1guas tem o alimento! Meus irm\u00e3os, Jesus nos trouxe para a nascente das \u00e1guas. Por que perder o dinheiro com aquilo que n\u00e3o alimenta? A gente fica desperdi\u00e7ando o\u2026","rel":"","context":"In &quot;Artigos&quot;","block_context":{"text":"Artigos","link":"https:\/\/correiodasemana.com\/site\/category\/artigos\/"},"img":{"alt_text":"","src":"https:\/\/i0.wp.com\/correiodasemana.com\/site\/wp-content\/uploads\/2018\/02\/Igreja_Se%CC%81.jpg?resize=350%2C200&ssl=1","width":350,"height":200,"srcset":"https:\/\/i0.wp.com\/correiodasemana.com\/site\/wp-content\/uploads\/2018\/02\/Igreja_Se%CC%81.jpg?resize=350%2C200&ssl=1 1x, https:\/\/i0.wp.com\/correiodasemana.com\/site\/wp-content\/uploads\/2018\/02\/Igreja_Se%CC%81.jpg?resize=525%2C300&ssl=1 1.5x, https:\/\/i0.wp.com\/correiodasemana.com\/site\/wp-content\/uploads\/2018\/02\/Igreja_Se%CC%81.jpg?resize=700%2C400&ssl=1 2x, https:\/\/i0.wp.com\/correiodasemana.com\/site\/wp-content\/uploads\/2018\/02\/Igreja_Se%CC%81.jpg?resize=1050%2C600&ssl=1 3x, https:\/\/i0.wp.com\/correiodasemana.com\/site\/wp-content\/uploads\/2018\/02\/Igreja_Se%CC%81.jpg?resize=1400%2C800&ssl=1 4x"},"classes":[]},{"id":27135,"url":"https:\/\/correiodasemana.com\/site\/comunidade-catolica-filhos-de-siao\/","url_meta":{"origin":36550,"position":5},"title":"COMUNIDADE CAT\u00d3LICA FILHOS DE SI\u00c3O","author":"adminredacao","date":"Novembro 6, 2023","format":false,"excerpt":"Frutificar o carisma N\u00e3o \u00e9 f\u00e1cil evangelizar na pr\u00f3pria casa\u2026 O pr\u00f3prio Jesus n\u00e3o foi aceito em sua terra. Tem algu\u00e9m feliz aqui? Feliz porqu\u00ea veio? Vir ao retiro \u00e9 como voltar a ser algu\u00e9m de novo, pois estamos atentos para escutar aqueles que Deus enviou para falar conosco. Ao\u2026","rel":"","context":"In &quot;Artigos&quot;","block_context":{"text":"Artigos","link":"https:\/\/correiodasemana.com\/site\/category\/artigos\/"},"img":{"alt_text":"","src":"https:\/\/i0.wp.com\/correiodasemana.com\/site\/wp-content\/uploads\/2019\/07\/Igreja_S%C3%A9.jpg?resize=350%2C200&ssl=1","width":350,"height":200,"srcset":"https:\/\/i0.wp.com\/correiodasemana.com\/site\/wp-content\/uploads\/2019\/07\/Igreja_S%C3%A9.jpg?resize=350%2C200&ssl=1 1x, https:\/\/i0.wp.com\/correiodasemana.com\/site\/wp-content\/uploads\/2019\/07\/Igreja_S%C3%A9.jpg?resize=525%2C300&ssl=1 1.5x, https:\/\/i0.wp.com\/correiodasemana.com\/site\/wp-content\/uploads\/2019\/07\/Igreja_S%C3%A9.jpg?resize=700%2C400&ssl=1 2x, https:\/\/i0.wp.com\/correiodasemana.com\/site\/wp-content\/uploads\/2019\/07\/Igreja_S%C3%A9.jpg?resize=1050%2C600&ssl=1 3x, https:\/\/i0.wp.com\/correiodasemana.com\/site\/wp-content\/uploads\/2019\/07\/Igreja_S%C3%A9.jpg?resize=1400%2C800&ssl=1 4x"},"classes":[]}],"jetpack_sharing_enabled":true,"_links":{"self":[{"href":"https:\/\/correiodasemana.com\/site\/wp-json\/wp\/v2\/posts\/36550","targetHints":{"allow":["GET"]}}],"collection":[{"href":"https:\/\/correiodasemana.com\/site\/wp-json\/wp\/v2\/posts"}],"about":[{"href":"https:\/\/correiodasemana.com\/site\/wp-json\/wp\/v2\/types\/post"}],"author":[{"embeddable":true,"href":"https:\/\/correiodasemana.com\/site\/wp-json\/wp\/v2\/users\/7"}],"replies":[{"embeddable":true,"href":"https:\/\/correiodasemana.com\/site\/wp-json\/wp\/v2\/comments?post=36550"}],"version-history":[{"count":1,"href":"https:\/\/correiodasemana.com\/site\/wp-json\/wp\/v2\/posts\/36550\/revisions"}],"predecessor-version":[{"id":36551,"href":"https:\/\/correiodasemana.com\/site\/wp-json\/wp\/v2\/posts\/36550\/revisions\/36551"}],"wp:featuredmedia":[{"embeddable":true,"href":"https:\/\/correiodasemana.com\/site\/wp-json\/wp\/v2\/media\/58"}],"wp:attachment":[{"href":"https:\/\/correiodasemana.com\/site\/wp-json\/wp\/v2\/media?parent=36550"}],"wp:term":[{"taxonomy":"category","embeddable":true,"href":"https:\/\/correiodasemana.com\/site\/wp-json\/wp\/v2\/categories?post=36550"},{"taxonomy":"post_tag","embeddable":true,"href":"https:\/\/correiodasemana.com\/site\/wp-json\/wp\/v2\/tags?post=36550"}],"curies":[{"name":"wp","href":"https:\/\/api.w.org\/{rel}","templated":true}]}}