{"id":36552,"date":"2025-12-01T09:39:08","date_gmt":"2025-12-01T12:39:08","guid":{"rendered":"https:\/\/correiodasemana.com\/site\/?p=36552"},"modified":"2025-12-01T09:39:08","modified_gmt":"2025-12-01T12:39:08","slug":"seminaristas-participam-da-2a-edicao-do-comise-regional-ne-1-em-crato","status":"publish","type":"post","link":"https:\/\/correiodasemana.com\/site\/seminaristas-participam-da-2a-edicao-do-comise-regional-ne-1-em-crato\/","title":{"rendered":"Seminaristas participam da 2\u00aa Edi\u00e7\u00e3o do Comise Regional NE 1 em Crato"},"content":{"rendered":"<div id='gallery-1' class='gallery galleryid-36552 gallery-columns-6 gallery-size-thumbnail'><figure class='gallery-item'>\n\t\t\t<div class='gallery-icon landscape'>\n\t\t\t\t<a href='https:\/\/correiodasemana.com\/site\/seminaristas-participam-da-2a-edicao-do-comise-regional-ne-1-em-crato\/whatsapp-image-2025-11-25-at-09-45-43\/'><img loading=\"lazy\" width=\"150\" height=\"150\" src=\"https:\/\/correiodasemana.com\/site\/wp-content\/uploads\/2025\/12\/WhatsApp-Image-2025-11-25-at-09.45.43-150x150.jpeg\" class=\"attachment-thumbnail size-thumbnail\" alt=\"WhatsApp Image 2025-11-25 at 09.45.43\" loading=\"lazy\" decoding=\"async\" \/><\/a>\n\t\t\t<\/div><\/figure><figure class='gallery-item'>\n\t\t\t<div class='gallery-icon portrait'>\n\t\t\t\t<a href='https:\/\/correiodasemana.com\/site\/seminaristas-participam-da-2a-edicao-do-comise-regional-ne-1-em-crato\/whatsapp-image-2025-11-25-at-09-45-44-1\/'><img loading=\"lazy\" width=\"150\" height=\"150\" src=\"https:\/\/correiodasemana.com\/site\/wp-content\/uploads\/2025\/12\/WhatsApp-Image-2025-11-25-at-09.45.44-1-150x150.jpeg\" class=\"attachment-thumbnail size-thumbnail\" alt=\"WhatsApp Image 2025-11-25 at 09.45.44 (1)\" loading=\"lazy\" decoding=\"async\" \/><\/a>\n\t\t\t<\/div><\/figure><figure class='gallery-item'>\n\t\t\t<div class='gallery-icon portrait'>\n\t\t\t\t<a href='https:\/\/correiodasemana.com\/site\/seminaristas-participam-da-2a-edicao-do-comise-regional-ne-1-em-crato\/whatsapp-image-2025-11-25-at-09-45-44\/'><img loading=\"lazy\" width=\"150\" height=\"150\" src=\"https:\/\/correiodasemana.com\/site\/wp-content\/uploads\/2025\/12\/WhatsApp-Image-2025-11-25-at-09.45.44-150x150.jpeg\" class=\"attachment-thumbnail size-thumbnail\" alt=\"WhatsApp Image 2025-11-25 at 09.45.44\" loading=\"lazy\" decoding=\"async\" \/><\/a>\n\t\t\t<\/div><\/figure>\n\t\t<\/div>\n\n<p>Entre os dias 21 e 23 de novembro, aconteceu a 2\u00aa Edi\u00e7\u00e3o do Conselho Mission\u00e1rio de Seminaristas do Regional NE 1 \u2013 Comise. O encontro foi sediado no Semin\u00e1rio Diocesano S\u00e3o Jos\u00e9, na Diocese de Crato, e teve como tema: \u201cDisc\u00edpulos mission\u00e1rios de esperan\u00e7a na Igreja do Cear\u00e1\u201d.<br \/>\nO evento foi marcado por momentos de ora\u00e7\u00e3o, fraternidade, Santa Missa e confer\u00eancias ministradas pelo padre C\u00edcero Cladson e padre Pedro Andr\u00e9, ambos da Diocese de Crato. Dom Magnus Henrique acolheu os seminaristas e refletiu sobre os desafios da miss\u00e3o, ressaltando a import\u00e2ncia da consci\u00eancia referente a futura voca\u00e7\u00e3o para a qual se preparam: o presbiterato.<br \/>\nDa Igreja Diocesana de Sobral, estiveram presentes os seminaristas Daniel Lima, do Semin\u00e1rio Maior de Filosofia S\u00e3o Jo\u00e3o Paulo II, e Francisco Elivelton, do Semin\u00e1rio de Teologia Imaculada Concei\u00e7\u00e3o.<br \/>\nNa oportunidade, foi eleita a nova coordena\u00e7\u00e3o do Comise para o tri\u00eanio 2026-2028, composta pelo coordenador, seminarista Rafael (Itapipoca); vice-coordenador, seminarista Jo\u00e3o Guilherme (Crate\u00fas); 1\u00ba secret\u00e1rio, seminarista Vitor Vieira (Crato); assessor financeiro, seminarista Mateus Alexandre (Fortaleza); e pelos 1\u00ba e 2\u00ba assessores de comunica\u00e7\u00e3o, seminarista Valtemir (Fortaleza) e seminarista Lucas Uchoa (Fortaleza).<br \/>\nA a\u00e7\u00e3o mission\u00e1ria do Comise encerrou no domingo (23\/11) com uma peregrina\u00e7\u00e3o \u00e0 Bas\u00edlica de Nossa Senhora das Dores e visita aos monumentos do Servo de Deus Padre C\u00edcero Rom\u00e3o, de Nossa Senhora de F\u00e1tima, al\u00e9m de outros locais hist\u00f3ricos de Juazeiro e Crato.<\/p>\n<p>Thais Helena &#8211; Jornalista \u2013 Jornal Correio da Semana<\/p>\n","protected":false},"excerpt":{"rendered":"<p>Entre os dias 21 e 23 de novembro, aconteceu a 2\u00aa Edi\u00e7\u00e3o do Conselho Mission\u00e1rio&#8230;<\/p>\n","protected":false},"author":7,"featured_media":36553,"comment_status":"open","ping_status":"open","sticky":false,"template":"","format":"standard","meta":{"_jetpack_memberships_contains_paid_content":false,"footnotes":"","jetpack_publicize_message":"","jetpack_publicize_feature_enabled":true,"jetpack_social_post_already_shared":true,"jetpack_social_options":{"image_generator_settings":{"template":"highway","default_image_id":0,"font":"","enabled":false},"version":2}},"categories":[1],"tags":[],"class_list":["post-36552","post","type-post","status-publish","format-standard","has-post-thumbnail","hentry","category-atualidade"],"jetpack_publicize_connections":[],"jetpack_featured_media_url":"https:\/\/correiodasemana.com\/site\/wp-content\/uploads\/2025\/12\/WhatsApp-Image-2025-11-25-at-09.45.43.jpeg","jetpack-related-posts":[{"id":31546,"url":"https:\/\/correiodasemana.com\/site\/seminario-de-teologia-imaculada-conceicao-recebe-encontro-de-espiritualidade-missionaria-com-seminaristas-do-regional-nordeste-i\/","url_meta":{"origin":36552,"position":0},"title":"Semin\u00e1rio de Teologia Imaculada Concei\u00e7\u00e3o recebe Encontro de Espiritualidade Mission\u00e1ria com seminaristas do Regional Nordeste I","author":"adminredacao","date":"Novembro 24, 2024","format":false,"excerpt":"O Conselho Mission\u00e1rio de Seminaristas - COMISE, do Regional NE 1, realizou no \u00faltimo s\u00e1bado, 16 de novembro, um encontro de espiritualidade mission\u00e1ria para seminaristas das dioceses do Cear\u00e1. O momento foi sediado na casa de forma\u00e7\u00e3o do Semin\u00e1rio de Teologia Imaculada Concei\u00e7\u00e3o da Diocese de Sobral, em Fortaleza. Teve\u2026","rel":"","context":"In &quot;Atualidade&quot;","block_context":{"text":"Atualidade","link":"https:\/\/correiodasemana.com\/site\/category\/atualidade\/"},"img":{"alt_text":"","src":"https:\/\/i0.wp.com\/correiodasemana.com\/site\/wp-content\/uploads\/2024\/11\/WhatsApp-Image-2024-11-18-at-14.17.25.jpeg?resize=350%2C200&ssl=1","width":350,"height":200,"srcset":"https:\/\/i0.wp.com\/correiodasemana.com\/site\/wp-content\/uploads\/2024\/11\/WhatsApp-Image-2024-11-18-at-14.17.25.jpeg?resize=350%2C200&ssl=1 1x, https:\/\/i0.wp.com\/correiodasemana.com\/site\/wp-content\/uploads\/2024\/11\/WhatsApp-Image-2024-11-18-at-14.17.25.jpeg?resize=525%2C300&ssl=1 1.5x, https:\/\/i0.wp.com\/correiodasemana.com\/site\/wp-content\/uploads\/2024\/11\/WhatsApp-Image-2024-11-18-at-14.17.25.jpeg?resize=700%2C400&ssl=1 2x, https:\/\/i0.wp.com\/correiodasemana.com\/site\/wp-content\/uploads\/2024\/11\/WhatsApp-Image-2024-11-18-at-14.17.25.jpeg?resize=1050%2C600&ssl=1 3x, https:\/\/i0.wp.com\/correiodasemana.com\/site\/wp-content\/uploads\/2024\/11\/WhatsApp-Image-2024-11-18-at-14.17.25.jpeg?resize=1400%2C800&ssl=1 4x"},"classes":[]},{"id":27390,"url":"https:\/\/correiodasemana.com\/site\/em-fortaleza-foram-escolhidos-os-novos-representantes-do-conselho-missionario-dos-seminaristas\/","url_meta":{"origin":36552,"position":1},"title":"Em Fortaleza, foram escolhidos os novos representantes do Conselho Mission\u00e1rio dos Seminaristas","author":"adminredacao","date":"Novembro 27, 2023","format":false,"excerpt":"No dia 1\u00b0 de novembro, foi realizada a reuni\u00e3o para a escolha dos novos representantes para as fun\u00e7\u00f5es do Conselho Mission\u00e1rio dos Seminaristas \u2013 COMISE, do Regional Nordeste 1, por meio de vota\u00e7\u00e3o. Na ocasi\u00e3o foram eleitos os seguintes seminaristas: Coordenador: Matheus Alexandre - Arquidiocese de Fortaleza; Vice-coordenador: Rafael -\u2026","rel":"","context":"In &quot;Atualidade&quot;","block_context":{"text":"Atualidade","link":"https:\/\/correiodasemana.com\/site\/category\/atualidade\/"},"img":{"alt_text":"","src":"https:\/\/i0.wp.com\/correiodasemana.com\/site\/wp-content\/uploads\/2023\/11\/WhatsApp-Image-2023-11-23-at-14.10.44.jpeg?resize=350%2C200&ssl=1","width":350,"height":200,"srcset":"https:\/\/i0.wp.com\/correiodasemana.com\/site\/wp-content\/uploads\/2023\/11\/WhatsApp-Image-2023-11-23-at-14.10.44.jpeg?resize=350%2C200&ssl=1 1x, https:\/\/i0.wp.com\/correiodasemana.com\/site\/wp-content\/uploads\/2023\/11\/WhatsApp-Image-2023-11-23-at-14.10.44.jpeg?resize=525%2C300&ssl=1 1.5x, https:\/\/i0.wp.com\/correiodasemana.com\/site\/wp-content\/uploads\/2023\/11\/WhatsApp-Image-2023-11-23-at-14.10.44.jpeg?resize=700%2C400&ssl=1 2x, https:\/\/i0.wp.com\/correiodasemana.com\/site\/wp-content\/uploads\/2023\/11\/WhatsApp-Image-2023-11-23-at-14.10.44.jpeg?resize=1050%2C600&ssl=1 3x, https:\/\/i0.wp.com\/correiodasemana.com\/site\/wp-content\/uploads\/2023\/11\/WhatsApp-Image-2023-11-23-at-14.10.44.jpeg?resize=1400%2C800&ssl=1 4x"},"classes":[]},{"id":26330,"url":"https:\/\/correiodasemana.com\/site\/membros-da-acao-missionaria-da-diocese-de-sobral-participam-de-congresso-regional\/","url_meta":{"origin":36552,"position":2},"title":"Membros da A\u00e7\u00e3o Mission\u00e1ria da Diocese de Sobral participam de Congresso Regional","author":"adminredacao","date":"Agosto 27, 2023","format":false,"excerpt":"\u00a0 Representantes da Diocese de Sobral participaram do Congresso Mission\u00e1rio Regional NE1de 18 a 20 de agosto no Semin\u00e1rio Arquidiocesano de Teologia em Fortaleza\/CE. A tem\u00e1tica trabalhada no encontro foi: \u201cIde! Da igreja local aos confins do mundo\u201d. O congresso contou com a presen\u00e7a de Dom Ailton Menegussi, bispo da\u2026","rel":"","context":"In &quot;Atualidade&quot;","block_context":{"text":"Atualidade","link":"https:\/\/correiodasemana.com\/site\/category\/atualidade\/"},"img":{"alt_text":"","src":"https:\/\/i0.wp.com\/correiodasemana.com\/site\/wp-content\/uploads\/2023\/08\/WhatsApp-Image-2023-08-25-at-15.47.14.jpeg?resize=350%2C200&ssl=1","width":350,"height":200,"srcset":"https:\/\/i0.wp.com\/correiodasemana.com\/site\/wp-content\/uploads\/2023\/08\/WhatsApp-Image-2023-08-25-at-15.47.14.jpeg?resize=350%2C200&ssl=1 1x, https:\/\/i0.wp.com\/correiodasemana.com\/site\/wp-content\/uploads\/2023\/08\/WhatsApp-Image-2023-08-25-at-15.47.14.jpeg?resize=525%2C300&ssl=1 1.5x, https:\/\/i0.wp.com\/correiodasemana.com\/site\/wp-content\/uploads\/2023\/08\/WhatsApp-Image-2023-08-25-at-15.47.14.jpeg?resize=700%2C400&ssl=1 2x, https:\/\/i0.wp.com\/correiodasemana.com\/site\/wp-content\/uploads\/2023\/08\/WhatsApp-Image-2023-08-25-at-15.47.14.jpeg?resize=1050%2C600&ssl=1 3x"},"classes":[]},{"id":31434,"url":"https:\/\/correiodasemana.com\/site\/assembleia-do-servico-de-animacao-vocacional-pastoral-do-regional-ne-1-acontece-em-quixada\/","url_meta":{"origin":36552,"position":3},"title":"Assembleia do Servi\u00e7o de Anima\u00e7\u00e3o Vocacional\/Pastoral do Regional NE 1 acontece em Quixad\u00e1","author":"adminredacao","date":"Novembro 18, 2024","format":false,"excerpt":"Entre os dias 8 e 10 de novembro, a Diocese de Quixad\u00e1 sediou a Assembleia do Servi\u00e7o de Anima\u00e7\u00e3o Vocacional\/Pastoral do Regional Nordeste 1. O encontro aconteceu no Centro Diocesano S\u00e3o Jos\u00e9 e teve como tema: \u201cAnimadores Vocacionais, Peregrinos da Esperan\u00e7a\u201d, e foi assessorado pela Irm\u00e3 Maristela Ganassini (CMOVIC). Estiveram\u2026","rel":"","context":"In &quot;Atualidade&quot;","block_context":{"text":"Atualidade","link":"https:\/\/correiodasemana.com\/site\/category\/atualidade\/"},"img":{"alt_text":"","src":"https:\/\/i0.wp.com\/correiodasemana.com\/site\/wp-content\/uploads\/2024\/11\/Regional-NE-1-em-Quixada-1.jpeg?resize=350%2C200&ssl=1","width":350,"height":200,"srcset":"https:\/\/i0.wp.com\/correiodasemana.com\/site\/wp-content\/uploads\/2024\/11\/Regional-NE-1-em-Quixada-1.jpeg?resize=350%2C200&ssl=1 1x, https:\/\/i0.wp.com\/correiodasemana.com\/site\/wp-content\/uploads\/2024\/11\/Regional-NE-1-em-Quixada-1.jpeg?resize=525%2C300&ssl=1 1.5x, https:\/\/i0.wp.com\/correiodasemana.com\/site\/wp-content\/uploads\/2024\/11\/Regional-NE-1-em-Quixada-1.jpeg?resize=700%2C400&ssl=1 2x, https:\/\/i0.wp.com\/correiodasemana.com\/site\/wp-content\/uploads\/2024\/11\/Regional-NE-1-em-Quixada-1.jpeg?resize=1050%2C600&ssl=1 3x, https:\/\/i0.wp.com\/correiodasemana.com\/site\/wp-content\/uploads\/2024\/11\/Regional-NE-1-em-Quixada-1.jpeg?resize=1400%2C800&ssl=1 4x"},"classes":[]},{"id":34875,"url":"https:\/\/correiodasemana.com\/site\/comise-2025-reune-mais-de-200-participantes-de-todo-o-brasil-em-teresina-pi\/","url_meta":{"origin":36552,"position":4},"title":"COMISE 2025 re\u00fane mais de 200 participantes de todo o Brasil em Teresina (PI)","author":"adminredacao","date":"Julho 28, 2025","format":false,"excerpt":"O 5\u00ba Congresso Mission\u00e1rio Nacional dos Seminaristas (COMISE), que acontece at\u00e9 o dia 26 de julho, no Semin\u00e1rio Maior Sagrado Cora\u00e7\u00e3o de Jesus, da Arquidiocese de Teresina (PI), re\u00fane mais de 200 participantes, entre seminaristas, padres, religiosas, mission\u00e1rias e bispos de todas as regi\u00f5es do pa\u00eds. Com o tema \u201cDisc\u00edpulos\u2026","rel":"","context":"In &quot;Atualidade&quot;","block_context":{"text":"Atualidade","link":"https:\/\/correiodasemana.com\/site\/category\/atualidade\/"},"img":{"alt_text":"","src":"https:\/\/i0.wp.com\/correiodasemana.com\/site\/wp-content\/uploads\/2025\/07\/WhatsApp-Image-2025-07-25-at-09.59.55-scaled.jpeg?resize=350%2C200&ssl=1","width":350,"height":200,"srcset":"https:\/\/i0.wp.com\/correiodasemana.com\/site\/wp-content\/uploads\/2025\/07\/WhatsApp-Image-2025-07-25-at-09.59.55-scaled.jpeg?resize=350%2C200&ssl=1 1x, https:\/\/i0.wp.com\/correiodasemana.com\/site\/wp-content\/uploads\/2025\/07\/WhatsApp-Image-2025-07-25-at-09.59.55-scaled.jpeg?resize=525%2C300&ssl=1 1.5x, https:\/\/i0.wp.com\/correiodasemana.com\/site\/wp-content\/uploads\/2025\/07\/WhatsApp-Image-2025-07-25-at-09.59.55-scaled.jpeg?resize=700%2C400&ssl=1 2x, https:\/\/i0.wp.com\/correiodasemana.com\/site\/wp-content\/uploads\/2025\/07\/WhatsApp-Image-2025-07-25-at-09.59.55-scaled.jpeg?resize=1050%2C600&ssl=1 3x, https:\/\/i0.wp.com\/correiodasemana.com\/site\/wp-content\/uploads\/2025\/07\/WhatsApp-Image-2025-07-25-at-09.59.55-scaled.jpeg?resize=1400%2C800&ssl=1 4x"},"classes":[]},{"id":29209,"url":"https:\/\/correiodasemana.com\/site\/comise-realiza-encontro-formativo-em-formato-hibrido\/","url_meta":{"origin":36552,"position":5},"title":"COMISE realiza encontro formativo em formato h\u00edbrido","author":"adminredacao","date":"Maio 13, 2024","format":false,"excerpt":"Na noite desta quinta-feira, 9 de maio, os membros do COMISE (Conselho Mission\u00e1rio de Seminaristas) reuniram-se em formato h\u00edbrido para um encontro formativo. A reuni\u00e3o foi mediada por Dom Ailton Menegussi, bispo da Diocese de Crate\u00fas e Referencial da A\u00e7\u00e3o Mission\u00e1ria no Regional Nordeste I. O encontro contou com aproximadamente\u2026","rel":"","context":"In &quot;Atualidade&quot;","block_context":{"text":"Atualidade","link":"https:\/\/correiodasemana.com\/site\/category\/atualidade\/"},"img":{"alt_text":"","src":"https:\/\/i0.wp.com\/correiodasemana.com\/site\/wp-content\/uploads\/2024\/05\/Jornal-Correio-da-Semana-No-1019-Copia-1.jpg?resize=350%2C200&ssl=1","width":350,"height":200},"classes":[]}],"jetpack_sharing_enabled":true,"_links":{"self":[{"href":"https:\/\/correiodasemana.com\/site\/wp-json\/wp\/v2\/posts\/36552","targetHints":{"allow":["GET"]}}],"collection":[{"href":"https:\/\/correiodasemana.com\/site\/wp-json\/wp\/v2\/posts"}],"about":[{"href":"https:\/\/correiodasemana.com\/site\/wp-json\/wp\/v2\/types\/post"}],"author":[{"embeddable":true,"href":"https:\/\/correiodasemana.com\/site\/wp-json\/wp\/v2\/users\/7"}],"replies":[{"embeddable":true,"href":"https:\/\/correiodasemana.com\/site\/wp-json\/wp\/v2\/comments?post=36552"}],"version-history":[{"count":1,"href":"https:\/\/correiodasemana.com\/site\/wp-json\/wp\/v2\/posts\/36552\/revisions"}],"predecessor-version":[{"id":36556,"href":"https:\/\/correiodasemana.com\/site\/wp-json\/wp\/v2\/posts\/36552\/revisions\/36556"}],"wp:featuredmedia":[{"embeddable":true,"href":"https:\/\/correiodasemana.com\/site\/wp-json\/wp\/v2\/media\/36553"}],"wp:attachment":[{"href":"https:\/\/correiodasemana.com\/site\/wp-json\/wp\/v2\/media?parent=36552"}],"wp:term":[{"taxonomy":"category","embeddable":true,"href":"https:\/\/correiodasemana.com\/site\/wp-json\/wp\/v2\/categories?post=36552"},{"taxonomy":"post_tag","embeddable":true,"href":"https:\/\/correiodasemana.com\/site\/wp-json\/wp\/v2\/tags?post=36552"}],"curies":[{"name":"wp","href":"https:\/\/api.w.org\/{rel}","templated":true}]}}