{"id":36557,"date":"2025-12-01T09:39:46","date_gmt":"2025-12-01T12:39:46","guid":{"rendered":"https:\/\/correiodasemana.com\/site\/?p=36557"},"modified":"2025-12-01T09:39:46","modified_gmt":"2025-12-01T12:39:46","slug":"novo-pne-moses-rodrigues-defende-investimento-de-10-do-pib-na-educacao-votacao-fica-para-dezembro","status":"publish","type":"post","link":"https:\/\/correiodasemana.com\/site\/novo-pne-moses-rodrigues-defende-investimento-de-10-do-pib-na-educacao-votacao-fica-para-dezembro\/","title":{"rendered":"Novo PNE: Moses Rodrigues defende investimento de 10% do PIB na educa\u00e7\u00e3o; vota\u00e7\u00e3o fica para dezembro"},"content":{"rendered":"<p>A vota\u00e7\u00e3o do novo Plano Nacional de Educa\u00e7\u00e3o (PNE) foi adiada para dezembro, ap\u00f3s a conclus\u00e3o do debate sobre o parecer, encerrado nesta ter\u00e7a-feira (25) na Comiss\u00e3o Especial criada para debater o tema. Relator do Projeto de Lei 2614\/24, o deputado Moses Rodrigues (Uni\u00e3o-CE), integrante da Frente Parlamentar Mista pela Inclus\u00e3o e Qualidade na Educa\u00e7\u00e3o Particular (FPeduQ), se reuniu nesta quarta-feira (26) com a equipe t\u00e9cnica da C\u00e2mara para analisar os \u00faltimos ajustes no relat\u00f3rio final.<br \/>\nNo relat\u00f3rio, o relator incorporou 48% das 4.450 emendas apresentadas ao texto original e aos substitutivos anteriores, o equivalente a cerca de 2.136 contribui\u00e7\u00f5es, enquanto 52% foram rejeitadas, embora parte dos destaques parlamentares busque reavaliar emendas n\u00e3o acatadas.<br \/>\nEm seu parecer, Moses Rodrigues refor\u00e7ou a fun\u00e7\u00e3o do PNE como diretriz decenal de planejamento e o classificou como norma \u201csupraordenadora\u201d, capaz de organizar a\u00e7\u00f5es governamentais e incentivar a atua\u00e7\u00e3o da sociedade para o cumprimento dos objetivos tra\u00e7ados a cada d\u00e9cada.<br \/>\nPara o integrante da FPeduQ, o novo plano equilibra ousadia nas metas e viabilidade de execu\u00e7\u00e3o. O deputado defendeu a amplia\u00e7\u00e3o dos investimentos p\u00fablicos em educa\u00e7\u00e3o para 7,5% do PIB em at\u00e9 sete anos e 10% do PIB ao final de dez anos, patamar que considera fundamental para avan\u00e7os estruturais no setor e para o desenvolvimento do Pa\u00eds.<br \/>\nO projeto tramita em car\u00e1ter conclusivo na Comiss\u00e3o de Educa\u00e7\u00e3o e, se n\u00e3o houver recurso para vota\u00e7\u00e3o no plen\u00e1rio, seguir\u00e1 diretamente para an\u00e1lise do Senado Federal. Para virar lei, o texto final ter\u00e1 de ser aprovado pelas duas Casas.<\/p>\n<p>Assessoria de Imprensa \u2013 FPeduQ \u2013 Capuchino Press &#8211; Reda\u00e7\u00e3o (85) 3267.1425 Elias Bruno &#8211;\u00a0elias@capuchino.com.br<\/p>\n","protected":false},"excerpt":{"rendered":"<p>A vota\u00e7\u00e3o do novo Plano Nacional de Educa\u00e7\u00e3o (PNE) foi adiada para dezembro, ap\u00f3s a&#8230;<\/p>\n","protected":false},"author":7,"featured_media":36558,"comment_status":"open","ping_status":"open","sticky":false,"template":"","format":"standard","meta":{"_jetpack_memberships_contains_paid_content":false,"footnotes":"","jetpack_publicize_message":"","jetpack_publicize_feature_enabled":true,"jetpack_social_post_already_shared":true,"jetpack_social_options":{"image_generator_settings":{"template":"highway","default_image_id":0,"font":"","enabled":false},"version":2}},"categories":[1],"tags":[],"class_list":["post-36557","post","type-post","status-publish","format-standard","has-post-thumbnail","hentry","category-atualidade"],"jetpack_publicize_connections":[],"jetpack_featured_media_url":"https:\/\/correiodasemana.com\/site\/wp-content\/uploads\/2025\/12\/Moses-PNE-1-By-Vinicius-Loures-1-25-11.jpg","jetpack-related-posts":[{"id":35949,"url":"https:\/\/correiodasemana.com\/site\/moses-rodrigues-lidera-apresentacao-do-novo-plano-nacional-de-educacao\/","url_meta":{"origin":36557,"position":0},"title":"Moses Rodrigues lidera apresenta\u00e7\u00e3o do novo Plano Nacional de Educa\u00e7\u00e3o","author":"adminredacao","date":"Outubro 29, 2025","format":false,"excerpt":"A sess\u00e3o foi prestigiada pelo ministro da Educa\u00e7\u00e3o, Camilo Santana, e pelo presidente da C\u00e2mara, Hugo Motta A Comiss\u00e3o Especial da C\u00e2mara dos Deputados, que analisa o Plano Nacional de Educa\u00e7\u00e3o (PNE) 2024-2034, realizou, nesta ter\u00e7a-feira (14), no Audit\u00f3rio Nereu Ramos, a apresenta\u00e7\u00e3o do parecer do relator, deputado Moses Rodrigues\u2026","rel":"","context":"In &quot;Atualidade&quot;","block_context":{"text":"Atualidade","link":"https:\/\/correiodasemana.com\/site\/category\/atualidade\/"},"img":{"alt_text":"","src":"https:\/\/i0.wp.com\/correiodasemana.com\/site\/wp-content\/uploads\/2025\/10\/Moses-PNE-2.jpg?resize=350%2C200&ssl=1","width":350,"height":200,"srcset":"https:\/\/i0.wp.com\/correiodasemana.com\/site\/wp-content\/uploads\/2025\/10\/Moses-PNE-2.jpg?resize=350%2C200&ssl=1 1x, https:\/\/i0.wp.com\/correiodasemana.com\/site\/wp-content\/uploads\/2025\/10\/Moses-PNE-2.jpg?resize=525%2C300&ssl=1 1.5x"},"classes":[]},{"id":12205,"url":"https:\/\/correiodasemana.com\/site\/camara-forca-planalto-a-ceder-e-aprova-o-novo-fundeb\/","url_meta":{"origin":36557,"position":1},"title":"C\u00e2mara for\u00e7a Planalto a ceder  e aprova o novo Fundeb","author":"","date":"Julho 25, 2020","format":false,"excerpt":"Gest\u00e3o Bolsonaro concordou em aumentar participa\u00e7\u00e3o de 10% para 23% no principal fundo de financiamento da educa\u00e7\u00e3o b\u00e1sica do Brasil. Governo queria reservar recursos para novo programa de Paulo Guedes, que pretende absover Bolsa Fam\u00edlia Depois de cinco anos de discuss\u00f5es, a C\u00e2mara dos Deputados aprovou na noite desta ter\u00e7a-feira,\u2026","rel":"","context":"In &quot;Atualidade&quot;","block_context":{"text":"Atualidade","link":"https:\/\/correiodasemana.com\/site\/category\/atualidade\/"},"img":{"alt_text":"","src":"https:\/\/i0.wp.com\/correiodasemana.com\/site\/wp-content\/uploads\/2020\/07\/d7c21a79-4454-40c0-aeb4-ba7deaec4fcf.jpg?resize=350%2C200&ssl=1","width":350,"height":200,"srcset":"https:\/\/i0.wp.com\/correiodasemana.com\/site\/wp-content\/uploads\/2020\/07\/d7c21a79-4454-40c0-aeb4-ba7deaec4fcf.jpg?resize=350%2C200&ssl=1 1x, https:\/\/i0.wp.com\/correiodasemana.com\/site\/wp-content\/uploads\/2020\/07\/d7c21a79-4454-40c0-aeb4-ba7deaec4fcf.jpg?resize=525%2C300&ssl=1 1.5x"},"classes":[]},{"id":20099,"url":"https:\/\/correiodasemana.com\/site\/aparelhos-de-raio-x-destinados-a-santa-casa-de-sobral-pelo-deputado-federal-moses-rodrigues-beneficiarao-regiao-noroeste-do-ceara\/","url_meta":{"origin":36557,"position":2},"title":"Aparelhos de\u00a0Raio-X destinados \u00e0 Santa Casa de Sobral pelo deputado Federal Moses Rodrigues beneficiar\u00e3o regi\u00e3o noroeste do Cear\u00e1","author":"","date":"Junho 13, 2022","format":false,"excerpt":"A emenda parlamentar foi destinada no ano passado pelo parlamentar, e assim foi poss\u00edvel a aquisi\u00e7\u00e3o dos equipamentos. \u00a0 Ascom Complexo SCMS A Santa Casa de Miseric\u00f3rdia de Sobral (SCMS), por meio de emenda parlamentar destinada no ano passado pelo deputado Federal Moses Haendel Melo Rodrigues (Uni\u00e3o-CE), recebeu na segunda-feira\u2026","rel":"","context":"In &quot;Atualidade&quot;","block_context":{"text":"Atualidade","link":"https:\/\/correiodasemana.com\/site\/category\/atualidade\/"},"img":{"alt_text":"","src":"https:\/\/i0.wp.com\/correiodasemana.com\/site\/wp-content\/uploads\/2022\/06\/IMG_1406-scaled.jpg?resize=350%2C200&ssl=1","width":350,"height":200,"srcset":"https:\/\/i0.wp.com\/correiodasemana.com\/site\/wp-content\/uploads\/2022\/06\/IMG_1406-scaled.jpg?resize=350%2C200&ssl=1 1x, https:\/\/i0.wp.com\/correiodasemana.com\/site\/wp-content\/uploads\/2022\/06\/IMG_1406-scaled.jpg?resize=525%2C300&ssl=1 1.5x, https:\/\/i0.wp.com\/correiodasemana.com\/site\/wp-content\/uploads\/2022\/06\/IMG_1406-scaled.jpg?resize=700%2C400&ssl=1 2x, https:\/\/i0.wp.com\/correiodasemana.com\/site\/wp-content\/uploads\/2022\/06\/IMG_1406-scaled.jpg?resize=1050%2C600&ssl=1 3x, https:\/\/i0.wp.com\/correiodasemana.com\/site\/wp-content\/uploads\/2022\/06\/IMG_1406-scaled.jpg?resize=1400%2C800&ssl=1 4x"},"classes":[]},{"id":13177,"url":"https:\/\/correiodasemana.com\/site\/senado-aprova-pec-do-fundeb-que-segue-para-promulgacao\/","url_meta":{"origin":36557,"position":3},"title":"Senado aprova PEC do Fundeb, que segue para promulga\u00e7\u00e3o","author":"","date":"Agosto 26, 2020","format":false,"excerpt":"Proposta amplia recursos para educa\u00e7\u00e3o p\u00fablica O Senado aprovou hoje (25), em dois turnos, a Proposta de Emenda \u00e0 Constitui\u00e7\u00e3o (PEC) de n\u00famero 26 de 2020, que torna permanente o Fundo de Desenvolvimento e Valoriza\u00e7\u00e3o dos Profissionais da Educa\u00e7\u00e3o (Fundeb). A PEC foi aprovada por unanimidade e segue para promulga\u00e7\u00e3o\u2026","rel":"","context":"In &quot;Atualidade&quot;","block_context":{"text":"Atualidade","link":"https:\/\/correiodasemana.com\/site\/category\/atualidade\/"},"img":{"alt_text":"","src":"https:\/\/i0.wp.com\/correiodasemana.com\/site\/wp-content\/uploads\/2020\/08\/ensino_medio1.jpg?resize=350%2C200&ssl=1","width":350,"height":200,"srcset":"https:\/\/i0.wp.com\/correiodasemana.com\/site\/wp-content\/uploads\/2020\/08\/ensino_medio1.jpg?resize=350%2C200&ssl=1 1x, https:\/\/i0.wp.com\/correiodasemana.com\/site\/wp-content\/uploads\/2020\/08\/ensino_medio1.jpg?resize=525%2C300&ssl=1 1.5x, https:\/\/i0.wp.com\/correiodasemana.com\/site\/wp-content\/uploads\/2020\/08\/ensino_medio1.jpg?resize=700%2C400&ssl=1 2x, https:\/\/i0.wp.com\/correiodasemana.com\/site\/wp-content\/uploads\/2020\/08\/ensino_medio1.jpg?resize=1050%2C600&ssl=1 3x"},"classes":[]},{"id":8908,"url":"https:\/\/correiodasemana.com\/site\/diretor-da-santa-casa-de-sobral-participa-de-reuniao-com-ministro-da-saude-em-brasilia\/","url_meta":{"origin":36557,"position":4},"title":"Diretor da Santa Casa de Sobral participa de reuni\u00e3o com Ministro da Sa\u00fade, em Bras\u00edlia","author":"","date":"Setembro 8, 2019","format":false,"excerpt":"O diretor-geral da Santa Casa de Miseric\u00f3rdia de Sobral (SCMS), Klebson Carvalho, e o diretor do Hospital do Cora\u00e7\u00e3o, Davi Carneiro, participaram de uma reuni\u00e3o com o Ministro da Sa\u00fade, Luiz Mandetta, na quarta-feira (28\/08), em Bras\u00edlia. A reuni\u00e3o teve como objetivo, a capta\u00e7\u00e3o de recursos financeiros que ser\u00e3o destinados\u2026","rel":"","context":"In &quot;Atualidade&quot;","block_context":{"text":"Atualidade","link":"https:\/\/correiodasemana.com\/site\/category\/atualidade\/"},"img":{"alt_text":"","src":"https:\/\/i0.wp.com\/correiodasemana.com\/site\/wp-content\/uploads\/2019\/09\/IMG-20190829-WA0052-1.jpg?resize=350%2C200&ssl=1","width":350,"height":200,"srcset":"https:\/\/i0.wp.com\/correiodasemana.com\/site\/wp-content\/uploads\/2019\/09\/IMG-20190829-WA0052-1.jpg?resize=350%2C200&ssl=1 1x, https:\/\/i0.wp.com\/correiodasemana.com\/site\/wp-content\/uploads\/2019\/09\/IMG-20190829-WA0052-1.jpg?resize=525%2C300&ssl=1 1.5x, https:\/\/i0.wp.com\/correiodasemana.com\/site\/wp-content\/uploads\/2019\/09\/IMG-20190829-WA0052-1.jpg?resize=700%2C400&ssl=1 2x, https:\/\/i0.wp.com\/correiodasemana.com\/site\/wp-content\/uploads\/2019\/09\/IMG-20190829-WA0052-1.jpg?resize=1050%2C600&ssl=1 3x"},"classes":[]},{"id":12093,"url":"https:\/\/correiodasemana.com\/site\/camara-aprova-pec-do-novo-fundeb-em-dois-turnos\/","url_meta":{"origin":36557,"position":5},"title":"C\u00e2mara aprova PEC do novo Fundeb em dois turnos","author":"","date":"Julho 22, 2020","format":false,"excerpt":"A C\u00e2mara aprovou na noite desta ter\u00e7a-feira (21) , em dois turnos, a proposta de emenda \u00e0 Constitui\u00e7\u00e3o (PEC) do novo Fundo de Desenvolvimento da Educa\u00e7\u00e3o B\u00e1sica (Fundeb). A vers\u00e3o atual do fundo expira no dia 31 de dezembro deste ano. O texto segue para an\u00e1lise do Senado. O primeiro\u2026","rel":"","context":"In &quot;Atualidade&quot;","block_context":{"text":"Atualidade","link":"https:\/\/correiodasemana.com\/site\/category\/atualidade\/"},"img":{"alt_text":"","src":"https:\/\/i0.wp.com\/correiodasemana.com\/site\/wp-content\/uploads\/2020\/07\/img20200403182700372-768x512-1.jpg?resize=350%2C200&ssl=1","width":350,"height":200,"srcset":"https:\/\/i0.wp.com\/correiodasemana.com\/site\/wp-content\/uploads\/2020\/07\/img20200403182700372-768x512-1.jpg?resize=350%2C200&ssl=1 1x, https:\/\/i0.wp.com\/correiodasemana.com\/site\/wp-content\/uploads\/2020\/07\/img20200403182700372-768x512-1.jpg?resize=525%2C300&ssl=1 1.5x"},"classes":[]}],"jetpack_sharing_enabled":true,"_links":{"self":[{"href":"https:\/\/correiodasemana.com\/site\/wp-json\/wp\/v2\/posts\/36557","targetHints":{"allow":["GET"]}}],"collection":[{"href":"https:\/\/correiodasemana.com\/site\/wp-json\/wp\/v2\/posts"}],"about":[{"href":"https:\/\/correiodasemana.com\/site\/wp-json\/wp\/v2\/types\/post"}],"author":[{"embeddable":true,"href":"https:\/\/correiodasemana.com\/site\/wp-json\/wp\/v2\/users\/7"}],"replies":[{"embeddable":true,"href":"https:\/\/correiodasemana.com\/site\/wp-json\/wp\/v2\/comments?post=36557"}],"version-history":[{"count":1,"href":"https:\/\/correiodasemana.com\/site\/wp-json\/wp\/v2\/posts\/36557\/revisions"}],"predecessor-version":[{"id":36559,"href":"https:\/\/correiodasemana.com\/site\/wp-json\/wp\/v2\/posts\/36557\/revisions\/36559"}],"wp:featuredmedia":[{"embeddable":true,"href":"https:\/\/correiodasemana.com\/site\/wp-json\/wp\/v2\/media\/36558"}],"wp:attachment":[{"href":"https:\/\/correiodasemana.com\/site\/wp-json\/wp\/v2\/media?parent=36557"}],"wp:term":[{"taxonomy":"category","embeddable":true,"href":"https:\/\/correiodasemana.com\/site\/wp-json\/wp\/v2\/categories?post=36557"},{"taxonomy":"post_tag","embeddable":true,"href":"https:\/\/correiodasemana.com\/site\/wp-json\/wp\/v2\/tags?post=36557"}],"curies":[{"name":"wp","href":"https:\/\/api.w.org\/{rel}","templated":true}]}}