{"id":36577,"date":"2025-12-01T09:46:07","date_gmt":"2025-12-01T12:46:07","guid":{"rendered":"https:\/\/correiodasemana.com\/site\/?p=36577"},"modified":"2025-12-01T09:46:07","modified_gmt":"2025-12-01T12:46:07","slug":"area-pastoral-de-jordao-e-contemplada-na-acao-fortal-solidario-2025","status":"publish","type":"post","link":"https:\/\/correiodasemana.com\/site\/area-pastoral-de-jordao-e-contemplada-na-acao-fortal-solidario-2025\/","title":{"rendered":"\u00c1rea Pastoral de Jord\u00e3o \u00e9 contemplada na A\u00e7\u00e3o Fortal Solid\u00e1rio 2025"},"content":{"rendered":"<div id='gallery-1' class='gallery galleryid-36577 gallery-columns-6 gallery-size-thumbnail'><figure class='gallery-item'>\n\t\t\t<div class='gallery-icon portrait'>\n\t\t\t\t<a href='https:\/\/correiodasemana.com\/site\/area-pastoral-de-jordao-e-contemplada-na-acao-fortal-solidario-2025\/pag-8-ed-1100-1\/'><img loading=\"lazy\" width=\"150\" height=\"150\" src=\"https:\/\/correiodasemana.com\/site\/wp-content\/uploads\/2025\/12\/PAG-8-ED-1100-1-150x150.jpeg\" class=\"attachment-thumbnail size-thumbnail\" alt=\"PAG 8 ED 1100 (1)\" loading=\"lazy\" decoding=\"async\" \/><\/a>\n\t\t\t<\/div><\/figure><figure class='gallery-item'>\n\t\t\t<div class='gallery-icon landscape'>\n\t\t\t\t<a href='https:\/\/correiodasemana.com\/site\/area-pastoral-de-jordao-e-contemplada-na-acao-fortal-solidario-2025\/pag-8-ed-1100-3\/'><img loading=\"lazy\" width=\"150\" height=\"150\" src=\"https:\/\/correiodasemana.com\/site\/wp-content\/uploads\/2025\/12\/PAG-8-ED-1100-3-150x150.jpeg\" class=\"attachment-thumbnail size-thumbnail\" alt=\"PAG 8 ED 1100 (3)\" loading=\"lazy\" decoding=\"async\" \/><\/a>\n\t\t\t<\/div><\/figure><figure class='gallery-item'>\n\t\t\t<div class='gallery-icon landscape'>\n\t\t\t\t<a href='https:\/\/correiodasemana.com\/site\/area-pastoral-de-jordao-e-contemplada-na-acao-fortal-solidario-2025\/pag-8-ed-1100-4\/'><img loading=\"lazy\" width=\"150\" height=\"150\" src=\"https:\/\/correiodasemana.com\/site\/wp-content\/uploads\/2025\/12\/PAG-8-ED-1100-4-150x150.jpeg\" class=\"attachment-thumbnail size-thumbnail\" alt=\"PAG 8 ED 1100 (4)\" loading=\"lazy\" decoding=\"async\" \/><\/a>\n\t\t\t<\/div><\/figure><figure class='gallery-item'>\n\t\t\t<div class='gallery-icon landscape'>\n\t\t\t\t<a href='https:\/\/correiodasemana.com\/site\/area-pastoral-de-jordao-e-contemplada-na-acao-fortal-solidario-2025\/pag-8-ed-1100-5\/'><img loading=\"lazy\" width=\"150\" height=\"150\" src=\"https:\/\/correiodasemana.com\/site\/wp-content\/uploads\/2025\/12\/PAG-8-ED-1100-5-150x150.jpeg\" class=\"attachment-thumbnail size-thumbnail\" alt=\"PAG 8 ED 1100 (5)\" loading=\"lazy\" decoding=\"async\" \/><\/a>\n\t\t\t<\/div><\/figure><figure class='gallery-item'>\n\t\t\t<div class='gallery-icon landscape'>\n\t\t\t\t<a href='https:\/\/correiodasemana.com\/site\/area-pastoral-de-jordao-e-contemplada-na-acao-fortal-solidario-2025\/pag-8-ed-1100-6\/'><img loading=\"lazy\" width=\"150\" height=\"150\" src=\"https:\/\/correiodasemana.com\/site\/wp-content\/uploads\/2025\/12\/PAG-8-ED-1100-6-150x150.jpeg\" class=\"attachment-thumbnail size-thumbnail\" alt=\"PAG 8 ED 1100 (6)\" loading=\"lazy\" decoding=\"async\" \/><\/a>\n\t\t\t<\/div><\/figure>\n\t\t<\/div>\n\n<p>Na tarde desta segunda-feira, dia 24 de novembro, \u00e0s 14h, na sede da unidade SESC Fortaleza, foi realizada a cerim\u00f4nia de apresenta\u00e7\u00e3o e assinatura da nova coopera\u00e7\u00e3o de trabalho entre o Fortal Solid\u00e1rio 2025 e o Sistema Fecom\u00e9rcio Cear\u00e1.<br \/>\nO evento contou com a presen\u00e7a da diretora institucional Dra. Claudia Brilhante, representando o presidente do Sistema Fecom\u00e9rcio, Dr. Luis Gast\u00e3o; de Colombo Cialdini, membros da diretoria do Fortal 2025; do coordenador Joc\u00e9lio, do Mesa Brasil Sesc Sobral; al\u00e9m de demais autoridades e representantes de institui\u00e7\u00f5es sociais.<br \/>\nA parceria formalizada envolve 10 institui\u00e7\u00f5es do Cear\u00e1 que prestam relevantes servi\u00e7os sociais. O Fortal Solid\u00e1rio 2025 \u2014 bra\u00e7o social do maior evento de carnaval de Fortaleza \u2014 repassou ao Sistema Fecom\u00e9rcio o valor de R$ 115.183,00, que ser\u00e1 totalmente destinado \u00e0 aquisi\u00e7\u00e3o de g\u00eaneros aliment\u00edcios a serem distribu\u00eddos igualmente \u00e0s institui\u00e7\u00f5es beneficiadas, tanto em Fortaleza quanto, majoritariamente, no interior do Estado.<br \/>\nInstitui\u00e7\u00f5es da capital, regi\u00e3o metropolitana, sert\u00e3o central e norte do Cear\u00e1 estiveram presentes na solenidade. A \u00c1rea Pastoral de Jord\u00e3o, da Diocese de Sobral, foi a \u00fanica representante de sua regi\u00e3o contemplada pela parceria.<br \/>\nA abertura do evento, realizado no sal\u00e3o L\u00edrios do edif\u00edcio sede do Senac, foi conduzida pela Dra. Claudia Brilhante, que destacou a import\u00e2ncia da coopera\u00e7\u00e3o entre o Fortal e o Sistema Fecom\u00e9rcio, ressaltando o impacto social das a\u00e7\u00f5es inclusivas desenvolvidas em benef\u00edcio de milhares de fam\u00edlias atendidas por projetos sociais cadastrados e reconhecidos.<br \/>\nColombo Cialdini enfatizou o compromisso crescente do Fortal com a\u00e7\u00f5es de solidariedade, que se fortalecem a cada edi\u00e7\u00e3o do evento por meio de coletas, campanhas e da mobiliza\u00e7\u00e3o de diretores, artistas e foli\u00f5es. Durante o Fortal, um camarote solid\u00e1rio \u00e9 disponibilizado para arrecada\u00e7\u00e3o de alimentos, roupas, brinquedos e outros itens. \u201c\u00c9 uma pequena a\u00e7\u00e3o diante do grande desafio enfrentado pelas comunidades, mas representa um gesto significativo que alcan\u00e7a in\u00fameras fam\u00edlias necessitadas. Convidamos toda a sociedade civil a unir for\u00e7as para superar a vulnerabilidade de tantos irm\u00e3os\u201d, declarou.<br \/>\nToda a cerim\u00f4nia contou com o acompanhamento de Joc\u00e9lio, agente do Mesa Brasil Sesc Sobral, cuja atua\u00e7\u00e3o \u00e9 reconhecida pela qualidade, organiza\u00e7\u00e3o e incentivo \u00e0 gera\u00e7\u00e3o de projetos voltados \u00e0 solidariedade. O Mesa Brasil em Sobral tem assistido dezenas de institui\u00e7\u00f5es com doa\u00e7\u00f5es de frutas diversas, leite, p\u00e3es, brinquedos, etc. A equipe de Sobral vive um comprometimento firme, desde os porteiros, motoristas, e em particular, o seu corpo t\u00e9cnico e operacional.<br \/>\nA Diocese de Sobral foi representada pelo Pe. Assis Neto, administrador da \u00c1rea Pastoral (Quase Par\u00f3quia) Nossa Senhora da Sa\u00fade de Jord\u00e3o, que receber\u00e1 parte dos alimentos a serem distribu\u00eddos conforme os crit\u00e9rios institucionais. O sacerdote esteve acompanhado dos jovens Jos\u00e9 Leone e William Silva.<br \/>\nPadre Assis manifestou sua gratid\u00e3o pelo reconhecimento do trabalho desenvolvido na comunidade: \u201cRecebemos com grande alegria esta parceria, sobretudo diante da diversidade de express\u00f5es sociais em todo o Cear\u00e1. Somos gratos por saber que nosso trabalho gera vida e esperan\u00e7a e que podemos contar com parceiros e colaboradores que ajudam para que tantos cearenses tenham mais dignidade.\u201d<br \/>\nAo final, o sacerdote fez um apelo: \u201cQue outras institui\u00e7\u00f5es e grandes produtores de eventos do Cear\u00e1 \u2014 e por que n\u00e3o, de todo o Brasil \u2014 possam tamb\u00e9m abrir seus cora\u00e7\u00f5es e colaborar com os mais necessitados.\u201d<br \/>\nO deslocamento da equipe at\u00e9 a capital cearense teve o apoio da Prefeitura Municipal de Sobral, atrav\u00e9s da Secretaria de Tr\u00e2nsito. O secret\u00e1rio Z\u00e9 Vital e o vereador Jonhson n\u00e3o mediram esfor\u00e7os para que o Padre Assis e sua equipe realizassem uma viagem com seguran\u00e7a e prontid\u00e3o.<br \/>\nReda\u00e7\u00e3o: Pascom Jord\u00e3o.<\/p>\n","protected":false},"excerpt":{"rendered":"<p>Na tarde desta segunda-feira, dia 24 de novembro, \u00e0s 14h, na sede da unidade SESC&#8230;<\/p>\n","protected":false},"author":7,"featured_media":36579,"comment_status":"open","ping_status":"open","sticky":false,"template":"","format":"standard","meta":{"_jetpack_memberships_contains_paid_content":false,"footnotes":"","jetpack_publicize_message":"","jetpack_publicize_feature_enabled":true,"jetpack_social_post_already_shared":true,"jetpack_social_options":{"image_generator_settings":{"template":"highway","default_image_id":0,"font":"","enabled":false},"version":2}},"categories":[1],"tags":[],"class_list":["post-36577","post","type-post","status-publish","format-standard","has-post-thumbnail","hentry","category-atualidade"],"jetpack_publicize_connections":[],"jetpack_featured_media_url":"https:\/\/correiodasemana.com\/site\/wp-content\/uploads\/2025\/12\/PAG-8-ED-1100-3-scaled.jpeg","jetpack-related-posts":[{"id":29355,"url":"https:\/\/correiodasemana.com\/site\/sesc-ceara-e-municipio-de-sobral-entregam-restaurante-com-capacidade-para-1500-refeicoes\/","url_meta":{"origin":36577,"position":0},"title":"Sesc Cear\u00e1 e Munic\u00edpio de Sobral entregam restaurante com capacidade para 1500 refei\u00e7\u00f5es","author":"adminredacao","date":"Maio 20, 2024","format":false,"excerpt":"O Sistema Fecom\u00e9rcio, por meio do Sesc Cear\u00e1, inaugurou na sexta-feira (17\/05) a primeira unidade do Restaurante Sesc no munic\u00edpio de Sobral, na regi\u00e3o Norte do Estado. O restaurante tem capacidade para fornecer at\u00e9 1500 refei\u00e7\u00f5es para credenciados do Sesc e o p\u00fablico em geral. A iniciativa \u00e9 fruto de\u2026","rel":"","context":"In &quot;Atualidade&quot;","block_context":{"text":"Atualidade","link":"https:\/\/correiodasemana.com\/site\/category\/atualidade\/"},"img":{"alt_text":"","src":"https:\/\/i0.wp.com\/correiodasemana.com\/site\/wp-content\/uploads\/2024\/05\/DSC2001-scaled.jpg?resize=350%2C200&ssl=1","width":350,"height":200,"srcset":"https:\/\/i0.wp.com\/correiodasemana.com\/site\/wp-content\/uploads\/2024\/05\/DSC2001-scaled.jpg?resize=350%2C200&ssl=1 1x, https:\/\/i0.wp.com\/correiodasemana.com\/site\/wp-content\/uploads\/2024\/05\/DSC2001-scaled.jpg?resize=525%2C300&ssl=1 1.5x, https:\/\/i0.wp.com\/correiodasemana.com\/site\/wp-content\/uploads\/2024\/05\/DSC2001-scaled.jpg?resize=700%2C400&ssl=1 2x, https:\/\/i0.wp.com\/correiodasemana.com\/site\/wp-content\/uploads\/2024\/05\/DSC2001-scaled.jpg?resize=1050%2C600&ssl=1 3x, https:\/\/i0.wp.com\/correiodasemana.com\/site\/wp-content\/uploads\/2024\/05\/DSC2001-scaled.jpg?resize=1400%2C800&ssl=1 4x"},"classes":[]},{"id":35394,"url":"https:\/\/correiodasemana.com\/site\/em-tempo-292\/","url_meta":{"origin":36577,"position":1},"title":"EM TEMPO \u2022","author":"adminredacao","date":"Setembro 1, 2025","format":false,"excerpt":"Festival de Orquestras Jovens em Sobral Sobral \u00e9 palco da 6\u00aa edi\u00e7\u00e3o sul-americana e 36\u00aa edi\u00e7\u00e3o mundial do Festival Internacional de Orquestras de Jovens \u2013 Eurochestries. Programa\u00e7\u00e3o iniciou dia 28 de agosto e segue at\u00e9 6 de setembro, com 90 jovens m\u00fasicos de diferentes pa\u00edses em apresenta\u00e7\u00f5es abertas ao p\u00fablico.\u2026","rel":"","context":"In &quot;Artigos&quot;","block_context":{"text":"Artigos","link":"https:\/\/correiodasemana.com\/site\/category\/artigos\/"},"img":{"alt_text":"","src":"https:\/\/i0.wp.com\/correiodasemana.com\/site\/wp-content\/uploads\/2025\/09\/OK-ana-marcia-150x150.png?resize=350%2C200&ssl=1","width":350,"height":200,"srcset":"https:\/\/i0.wp.com\/correiodasemana.com\/site\/wp-content\/uploads\/2025\/09\/OK-ana-marcia-150x150.png?resize=350%2C200&ssl=1 1x, https:\/\/i0.wp.com\/correiodasemana.com\/site\/wp-content\/uploads\/2025\/09\/OK-ana-marcia-150x150.png?resize=525%2C300&ssl=1 1.5x, https:\/\/i0.wp.com\/correiodasemana.com\/site\/wp-content\/uploads\/2025\/09\/OK-ana-marcia-150x150.png?resize=700%2C400&ssl=1 2x, https:\/\/i0.wp.com\/correiodasemana.com\/site\/wp-content\/uploads\/2025\/09\/OK-ana-marcia-150x150.png?resize=1050%2C600&ssl=1 3x"},"classes":[]},{"id":36651,"url":"https:\/\/correiodasemana.com\/site\/sistema-fecomercio-ce-divulga-vencedores-da-primeira-edicao-do-premio-de-jornalismo\/","url_meta":{"origin":36577,"position":2},"title":"Sistema Fecom\u00e9rcio-CE divulga vencedores da primeira edi\u00e7\u00e3o do Pr\u00eamio de Jornalismo","author":"adminredacao","date":"Dezembro 11, 2025","format":false,"excerpt":"Por Lucas Diniz - Assessor de Comunica\u00e7\u00e3o O Sistema Fecom\u00e9rcio Cear\u00e1 anunciou, nesta segunda-feira (08\/12), os vencedores da primeira edi\u00e7\u00e3o do Pr\u00eamio Sistema Fecom\u00e9rcio-CE de Jornalismo, em solenidade realizada no Senac Aldeota. Ao todo, foram distribu\u00eddos R$ 100 mil em premia\u00e7\u00f5es, reconhecendo profissionais e equipes que se destacaram na cobertura\u2026","rel":"","context":"In &quot;Atualidade&quot;","block_context":{"text":"Atualidade","link":"https:\/\/correiodasemana.com\/site\/category\/atualidade\/"},"img":{"alt_text":"","src":"https:\/\/i0.wp.com\/correiodasemana.com\/site\/wp-content\/uploads\/2025\/12\/Zaira-Almeida-e-Thais-Helena-no-Premio-de-Jornalismo-do-Sistema-Fecomercio-em-Fortaleza.jpeg?resize=350%2C200&ssl=1","width":350,"height":200,"srcset":"https:\/\/i0.wp.com\/correiodasemana.com\/site\/wp-content\/uploads\/2025\/12\/Zaira-Almeida-e-Thais-Helena-no-Premio-de-Jornalismo-do-Sistema-Fecomercio-em-Fortaleza.jpeg?resize=350%2C200&ssl=1 1x, https:\/\/i0.wp.com\/correiodasemana.com\/site\/wp-content\/uploads\/2025\/12\/Zaira-Almeida-e-Thais-Helena-no-Premio-de-Jornalismo-do-Sistema-Fecomercio-em-Fortaleza.jpeg?resize=525%2C300&ssl=1 1.5x, https:\/\/i0.wp.com\/correiodasemana.com\/site\/wp-content\/uploads\/2025\/12\/Zaira-Almeida-e-Thais-Helena-no-Premio-de-Jornalismo-do-Sistema-Fecomercio-em-Fortaleza.jpeg?resize=700%2C400&ssl=1 2x"},"classes":[]},{"id":19257,"url":"https:\/\/correiodasemana.com\/site\/em-tempo-125\/","url_meta":{"origin":36577,"position":3},"title":"Em Tempo","author":"","date":"Mar\u00e7o 20, 2022","format":false,"excerpt":"Ednardo recebe homenagem No ano de 2022, um dos maiores nomes da m\u00fasica cearense completa 50 anos de carreira, o cantor e compositor Ednardo. Respons\u00e1vel por sucessos como Pav\u00e3o Mysteriozo, Terral, Beiramar e Ingazeiras, o artista ganhou uma homenagem do Sistema Fecom\u00e9rcio Cear\u00e1. Em forma de document\u00e1rio, lan\u00e7ado durante a\u00a0Mostra\u2026","rel":"","context":"In &quot;Artigos&quot;","block_context":{"text":"Artigos","link":"https:\/\/correiodasemana.com\/site\/category\/artigos\/"},"img":{"alt_text":"","src":"https:\/\/i0.wp.com\/correiodasemana.com\/site\/wp-content\/uploads\/2022\/03\/TS-300x169.jpg?resize=350%2C200&ssl=1","width":350,"height":200},"classes":[]},{"id":35455,"url":"https:\/\/correiodasemana.com\/site\/em-tempo-293\/","url_meta":{"origin":36577,"position":4},"title":"EM TEMPO \u2022","author":"adminredacao","date":"Setembro 8, 2025","format":false,"excerpt":"Curso de Cinema e Audiovisual na UFCA Ap\u00f3s mais de 10 anos desde a primeira proposta de cria\u00e7\u00e3o de gradua\u00e7\u00e3o em Cinema e Audiovisual na Universidade Federal do Cariri (UFCA), a institui\u00e7\u00e3o de ensino sediada em Juazeiro do Norte ganhar\u00e1 o esperado curso, com previs\u00e3o da primeira turma para 2027.\u2026","rel":"","context":"In &quot;Artigos&quot;","block_context":{"text":"Artigos","link":"https:\/\/correiodasemana.com\/site\/category\/artigos\/"},"img":{"alt_text":"","src":"https:\/\/i0.wp.com\/correiodasemana.com\/site\/wp-content\/uploads\/2025\/09\/Flora-Airto-e-Ricardo.-Foto-Maria-Bacelar-150x150.jpg?resize=350%2C200&ssl=1","width":350,"height":200,"srcset":"https:\/\/i0.wp.com\/correiodasemana.com\/site\/wp-content\/uploads\/2025\/09\/Flora-Airto-e-Ricardo.-Foto-Maria-Bacelar-150x150.jpg?resize=350%2C200&ssl=1 1x, https:\/\/i0.wp.com\/correiodasemana.com\/site\/wp-content\/uploads\/2025\/09\/Flora-Airto-e-Ricardo.-Foto-Maria-Bacelar-150x150.jpg?resize=525%2C300&ssl=1 1.5x, https:\/\/i0.wp.com\/correiodasemana.com\/site\/wp-content\/uploads\/2025\/09\/Flora-Airto-e-Ricardo.-Foto-Maria-Bacelar-150x150.jpg?resize=700%2C400&ssl=1 2x, https:\/\/i0.wp.com\/correiodasemana.com\/site\/wp-content\/uploads\/2025\/09\/Flora-Airto-e-Ricardo.-Foto-Maria-Bacelar-150x150.jpg?resize=1050%2C600&ssl=1 3x"},"classes":[]},{"id":35100,"url":"https:\/\/correiodasemana.com\/site\/em-tempo-289\/","url_meta":{"origin":36577,"position":5},"title":"Em tempo","author":"adminredacao","date":"Agosto 17, 2025","format":false,"excerpt":"Inscri\u00e7\u00f5es para o Vestibular UVA 2026.1 A Universidade Estadual Vale do Acara\u00fa (UVA) torna p\u00fablica a abertura de inscri\u00e7\u00f5es para o processo seletivo do Vestibular 2026.1, no per\u00edodo de 18 de agosto a 30 de setembro. Ser\u00e3o ofertadas 1.084 vagas para os campi em Sobral, Acara\u00fa, Camocim e S\u00e3o Benedito.\u2026","rel":"","context":"In &quot;Artigos&quot;","block_context":{"text":"Artigos","link":"https:\/\/correiodasemana.com\/site\/category\/artigos\/"},"img":{"alt_text":"","src":"https:\/\/i0.wp.com\/correiodasemana.com\/site\/wp-content\/uploads\/2025\/08\/em-tempo-edilsonsilva.jpg?resize=350%2C200&ssl=1","width":350,"height":200},"classes":[]}],"jetpack_sharing_enabled":true,"_links":{"self":[{"href":"https:\/\/correiodasemana.com\/site\/wp-json\/wp\/v2\/posts\/36577","targetHints":{"allow":["GET"]}}],"collection":[{"href":"https:\/\/correiodasemana.com\/site\/wp-json\/wp\/v2\/posts"}],"about":[{"href":"https:\/\/correiodasemana.com\/site\/wp-json\/wp\/v2\/types\/post"}],"author":[{"embeddable":true,"href":"https:\/\/correiodasemana.com\/site\/wp-json\/wp\/v2\/users\/7"}],"replies":[{"embeddable":true,"href":"https:\/\/correiodasemana.com\/site\/wp-json\/wp\/v2\/comments?post=36577"}],"version-history":[{"count":1,"href":"https:\/\/correiodasemana.com\/site\/wp-json\/wp\/v2\/posts\/36577\/revisions"}],"predecessor-version":[{"id":36583,"href":"https:\/\/correiodasemana.com\/site\/wp-json\/wp\/v2\/posts\/36577\/revisions\/36583"}],"wp:featuredmedia":[{"embeddable":true,"href":"https:\/\/correiodasemana.com\/site\/wp-json\/wp\/v2\/media\/36579"}],"wp:attachment":[{"href":"https:\/\/correiodasemana.com\/site\/wp-json\/wp\/v2\/media?parent=36577"}],"wp:term":[{"taxonomy":"category","embeddable":true,"href":"https:\/\/correiodasemana.com\/site\/wp-json\/wp\/v2\/categories?post=36577"},{"taxonomy":"post_tag","embeddable":true,"href":"https:\/\/correiodasemana.com\/site\/wp-json\/wp\/v2\/tags?post=36577"}],"curies":[{"name":"wp","href":"https:\/\/api.w.org\/{rel}","templated":true}]}}