{"id":36599,"date":"2025-12-01T09:50:31","date_gmt":"2025-12-01T12:50:31","guid":{"rendered":"https:\/\/correiodasemana.com\/site\/?p=36599"},"modified":"2025-12-01T09:50:31","modified_gmt":"2025-12-01T12:50:31","slug":"paroquia-da-se-da-inicio-a-festa-de-nossa-senhora-da-conceicao-padroeira-da-diocese-de-sobral","status":"publish","type":"post","link":"https:\/\/correiodasemana.com\/site\/paroquia-da-se-da-inicio-a-festa-de-nossa-senhora-da-conceicao-padroeira-da-diocese-de-sobral\/","title":{"rendered":"Par\u00f3quia da S\u00e9 d\u00e1 in\u00edcio a Festa de Nossa Senhora da Concei\u00e7\u00e3o, padroeira da Diocese de Sobral"},"content":{"rendered":"<div id='gallery-1' class='gallery galleryid-36599 gallery-columns-6 gallery-size-thumbnail'><figure class='gallery-item'>\n\t\t\t<div class='gallery-icon landscape'>\n\t\t\t\t<a href='https:\/\/correiodasemana.com\/site\/paroquia-da-se-da-inicio-a-festa-de-nossa-senhora-da-conceicao-padroeira-da-diocese-de-sobral\/dbe2ff64-e433-487e-b3e6-c1da7a79c512\/'><img loading=\"lazy\" width=\"150\" height=\"150\" src=\"https:\/\/correiodasemana.com\/site\/wp-content\/uploads\/2025\/12\/dbe2ff64-e433-487e-b3e6-c1da7a79c512-150x150.jpeg\" class=\"attachment-thumbnail size-thumbnail\" alt=\"dbe2ff64-e433-487e-b3e6-c1da7a79c512\" loading=\"lazy\" decoding=\"async\" \/><\/a>\n\t\t\t<\/div><\/figure><figure class='gallery-item'>\n\t\t\t<div class='gallery-icon landscape'>\n\t\t\t\t<a href='https:\/\/correiodasemana.com\/site\/paroquia-da-se-da-inicio-a-festa-de-nossa-senhora-da-conceicao-padroeira-da-diocese-de-sobral\/whatsapp-image-2025-11-28-at-19-21-49-1\/'><img loading=\"lazy\" width=\"150\" height=\"150\" src=\"https:\/\/correiodasemana.com\/site\/wp-content\/uploads\/2025\/12\/WhatsApp-Image-2025-11-28-at-19.21.49-1-150x150.jpeg\" class=\"attachment-thumbnail size-thumbnail\" alt=\"WhatsApp Image 2025-11-28 at 19.21.49 (1)\" loading=\"lazy\" decoding=\"async\" \/><\/a>\n\t\t\t<\/div><\/figure><figure class='gallery-item'>\n\t\t\t<div class='gallery-icon landscape'>\n\t\t\t\t<a href='https:\/\/correiodasemana.com\/site\/paroquia-da-se-da-inicio-a-festa-de-nossa-senhora-da-conceicao-padroeira-da-diocese-de-sobral\/whatsapp-image-2025-11-28-at-19-21-49\/'><img loading=\"lazy\" width=\"150\" height=\"150\" src=\"https:\/\/correiodasemana.com\/site\/wp-content\/uploads\/2025\/12\/WhatsApp-Image-2025-11-28-at-19.21.49-150x150.jpeg\" class=\"attachment-thumbnail size-thumbnail\" alt=\"WhatsApp Image 2025-11-28 at 19.21.49\" loading=\"lazy\" decoding=\"async\" \/><\/a>\n\t\t\t<\/div><\/figure><figure class='gallery-item'>\n\t\t\t<div class='gallery-icon landscape'>\n\t\t\t\t<a href='https:\/\/correiodasemana.com\/site\/paroquia-da-se-da-inicio-a-festa-de-nossa-senhora-da-conceicao-padroeira-da-diocese-de-sobral\/whatsapp-image-2025-11-28-at-21-17-42\/'><img loading=\"lazy\" width=\"150\" height=\"150\" src=\"https:\/\/correiodasemana.com\/site\/wp-content\/uploads\/2025\/12\/WhatsApp-Image-2025-11-28-at-21.17.42-150x150.jpeg\" class=\"attachment-thumbnail size-thumbnail\" alt=\"WhatsApp Image 2025-11-28 at 21.17.42\" loading=\"lazy\" decoding=\"async\" \/><\/a>\n\t\t\t<\/div><\/figure>\n\t\t<\/div>\n\n<p>Teve in\u00edcio nesta sexta-feira (28\/11) a Festa de Nossa Senhora da Concei\u00e7\u00e3o, na S\u00e9 Catedral, padroeira da cidade de Sobral e de toda a Igreja Diocesana.<br \/>\nCom o tema \u201cMaria, express\u00e3o do amor fraterno\u201d, os fi\u00e9is e devotos s\u00e3o convidados a contemplar a vida de Maria como sinal de ternura, cuidado e entrega.<br \/>\nPela manh\u00e3, a comunidade participou do Of\u00edcio da Imaculada Concei\u00e7\u00e3o, seguido de um caf\u00e9 da manh\u00e3 partilhado. \u00c0 noite, Padre Berg, p\u00e1roco da Par\u00f3quia da S\u00e9 e cura da Catedral, presidiu a Santa Missa de Abertura, e, em seguida, foi realizado o hasteamento da bandeira, marco tradicional que sinaliza o in\u00edcio da festa.<br \/>\nA programa\u00e7\u00e3o segue at\u00e9 o dia 08 de dezembro, data da Solenidade da Imaculada Concei\u00e7\u00e3o, que contar\u00e1 com celebra\u00e7\u00f5es \u00e0s 6h30, 9h e 16h, al\u00e9m da solene prociss\u00e3o e da Missa de encerramento.<br \/>\nTha\u00eds Helena\u2028Jornalista \u2014 Jornal Correio da Semana<\/p>\n","protected":false},"excerpt":{"rendered":"<p>Teve in\u00edcio nesta sexta-feira (28\/11) a Festa de Nossa Senhora da Concei\u00e7\u00e3o, na S\u00e9 Catedral,&#8230;<\/p>\n","protected":false},"author":7,"featured_media":36603,"comment_status":"open","ping_status":"open","sticky":false,"template":"","format":"standard","meta":{"_jetpack_memberships_contains_paid_content":false,"footnotes":"","jetpack_publicize_message":"","jetpack_publicize_feature_enabled":true,"jetpack_social_post_already_shared":true,"jetpack_social_options":{"image_generator_settings":{"template":"highway","default_image_id":0,"font":"","enabled":false},"version":2}},"categories":[1],"tags":[],"class_list":["post-36599","post","type-post","status-publish","format-standard","has-post-thumbnail","hentry","category-atualidade"],"jetpack_publicize_connections":[],"jetpack_featured_media_url":"https:\/\/correiodasemana.com\/site\/wp-content\/uploads\/2025\/12\/WhatsApp-Image-2025-11-28-at-21.17.42.jpeg","jetpack-related-posts":[{"id":18276,"url":"https:\/\/correiodasemana.com\/site\/diocese-de-sobral-celebra-a-festa-de-sua-padroeira-a-imaculada-conceicao-de-maria\/","url_meta":{"origin":36599,"position":0},"title":"Diocese de Sobral celebra a festa de sua padroeira, a Imaculada Concei\u00e7\u00e3o de Maria","author":"","date":"Dezembro 12, 2021","format":false,"excerpt":"Por Thais Helena (Jornal Correio da Semana) Na \u00faltima quarta-feira, 08 de dezembro, a Igreja celebrou a Festa da Imaculada Concei\u00e7\u00e3o. Neste mesmo dia em 1854, atrav\u00e9s da bula Ineffabilis Deus do Papa Pio IX, a Igreja oficialmente reconheceu e declarou solenemente como dogma: \u201cMaria isenta do pecado original\u201d. A\u2026","rel":"","context":"In &quot;Atualidade&quot;","block_context":{"text":"Atualidade","link":"https:\/\/correiodasemana.com\/site\/category\/atualidade\/"},"img":{"alt_text":"","src":"https:\/\/i0.wp.com\/correiodasemana.com\/site\/wp-content\/uploads\/2021\/12\/IMG_8799.jpg?resize=350%2C200&ssl=1","width":350,"height":200,"srcset":"https:\/\/i0.wp.com\/correiodasemana.com\/site\/wp-content\/uploads\/2021\/12\/IMG_8799.jpg?resize=350%2C200&ssl=1 1x, https:\/\/i0.wp.com\/correiodasemana.com\/site\/wp-content\/uploads\/2021\/12\/IMG_8799.jpg?resize=525%2C300&ssl=1 1.5x, https:\/\/i0.wp.com\/correiodasemana.com\/site\/wp-content\/uploads\/2021\/12\/IMG_8799.jpg?resize=700%2C400&ssl=1 2x"},"classes":[]},{"id":27543,"url":"https:\/\/correiodasemana.com\/site\/padroeira-da-diocese-de-sobral-imaculada-conceicao-e-celebrada-solenemente-na-se-catedral\/","url_meta":{"origin":36599,"position":1},"title":"Padroeira da Diocese de Sobral, Imaculada Concei\u00e7\u00e3o, \u00e9 celebrada solenemente na S\u00e9 Catedral","author":"adminredacao","date":"Dezembro 11, 2023","format":false,"excerpt":"MISSA PROCISS\u00c3O A imponente S\u00e9 Catedral de Nossa Senhora da Concei\u00e7\u00e3o realizou de 28 de novembro a 08 de dezembro, a festa da excelsa padroeira da Diocese de Sobral, a Imaculada Concei\u00e7\u00e3o de Maria. Com o tema: \u201cOuvir\u00e3o a minha voz, ent\u00e3o haver\u00e1 um s\u00f3 rebanho, um s\u00f3 pastor\u201d. (Jo\u2026","rel":"","context":"In &quot;Atualidade&quot;","block_context":{"text":"Atualidade","link":"https:\/\/correiodasemana.com\/site\/category\/atualidade\/"},"img":{"alt_text":"","src":"https:\/\/i0.wp.com\/correiodasemana.com\/site\/wp-content\/uploads\/2023\/12\/missa-6.jpeg?resize=350%2C200&ssl=1","width":350,"height":200,"srcset":"https:\/\/i0.wp.com\/correiodasemana.com\/site\/wp-content\/uploads\/2023\/12\/missa-6.jpeg?resize=350%2C200&ssl=1 1x, https:\/\/i0.wp.com\/correiodasemana.com\/site\/wp-content\/uploads\/2023\/12\/missa-6.jpeg?resize=525%2C300&ssl=1 1.5x, https:\/\/i0.wp.com\/correiodasemana.com\/site\/wp-content\/uploads\/2023\/12\/missa-6.jpeg?resize=700%2C400&ssl=1 2x, https:\/\/i0.wp.com\/correiodasemana.com\/site\/wp-content\/uploads\/2023\/12\/missa-6.jpeg?resize=1050%2C600&ssl=1 3x, https:\/\/i0.wp.com\/correiodasemana.com\/site\/wp-content\/uploads\/2023\/12\/missa-6.jpeg?resize=1400%2C800&ssl=1 4x"},"classes":[]},{"id":18259,"url":"https:\/\/correiodasemana.com\/site\/catedral-da-se-realiza-abertura-solene-da-festa-da-imaculada-conceicao-padroeira-da-diocese-de-sobral\/","url_meta":{"origin":36599,"position":2},"title":"CATEDRAL DA S\u00c9 REALIZA ABERTURA SOLENE DA FESTA DA IMACULADA CONCEI\u00c7\u00c3O, PADROEIRA DA DIOCESE DE SOBRAL","author":"","date":"Dezembro 6, 2021","format":false,"excerpt":"Por Thais Helena (Reda\u00e7\u00e3o Jornal Correio da Semana) Com o tema central: \u201cNo ventre imaculado de Maria brotou a fonte da vida\u201d, e lema: \u201cEis que conceber\u00e1s no teu ventre e dar\u00e1s \u00e0 luz a um Filho, e os chamar\u00e1s com o nome de Jesus\u201d. (Lucas 1, 31), a Par\u00f3quia\u2026","rel":"","context":"In &quot;Atualidade&quot;","block_context":{"text":"Atualidade","link":"https:\/\/correiodasemana.com\/site\/category\/atualidade\/"},"img":{"alt_text":"","src":"https:\/\/i0.wp.com\/correiodasemana.com\/site\/wp-content\/uploads\/2021\/12\/festa-da-catedral-3.jpeg?resize=350%2C200&ssl=1","width":350,"height":200,"srcset":"https:\/\/i0.wp.com\/correiodasemana.com\/site\/wp-content\/uploads\/2021\/12\/festa-da-catedral-3.jpeg?resize=350%2C200&ssl=1 1x, https:\/\/i0.wp.com\/correiodasemana.com\/site\/wp-content\/uploads\/2021\/12\/festa-da-catedral-3.jpeg?resize=525%2C300&ssl=1 1.5x, https:\/\/i0.wp.com\/correiodasemana.com\/site\/wp-content\/uploads\/2021\/12\/festa-da-catedral-3.jpeg?resize=700%2C400&ssl=1 2x, https:\/\/i0.wp.com\/correiodasemana.com\/site\/wp-content\/uploads\/2021\/12\/festa-da-catedral-3.jpeg?resize=1050%2C600&ssl=1 3x"},"classes":[]},{"id":9929,"url":"https:\/\/correiodasemana.com\/site\/regiao-episcopal-4\/","url_meta":{"origin":36599,"position":3},"title":"Regi\u00e3o Episcopal","author":"","date":"Novembro 27, 2019","format":false,"excerpt":"Par\u00f3quia de Nossa Senhora da Concei\u00e7\u00e3o \u2013 Meruoca - CE \u00c9 com muita alegria e satisfa\u00e7\u00e3o que a Par\u00f3quia de Meruoca, na pessoa do padre F\u00e1bio Soares, convida voc\u00ea e sua fam\u00edlia para participar de mais uma festa dedicada a padroeira do munic\u00edpio, Nossa Senhora da Concei\u00e7\u00e3o. Ser\u00e3o 11 dias\u2026","rel":"","context":"In &quot;Diocese&quot;","block_context":{"text":"Diocese","link":"https:\/\/correiodasemana.com\/site\/category\/diocese\/"},"img":{"alt_text":"","src":"https:\/\/i0.wp.com\/correiodasemana.com\/site\/wp-content\/uploads\/2019\/07\/Igreja_S%C3%A9.jpg?resize=350%2C200&ssl=1","width":350,"height":200,"srcset":"https:\/\/i0.wp.com\/correiodasemana.com\/site\/wp-content\/uploads\/2019\/07\/Igreja_S%C3%A9.jpg?resize=350%2C200&ssl=1 1x, https:\/\/i0.wp.com\/correiodasemana.com\/site\/wp-content\/uploads\/2019\/07\/Igreja_S%C3%A9.jpg?resize=525%2C300&ssl=1 1.5x, https:\/\/i0.wp.com\/correiodasemana.com\/site\/wp-content\/uploads\/2019\/07\/Igreja_S%C3%A9.jpg?resize=700%2C400&ssl=1 2x, https:\/\/i0.wp.com\/correiodasemana.com\/site\/wp-content\/uploads\/2019\/07\/Igreja_S%C3%A9.jpg?resize=1050%2C600&ssl=1 3x, https:\/\/i0.wp.com\/correiodasemana.com\/site\/wp-content\/uploads\/2019\/07\/Igreja_S%C3%A9.jpg?resize=1400%2C800&ssl=1 4x"},"classes":[]},{"id":31657,"url":"https:\/\/correiodasemana.com\/site\/festa-da-imaculada-conceicao-tem-inicio-com-celebracoes-de-fe-e-uniao-na-se-catedral-de-sobral\/","url_meta":{"origin":36599,"position":4},"title":"Festa da Imaculada Concei\u00e7\u00e3o tem in\u00edcio com celebra\u00e7\u00f5es de f\u00e9 e uni\u00e3o na S\u00e9 Catedral de Sobral","author":"adminredacao","date":"Dezembro 2, 2024","format":false,"excerpt":"A abertura da Festa da Imaculada Concei\u00e7\u00e3o, padroeira da Diocese de Sobral, foi marcada por uma programa\u00e7\u00e3o especial organizada pela Par\u00f3quia da S\u00e9, na S\u00e9 Catedral. Manh\u00e3 de Espiritualidade As celebra\u00e7\u00f5es desta quinta-feira, 28 de novembro, reuniram fi\u00e9is para momentos de devo\u00e7\u00e3o, espiritualidade e conviv\u00eancia comunit\u00e1ria. O dia come\u00e7ou com\u2026","rel":"","context":"In &quot;Atualidade&quot;","block_context":{"text":"Atualidade","link":"https:\/\/correiodasemana.com\/site\/category\/atualidade\/"},"img":{"alt_text":"","src":"https:\/\/i0.wp.com\/correiodasemana.com\/site\/wp-content\/uploads\/2024\/12\/festa-maria-imaculada-sobral-11.jpeg?resize=350%2C200&ssl=1","width":350,"height":200,"srcset":"https:\/\/i0.wp.com\/correiodasemana.com\/site\/wp-content\/uploads\/2024\/12\/festa-maria-imaculada-sobral-11.jpeg?resize=350%2C200&ssl=1 1x, https:\/\/i0.wp.com\/correiodasemana.com\/site\/wp-content\/uploads\/2024\/12\/festa-maria-imaculada-sobral-11.jpeg?resize=525%2C300&ssl=1 1.5x, https:\/\/i0.wp.com\/correiodasemana.com\/site\/wp-content\/uploads\/2024\/12\/festa-maria-imaculada-sobral-11.jpeg?resize=700%2C400&ssl=1 2x, https:\/\/i0.wp.com\/correiodasemana.com\/site\/wp-content\/uploads\/2024\/12\/festa-maria-imaculada-sobral-11.jpeg?resize=1050%2C600&ssl=1 3x, https:\/\/i0.wp.com\/correiodasemana.com\/site\/wp-content\/uploads\/2024\/12\/festa-maria-imaculada-sobral-11.jpeg?resize=1400%2C800&ssl=1 4x"},"classes":[]},{"id":22116,"url":"https:\/\/correiodasemana.com\/site\/diocese-de-sobral-celebra-a-festa-da-padroeira-nossa-senhora-da-conceicao\/","url_meta":{"origin":36599,"position":5},"title":"Diocese de Sobral celebra a festa da padroeira, Nossa Senhora da Concei\u00e7\u00e3o","author":"","date":"Dezembro 11, 2022","format":false,"excerpt":"Nesta quinta-feira, 8 de dezembro, dia em que a Igreja Cat\u00f3lica celebra a Solenidade da Imaculada Concei\u00e7\u00e3o, a Diocese de Sobral celebrou a festa de sua padroeira. A festa da Imaculada Concei\u00e7\u00e3o, comemorada em 8 de dezembro, foi inscrita no calend\u00e1rio lit\u00fargico pelo Papa Sisto IV, em 28 de fevereiro\u2026","rel":"","context":"In &quot;Atualidade&quot;","block_context":{"text":"Atualidade","link":"https:\/\/correiodasemana.com\/site\/category\/atualidade\/"},"img":{"alt_text":"","src":"https:\/\/i0.wp.com\/correiodasemana.com\/site\/wp-content\/uploads\/2022\/12\/21.jpeg?resize=350%2C200&ssl=1","width":350,"height":200,"srcset":"https:\/\/i0.wp.com\/correiodasemana.com\/site\/wp-content\/uploads\/2022\/12\/21.jpeg?resize=350%2C200&ssl=1 1x, https:\/\/i0.wp.com\/correiodasemana.com\/site\/wp-content\/uploads\/2022\/12\/21.jpeg?resize=525%2C300&ssl=1 1.5x, https:\/\/i0.wp.com\/correiodasemana.com\/site\/wp-content\/uploads\/2022\/12\/21.jpeg?resize=700%2C400&ssl=1 2x, https:\/\/i0.wp.com\/correiodasemana.com\/site\/wp-content\/uploads\/2022\/12\/21.jpeg?resize=1050%2C600&ssl=1 3x, https:\/\/i0.wp.com\/correiodasemana.com\/site\/wp-content\/uploads\/2022\/12\/21.jpeg?resize=1400%2C800&ssl=1 4x"},"classes":[]}],"jetpack_sharing_enabled":true,"_links":{"self":[{"href":"https:\/\/correiodasemana.com\/site\/wp-json\/wp\/v2\/posts\/36599","targetHints":{"allow":["GET"]}}],"collection":[{"href":"https:\/\/correiodasemana.com\/site\/wp-json\/wp\/v2\/posts"}],"about":[{"href":"https:\/\/correiodasemana.com\/site\/wp-json\/wp\/v2\/types\/post"}],"author":[{"embeddable":true,"href":"https:\/\/correiodasemana.com\/site\/wp-json\/wp\/v2\/users\/7"}],"replies":[{"embeddable":true,"href":"https:\/\/correiodasemana.com\/site\/wp-json\/wp\/v2\/comments?post=36599"}],"version-history":[{"count":1,"href":"https:\/\/correiodasemana.com\/site\/wp-json\/wp\/v2\/posts\/36599\/revisions"}],"predecessor-version":[{"id":36604,"href":"https:\/\/correiodasemana.com\/site\/wp-json\/wp\/v2\/posts\/36599\/revisions\/36604"}],"wp:featuredmedia":[{"embeddable":true,"href":"https:\/\/correiodasemana.com\/site\/wp-json\/wp\/v2\/media\/36603"}],"wp:attachment":[{"href":"https:\/\/correiodasemana.com\/site\/wp-json\/wp\/v2\/media?parent=36599"}],"wp:term":[{"taxonomy":"category","embeddable":true,"href":"https:\/\/correiodasemana.com\/site\/wp-json\/wp\/v2\/categories?post=36599"},{"taxonomy":"post_tag","embeddable":true,"href":"https:\/\/correiodasemana.com\/site\/wp-json\/wp\/v2\/tags?post=36599"}],"curies":[{"name":"wp","href":"https:\/\/api.w.org\/{rel}","templated":true}]}}