{"id":36688,"date":"2025-12-11T15:58:34","date_gmt":"2025-12-11T18:58:34","guid":{"rendered":"https:\/\/correiodasemana.com\/site\/?p=36688"},"modified":"2025-12-11T15:58:34","modified_gmt":"2025-12-11T18:58:34","slug":"becco-ponto-com-242","status":"publish","type":"post","link":"https:\/\/correiodasemana.com\/site\/becco-ponto-com-242\/","title":{"rendered":"BECCO PONTO.COM"},"content":{"rendered":"<p>LIVRAI-NOS, SENHOR!<br \/>\nDas imobili\u00e1rias alugando um casamento civil.<br \/>\nDos pastores, comendo as ovelhas desgarradas.<br \/>\nDo chega pra l\u00e1 no Ciro da Michele Bolsonaro, ui!<br \/>\nDas novas \u201cC\u00e2maras calangos\u201d na zona norte, ufa!<br \/>\nDas lojas populares vendendo tudo nas cal\u00e7adas.<br \/>\nDos bab\u00f5es de plant\u00e3o via Cid Gomes, j\u00e1 no Becco.<br \/>\nDas gangues do crime virando partidos pol\u00edticos.<br \/>\nDa pris\u00e3o ora injusta de Bolsonaro, via 08 de janeiro.<br \/>\nDas esmolas politicas das dan\u00e7arinas visando o voto.<br \/>\nDas multas covardes voltando ao ar por aqui, ufa!<\/p>\n<p>NOTICIANDO<br \/>\nParabenizar, o escrit\u00f3rio de Pallium Contabilidade, comandado pela dupla de contadores Davi In\u00e1cio e Edilberto Neto, que \u00e9 um sucesso na regi\u00e3o norte prestando um servi\u00e7o de primeiro mundo aos seus clientes t\u00e3o selecionados. Visitei esta casa seleta e vi o seu desenvolvimento de modernidade no agir.<br \/>\nO grande homem do esporte sobralense e bequeano convicto, Lu\u00eds Melo Torquato, recebeu e por m\u00e9ritos a homenagem da aabc e do Centro Cultural Dom Jos\u00e9, no s\u00e1bado passado, o Diploma Bequeno Nota 10, no Ivan Frota Show do Becco, com a festa popular do m\u00eas em digno registro do t\u00e3o amigo. Viva o Sr. Lu\u00eds Torquato!<br \/>\nQuem esteve no Becco, visitando o espa\u00e7o mais democr\u00e1tico de Sobral, s\u00e1bado passado, foi o caro Deputado Estadual, Romeu Aldigueri, Presidente da Assembleia Legislativa, em momento impar e popular. Ele assinou o livro das visitas dos ilustres amigos de Sobral, foi fotografado e recebido por Expedito e Lurdinha Vasconcelos, em grande estilo.<br \/>\nO Centro Cultural Dom Jos\u00e9, homenageou s\u00e1bado, no Caf\u00e9 Jaibaras, no Becco, o artista musical Tony Costa, um dos articuladores do \u201cCanta Sobral Festival\u201d. A homenagem foi em comemora\u00e7\u00e3o aos 30 anos da cria\u00e7\u00e3o do festival dos festivais da regi\u00e3o. O grande compositor e interprete agradeceu a homenagem emocionado no ato cultural.<br \/>\nO radialista e jornalista e pastor, Carlos Alves, o \u201cRep\u00f3rter Coruja\u201d recebeu no Becco dos Amigos de l\u00e1, uma lembran\u00e7a amiga, a est\u00e1tua de uma Coruja Amarela em reconhecer o seu trabalho jornal\u00edstico em Sobral e regi\u00e3o Norte. A coruja n\u00e3o dorme e faz hist\u00f3ria e as not\u00edcias todos os dias.<\/p>\n<p>PERFIL: CAF\u00c9 DAS SETE HORAS<\/p>\n<div id='gallery-1' class='gallery galleryid-36688 gallery-columns-3 gallery-size-thumbnail'><figure class='gallery-item'>\n\t\t\t<div class='gallery-icon landscape'>\n\t\t\t\t<a href='https:\/\/correiodasemana.com\/site\/becco-ponto-com-242\/cafe-das-sete\/'><img loading=\"lazy\" width=\"150\" height=\"150\" src=\"https:\/\/correiodasemana.com\/site\/wp-content\/uploads\/2025\/12\/CAFE-DAS-SETE-150x150.jpeg\" class=\"attachment-thumbnail size-thumbnail\" alt=\"CAF\u00c9 DAS SETE\" loading=\"lazy\" decoding=\"async\" \/><\/a>\n\t\t\t<\/div><\/figure>\n\t\t<\/div>\n\n<p>Uma mesa seleta capitaneada pelo vereador Jos\u00e9 Vital, o gatinho faz presen\u00e7a todos os dias no bom Caf\u00e9 Jaibaras, \u00e0s sete da manh\u00e3, em uma roda amiga, onde l\u00e1 saborearam o caf\u00e9 com o p\u00e3o de sua padaria. \u00c9 bom est\u00e1 por l\u00e1, todos os dias!<\/p>\n<p>LIVRE PENSAR:<br \/>\n\u201cMorte \u00e9 o sil\u00eancio surdo da alma\u201d. (Poeta Chico Prado &#8211; Presidente do Centro Cultural Dom Jos\u00e9 de Sobral).<\/p>\n","protected":false},"excerpt":{"rendered":"<p>LIVRAI-NOS, SENHOR! Das imobili\u00e1rias alugando um casamento civil. Dos pastores, comendo as ovelhas desgarradas. Do&#8230;<\/p>\n","protected":false},"author":7,"featured_media":17437,"comment_status":"open","ping_status":"open","sticky":false,"template":"","format":"standard","meta":{"_jetpack_memberships_contains_paid_content":false,"footnotes":"","jetpack_publicize_message":"","jetpack_publicize_feature_enabled":true,"jetpack_social_post_already_shared":true,"jetpack_social_options":{"image_generator_settings":{"template":"highway","default_image_id":0,"font":"","enabled":false},"version":2}},"categories":[11,27],"tags":[],"class_list":["post-36688","post","type-post","status-publish","format-standard","has-post-thumbnail","hentry","category-artigos","category-becco-ponto-com"],"jetpack_publicize_connections":[],"jetpack_featured_media_url":"https:\/\/correiodasemana.com\/site\/wp-content\/uploads\/2021\/09\/Dr-Chico-Prado-Trofeu-Dom-Jose-1.jpg","jetpack-related-posts":[{"id":22750,"url":"https:\/\/correiodasemana.com\/site\/becco-ponto-com-112\/","url_meta":{"origin":36688,"position":0},"title":"Becco ponto Com","author":"adminredacao","date":"Janeiro 15, 2023","format":false,"excerpt":"LIVRAI-NOS, SENHOR! Dos ataques criminosos em Bras\u00edlia. Da cassa\u00e7\u00e3o de diplomas que vem a\u00ed. Do festival de molambos na cidade. Da viol\u00eancia contra as mulheres, ui! Do fim tr\u00e1gico do nosso \u201cGuarany\u201d . Dos peitistas na fila da malanfragem. Da mesmice no campeonato do Cear\u00e1. Da invas\u00e3o das drogas via\u2026","rel":"","context":"In &quot;Artigos&quot;","block_context":{"text":"Artigos","link":"https:\/\/correiodasemana.com\/site\/category\/artigos\/"},"img":{"alt_text":"","src":"https:\/\/i0.wp.com\/correiodasemana.com\/site\/wp-content\/uploads\/2021\/09\/Dr-Chico-Prado-Trofeu-Dom-Jose-1.jpg?resize=350%2C200&ssl=1","width":350,"height":200,"srcset":"https:\/\/i0.wp.com\/correiodasemana.com\/site\/wp-content\/uploads\/2021\/09\/Dr-Chico-Prado-Trofeu-Dom-Jose-1.jpg?resize=350%2C200&ssl=1 1x, https:\/\/i0.wp.com\/correiodasemana.com\/site\/wp-content\/uploads\/2021\/09\/Dr-Chico-Prado-Trofeu-Dom-Jose-1.jpg?resize=525%2C300&ssl=1 1.5x, https:\/\/i0.wp.com\/correiodasemana.com\/site\/wp-content\/uploads\/2021\/09\/Dr-Chico-Prado-Trofeu-Dom-Jose-1.jpg?resize=700%2C400&ssl=1 2x, https:\/\/i0.wp.com\/correiodasemana.com\/site\/wp-content\/uploads\/2021\/09\/Dr-Chico-Prado-Trofeu-Dom-Jose-1.jpg?resize=1050%2C600&ssl=1 3x, https:\/\/i0.wp.com\/correiodasemana.com\/site\/wp-content\/uploads\/2021\/09\/Dr-Chico-Prado-Trofeu-Dom-Jose-1.jpg?resize=1400%2C800&ssl=1 4x"},"classes":[]},{"id":35481,"url":"https:\/\/correiodasemana.com\/site\/becco-ponto-com-230\/","url_meta":{"origin":36688,"position":1},"title":"BECCO PONTO.COM","author":"adminredacao","date":"Setembro 8, 2025","format":false,"excerpt":"LIVRAI-NOS SENHOR! Da corrup\u00e7\u00e3o correndo solta na pol\u00edtica, ufa! Da criminalidade varrendo o Estado na droga. Das faculdades pagas formando o sem futuro. Dos acordos pol\u00edticos esp\u00farios via elei\u00e7\u00f5es 2026. Do cai e n\u00e3o cai das contas de Ivo Gomes, j\u00e1, j\u00e1. Da pris\u00e3o do Bolsonaro, em um pa\u00eds amarelo.\u2026","rel":"","context":"In &quot;Artigos&quot;","block_context":{"text":"Artigos","link":"https:\/\/correiodasemana.com\/site\/category\/artigos\/"},"img":{"alt_text":"","src":"https:\/\/i0.wp.com\/correiodasemana.com\/site\/wp-content\/uploads\/2021\/09\/Dr-Chico-Prado-Trofeu-Dom-Jose-1.jpg?resize=350%2C200&ssl=1","width":350,"height":200,"srcset":"https:\/\/i0.wp.com\/correiodasemana.com\/site\/wp-content\/uploads\/2021\/09\/Dr-Chico-Prado-Trofeu-Dom-Jose-1.jpg?resize=350%2C200&ssl=1 1x, https:\/\/i0.wp.com\/correiodasemana.com\/site\/wp-content\/uploads\/2021\/09\/Dr-Chico-Prado-Trofeu-Dom-Jose-1.jpg?resize=525%2C300&ssl=1 1.5x, https:\/\/i0.wp.com\/correiodasemana.com\/site\/wp-content\/uploads\/2021\/09\/Dr-Chico-Prado-Trofeu-Dom-Jose-1.jpg?resize=700%2C400&ssl=1 2x, https:\/\/i0.wp.com\/correiodasemana.com\/site\/wp-content\/uploads\/2021\/09\/Dr-Chico-Prado-Trofeu-Dom-Jose-1.jpg?resize=1050%2C600&ssl=1 3x, https:\/\/i0.wp.com\/correiodasemana.com\/site\/wp-content\/uploads\/2021\/09\/Dr-Chico-Prado-Trofeu-Dom-Jose-1.jpg?resize=1400%2C800&ssl=1 4x"},"classes":[]},{"id":8222,"url":"https:\/\/correiodasemana.com\/site\/becco-ponto-com\/","url_meta":{"origin":36688,"position":2},"title":"Becco ponto com","author":"","date":"Julho 8, 2019","format":false,"excerpt":"LIVRAI-NOS, SENHOR! do brado dos rebeldes peititas via lula. da ira contra o bolsonaro t\u00e3o militar. das quadrilhas vem politica para 2020. do lixo musical nas paradas t\u00e3o fanks. do papo farol dos antes lava ratos, ui! das faculdades via internet formando. do brado dos pobres sem tetos mortos. da\u2026","rel":"","context":"In &quot;Artigos&quot;","block_context":{"text":"Artigos","link":"https:\/\/correiodasemana.com\/site\/category\/artigos\/"},"img":{"alt_text":"","src":"https:\/\/i0.wp.com\/correiodasemana.com\/site\/wp-content\/uploads\/2019\/07\/becco.jpg?resize=350%2C200&ssl=1","width":350,"height":200,"srcset":"https:\/\/i0.wp.com\/correiodasemana.com\/site\/wp-content\/uploads\/2019\/07\/becco.jpg?resize=350%2C200&ssl=1 1x, https:\/\/i0.wp.com\/correiodasemana.com\/site\/wp-content\/uploads\/2019\/07\/becco.jpg?resize=525%2C300&ssl=1 1.5x, https:\/\/i0.wp.com\/correiodasemana.com\/site\/wp-content\/uploads\/2019\/07\/becco.jpg?resize=700%2C400&ssl=1 2x"},"classes":[]},{"id":36787,"url":"https:\/\/correiodasemana.com\/site\/becco-ponto-com-243\/","url_meta":{"origin":36688,"position":3},"title":"BECCO PONTO.COM","author":"adminredacao","date":"Dezembro 15, 2025","format":false,"excerpt":"LIVRAI-NOS, SENHOR! Do Feij\u00e3o e os sonhos para as elei\u00e7\u00f5es de 2028. Ufa, Sobral! De um \u201cPapai Noel Azul\u201d para zoar a oposi\u00e7\u00e3o de Cid, ui! Do tra\u00e7o que Bolsonaro deu no Centr\u00e3o, via pol\u00edtica. Da gula pelo poder dos fg\u2019s via Elmano do pt e Camilo. De uma Est\u00e1tua\u2026","rel":"","context":"In &quot;Artigos&quot;","block_context":{"text":"Artigos","link":"https:\/\/correiodasemana.com\/site\/category\/artigos\/"},"img":{"alt_text":"","src":"https:\/\/i0.wp.com\/correiodasemana.com\/site\/wp-content\/uploads\/2021\/09\/Dr-Chico-Prado-Trofeu-Dom-Jose-1.jpg?resize=350%2C200&ssl=1","width":350,"height":200,"srcset":"https:\/\/i0.wp.com\/correiodasemana.com\/site\/wp-content\/uploads\/2021\/09\/Dr-Chico-Prado-Trofeu-Dom-Jose-1.jpg?resize=350%2C200&ssl=1 1x, https:\/\/i0.wp.com\/correiodasemana.com\/site\/wp-content\/uploads\/2021\/09\/Dr-Chico-Prado-Trofeu-Dom-Jose-1.jpg?resize=525%2C300&ssl=1 1.5x, https:\/\/i0.wp.com\/correiodasemana.com\/site\/wp-content\/uploads\/2021\/09\/Dr-Chico-Prado-Trofeu-Dom-Jose-1.jpg?resize=700%2C400&ssl=1 2x, https:\/\/i0.wp.com\/correiodasemana.com\/site\/wp-content\/uploads\/2021\/09\/Dr-Chico-Prado-Trofeu-Dom-Jose-1.jpg?resize=1050%2C600&ssl=1 3x, https:\/\/i0.wp.com\/correiodasemana.com\/site\/wp-content\/uploads\/2021\/09\/Dr-Chico-Prado-Trofeu-Dom-Jose-1.jpg?resize=1400%2C800&ssl=1 4x"},"classes":[]},{"id":9780,"url":"https:\/\/correiodasemana.com\/site\/becco-ponto-com-18\/","url_meta":{"origin":36688,"position":4},"title":"Becco ponto Com","author":"","date":"Novembro 11, 2019","format":false,"excerpt":"LIVRAI-NOS, SENHOR! Do Besteirol das CANETAS nas Redes. Do camel\u00f3dromo que virou SOBRAL, ui! Da privatiza\u00e7\u00e3o da UVA VIA GOVERNO. Do LULISMO virando guerra no Brasil. Do VAR roubando contra N\u00f3s Destinos. Do MI MI MI contra o ensino de Sobral. Da novela global S\u00d3 OLEO nas PRAIAS. Das PRIVATIZA\u00c7\u00d5ES\u2026","rel":"","context":"In &quot;Artigos&quot;","block_context":{"text":"Artigos","link":"https:\/\/correiodasemana.com\/site\/category\/artigos\/"},"img":{"alt_text":"","src":"https:\/\/i0.wp.com\/correiodasemana.com\/site\/wp-content\/uploads\/2019\/11\/Viana-Farias-radialista.png?resize=350%2C200&ssl=1","width":350,"height":200,"srcset":"https:\/\/i0.wp.com\/correiodasemana.com\/site\/wp-content\/uploads\/2019\/11\/Viana-Farias-radialista.png?resize=350%2C200&ssl=1 1x, https:\/\/i0.wp.com\/correiodasemana.com\/site\/wp-content\/uploads\/2019\/11\/Viana-Farias-radialista.png?resize=525%2C300&ssl=1 1.5x"},"classes":[]},{"id":8951,"url":"https:\/\/correiodasemana.com\/site\/becco-ponto-com-9\/","url_meta":{"origin":36688,"position":5},"title":"Becco ponto Com","author":"","date":"Setembro 8, 2019","format":false,"excerpt":"Livrai-nos, Senhor! Dos ataques injustos ao Donizete Arruda. Dos faroleiros pol\u00edticos sem votos ufa! Das queimadas na Amaz\u00f4nia t\u00e3o ilegais. Da globo brincando de fabricar not\u00edcia. Das crises geradas pela m\u00e1 informa\u00e7\u00e3o. Das novelas sem escr\u00fapulos da Globo, ui! Da falta de sa\u00fade em uma na\u00e7\u00e3o doente. Dos puxa-sacos nas\u2026","rel":"","context":"In &quot;Artigos&quot;","block_context":{"text":"Artigos","link":"https:\/\/correiodasemana.com\/site\/category\/artigos\/"},"img":{"alt_text":"","src":"","width":0,"height":0},"classes":[]}],"jetpack_sharing_enabled":true,"_links":{"self":[{"href":"https:\/\/correiodasemana.com\/site\/wp-json\/wp\/v2\/posts\/36688","targetHints":{"allow":["GET"]}}],"collection":[{"href":"https:\/\/correiodasemana.com\/site\/wp-json\/wp\/v2\/posts"}],"about":[{"href":"https:\/\/correiodasemana.com\/site\/wp-json\/wp\/v2\/types\/post"}],"author":[{"embeddable":true,"href":"https:\/\/correiodasemana.com\/site\/wp-json\/wp\/v2\/users\/7"}],"replies":[{"embeddable":true,"href":"https:\/\/correiodasemana.com\/site\/wp-json\/wp\/v2\/comments?post=36688"}],"version-history":[{"count":1,"href":"https:\/\/correiodasemana.com\/site\/wp-json\/wp\/v2\/posts\/36688\/revisions"}],"predecessor-version":[{"id":36690,"href":"https:\/\/correiodasemana.com\/site\/wp-json\/wp\/v2\/posts\/36688\/revisions\/36690"}],"wp:featuredmedia":[{"embeddable":true,"href":"https:\/\/correiodasemana.com\/site\/wp-json\/wp\/v2\/media\/17437"}],"wp:attachment":[{"href":"https:\/\/correiodasemana.com\/site\/wp-json\/wp\/v2\/media?parent=36688"}],"wp:term":[{"taxonomy":"category","embeddable":true,"href":"https:\/\/correiodasemana.com\/site\/wp-json\/wp\/v2\/categories?post=36688"},{"taxonomy":"post_tag","embeddable":true,"href":"https:\/\/correiodasemana.com\/site\/wp-json\/wp\/v2\/tags?post=36688"}],"curies":[{"name":"wp","href":"https:\/\/api.w.org\/{rel}","templated":true}]}}