{"id":36691,"date":"2025-12-11T16:02:03","date_gmt":"2025-12-11T19:02:03","guid":{"rendered":"https:\/\/correiodasemana.com\/site\/?p=36691"},"modified":"2025-12-11T16:02:03","modified_gmt":"2025-12-11T19:02:03","slug":"festa-da-imaculada-conceicao-reune-multidao-na-catedral-da-se","status":"publish","type":"post","link":"https:\/\/correiodasemana.com\/site\/festa-da-imaculada-conceicao-reune-multidao-na-catedral-da-se\/","title":{"rendered":"Festa da Imaculada Concei\u00e7\u00e3o re\u00fane multid\u00e3o na Catedral da S\u00e9"},"content":{"rendered":"<div id='gallery-1' class='gallery galleryid-36691 gallery-columns-6 gallery-size-thumbnail'><figure class='gallery-item'>\n\t\t\t<div class='gallery-icon landscape'>\n\t\t\t\t<a href='https:\/\/correiodasemana.com\/site\/festa-da-imaculada-conceicao-reune-multidao-na-catedral-da-se\/dsc_5089\/'><img loading=\"lazy\" width=\"150\" height=\"150\" src=\"https:\/\/correiodasemana.com\/site\/wp-content\/uploads\/2025\/12\/DSC_5089-150x150.jpg\" class=\"attachment-thumbnail size-thumbnail\" alt=\"DSC_5089\" loading=\"lazy\" decoding=\"async\" \/><\/a>\n\t\t\t<\/div><\/figure><figure class='gallery-item'>\n\t\t\t<div class='gallery-icon landscape'>\n\t\t\t\t<a href='https:\/\/correiodasemana.com\/site\/festa-da-imaculada-conceicao-reune-multidao-na-catedral-da-se\/dsc_5200\/'><img loading=\"lazy\" width=\"150\" height=\"150\" src=\"https:\/\/correiodasemana.com\/site\/wp-content\/uploads\/2025\/12\/DSC_5200-150x150.jpg\" class=\"attachment-thumbnail size-thumbnail\" alt=\"DSC_5200\" loading=\"lazy\" decoding=\"async\" \/><\/a>\n\t\t\t<\/div><\/figure><figure class='gallery-item'>\n\t\t\t<div class='gallery-icon landscape'>\n\t\t\t\t<a href='https:\/\/correiodasemana.com\/site\/festa-da-imaculada-conceicao-reune-multidao-na-catedral-da-se\/dsc_5240\/'><img loading=\"lazy\" width=\"150\" height=\"150\" src=\"https:\/\/correiodasemana.com\/site\/wp-content\/uploads\/2025\/12\/DSC_5240-150x150.jpg\" class=\"attachment-thumbnail size-thumbnail\" alt=\"DSC_5240\" loading=\"lazy\" decoding=\"async\" \/><\/a>\n\t\t\t<\/div><\/figure><figure class='gallery-item'>\n\t\t\t<div class='gallery-icon landscape'>\n\t\t\t\t<a href='https:\/\/correiodasemana.com\/site\/festa-da-imaculada-conceicao-reune-multidao-na-catedral-da-se\/dsc_5587\/'><img loading=\"lazy\" width=\"150\" height=\"150\" src=\"https:\/\/correiodasemana.com\/site\/wp-content\/uploads\/2025\/12\/DSC_5587-150x150.jpg\" class=\"attachment-thumbnail size-thumbnail\" alt=\"DSC_5587\" loading=\"lazy\" decoding=\"async\" \/><\/a>\n\t\t\t<\/div><\/figure><figure class='gallery-item'>\n\t\t\t<div class='gallery-icon landscape'>\n\t\t\t\t<a href='https:\/\/correiodasemana.com\/site\/festa-da-imaculada-conceicao-reune-multidao-na-catedral-da-se\/dsc_5885\/'><img loading=\"lazy\" width=\"150\" height=\"150\" src=\"https:\/\/correiodasemana.com\/site\/wp-content\/uploads\/2025\/12\/DSC_5885-150x150.jpg\" class=\"attachment-thumbnail size-thumbnail\" alt=\"DSC_5885\" loading=\"lazy\" decoding=\"async\" \/><\/a>\n\t\t\t<\/div><\/figure><figure class='gallery-item'>\n\t\t\t<div class='gallery-icon landscape'>\n\t\t\t\t<a href='https:\/\/correiodasemana.com\/site\/festa-da-imaculada-conceicao-reune-multidao-na-catedral-da-se\/dsc_6021\/'><img loading=\"lazy\" width=\"150\" height=\"150\" src=\"https:\/\/correiodasemana.com\/site\/wp-content\/uploads\/2025\/12\/DSC_6021-150x150.jpg\" class=\"attachment-thumbnail size-thumbnail\" alt=\"DSC_6021\" loading=\"lazy\" decoding=\"async\" \/><\/a>\n\t\t\t<\/div><\/figure><figure class='gallery-item'>\n\t\t\t<div class='gallery-icon landscape'>\n\t\t\t\t<a href='https:\/\/correiodasemana.com\/site\/festa-da-imaculada-conceicao-reune-multidao-na-catedral-da-se\/dsc_6105\/'><img loading=\"lazy\" width=\"150\" height=\"150\" src=\"https:\/\/correiodasemana.com\/site\/wp-content\/uploads\/2025\/12\/DSC_6105-150x150.jpg\" class=\"attachment-thumbnail size-thumbnail\" alt=\"DSC_6105\" loading=\"lazy\" decoding=\"async\" \/><\/a>\n\t\t\t<\/div><\/figure><figure class='gallery-item'>\n\t\t\t<div class='gallery-icon landscape'>\n\t\t\t\t<a href='https:\/\/correiodasemana.com\/site\/festa-da-imaculada-conceicao-reune-multidao-na-catedral-da-se\/dsc_6172\/'><img loading=\"lazy\" width=\"150\" height=\"150\" src=\"https:\/\/correiodasemana.com\/site\/wp-content\/uploads\/2025\/12\/DSC_6172-150x150.jpg\" class=\"attachment-thumbnail size-thumbnail\" alt=\"DSC_6172\" loading=\"lazy\" decoding=\"async\" \/><\/a>\n\t\t\t<\/div><\/figure><figure class='gallery-item'>\n\t\t\t<div class='gallery-icon landscape'>\n\t\t\t\t<a href='https:\/\/correiodasemana.com\/site\/festa-da-imaculada-conceicao-reune-multidao-na-catedral-da-se\/dsc_6974\/'><img loading=\"lazy\" width=\"150\" height=\"150\" src=\"https:\/\/correiodasemana.com\/site\/wp-content\/uploads\/2025\/12\/DSC_6974-150x150.jpg\" class=\"attachment-thumbnail size-thumbnail\" alt=\"DSC_6974\" loading=\"lazy\" decoding=\"async\" \/><\/a>\n\t\t\t<\/div><\/figure><figure class='gallery-item'>\n\t\t\t<div class='gallery-icon landscape'>\n\t\t\t\t<a href='https:\/\/correiodasemana.com\/site\/festa-da-imaculada-conceicao-reune-multidao-na-catedral-da-se\/dsc_6994\/'><img loading=\"lazy\" width=\"150\" height=\"150\" src=\"https:\/\/correiodasemana.com\/site\/wp-content\/uploads\/2025\/12\/DSC_6994-150x150.jpg\" class=\"attachment-thumbnail size-thumbnail\" alt=\"DSC_6994\" loading=\"lazy\" decoding=\"async\" \/><\/a>\n\t\t\t<\/div><\/figure><figure class='gallery-item'>\n\t\t\t<div class='gallery-icon landscape'>\n\t\t\t\t<a href='https:\/\/correiodasemana.com\/site\/festa-da-imaculada-conceicao-reune-multidao-na-catedral-da-se\/grande-8\/'><img loading=\"lazy\" width=\"150\" height=\"150\" src=\"https:\/\/correiodasemana.com\/site\/wp-content\/uploads\/2025\/12\/grande-150x150.jpg\" class=\"attachment-thumbnail size-thumbnail\" alt=\"grande\" loading=\"lazy\" decoding=\"async\" \/><\/a>\n\t\t\t<\/div><\/figure>\n\t\t<\/div>\n\n<p>A cidade de Sobral viveu, nos \u00faltimos dias, um dos momentos mais significativos de sua caminhada de f\u00e9: a Festa de Nossa Senhora da Concei\u00e7\u00e3o, padroeira da cidade e de toda a Diocese. A tradi\u00e7\u00e3o centen\u00e1ria mobiliza milhares de fi\u00e9is que, ano ap\u00f3s ano, veneram a Virgem Imaculada e participam das celebra\u00e7\u00f5es na S\u00e9 Catedral.<br \/>\nA festividade, preparada ao longo de nove dias de noven\u00e1rio, reuniu grupos, movimentos, pastorais, comunidades e fam\u00edlias que participaram intensamente das celebra\u00e7\u00f5es, reflex\u00f5es e momentos de ora\u00e7\u00e3o. Cada dia trouxe um convite especial a contemplar Maria como express\u00e3o de amor fraterno, destacando seu papel como modelo de f\u00e9, obedi\u00eancia e confian\u00e7a plena na vontade de Deus.<br \/>\nO dia 8 de dezembro, \u00e1pice da festa, contou com celebra\u00e7\u00f5es solenes ao longo de toda a programa\u00e7\u00e3o, acolhendo devotos de diversas regi\u00f5es. \u00c0 tarde, Dom Vasconcelos presidiu a Missa Solene, acompanhado de outros presb\u00edteros e auxiliado pelos di\u00e1conos permanentes.<br \/>\nEm sua homilia, Dom Vasconcelos destacou que Maria foi escolhida para ser a M\u00e3e do Salvador, mas foi ela quem escolheu o t\u00edtulo de Serva do Senhor.<br \/>\n\u201cMaria colocou-se a servi\u00e7o e esteve presente em muitos momentos. Muitos milagres aconteceram por sua intercess\u00e3o materna. Maria \u00e9 sinal vis\u00edvel do Deus que pode e quer realizar em n\u00f3s o imposs\u00edvel. Toda a humanidade de Jesus Ele recebeu do ventre imaculado de Maria, e hoje n\u00f3s a saudamos e a veneramos\u201d, afirmou.<br \/>\nAp\u00f3s a Missa, a tradicional prociss\u00e3o com a imagem de Nossa Senhora da Concei\u00e7\u00e3o percorreu as ruas do centro hist\u00f3rico, sendo uma das manifesta\u00e7\u00f5es religiosas mais expressivas do munic\u00edpio, unindo f\u00e9, cultura e tradi\u00e7\u00e3o.<br \/>\nA \u00faltima celebra\u00e7\u00e3o do dia foi presidida pelo p\u00e1roco da Par\u00f3quia da S\u00e9 e Cura da Catedral, Padre Berg, e reuniu in\u00fameros devotos na Pra\u00e7a da S\u00e9. Na ocasi\u00e3o, houve tamb\u00e9m a consagra\u00e7\u00e3o a Nossa Senhora realizada pelo grupo paroquial Santa In\u00eas.<br \/>\nMais do que uma celebra\u00e7\u00e3o, a Solenidade da Imaculada Concei\u00e7\u00e3o renova a esperan\u00e7a do povo sobralense, especialmente neste Ano Jubilar.<br \/>\nTha\u00eds Helena &#8211; Jornalista &#8211; Jornal Correio da Semana<\/p>\n","protected":false},"excerpt":{"rendered":"<p>A cidade de Sobral viveu, nos \u00faltimos dias, um dos momentos mais significativos de sua&#8230;<\/p>\n","protected":false},"author":7,"featured_media":36702,"comment_status":"open","ping_status":"open","sticky":false,"template":"","format":"standard","meta":{"_jetpack_memberships_contains_paid_content":false,"footnotes":"","jetpack_publicize_message":"","jetpack_publicize_feature_enabled":true,"jetpack_social_post_already_shared":true,"jetpack_social_options":{"image_generator_settings":{"template":"highway","default_image_id":0,"font":"","enabled":false},"version":2}},"categories":[1],"tags":[],"class_list":["post-36691","post","type-post","status-publish","format-standard","has-post-thumbnail","hentry","category-atualidade"],"jetpack_publicize_connections":[],"jetpack_featured_media_url":"https:\/\/correiodasemana.com\/site\/wp-content\/uploads\/2025\/12\/grande-scaled.jpg","jetpack-related-posts":[{"id":31657,"url":"https:\/\/correiodasemana.com\/site\/festa-da-imaculada-conceicao-tem-inicio-com-celebracoes-de-fe-e-uniao-na-se-catedral-de-sobral\/","url_meta":{"origin":36691,"position":0},"title":"Festa da Imaculada Concei\u00e7\u00e3o tem in\u00edcio com celebra\u00e7\u00f5es de f\u00e9 e uni\u00e3o na S\u00e9 Catedral de Sobral","author":"adminredacao","date":"Dezembro 2, 2024","format":false,"excerpt":"A abertura da Festa da Imaculada Concei\u00e7\u00e3o, padroeira da Diocese de Sobral, foi marcada por uma programa\u00e7\u00e3o especial organizada pela Par\u00f3quia da S\u00e9, na S\u00e9 Catedral. Manh\u00e3 de Espiritualidade As celebra\u00e7\u00f5es desta quinta-feira, 28 de novembro, reuniram fi\u00e9is para momentos de devo\u00e7\u00e3o, espiritualidade e conviv\u00eancia comunit\u00e1ria. O dia come\u00e7ou com\u2026","rel":"","context":"In &quot;Atualidade&quot;","block_context":{"text":"Atualidade","link":"https:\/\/correiodasemana.com\/site\/category\/atualidade\/"},"img":{"alt_text":"","src":"https:\/\/i0.wp.com\/correiodasemana.com\/site\/wp-content\/uploads\/2024\/12\/festa-maria-imaculada-sobral-11.jpeg?resize=350%2C200&ssl=1","width":350,"height":200,"srcset":"https:\/\/i0.wp.com\/correiodasemana.com\/site\/wp-content\/uploads\/2024\/12\/festa-maria-imaculada-sobral-11.jpeg?resize=350%2C200&ssl=1 1x, https:\/\/i0.wp.com\/correiodasemana.com\/site\/wp-content\/uploads\/2024\/12\/festa-maria-imaculada-sobral-11.jpeg?resize=525%2C300&ssl=1 1.5x, https:\/\/i0.wp.com\/correiodasemana.com\/site\/wp-content\/uploads\/2024\/12\/festa-maria-imaculada-sobral-11.jpeg?resize=700%2C400&ssl=1 2x, https:\/\/i0.wp.com\/correiodasemana.com\/site\/wp-content\/uploads\/2024\/12\/festa-maria-imaculada-sobral-11.jpeg?resize=1050%2C600&ssl=1 3x, https:\/\/i0.wp.com\/correiodasemana.com\/site\/wp-content\/uploads\/2024\/12\/festa-maria-imaculada-sobral-11.jpeg?resize=1400%2C800&ssl=1 4x"},"classes":[]},{"id":31756,"url":"https:\/\/correiodasemana.com\/site\/diocese-de-sobral-celebra-solenidade-em-honra-a-imaculada-conceicao\/","url_meta":{"origin":36691,"position":1},"title":"Diocese de Sobral celebra solenidade em honra a Imaculada Concei\u00e7\u00e3o","author":"adminredacao","date":"Dezembro 10, 2024","format":false,"excerpt":"Sob os ausp\u00edcios de Nossa Senhora da Concei\u00e7\u00e3o, os devotos participaram da grande Solenidade em honra a padroeira da Diocese de Sobral neste domingo, 08 de dezembro, na S\u00e9 Catedral. Com o tema: \u201cMaria, mulher da ora\u00e7\u00e3o e contempla\u00e7\u00e3o\u201d, e o lema: \u201cO Senhor escutou a minha ora\u00e7\u00e3o, o Senhor\u2026","rel":"","context":"In &quot;Atualidade&quot;","block_context":{"text":"Atualidade","link":"https:\/\/correiodasemana.com\/site\/category\/atualidade\/"},"img":{"alt_text":"","src":"https:\/\/i0.wp.com\/correiodasemana.com\/site\/wp-content\/uploads\/2024\/12\/sobral-imaculada-conceicao-11.jpg?resize=350%2C200&ssl=1","width":350,"height":200,"srcset":"https:\/\/i0.wp.com\/correiodasemana.com\/site\/wp-content\/uploads\/2024\/12\/sobral-imaculada-conceicao-11.jpg?resize=350%2C200&ssl=1 1x, https:\/\/i0.wp.com\/correiodasemana.com\/site\/wp-content\/uploads\/2024\/12\/sobral-imaculada-conceicao-11.jpg?resize=525%2C300&ssl=1 1.5x, https:\/\/i0.wp.com\/correiodasemana.com\/site\/wp-content\/uploads\/2024\/12\/sobral-imaculada-conceicao-11.jpg?resize=700%2C400&ssl=1 2x"},"classes":[]},{"id":9929,"url":"https:\/\/correiodasemana.com\/site\/regiao-episcopal-4\/","url_meta":{"origin":36691,"position":2},"title":"Regi\u00e3o Episcopal","author":"","date":"Novembro 27, 2019","format":false,"excerpt":"Par\u00f3quia de Nossa Senhora da Concei\u00e7\u00e3o \u2013 Meruoca - CE \u00c9 com muita alegria e satisfa\u00e7\u00e3o que a Par\u00f3quia de Meruoca, na pessoa do padre F\u00e1bio Soares, convida voc\u00ea e sua fam\u00edlia para participar de mais uma festa dedicada a padroeira do munic\u00edpio, Nossa Senhora da Concei\u00e7\u00e3o. Ser\u00e3o 11 dias\u2026","rel":"","context":"In &quot;Diocese&quot;","block_context":{"text":"Diocese","link":"https:\/\/correiodasemana.com\/site\/category\/diocese\/"},"img":{"alt_text":"","src":"https:\/\/i0.wp.com\/correiodasemana.com\/site\/wp-content\/uploads\/2019\/07\/Igreja_S%C3%A9.jpg?resize=350%2C200&ssl=1","width":350,"height":200,"srcset":"https:\/\/i0.wp.com\/correiodasemana.com\/site\/wp-content\/uploads\/2019\/07\/Igreja_S%C3%A9.jpg?resize=350%2C200&ssl=1 1x, https:\/\/i0.wp.com\/correiodasemana.com\/site\/wp-content\/uploads\/2019\/07\/Igreja_S%C3%A9.jpg?resize=525%2C300&ssl=1 1.5x, https:\/\/i0.wp.com\/correiodasemana.com\/site\/wp-content\/uploads\/2019\/07\/Igreja_S%C3%A9.jpg?resize=700%2C400&ssl=1 2x, https:\/\/i0.wp.com\/correiodasemana.com\/site\/wp-content\/uploads\/2019\/07\/Igreja_S%C3%A9.jpg?resize=1050%2C600&ssl=1 3x, https:\/\/i0.wp.com\/correiodasemana.com\/site\/wp-content\/uploads\/2019\/07\/Igreja_S%C3%A9.jpg?resize=1400%2C800&ssl=1 4x"},"classes":[]},{"id":18276,"url":"https:\/\/correiodasemana.com\/site\/diocese-de-sobral-celebra-a-festa-de-sua-padroeira-a-imaculada-conceicao-de-maria\/","url_meta":{"origin":36691,"position":3},"title":"Diocese de Sobral celebra a festa de sua padroeira, a Imaculada Concei\u00e7\u00e3o de Maria","author":"","date":"Dezembro 12, 2021","format":false,"excerpt":"Por Thais Helena (Jornal Correio da Semana) Na \u00faltima quarta-feira, 08 de dezembro, a Igreja celebrou a Festa da Imaculada Concei\u00e7\u00e3o. Neste mesmo dia em 1854, atrav\u00e9s da bula Ineffabilis Deus do Papa Pio IX, a Igreja oficialmente reconheceu e declarou solenemente como dogma: \u201cMaria isenta do pecado original\u201d. A\u2026","rel":"","context":"In &quot;Atualidade&quot;","block_context":{"text":"Atualidade","link":"https:\/\/correiodasemana.com\/site\/category\/atualidade\/"},"img":{"alt_text":"","src":"https:\/\/i0.wp.com\/correiodasemana.com\/site\/wp-content\/uploads\/2021\/12\/IMG_8799.jpg?resize=350%2C200&ssl=1","width":350,"height":200,"srcset":"https:\/\/i0.wp.com\/correiodasemana.com\/site\/wp-content\/uploads\/2021\/12\/IMG_8799.jpg?resize=350%2C200&ssl=1 1x, https:\/\/i0.wp.com\/correiodasemana.com\/site\/wp-content\/uploads\/2021\/12\/IMG_8799.jpg?resize=525%2C300&ssl=1 1.5x, https:\/\/i0.wp.com\/correiodasemana.com\/site\/wp-content\/uploads\/2021\/12\/IMG_8799.jpg?resize=700%2C400&ssl=1 2x"},"classes":[]},{"id":27543,"url":"https:\/\/correiodasemana.com\/site\/padroeira-da-diocese-de-sobral-imaculada-conceicao-e-celebrada-solenemente-na-se-catedral\/","url_meta":{"origin":36691,"position":4},"title":"Padroeira da Diocese de Sobral, Imaculada Concei\u00e7\u00e3o, \u00e9 celebrada solenemente na S\u00e9 Catedral","author":"adminredacao","date":"Dezembro 11, 2023","format":false,"excerpt":"MISSA PROCISS\u00c3O A imponente S\u00e9 Catedral de Nossa Senhora da Concei\u00e7\u00e3o realizou de 28 de novembro a 08 de dezembro, a festa da excelsa padroeira da Diocese de Sobral, a Imaculada Concei\u00e7\u00e3o de Maria. Com o tema: \u201cOuvir\u00e3o a minha voz, ent\u00e3o haver\u00e1 um s\u00f3 rebanho, um s\u00f3 pastor\u201d. (Jo\u2026","rel":"","context":"In &quot;Atualidade&quot;","block_context":{"text":"Atualidade","link":"https:\/\/correiodasemana.com\/site\/category\/atualidade\/"},"img":{"alt_text":"","src":"https:\/\/i0.wp.com\/correiodasemana.com\/site\/wp-content\/uploads\/2023\/12\/missa-6.jpeg?resize=350%2C200&ssl=1","width":350,"height":200,"srcset":"https:\/\/i0.wp.com\/correiodasemana.com\/site\/wp-content\/uploads\/2023\/12\/missa-6.jpeg?resize=350%2C200&ssl=1 1x, https:\/\/i0.wp.com\/correiodasemana.com\/site\/wp-content\/uploads\/2023\/12\/missa-6.jpeg?resize=525%2C300&ssl=1 1.5x, https:\/\/i0.wp.com\/correiodasemana.com\/site\/wp-content\/uploads\/2023\/12\/missa-6.jpeg?resize=700%2C400&ssl=1 2x, https:\/\/i0.wp.com\/correiodasemana.com\/site\/wp-content\/uploads\/2023\/12\/missa-6.jpeg?resize=1050%2C600&ssl=1 3x, https:\/\/i0.wp.com\/correiodasemana.com\/site\/wp-content\/uploads\/2023\/12\/missa-6.jpeg?resize=1400%2C800&ssl=1 4x"},"classes":[]},{"id":22116,"url":"https:\/\/correiodasemana.com\/site\/diocese-de-sobral-celebra-a-festa-da-padroeira-nossa-senhora-da-conceicao\/","url_meta":{"origin":36691,"position":5},"title":"Diocese de Sobral celebra a festa da padroeira, Nossa Senhora da Concei\u00e7\u00e3o","author":"","date":"Dezembro 11, 2022","format":false,"excerpt":"Nesta quinta-feira, 8 de dezembro, dia em que a Igreja Cat\u00f3lica celebra a Solenidade da Imaculada Concei\u00e7\u00e3o, a Diocese de Sobral celebrou a festa de sua padroeira. A festa da Imaculada Concei\u00e7\u00e3o, comemorada em 8 de dezembro, foi inscrita no calend\u00e1rio lit\u00fargico pelo Papa Sisto IV, em 28 de fevereiro\u2026","rel":"","context":"In &quot;Atualidade&quot;","block_context":{"text":"Atualidade","link":"https:\/\/correiodasemana.com\/site\/category\/atualidade\/"},"img":{"alt_text":"","src":"https:\/\/i0.wp.com\/correiodasemana.com\/site\/wp-content\/uploads\/2022\/12\/21.jpeg?resize=350%2C200&ssl=1","width":350,"height":200,"srcset":"https:\/\/i0.wp.com\/correiodasemana.com\/site\/wp-content\/uploads\/2022\/12\/21.jpeg?resize=350%2C200&ssl=1 1x, https:\/\/i0.wp.com\/correiodasemana.com\/site\/wp-content\/uploads\/2022\/12\/21.jpeg?resize=525%2C300&ssl=1 1.5x, https:\/\/i0.wp.com\/correiodasemana.com\/site\/wp-content\/uploads\/2022\/12\/21.jpeg?resize=700%2C400&ssl=1 2x, https:\/\/i0.wp.com\/correiodasemana.com\/site\/wp-content\/uploads\/2022\/12\/21.jpeg?resize=1050%2C600&ssl=1 3x, https:\/\/i0.wp.com\/correiodasemana.com\/site\/wp-content\/uploads\/2022\/12\/21.jpeg?resize=1400%2C800&ssl=1 4x"},"classes":[]}],"jetpack_sharing_enabled":true,"_links":{"self":[{"href":"https:\/\/correiodasemana.com\/site\/wp-json\/wp\/v2\/posts\/36691","targetHints":{"allow":["GET"]}}],"collection":[{"href":"https:\/\/correiodasemana.com\/site\/wp-json\/wp\/v2\/posts"}],"about":[{"href":"https:\/\/correiodasemana.com\/site\/wp-json\/wp\/v2\/types\/post"}],"author":[{"embeddable":true,"href":"https:\/\/correiodasemana.com\/site\/wp-json\/wp\/v2\/users\/7"}],"replies":[{"embeddable":true,"href":"https:\/\/correiodasemana.com\/site\/wp-json\/wp\/v2\/comments?post=36691"}],"version-history":[{"count":2,"href":"https:\/\/correiodasemana.com\/site\/wp-json\/wp\/v2\/posts\/36691\/revisions"}],"predecessor-version":[{"id":36704,"href":"https:\/\/correiodasemana.com\/site\/wp-json\/wp\/v2\/posts\/36691\/revisions\/36704"}],"wp:featuredmedia":[{"embeddable":true,"href":"https:\/\/correiodasemana.com\/site\/wp-json\/wp\/v2\/media\/36702"}],"wp:attachment":[{"href":"https:\/\/correiodasemana.com\/site\/wp-json\/wp\/v2\/media?parent=36691"}],"wp:term":[{"taxonomy":"category","embeddable":true,"href":"https:\/\/correiodasemana.com\/site\/wp-json\/wp\/v2\/categories?post=36691"},{"taxonomy":"post_tag","embeddable":true,"href":"https:\/\/correiodasemana.com\/site\/wp-json\/wp\/v2\/tags?post=36691"}],"curies":[{"name":"wp","href":"https:\/\/api.w.org\/{rel}","templated":true}]}}