{"id":36705,"date":"2025-12-11T16:03:49","date_gmt":"2025-12-11T19:03:49","guid":{"rendered":"https:\/\/correiodasemana.com\/site\/?p=36705"},"modified":"2025-12-11T16:03:49","modified_gmt":"2025-12-11T19:03:49","slug":"a-oab-subseccao-sobral-instala-comissao-especial-de-direito-canonico","status":"publish","type":"post","link":"https:\/\/correiodasemana.com\/site\/a-oab-subseccao-sobral-instala-comissao-especial-de-direito-canonico\/","title":{"rendered":"A OAB Subsec\u00e7\u00e3o Sobral instala Comiss\u00e3o Especial de Direito Can\u00f4nico"},"content":{"rendered":"<div id='gallery-1' class='gallery galleryid-36705 gallery-columns-6 gallery-size-thumbnail'><figure class='gallery-item'>\n\t\t\t<div class='gallery-icon landscape'>\n\t\t\t\t<a href='https:\/\/correiodasemana.com\/site\/a-oab-subseccao-sobral-instala-comissao-especial-de-direito-canonico\/whatsapp-image-2025-12-05-at-13-02-40-1\/'><img loading=\"lazy\" width=\"150\" height=\"150\" src=\"https:\/\/correiodasemana.com\/site\/wp-content\/uploads\/2025\/12\/WhatsApp-Image-2025-12-05-at-13.02.40-1-150x150.jpeg\" class=\"attachment-thumbnail size-thumbnail\" alt=\"WhatsApp Image 2025-12-05 at 13.02.40 (1)\" loading=\"lazy\" decoding=\"async\" \/><\/a>\n\t\t\t<\/div><\/figure><figure class='gallery-item'>\n\t\t\t<div class='gallery-icon landscape'>\n\t\t\t\t<a href='https:\/\/correiodasemana.com\/site\/a-oab-subseccao-sobral-instala-comissao-especial-de-direito-canonico\/whatsapp-image-2025-12-05-at-13-02-40-2\/'><img loading=\"lazy\" width=\"150\" height=\"150\" src=\"https:\/\/correiodasemana.com\/site\/wp-content\/uploads\/2025\/12\/WhatsApp-Image-2025-12-05-at-13.02.40-2-150x150.jpeg\" class=\"attachment-thumbnail size-thumbnail\" alt=\"WhatsApp Image 2025-12-05 at 13.02.40 (2)\" loading=\"lazy\" decoding=\"async\" \/><\/a>\n\t\t\t<\/div><\/figure><figure class='gallery-item'>\n\t\t\t<div class='gallery-icon landscape'>\n\t\t\t\t<a href='https:\/\/correiodasemana.com\/site\/a-oab-subseccao-sobral-instala-comissao-especial-de-direito-canonico\/whatsapp-image-2025-12-05-at-13-02-40\/'><img loading=\"lazy\" width=\"150\" height=\"150\" src=\"https:\/\/correiodasemana.com\/site\/wp-content\/uploads\/2025\/12\/WhatsApp-Image-2025-12-05-at-13.02.40-150x150.jpeg\" class=\"attachment-thumbnail size-thumbnail\" alt=\"WhatsApp Image 2025-12-05 at 13.02.40\" loading=\"lazy\" decoding=\"async\" \/><\/a>\n\t\t\t<\/div><\/figure><figure class='gallery-item'>\n\t\t\t<div class='gallery-icon landscape'>\n\t\t\t\t<a href='https:\/\/correiodasemana.com\/site\/a-oab-subseccao-sobral-instala-comissao-especial-de-direito-canonico\/whatsapp-image-2025-12-05-at-13-02-41-1\/'><img loading=\"lazy\" width=\"150\" height=\"150\" src=\"https:\/\/correiodasemana.com\/site\/wp-content\/uploads\/2025\/12\/WhatsApp-Image-2025-12-05-at-13.02.41-1-150x150.jpeg\" class=\"attachment-thumbnail size-thumbnail\" alt=\"WhatsApp Image 2025-12-05 at 13.02.41 (1)\" loading=\"lazy\" decoding=\"async\" \/><\/a>\n\t\t\t<\/div><\/figure><figure class='gallery-item'>\n\t\t\t<div class='gallery-icon landscape'>\n\t\t\t\t<a href='https:\/\/correiodasemana.com\/site\/a-oab-subseccao-sobral-instala-comissao-especial-de-direito-canonico\/whatsapp-image-2025-12-05-at-13-02-41-2\/'><img loading=\"lazy\" width=\"150\" height=\"150\" src=\"https:\/\/correiodasemana.com\/site\/wp-content\/uploads\/2025\/12\/WhatsApp-Image-2025-12-05-at-13.02.41-2-150x150.jpeg\" class=\"attachment-thumbnail size-thumbnail\" alt=\"WhatsApp Image 2025-12-05 at 13.02.41 (2)\" loading=\"lazy\" decoding=\"async\" \/><\/a>\n\t\t\t<\/div><\/figure><figure class='gallery-item'>\n\t\t\t<div class='gallery-icon landscape'>\n\t\t\t\t<a href='https:\/\/correiodasemana.com\/site\/a-oab-subseccao-sobral-instala-comissao-especial-de-direito-canonico\/whatsapp-image-2025-12-05-at-13-02-41-3\/'><img loading=\"lazy\" width=\"150\" height=\"150\" src=\"https:\/\/correiodasemana.com\/site\/wp-content\/uploads\/2025\/12\/WhatsApp-Image-2025-12-05-at-13.02.41-3-150x150.jpeg\" class=\"attachment-thumbnail size-thumbnail\" alt=\"WhatsApp Image 2025-12-05 at 13.02.41 (3)\" loading=\"lazy\" decoding=\"async\" \/><\/a>\n\t\t\t<\/div><\/figure><figure class='gallery-item'>\n\t\t\t<div class='gallery-icon landscape'>\n\t\t\t\t<a href='https:\/\/correiodasemana.com\/site\/a-oab-subseccao-sobral-instala-comissao-especial-de-direito-canonico\/whatsapp-image-2025-12-05-at-13-02-41-4\/'><img loading=\"lazy\" width=\"150\" height=\"150\" src=\"https:\/\/correiodasemana.com\/site\/wp-content\/uploads\/2025\/12\/WhatsApp-Image-2025-12-05-at-13.02.41-4-150x150.jpeg\" class=\"attachment-thumbnail size-thumbnail\" alt=\"WhatsApp Image 2025-12-05 at 13.02.41 (4)\" loading=\"lazy\" decoding=\"async\" \/><\/a>\n\t\t\t<\/div><\/figure><figure class='gallery-item'>\n\t\t\t<div class='gallery-icon landscape'>\n\t\t\t\t<a href='https:\/\/correiodasemana.com\/site\/a-oab-subseccao-sobral-instala-comissao-especial-de-direito-canonico\/whatsapp-image-2025-12-05-at-13-02-41\/'><img loading=\"lazy\" width=\"150\" height=\"150\" src=\"https:\/\/correiodasemana.com\/site\/wp-content\/uploads\/2025\/12\/WhatsApp-Image-2025-12-05-at-13.02.41-150x150.jpeg\" class=\"attachment-thumbnail size-thumbnail\" alt=\"WhatsApp Image 2025-12-05 at 13.02.41\" loading=\"lazy\" decoding=\"async\" \/><\/a>\n\t\t\t<\/div><\/figure><figure class='gallery-item'>\n\t\t\t<div class='gallery-icon landscape'>\n\t\t\t\t<a href='https:\/\/correiodasemana.com\/site\/a-oab-subseccao-sobral-instala-comissao-especial-de-direito-canonico\/whatsapp-image-2025-12-05-at-13-02-42-1\/'><img loading=\"lazy\" width=\"150\" height=\"150\" src=\"https:\/\/correiodasemana.com\/site\/wp-content\/uploads\/2025\/12\/WhatsApp-Image-2025-12-05-at-13.02.42-1-150x150.jpeg\" class=\"attachment-thumbnail size-thumbnail\" alt=\"WhatsApp Image 2025-12-05 at 13.02.42 (1)\" loading=\"lazy\" decoding=\"async\" \/><\/a>\n\t\t\t<\/div><\/figure><figure class='gallery-item'>\n\t\t\t<div class='gallery-icon landscape'>\n\t\t\t\t<a href='https:\/\/correiodasemana.com\/site\/a-oab-subseccao-sobral-instala-comissao-especial-de-direito-canonico\/whatsapp-image-2025-12-05-at-13-02-42-2\/'><img loading=\"lazy\" width=\"150\" height=\"150\" src=\"https:\/\/correiodasemana.com\/site\/wp-content\/uploads\/2025\/12\/WhatsApp-Image-2025-12-05-at-13.02.42-2-150x150.jpeg\" class=\"attachment-thumbnail size-thumbnail\" alt=\"WhatsApp Image 2025-12-05 at 13.02.42 (2)\" loading=\"lazy\" decoding=\"async\" \/><\/a>\n\t\t\t<\/div><\/figure><figure class='gallery-item'>\n\t\t\t<div class='gallery-icon landscape'>\n\t\t\t\t<a href='https:\/\/correiodasemana.com\/site\/a-oab-subseccao-sobral-instala-comissao-especial-de-direito-canonico\/whatsapp-image-2025-12-05-at-13-02-42\/'><img loading=\"lazy\" width=\"150\" height=\"150\" src=\"https:\/\/correiodasemana.com\/site\/wp-content\/uploads\/2025\/12\/WhatsApp-Image-2025-12-05-at-13.02.42-150x150.jpeg\" class=\"attachment-thumbnail size-thumbnail\" alt=\"WhatsApp Image 2025-12-05 at 13.02.42\" loading=\"lazy\" decoding=\"async\" \/><\/a>\n\t\t\t<\/div><\/figure>\n\t\t<\/div>\n\n<p>A OAB Subsec\u00e7\u00e3o Sobral realizou, nesta quarta-feira (03\/12), a solenidade oficial de instala\u00e7\u00e3o da Comiss\u00e3o Especial de Direito Can\u00f4nico, marcando um momento in\u00e9dito e significativo para a advocacia sobralense. O evento reuniu advogados, acad\u00eamicos, autoridades eclesi\u00e1sticas e convidados, selando o in\u00edcio das atividades da nova comiss\u00e3o.<br \/>\nA cerim\u00f4nia, presidida pelo presidente da Subse\u00e7\u00e3o, Dr. Rafael Ponte, contou com a posse da diretoria, dos membros efetivos e dos membros consultivos, em uma forma\u00e7\u00e3o plural e interdisciplinar composta por profissionais do Direito, estudiosos e representantes do meio eclesi\u00e1stico. Entre os membros consultivos, destacou-se a presen\u00e7a de Dom Jos\u00e9 Luiz Gomes de Vasconcelos, Mestre em Patr\u00edstica e Bispo Diocesano de Sobral.<br \/>\nTamb\u00e9m integram o grupo consultivo o italiano Dr. Paolo Vilotta, postulador das Causas dos Santos, residente em Roma, It\u00e1lia, representado na solenidade pelo presidente Jos\u00e9 Lu\u00eds Lira; o Monsenhor Doutorando Ant\u00f4nio Carlos do Nascimento, Presidente do Tribunal Eclesi\u00e1stico Regional e de Apela\u00e7\u00e3o do Cear\u00e1 e Vig\u00e1rio Judicial, Bispo Auxiliar eleito da Arquidiocese de Fortaleza, representado por Dom Vasconcelos; o Pe. Ms. Jo\u00e3o Batista Nery de Abreu, Juiz Auditor da C\u00e2mara Eclesi\u00e1stica da Diocese de Sobral; o Prof. Manoel Valdeci de Vasconcelos, latinista, bacharel em Letras Neolatinas e bacharel em Direito; e o Prof. Dr. Renato Moreira de Abrantes, Coordenador da P\u00f3s-Gradua\u00e7\u00e3o, Pesquisa e Extens\u00e3o da Faculdade Cat\u00f3lica de Fortaleza, representado pelo presidente Jos\u00e9 Lu\u00eds Lira.<\/p>\n<p>A Diretoria ficou assim composta:<br \/>\nPresidente \u2013 Dr. Jos\u00e9 Lu\u00eds Ara\u00fajo Lira (OAB 15021)<br \/>\n1\u00aa Vice-Presidente \u2013 Dra. Th\u00e1zia Maria Barros Ferreira (OAB 36151)<br \/>\n2\u00ba Vice-Presidente \u2013 Dr. Jo\u00e3o Paulo Am\u00e2ncio Melo (OAB 47364)<br \/>\nSecret\u00e1rio-Geral \u2013 Dr. Igor Barreto de Menezes Pereira (OAB 16335)<br \/>\nSecret\u00e1rio-Geral Adjunto \u2013 Dr. Francisco Eleumar Vaz Cordeiro (OAB 47930)<br \/>\nAdvogados e universit\u00e1rios tamb\u00e9m tomaram posse na ocasi\u00e3o, de forma presencial e h\u00edbrida.<\/p>\n<p>Abrindo a solenidade, o presidente Rafael Ponte destacou a import\u00e2ncia da cria\u00e7\u00e3o da comiss\u00e3o, ressaltando que ela amplia o leque de possibilidades de atua\u00e7\u00e3o profissional da advocacia, inclusive no \u00e2mbito das nulidades matrimoniais, entre outras demandas que exigem conhecimento t\u00e9cnico em Direito Can\u00f4nico \u2014 \u00e1rea que a comiss\u00e3o vem fortalecer na Subse\u00e7\u00e3o.<br \/>\nDom Vasconcelos, membro consultivo da Comiss\u00e3o, enfatizou o car\u00e1ter hist\u00f3rico do momento, lembrando que a comiss\u00e3o foi aprovada por unanimidade pelo Conselho Pleno da OAB Subsec\u00e7\u00e3o Sobral, consolidando a Subse\u00e7\u00e3o como uma das pioneiras no pa\u00eds. Para ele, trata-se de um marco significativo tanto para o mundo jur\u00eddico quanto para o contexto eclesial da regi\u00e3o, refletindo a sensibilidade institucional, a vis\u00e3o de futuro e o compromisso da OAB Sobral com uma forma\u00e7\u00e3o jur\u00eddica integral.<br \/>\nO presidente empossado, Prof. Dr. Jos\u00e9 Lu\u00eds Lira, ressaltou a relev\u00e2ncia hist\u00f3rica do Direito Can\u00f4nico, desde o \u00c9dito de Mil\u00e3o at\u00e9 os tempos atuais, lembrando que se trata do ordenamento jur\u00eddico do Estado do Vaticano, reconhecido pela Rep\u00fablica Federativa do Brasil. Destacou ainda sua import\u00e2ncia na forma\u00e7\u00e3o do Direito Ocidental e refor\u00e7ou que o estudo da mat\u00e9ria n\u00e3o contraria, em hip\u00f3tese alguma, o princ\u00edpio do Estado laico.<br \/>\nDurante a cerim\u00f4nia, foram reafirmadas as finalidades da comiss\u00e3o: promover estudos, aprofundamento jur\u00eddico, forma\u00e7\u00e3o t\u00e9cnica e di\u00e1logo permanente sobre temas relacionados ao Direito Can\u00f4nico e sua interface com o ordenamento jur\u00eddico brasileiro.<br \/>\nA instala\u00e7\u00e3o da comiss\u00e3o representa um avan\u00e7o significativo para a OAB Subsec\u00e7\u00e3o Sobral, ampliando as \u00e1reas de atua\u00e7\u00e3o institucional e abrindo espa\u00e7o para debates, pesquisas, atividades formativas e acompanhamento de quest\u00f5es que dialogam entre os campos civil, religioso e comunit\u00e1rio.<\/p>\n","protected":false},"excerpt":{"rendered":"<p>A OAB Subsec\u00e7\u00e3o Sobral realizou, nesta quarta-feira (03\/12), a solenidade oficial de instala\u00e7\u00e3o da Comiss\u00e3o&#8230;<\/p>\n","protected":false},"author":7,"featured_media":36713,"comment_status":"open","ping_status":"open","sticky":false,"template":"","format":"standard","meta":{"_jetpack_memberships_contains_paid_content":false,"footnotes":"","jetpack_publicize_message":"","jetpack_publicize_feature_enabled":true,"jetpack_social_post_already_shared":true,"jetpack_social_options":{"image_generator_settings":{"template":"highway","default_image_id":0,"font":"","enabled":false},"version":2}},"categories":[1],"tags":[],"class_list":["post-36705","post","type-post","status-publish","format-standard","has-post-thumbnail","hentry","category-atualidade"],"jetpack_publicize_connections":[],"jetpack_featured_media_url":"https:\/\/correiodasemana.com\/site\/wp-content\/uploads\/2025\/12\/WhatsApp-Image-2025-12-05-at-13.02.41.jpeg","jetpack-related-posts":[{"id":34655,"url":"https:\/\/correiodasemana.com\/site\/oab-de-sobral-no-ceara-cria-comissao-especial-de-direito-canonico\/","url_meta":{"origin":36705,"position":0},"title":"OAB de Sobral, no Cear\u00e1, cria Comiss\u00e3o Especial de Direito Can\u00f4nico","author":"adminredacao","date":"Julho 15, 2025","format":false,"excerpt":"Fonte: Vatican News Durante 3\u00aa Reuni\u00e3o Ordin\u00e1ria do Conselho Pleno da Subsec\u00e7\u00e3o de Sobral da Ordem dos Advogados do Brasil \u2013 Se\u00e7\u00e3o do Cear\u00e1, realizada de forma h\u00edbrida, na sede da OAB Sobral, no Cear\u00e1, na tarde desta quinta-feira, 10 de julho de 2025, presidida pelo advogado Rafael Ponte, presidente\u2026","rel":"","context":"In &quot;Atualidade&quot;","block_context":{"text":"Atualidade","link":"https:\/\/correiodasemana.com\/site\/category\/atualidade\/"},"img":{"alt_text":"","src":"https:\/\/i0.wp.com\/correiodasemana.com\/site\/wp-content\/uploads\/2025\/07\/Jornal-Correio-da-Semana-No-1080-1.jpg?resize=350%2C200&ssl=1","width":350,"height":200,"srcset":"https:\/\/i0.wp.com\/correiodasemana.com\/site\/wp-content\/uploads\/2025\/07\/Jornal-Correio-da-Semana-No-1080-1.jpg?resize=350%2C200&ssl=1 1x, https:\/\/i0.wp.com\/correiodasemana.com\/site\/wp-content\/uploads\/2025\/07\/Jornal-Correio-da-Semana-No-1080-1.jpg?resize=525%2C300&ssl=1 1.5x"},"classes":[]},{"id":36584,"url":"https:\/\/correiodasemana.com\/site\/comissao-especial-de-direito-canonico-da-oab-de-sobral-sera-instalada\/","url_meta":{"origin":36705,"position":1},"title":"Comiss\u00e3o Especial de Direito Can\u00f4nico da OAB de Sobral ser\u00e1 instalada","author":"adminredacao","date":"Dezembro 1, 2025","format":false,"excerpt":"O Presidente da OAB de Sobral, Dr. Rafael Ponte, convida para a sess\u00e3o solene de instala\u00e7\u00e3o da Comiss\u00e3o Especial de Direito Can\u00f4nico da OAB de Sobral que ser\u00e1 no dia 3 de dezembro de 2025, \u00e0s 16h30min, na sede da Subse\u00e7\u00e3o, situada na Av. Dr. Arimat\u00e9ia Monte e Silva, 650\u2026","rel":"","context":"In &quot;Atualidade&quot;","block_context":{"text":"Atualidade","link":"https:\/\/correiodasemana.com\/site\/category\/atualidade\/"},"img":{"alt_text":"","src":"https:\/\/i0.wp.com\/correiodasemana.com\/site\/wp-content\/uploads\/2025\/12\/DOM-Vasconcelos.png?resize=350%2C200&ssl=1","width":350,"height":200},"classes":[]},{"id":20113,"url":"https:\/\/correiodasemana.com\/site\/professor-da-uva-e-diretor-do-museu-dom-jose-e-empossado-como-membro-da-comissao-especial-de-cultura-da-oab-nacional\/","url_meta":{"origin":36705,"position":2},"title":"Professor da UVA e Diretor do Museu Dom Jos\u00e9 \u00e9 empossado como membro da Comiss\u00e3o Especial de Cultura da OAB Nacional","author":"","date":"Junho 13, 2022","format":false,"excerpt":"O professor do curso de Direito da Universidade Estadual Vale do Acara\u00fa (UVA), diretor do Museu Diocesano Dom Jos\u00e9 e diretor Adjunto do Centro de Ci\u00eancias Sociais Aplicadas, Jos\u00e9 Lu\u00eds Lira, foi empossado como membro da Comiss\u00e3o Especial de Cultura e Arte do Conselho Federal da Ordem dos Advogados do\u2026","rel":"","context":"In &quot;Atualidade&quot;","block_context":{"text":"Atualidade","link":"https:\/\/correiodasemana.com\/site\/category\/atualidade\/"},"img":{"alt_text":"","src":"https:\/\/i0.wp.com\/correiodasemana.com\/site\/wp-content\/uploads\/2022\/06\/20220603_164646-scaled.jpg?resize=350%2C200&ssl=1","width":350,"height":200,"srcset":"https:\/\/i0.wp.com\/correiodasemana.com\/site\/wp-content\/uploads\/2022\/06\/20220603_164646-scaled.jpg?resize=350%2C200&ssl=1 1x, https:\/\/i0.wp.com\/correiodasemana.com\/site\/wp-content\/uploads\/2022\/06\/20220603_164646-scaled.jpg?resize=525%2C300&ssl=1 1.5x, https:\/\/i0.wp.com\/correiodasemana.com\/site\/wp-content\/uploads\/2022\/06\/20220603_164646-scaled.jpg?resize=700%2C400&ssl=1 2x, https:\/\/i0.wp.com\/correiodasemana.com\/site\/wp-content\/uploads\/2022\/06\/20220603_164646-scaled.jpg?resize=1050%2C600&ssl=1 3x, https:\/\/i0.wp.com\/correiodasemana.com\/site\/wp-content\/uploads\/2022\/06\/20220603_164646-scaled.jpg?resize=1400%2C800&ssl=1 4x"},"classes":[]},{"id":26520,"url":"https:\/\/correiodasemana.com\/site\/comissao-da-camara-discute-projetos-em-audiencia-publica\/","url_meta":{"origin":36705,"position":3},"title":"Comiss\u00e3o da C\u00e2mara discute projetos em Audi\u00eancia P\u00fablica","author":"adminredacao","date":"Setembro 18, 2023","format":false,"excerpt":"Fonte: Assessoria da C\u00e2mara Municipal de Sobral Na manh\u00e3 de\u00a0quinta-feira\u00a0(14), a C\u00e2mara Municipal de Sobral se tornou o epicentro das discuss\u00f5es pol\u00edticas e administrativas da cidade ao sediar uma audi\u00eancia p\u00fablica de extrema import\u00e2ncia. O encontro reuniu diversas autoridades e representantes da sociedade civil, com o objetivo de debater projetos\u2026","rel":"","context":"In &quot;Atualidade&quot;","block_context":{"text":"Atualidade","link":"https:\/\/correiodasemana.com\/site\/category\/atualidade\/"},"img":{"alt_text":"","src":"https:\/\/i0.wp.com\/correiodasemana.com\/site\/wp-content\/uploads\/2023\/09\/noticia_2da6941c3069bde.jpeg?resize=350%2C200&ssl=1","width":350,"height":200,"srcset":"https:\/\/i0.wp.com\/correiodasemana.com\/site\/wp-content\/uploads\/2023\/09\/noticia_2da6941c3069bde.jpeg?resize=350%2C200&ssl=1 1x, https:\/\/i0.wp.com\/correiodasemana.com\/site\/wp-content\/uploads\/2023\/09\/noticia_2da6941c3069bde.jpeg?resize=525%2C300&ssl=1 1.5x"},"classes":[]},{"id":36943,"url":"https:\/\/correiodasemana.com\/site\/igreja-no-brasil-ganha-nova-diocese-papa-leao-xiv-criou-a-diocese-de-baturite-no-ceara\/","url_meta":{"origin":36705,"position":4},"title":"Igreja no Brasil ganha nova diocese: Papa Le\u00e3o XIV criou a Diocese de Baturit\u00e9, no Cear\u00e1","author":"adminredacao","date":"Janeiro 6, 2026","format":false,"excerpt":"O Papa Le\u00e3o XIV criou a diocese de Baturit\u00e9, no Cear\u00e1, nesta quinta-feira, 1\u00ba de janeiro de 2026. O primeiro bispo ser\u00e1 dom Lu\u00eds Gonzaga Pepeu, franciscano capuchinho que foi arcebispo de Vit\u00f3ria da Conquista (BA), entre 2008 e 2019. A nova diocese tem o territ\u00f3rio desmembrado da arquidiocese de\u2026","rel":"","context":"In &quot;Atualidade&quot;","block_context":{"text":"Atualidade","link":"https:\/\/correiodasemana.com\/site\/category\/atualidade\/"},"img":{"alt_text":"","src":"https:\/\/i0.wp.com\/correiodasemana.com\/site\/wp-content\/uploads\/2026\/01\/Diocese-Baturite.png?resize=350%2C200&ssl=1","width":350,"height":200,"srcset":"https:\/\/i0.wp.com\/correiodasemana.com\/site\/wp-content\/uploads\/2026\/01\/Diocese-Baturite.png?resize=350%2C200&ssl=1 1x, https:\/\/i0.wp.com\/correiodasemana.com\/site\/wp-content\/uploads\/2026\/01\/Diocese-Baturite.png?resize=525%2C300&ssl=1 1.5x, https:\/\/i0.wp.com\/correiodasemana.com\/site\/wp-content\/uploads\/2026\/01\/Diocese-Baturite.png?resize=700%2C400&ssl=1 2x, https:\/\/i0.wp.com\/correiodasemana.com\/site\/wp-content\/uploads\/2026\/01\/Diocese-Baturite.png?resize=1050%2C600&ssl=1 3x"},"classes":[]},{"id":28538,"url":"https:\/\/correiodasemana.com\/site\/comissao-diocesana-para-a-protecao-de-menores-e-pessoas-vulneraveis-reune-se-em-sobral\/","url_meta":{"origin":36705,"position":5},"title":"Comiss\u00e3o Diocesana para a prote\u00e7\u00e3o de menores e pessoas vulner\u00e1veis re\u00fane-se em Sobral","author":"adminredacao","date":"Mar\u00e7o 4, 2024","format":false,"excerpt":"Na manh\u00e3 desta ter\u00e7a-feira, 27 de fevereiro, os novos membros da Comiss\u00e3o Diocesana reuniram-se na C\u00faria Diocesana com Dom Vasconcelos. A respectiva comiss\u00e3o foi nomeada pelo bispo diocesano para um mandato de tr\u00eas anos. A tarefa do grupo \u00e9 definir boas pr\u00e1ticas atrav\u00e9s das quais todos os \u00f3rg\u00e3os eclesi\u00e1sticos sujeitos\u2026","rel":"","context":"In &quot;Atualidade&quot;","block_context":{"text":"Atualidade","link":"https:\/\/correiodasemana.com\/site\/category\/atualidade\/"},"img":{"alt_text":"","src":"https:\/\/i0.wp.com\/correiodasemana.com\/site\/wp-content\/uploads\/2024\/03\/DSC8653-scaled.jpg?resize=350%2C200&ssl=1","width":350,"height":200,"srcset":"https:\/\/i0.wp.com\/correiodasemana.com\/site\/wp-content\/uploads\/2024\/03\/DSC8653-scaled.jpg?resize=350%2C200&ssl=1 1x, https:\/\/i0.wp.com\/correiodasemana.com\/site\/wp-content\/uploads\/2024\/03\/DSC8653-scaled.jpg?resize=525%2C300&ssl=1 1.5x, https:\/\/i0.wp.com\/correiodasemana.com\/site\/wp-content\/uploads\/2024\/03\/DSC8653-scaled.jpg?resize=700%2C400&ssl=1 2x, https:\/\/i0.wp.com\/correiodasemana.com\/site\/wp-content\/uploads\/2024\/03\/DSC8653-scaled.jpg?resize=1050%2C600&ssl=1 3x, https:\/\/i0.wp.com\/correiodasemana.com\/site\/wp-content\/uploads\/2024\/03\/DSC8653-scaled.jpg?resize=1400%2C800&ssl=1 4x"},"classes":[]}],"jetpack_sharing_enabled":true,"_links":{"self":[{"href":"https:\/\/correiodasemana.com\/site\/wp-json\/wp\/v2\/posts\/36705","targetHints":{"allow":["GET"]}}],"collection":[{"href":"https:\/\/correiodasemana.com\/site\/wp-json\/wp\/v2\/posts"}],"about":[{"href":"https:\/\/correiodasemana.com\/site\/wp-json\/wp\/v2\/types\/post"}],"author":[{"embeddable":true,"href":"https:\/\/correiodasemana.com\/site\/wp-json\/wp\/v2\/users\/7"}],"replies":[{"embeddable":true,"href":"https:\/\/correiodasemana.com\/site\/wp-json\/wp\/v2\/comments?post=36705"}],"version-history":[{"count":1,"href":"https:\/\/correiodasemana.com\/site\/wp-json\/wp\/v2\/posts\/36705\/revisions"}],"predecessor-version":[{"id":36717,"href":"https:\/\/correiodasemana.com\/site\/wp-json\/wp\/v2\/posts\/36705\/revisions\/36717"}],"wp:featuredmedia":[{"embeddable":true,"href":"https:\/\/correiodasemana.com\/site\/wp-json\/wp\/v2\/media\/36713"}],"wp:attachment":[{"href":"https:\/\/correiodasemana.com\/site\/wp-json\/wp\/v2\/media?parent=36705"}],"wp:term":[{"taxonomy":"category","embeddable":true,"href":"https:\/\/correiodasemana.com\/site\/wp-json\/wp\/v2\/categories?post=36705"},{"taxonomy":"post_tag","embeddable":true,"href":"https:\/\/correiodasemana.com\/site\/wp-json\/wp\/v2\/tags?post=36705"}],"curies":[{"name":"wp","href":"https:\/\/api.w.org\/{rel}","templated":true}]}}