{"id":36718,"date":"2025-12-11T16:04:59","date_gmt":"2025-12-11T19:04:59","guid":{"rendered":"https:\/\/correiodasemana.com\/site\/?p=36718"},"modified":"2025-12-11T16:04:59","modified_gmt":"2025-12-11T19:04:59","slug":"santa-casa-de-sobral-amplia-aleitamento-materno-na-neonatologia-com-implantacao-do-round-da-amamentacao","status":"publish","type":"post","link":"https:\/\/correiodasemana.com\/site\/santa-casa-de-sobral-amplia-aleitamento-materno-na-neonatologia-com-implantacao-do-round-da-amamentacao\/","title":{"rendered":"Santa Casa de Sobral amplia aleitamento materno na Neonatologia com implanta\u00e7\u00e3o do Round da Amamenta\u00e7\u00e3o"},"content":{"rendered":"<div id='gallery-1' class='gallery galleryid-36718 gallery-columns-6 gallery-size-thumbnail'><figure class='gallery-item'>\n\t\t\t<div class='gallery-icon landscape'>\n\t\t\t\t<a href='https:\/\/correiodasemana.com\/site\/santa-casa-de-sobral-amplia-aleitamento-materno-na-neonatologia-com-implantacao-do-round-da-amamentacao\/round-da-amamentacao-2\/'><img loading=\"lazy\" width=\"150\" height=\"150\" src=\"https:\/\/correiodasemana.com\/site\/wp-content\/uploads\/2025\/12\/Round-da-amamentacao-2-150x150.jpeg\" class=\"attachment-thumbnail size-thumbnail\" alt=\"Round da amamenta\u00e7\u00e3o (2)\" loading=\"lazy\" decoding=\"async\" \/><\/a>\n\t\t\t<\/div><\/figure><figure class='gallery-item'>\n\t\t\t<div class='gallery-icon landscape'>\n\t\t\t\t<a href='https:\/\/correiodasemana.com\/site\/santa-casa-de-sobral-amplia-aleitamento-materno-na-neonatologia-com-implantacao-do-round-da-amamentacao\/round-da-amamentacao-1\/'><img loading=\"lazy\" width=\"150\" height=\"150\" src=\"https:\/\/correiodasemana.com\/site\/wp-content\/uploads\/2025\/12\/Round-da-amamentacao-1-150x150.jpeg\" class=\"attachment-thumbnail size-thumbnail\" alt=\"Round da amamenta\u00e7\u00e3o (1)\" loading=\"lazy\" decoding=\"async\" \/><\/a>\n\t\t\t<\/div><\/figure>\n\t\t<\/div>\n\n<p>A amamenta\u00e7\u00e3o \u00e9 fundamental para a sa\u00fade e a nutri\u00e7\u00e3o dos beb\u00eas, contribuindo para o desenvolvimento do sistema imunol\u00f3gico e para a preven\u00e7\u00e3o de diversas doen\u00e7as. A Santa Casa de Miseric\u00f3rdia de Sobral, certificada pela Iniciativa Hospital Amigo da Crian\u00e7a (IHAC), vem fortalecendo suas a\u00e7\u00f5es de incentivo ao aleitamento materno exclusivo e implantou recentemente o Round da Amamenta\u00e7\u00e3o na Neonatologia.<br \/>\nO Round da Amamenta\u00e7\u00e3o funciona como uma passagem de plant\u00e3o realizada \u00e0 beira-leito na UTI Neonatal (UTIN) e na Unidade de Cuidados Intermedi\u00e1rios Canguru (UCINCO). Durante o processo, as equipes discutem aspectos diretamente relacionados ao aleitamento materno. \u201cNosso principal objetivo \u00e9 incentivar o aleitamento materno exclusivo e evitar o uso de f\u00f3rmulas infantis, garantindo o melhor desenvolvimento dos beb\u00eas\u201d, refor\u00e7a a diretora assistencial Maria de Lourdes Santos Rocha.<br \/>\nAs equipes envolvidas nos rounds s\u00e3o compostas por m\u00e9dicos neonatologistas, enfermeiros e t\u00e9cnicos de enfermagem da unidade e do posto de coleta de leite humano, nutricionistas, fonoaudi\u00f3logos, assistentes sociais, psic\u00f3logos e um representante do N\u00facleo de Experi\u00eancia do Paciente (Nexp).<br \/>\n\u201cDurante o round, avaliamos o tipo de alimenta\u00e7\u00e3o que a crian\u00e7a est\u00e1 recebendo. Quando h\u00e1 uso de f\u00f3rmula, discutimos o motivo, seja baixa produ\u00e7\u00e3o de leite, aus\u00eancia da m\u00e3e ou indica\u00e7\u00e3o m\u00e9dica. Esta \u00e9 uma estrat\u00e9gia alinhada ao que preconiza a Iniciativa Hospital Amigo da Crian\u00e7a\u201d, explica a coordenadora de Nutri\u00e7\u00e3o Cl\u00ednica, Samara Evangelista.<br \/>\nO momento tamb\u00e9m \u00e9 dedicado \u00e0 an\u00e1lise de fatores que influenciam a amamenta\u00e7\u00e3o, como a presen\u00e7a e a participa\u00e7\u00e3o da m\u00e3e, suas condi\u00e7\u00f5es f\u00edsicas e emocionais e poss\u00edveis dificuldades, como dor, fissuras mam\u00e1rias ou ansiedade. Quando a aus\u00eancia materna \u00e9 identificada como barreira, a assistente social realiza busca ativa para viabilizar o v\u00ednculo e a continuidade do aleitamento. A equipe ainda promove a\u00e7\u00f5es para estimular a ordenha e assegurar que o leite seja disponibilizado ao beb\u00ea sempre que poss\u00edvel.<br \/>\nPara as m\u00e3es, a iniciativa refor\u00e7a o cuidado da equipe com a sa\u00fade tanto do beb\u00ea quanto delas pr\u00f3prias. A manicure Beatriz Cosme Feitosa, m\u00e3e do pequeno Pietro Ravy, internado h\u00e1 quase tr\u00eas meses na UTI Neonatal, relembra os desafios da amamenta\u00e7\u00e3o. \u201cTeve uma vez que tirei apenas meio mililitro de leite. Fiquei triste. Uma psic\u00f3loga conversou bastante comigo, e isso me ajudou muito. Consegui entender que, mesmo tirando pouco, o leite aumentaria aos poucos. Fui relaxando e acreditando que eu ia conseguir\u201d, conta. Hoje, o beb\u00ea, que nasceu com 25 semanas e 5 dias, j\u00e1 consegue receber o leite materno \u00e0 beira do leito e segue em processo de ganho de peso.<br \/>\nCom a implanta\u00e7\u00e3o do Round da Amamenta\u00e7\u00e3o, a Santa Casa refor\u00e7a seu compromisso com pr\u00e1ticas seguras e humanizadas, fortalecendo o cuidado neonatal e ampliando o apoio \u00e0s m\u00e3es no processo de amamenta\u00e7\u00e3o.<\/p>\n","protected":false},"excerpt":{"rendered":"<p>A amamenta\u00e7\u00e3o \u00e9 fundamental para a sa\u00fade e a nutri\u00e7\u00e3o dos beb\u00eas, contribuindo para o&#8230;<\/p>\n","protected":false},"author":7,"featured_media":36720,"comment_status":"open","ping_status":"open","sticky":false,"template":"","format":"standard","meta":{"_jetpack_memberships_contains_paid_content":false,"footnotes":"","jetpack_publicize_message":"","jetpack_publicize_feature_enabled":true,"jetpack_social_post_already_shared":true,"jetpack_social_options":{"image_generator_settings":{"template":"highway","default_image_id":0,"font":"","enabled":false},"version":2}},"categories":[1],"tags":[],"class_list":["post-36718","post","type-post","status-publish","format-standard","has-post-thumbnail","hentry","category-atualidade"],"jetpack_publicize_connections":[],"jetpack_featured_media_url":"https:\/\/correiodasemana.com\/site\/wp-content\/uploads\/2025\/12\/Round-da-amamentacao-1.jpeg","jetpack-related-posts":[{"id":29395,"url":"https:\/\/correiodasemana.com\/site\/hospital-regional-norte-alcanca-indice-de-97-de-aleitamento-em-bebes-na-alta-da-neonatologia\/","url_meta":{"origin":36718,"position":0},"title":"Hospital Regional Norte alcan\u00e7a \u00edndice de 97% de aleitamento em beb\u00eas na alta da Neonatologia","author":"adminredacao","date":"Maio 27, 2024","format":false,"excerpt":"Fundamental para a sa\u00fade e a nutri\u00e7\u00e3o dos beb\u00eas, a amamenta\u00e7\u00e3o traz in\u00fameros benef\u00edcios ao desenvolvimento do sistema imunol\u00f3gico e ajuda na preven\u00e7\u00e3o de doen\u00e7as. O Hospital Regional Norte (HRN), unidade da Secretaria da Sa\u00fade (Sesa), em Sobral, administrada pelo Instituto de Sa\u00fade e Gest\u00e3o Hospitalar (ISGH), tem desenvolvido a\u00e7\u00f5es\u2026","rel":"","context":"In &quot;Atualidade&quot;","block_context":{"text":"Atualidade","link":"https:\/\/correiodasemana.com\/site\/category\/atualidade\/"},"img":{"alt_text":"","src":"https:\/\/i0.wp.com\/correiodasemana.com\/site\/wp-content\/uploads\/2024\/05\/Banco-de-leite-44.png?resize=350%2C200&ssl=1","width":350,"height":200,"srcset":"https:\/\/i0.wp.com\/correiodasemana.com\/site\/wp-content\/uploads\/2024\/05\/Banco-de-leite-44.png?resize=350%2C200&ssl=1 1x, https:\/\/i0.wp.com\/correiodasemana.com\/site\/wp-content\/uploads\/2024\/05\/Banco-de-leite-44.png?resize=525%2C300&ssl=1 1.5x, https:\/\/i0.wp.com\/correiodasemana.com\/site\/wp-content\/uploads\/2024\/05\/Banco-de-leite-44.png?resize=700%2C400&ssl=1 2x, https:\/\/i0.wp.com\/correiodasemana.com\/site\/wp-content\/uploads\/2024\/05\/Banco-de-leite-44.png?resize=1050%2C600&ssl=1 3x, https:\/\/i0.wp.com\/correiodasemana.com\/site\/wp-content\/uploads\/2024\/05\/Banco-de-leite-44.png?resize=1400%2C800&ssl=1 4x"},"classes":[]},{"id":20752,"url":"https:\/\/correiodasemana.com\/site\/santa-casa-de-sobral-realiza-semana-do-aleitamento-materno\/","url_meta":{"origin":36718,"position":1},"title":"Santa Casa de Sobral realiza semana do aleitamento materno","author":"","date":"Agosto 21, 2022","format":false,"excerpt":"As a\u00e7\u00f5es envolveram palestras, rodas de conversas, din\u00e2micas, momentos de espiritualidade e oficinas terap\u00eauticas. Ascom Complexo SCMS A Santa Casa de Miseric\u00f3rdia de Sobral (SCMS) intensifica suas a\u00e7\u00f5es de conscientiza\u00e7\u00e3o sobre aleitamento materno durante agosto, principalmente na Semana do Aleitamento. Este ano, a semana aconteceu entre os dias 15 e\u2026","rel":"","context":"In &quot;Atualidade&quot;","block_context":{"text":"Atualidade","link":"https:\/\/correiodasemana.com\/site\/category\/atualidade\/"},"img":{"alt_text":"","src":"https:\/\/i0.wp.com\/correiodasemana.com\/site\/wp-content\/uploads\/2022\/08\/Foto-2-scaled.jpg?resize=350%2C200&ssl=1","width":350,"height":200,"srcset":"https:\/\/i0.wp.com\/correiodasemana.com\/site\/wp-content\/uploads\/2022\/08\/Foto-2-scaled.jpg?resize=350%2C200&ssl=1 1x, https:\/\/i0.wp.com\/correiodasemana.com\/site\/wp-content\/uploads\/2022\/08\/Foto-2-scaled.jpg?resize=525%2C300&ssl=1 1.5x, https:\/\/i0.wp.com\/correiodasemana.com\/site\/wp-content\/uploads\/2022\/08\/Foto-2-scaled.jpg?resize=700%2C400&ssl=1 2x, https:\/\/i0.wp.com\/correiodasemana.com\/site\/wp-content\/uploads\/2022\/08\/Foto-2-scaled.jpg?resize=1050%2C600&ssl=1 3x, https:\/\/i0.wp.com\/correiodasemana.com\/site\/wp-content\/uploads\/2022\/08\/Foto-2-scaled.jpg?resize=1400%2C800&ssl=1 4x"},"classes":[]},{"id":12944,"url":"https:\/\/correiodasemana.com\/site\/santa-casa-de-misericordia-de-sobral-envolve-profissionais-e-pacientes-em-acoes-de-incentivo-ao-aleitamento-materno\/","url_meta":{"origin":36718,"position":2},"title":"Santa Casa de Miseric\u00f3rdia de Sobral envolve profissionais e pacientes em a\u00e7\u00f5es de incentivo ao aleitamento materno","author":"","date":"Agosto 18, 2020","format":false,"excerpt":"O m\u00eas de agosto, conhecido tamb\u00e9m como agosto dourado, enfatiza a import\u00e2ncia do aleitamento materno no desenvolvimento e sa\u00fade da crian\u00e7a. Com o intuito de engajar profissionais e pacientes, no incentivo a essa pr\u00e1tica, a Santa Casa de Miseric\u00f3rdia de Sobral (SCMS) promoveu entre os dias 3 e 7 de\u2026","rel":"","context":"In &quot;Atualidade&quot;","block_context":{"text":"Atualidade","link":"https:\/\/correiodasemana.com\/site\/category\/atualidade\/"},"img":{"alt_text":"","src":"https:\/\/i0.wp.com\/correiodasemana.com\/site\/wp-content\/uploads\/2020\/08\/Amigas-5-scaled.jpg?resize=350%2C200&ssl=1","width":350,"height":200,"srcset":"https:\/\/i0.wp.com\/correiodasemana.com\/site\/wp-content\/uploads\/2020\/08\/Amigas-5-scaled.jpg?resize=350%2C200&ssl=1 1x, https:\/\/i0.wp.com\/correiodasemana.com\/site\/wp-content\/uploads\/2020\/08\/Amigas-5-scaled.jpg?resize=525%2C300&ssl=1 1.5x, https:\/\/i0.wp.com\/correiodasemana.com\/site\/wp-content\/uploads\/2020\/08\/Amigas-5-scaled.jpg?resize=700%2C400&ssl=1 2x, https:\/\/i0.wp.com\/correiodasemana.com\/site\/wp-content\/uploads\/2020\/08\/Amigas-5-scaled.jpg?resize=1050%2C600&ssl=1 3x, https:\/\/i0.wp.com\/correiodasemana.com\/site\/wp-content\/uploads\/2020\/08\/Amigas-5-scaled.jpg?resize=1400%2C800&ssl=1 4x"},"classes":[]},{"id":8617,"url":"https:\/\/correiodasemana.com\/site\/santa-casa-de-sobral-realiza-acoes-na-semana-do-aleitamento-materno\/","url_meta":{"origin":36718,"position":3},"title":"Santa Casa de Sobral realiza a\u00e7\u00f5es na Semana do Aleitamento Materno","author":"","date":"Agosto 17, 2019","format":false,"excerpt":"Semana foi criada pela Alian\u00e7a Mundial de A\u00e7\u00e3o pro-Amamenta\u00e7\u00e3o (WABA), a qual define o tema a ser trabalhado anualmente, sendo celebrada em 120 pa\u00edses Vanderley Moreira - Jornalista A Semana Mundial do Aleitamento Materno ocorre anualmente, entre os dias 1 e 7 de agosto, desde 1992. Foi criada pela Alian\u00e7a\u2026","rel":"","context":"In &quot;Santa Casa&quot;","block_context":{"text":"Santa Casa","link":"https:\/\/correiodasemana.com\/site\/category\/santa-casa\/"},"img":{"alt_text":"","src":"https:\/\/i0.wp.com\/correiodasemana.com\/site\/wp-content\/uploads\/2019\/08\/Foto-1-aleitamento.jpeg?resize=350%2C200&ssl=1","width":350,"height":200,"srcset":"https:\/\/i0.wp.com\/correiodasemana.com\/site\/wp-content\/uploads\/2019\/08\/Foto-1-aleitamento.jpeg?resize=350%2C200&ssl=1 1x, https:\/\/i0.wp.com\/correiodasemana.com\/site\/wp-content\/uploads\/2019\/08\/Foto-1-aleitamento.jpeg?resize=525%2C300&ssl=1 1.5x"},"classes":[]},{"id":12939,"url":"https:\/\/correiodasemana.com\/site\/hospital-dom-walfrido-realiza-momento-de-incentivo-ao-aleitamento-materno\/","url_meta":{"origin":36718,"position":4},"title":"Hospital Dom Walfrido realiza momento de incentivo ao aleitamento materno","author":"","date":"Agosto 18, 2020","format":false,"excerpt":"Com o objetivo de incentivar a pr\u00e1tica do aleitamento materno, o Hospital Dom Walfrido, unidade particular do Complexo Santa Casa de Miseric\u00f3rdia de Sobral, realizou na sexta-feira (14\/08) um momento com as m\u00e3es que tiveram filhos, e est\u00e3o internadas na institui\u00e7\u00e3o. Dicas de pega aos rec\u00e9m-nascidos na hora da amamenta\u00e7\u00e3o\u2026","rel":"","context":"In &quot;Atualidade&quot;","block_context":{"text":"Atualidade","link":"https:\/\/correiodasemana.com\/site\/category\/atualidade\/"},"img":{"alt_text":"","src":"https:\/\/i0.wp.com\/correiodasemana.com\/site\/wp-content\/uploads\/2020\/08\/DW-Dourado-1-scaled.jpg?resize=350%2C200&ssl=1","width":350,"height":200,"srcset":"https:\/\/i0.wp.com\/correiodasemana.com\/site\/wp-content\/uploads\/2020\/08\/DW-Dourado-1-scaled.jpg?resize=350%2C200&ssl=1 1x, https:\/\/i0.wp.com\/correiodasemana.com\/site\/wp-content\/uploads\/2020\/08\/DW-Dourado-1-scaled.jpg?resize=525%2C300&ssl=1 1.5x, https:\/\/i0.wp.com\/correiodasemana.com\/site\/wp-content\/uploads\/2020\/08\/DW-Dourado-1-scaled.jpg?resize=700%2C400&ssl=1 2x, https:\/\/i0.wp.com\/correiodasemana.com\/site\/wp-content\/uploads\/2020\/08\/DW-Dourado-1-scaled.jpg?resize=1050%2C600&ssl=1 3x, https:\/\/i0.wp.com\/correiodasemana.com\/site\/wp-content\/uploads\/2020\/08\/DW-Dourado-1-scaled.jpg?resize=1400%2C800&ssl=1 4x"},"classes":[]},{"id":25932,"url":"https:\/\/correiodasemana.com\/site\/campanha-agosto-dourado-no-hrn-reforca-apoio-a-amamentacao-para-maes-que-trabalham\/","url_meta":{"origin":36718,"position":5},"title":"Campanha Agosto Dourado no HRN refor\u00e7a apoio \u00e0 amamenta\u00e7\u00e3o para m\u00e3es que trabalham","author":"adminredacao","date":"Agosto 8, 2023","format":false,"excerpt":"M\u00e3e das g\u00eameas J\u00falia e Manuela, de 8 meses e meio, a enfermeira da Neonatologia do Hospital Regional Norte (HRN), Lorena Kelle Miranda Ferreira, encontrou na Sala de Apoio \u00e0 Mulher Trabalhadora que Amamenta (SAMTA) um apoio para seguir a amamenta\u00e7\u00e3o das filhas e doar leite materno. O hospital, unidade\u2026","rel":"","context":"In &quot;Atualidade&quot;","block_context":{"text":"Atualidade","link":"https:\/\/correiodasemana.com\/site\/category\/atualidade\/"},"img":{"alt_text":"","src":"https:\/\/i0.wp.com\/correiodasemana.com\/site\/wp-content\/uploads\/2023\/08\/Blitz-Agosto-Dourado-scaled.jpg?resize=350%2C200&ssl=1","width":350,"height":200,"srcset":"https:\/\/i0.wp.com\/correiodasemana.com\/site\/wp-content\/uploads\/2023\/08\/Blitz-Agosto-Dourado-scaled.jpg?resize=350%2C200&ssl=1 1x, https:\/\/i0.wp.com\/correiodasemana.com\/site\/wp-content\/uploads\/2023\/08\/Blitz-Agosto-Dourado-scaled.jpg?resize=525%2C300&ssl=1 1.5x, https:\/\/i0.wp.com\/correiodasemana.com\/site\/wp-content\/uploads\/2023\/08\/Blitz-Agosto-Dourado-scaled.jpg?resize=700%2C400&ssl=1 2x, https:\/\/i0.wp.com\/correiodasemana.com\/site\/wp-content\/uploads\/2023\/08\/Blitz-Agosto-Dourado-scaled.jpg?resize=1050%2C600&ssl=1 3x, https:\/\/i0.wp.com\/correiodasemana.com\/site\/wp-content\/uploads\/2023\/08\/Blitz-Agosto-Dourado-scaled.jpg?resize=1400%2C800&ssl=1 4x"},"classes":[]}],"jetpack_sharing_enabled":true,"_links":{"self":[{"href":"https:\/\/correiodasemana.com\/site\/wp-json\/wp\/v2\/posts\/36718","targetHints":{"allow":["GET"]}}],"collection":[{"href":"https:\/\/correiodasemana.com\/site\/wp-json\/wp\/v2\/posts"}],"about":[{"href":"https:\/\/correiodasemana.com\/site\/wp-json\/wp\/v2\/types\/post"}],"author":[{"embeddable":true,"href":"https:\/\/correiodasemana.com\/site\/wp-json\/wp\/v2\/users\/7"}],"replies":[{"embeddable":true,"href":"https:\/\/correiodasemana.com\/site\/wp-json\/wp\/v2\/comments?post=36718"}],"version-history":[{"count":1,"href":"https:\/\/correiodasemana.com\/site\/wp-json\/wp\/v2\/posts\/36718\/revisions"}],"predecessor-version":[{"id":36721,"href":"https:\/\/correiodasemana.com\/site\/wp-json\/wp\/v2\/posts\/36718\/revisions\/36721"}],"wp:featuredmedia":[{"embeddable":true,"href":"https:\/\/correiodasemana.com\/site\/wp-json\/wp\/v2\/media\/36720"}],"wp:attachment":[{"href":"https:\/\/correiodasemana.com\/site\/wp-json\/wp\/v2\/media?parent=36718"}],"wp:term":[{"taxonomy":"category","embeddable":true,"href":"https:\/\/correiodasemana.com\/site\/wp-json\/wp\/v2\/categories?post=36718"},{"taxonomy":"post_tag","embeddable":true,"href":"https:\/\/correiodasemana.com\/site\/wp-json\/wp\/v2\/tags?post=36718"}],"curies":[{"name":"wp","href":"https:\/\/api.w.org\/{rel}","templated":true}]}}