{"id":36722,"date":"2025-12-11T16:05:47","date_gmt":"2025-12-11T19:05:47","guid":{"rendered":"https:\/\/correiodasemana.com\/site\/?p=36722"},"modified":"2025-12-11T16:05:47","modified_gmt":"2025-12-11T19:05:47","slug":"em-tempo-305","status":"publish","type":"post","link":"https:\/\/correiodasemana.com\/site\/em-tempo-305\/","title":{"rendered":"EM TEMPO \u2022"},"content":{"rendered":"<p>Festival Choro Jazz 2025 em Jericoacoara<br \/>\nJericoacoara vive um novo mergulho no sumo da m\u00fasica instrumental neste dezembro. Festival Choro Jazz retorna com grandes atra\u00e7\u00f5es, experimenta\u00e7\u00f5es contempor\u00e2neas e oficinas formativas gratuitas que prosseguem neste domingo (7), al\u00e9m de livre acesso e p\u00e9 na areia.<br \/>\nEsta edi\u00e7\u00e3o teve in\u00edcio no dia 2, com nomes como Rosa Passos, Teco Cardoso, MPB-4, Chico Pinheiro, Swami Jr., Amaro Freitas, Salom\u00e3o Soares, Beb\u00ea Kramer e Jean Garfunkel. A programa\u00e7\u00e3o tamb\u00e9m destaca artistas do Cear\u00e1 e de outras regi\u00f5es, al\u00e9m de grupos locais.<\/p>\n<p>Exposi\u00e7\u00e3o \u201cNise &#8211; A Revolu\u00e7\u00e3o pelo Afeto\u201d<br \/>\nEm circula\u00e7\u00e3o pelo Brasil desde 2021, exposi\u00e7\u00e3o sobre Nise da Silveira em Fortaleza une arte, afeto e sa\u00fade mental, com visita\u00e7\u00e3o gratuita na Caixa Cultural, na Praia de Iracema, at\u00e9 1\u00ba de mar\u00e7o de 2026.S\u00e3o 157 pe\u00e7as, entre obras de arte, fotografias, esculturas e documentos.<br \/>\nBasta atravessar entrada de \u201cNise &#8211; A Revolu\u00e7\u00e3o pelo Afeto\u201d para entender por que uma das estruturas da mostra tem exatamente a palavra \u201cafeto\u201d como destaque. Intrigante, o trabalho parte da mulher para descortinar pessoas, processos e an\u00e1lises cujo foco \u00e9 o sentir humano.<\/p>\n<p>Paulinho Pedra Azul faz show em Sobral<\/p>\n<div id='gallery-1' class='gallery galleryid-36722 gallery-columns-6 gallery-size-thumbnail'><figure class='gallery-item'>\n\t\t\t<div class='gallery-icon landscape'>\n\t\t\t\t<a href='https:\/\/correiodasemana.com\/site\/em-tempo-305\/ok-paulinho-pa\/'><img loading=\"lazy\" width=\"150\" height=\"150\" src=\"https:\/\/correiodasemana.com\/site\/wp-content\/uploads\/2025\/12\/ok-PAULINHO-PA-150x150.jpg\" class=\"attachment-thumbnail size-thumbnail\" alt=\"ok PAULINHO PA\" loading=\"lazy\" decoding=\"async\" \/><\/a>\n\t\t\t<\/div><\/figure>\n\t\t<\/div>\n\n<p>Paulinho Pedra Azul celebra 70 anos de vida e mais de quatro d\u00e9cadas na m\u00fasica<br \/>\nO cantor e compositor mineiro Paulinho Pedra Azul fez show em Sobral, na noite de 29 de novembro, na Pra\u00e7a S\u00e3o Jo\u00e3o, dentro da programa\u00e7\u00e3o Mostra Sesc de Artes Visuais, tendo no repert\u00f3rio os principais sucessos em mais de quatro d\u00e9cadas de trajet\u00f3ria na m\u00fasica.<br \/>\nSucesso maior da carreira, a m\u00fasica Jardim da Fantasia foi redescoberta pelas gera\u00e7\u00f5es mais jovens a partir do remake da telenovela Renascer, da TV Globo, na trilha sonora. Paulino Pedra Azul tem 30 \u00e1lbuns lan\u00e7ados. \u00c9 tamb\u00e9m poeta e escritor, com 18 livros publicados.<\/p>\n<p>Mestrado UFC em Engenharia Mec\u00e2nica<br \/>\nO Programa de P\u00f3s-Gradua\u00e7\u00e3o em Engenharia Mec\u00e2nica da Universidade Federal do Cear\u00e1 (UFC) lan\u00e7ou edital que regulamenta sele\u00e7\u00e3o para o primeiro semestre letivo de 2026 do seu mestrado acad\u00eamico, com inscri\u00e7\u00f5es at\u00e9 12 de dezembro pelo site www.si3.ufc.br\/sigaa.<br \/>\nS\u00e3o ofertadas 15 vagas, distribu\u00eddas entre as linhas de pesquisa Energia E\u00f3lica, Energia Solar e Biomassa e Biocombust\u00edveis, contemplando tamb\u00e9m o sistema de a\u00e7\u00f5es afirmativas da UFC. Poder\u00e3o se inscrever os candidatos graduados em Engenharia Mec\u00e2nica ou \u00e1reas afins.<\/p>\n<p>Morre cantora italiana Ornella Vanoni<br \/>\nCantora italiana Ornella Vanoni morreu, dia 21 de novembro, aos 91 anos, em sua casa em Mil\u00e3o quando sofreu uma parada cardiorrespirat\u00f3ria. A artista \u00e9 conhecida no Brasil por sua parceria com Vinicius de Moraes no \u00e1lbum \u201cLa voglia la pazzia l\u2019incoscienza l\u2019allegria\u201d.<br \/>\nA obra adapta cl\u00e1ssicos da bossa nova para o italiano e re\u00fane artistas como Tom Jobim, Chico Buarque e Paulinho da Viola. Al\u00e9m disso, Ornella fez sucesso com \u201cL\u2019appuntamento\u201d, a vers\u00e3o italiana de \u201cSentado \u00e0 beira do caminho\u201d, dos cantores Roberto e Erasmo Carlos.<\/p>\n<p>Dica da Coluna<br \/>\nLeia o Blog do Edilson (www.blogdoedilson.com.br): Cultura, educa\u00e7\u00e3o, pol\u00edtica e utilidade p\u00fablica.<\/p>\n","protected":false},"excerpt":{"rendered":"<p>Festival Choro Jazz 2025 em Jericoacoara Jericoacoara vive um novo mergulho no sumo da m\u00fasica&#8230;<\/p>\n","protected":false},"author":7,"featured_media":18025,"comment_status":"open","ping_status":"open","sticky":false,"template":"","format":"standard","meta":{"_jetpack_memberships_contains_paid_content":false,"footnotes":"","jetpack_publicize_message":"","jetpack_publicize_feature_enabled":true,"jetpack_social_post_already_shared":true,"jetpack_social_options":{"image_generator_settings":{"template":"highway","default_image_id":0,"font":"","enabled":false},"version":2}},"categories":[11,36],"tags":[],"class_list":["post-36722","post","type-post","status-publish","format-standard","has-post-thumbnail","hentry","category-artigos","category-em-tempo"],"jetpack_publicize_connections":[],"jetpack_featured_media_url":"https:\/\/correiodasemana.com\/site\/wp-content\/uploads\/2021\/11\/Edilson-Silva.jpg","jetpack-related-posts":[{"id":36991,"url":"https:\/\/correiodasemana.com\/site\/em-tempo-309\/","url_meta":{"origin":36722,"position":0},"title":"EM TEMPO \u2022","author":"adminredacao","date":"Janeiro 10, 2026","format":false,"excerpt":"UFC anuncia concurso para professor A Universidade Federal do Cear\u00e1 (UFC) torna p\u00fablico edital com 26 vagas para o cargo de professor, com regime de 40 horas semanais e dedica\u00e7\u00e3o exclusiva. As vagas s\u00e3o distribu\u00eddas entre diversas unidades acad\u00eamicas. As inscri\u00e7\u00f5es ocorrer\u00e3o entre os dias 12 e 23 de janeiro.\u2026","rel":"","context":"In &quot;Artigos&quot;","block_context":{"text":"Artigos","link":"https:\/\/correiodasemana.com\/site\/category\/artigos\/"},"img":{"alt_text":"","src":"https:\/\/i0.wp.com\/correiodasemana.com\/site\/wp-content\/uploads\/2026\/01\/Beto-Guedes_foto-Jorge-Rosenberg-4-150x150.jpg?resize=350%2C200&ssl=1","width":350,"height":200,"srcset":"https:\/\/i0.wp.com\/correiodasemana.com\/site\/wp-content\/uploads\/2026\/01\/Beto-Guedes_foto-Jorge-Rosenberg-4-150x150.jpg?resize=350%2C200&ssl=1 1x, https:\/\/i0.wp.com\/correiodasemana.com\/site\/wp-content\/uploads\/2026\/01\/Beto-Guedes_foto-Jorge-Rosenberg-4-150x150.jpg?resize=525%2C300&ssl=1 1.5x, https:\/\/i0.wp.com\/correiodasemana.com\/site\/wp-content\/uploads\/2026\/01\/Beto-Guedes_foto-Jorge-Rosenberg-4-150x150.jpg?resize=700%2C400&ssl=1 2x"},"classes":[]},{"id":21351,"url":"https:\/\/correiodasemana.com\/site\/em-tempo-156\/","url_meta":{"origin":36722,"position":1},"title":"Em Tempo","author":"","date":"Outubro 24, 2022","format":false,"excerpt":"Cursos de extens\u00e3o IFCE Sobral O Instituto Federal de Educa\u00e7\u00e3o, Ci\u00eancia e Tecnologia do Cear\u00e1 (IFCE) lan\u00e7ou chamada p\u00fablica para cursos de extens\u00e3o na \u00e1rea de modelagem computacional aplicada \u00e0 impress\u00e3o 3D e corte a laser. Objetivo \u00e9 formar profissionais para a ind\u00fastria 4.0, com foco em fabrica\u00e7\u00e3o digital. S\u00e3o\u2026","rel":"","context":"In &quot;Artigos&quot;","block_context":{"text":"Artigos","link":"https:\/\/correiodasemana.com\/site\/category\/artigos\/"},"img":{"alt_text":"","src":"https:\/\/i0.wp.com\/correiodasemana.com\/site\/wp-content\/uploads\/2022\/10\/show-em-tempo.jpg?resize=350%2C200&ssl=1","width":350,"height":200},"classes":[]},{"id":37330,"url":"https:\/\/correiodasemana.com\/site\/em-tempo-313\/","url_meta":{"origin":36722,"position":2},"title":"EM TEMPO \u2022","author":"adminredacao","date":"Fevereiro 11, 2026","format":false,"excerpt":"Festival Jazz & Blues em Guaramiranga Definida programa\u00e7\u00e3o do Festival Jazz & Blues na 27\u00aa edi\u00e7\u00e3o no Carnaval 2026, de 14 a 17 de fevereiro, em Guaramiranga. Nos palcos, atra\u00e7\u00f5es cearenses, nacionais e internacionais com sons que passam por g\u00eaneros afins, regionais e outras vertentes da m\u00fasica brasileira. Entre os\u2026","rel":"","context":"In &quot;Artigos&quot;","block_context":{"text":"Artigos","link":"https:\/\/correiodasemana.com\/site\/category\/artigos\/"},"img":{"alt_text":"","src":"https:\/\/i0.wp.com\/correiodasemana.com\/site\/wp-content\/uploads\/2026\/02\/okMaria-Rita-150x150.jpg?resize=350%2C200&ssl=1","width":350,"height":200,"srcset":"https:\/\/i0.wp.com\/correiodasemana.com\/site\/wp-content\/uploads\/2026\/02\/okMaria-Rita-150x150.jpg?resize=350%2C200&ssl=1 1x, https:\/\/i0.wp.com\/correiodasemana.com\/site\/wp-content\/uploads\/2026\/02\/okMaria-Rita-150x150.jpg?resize=525%2C300&ssl=1 1.5x, https:\/\/i0.wp.com\/correiodasemana.com\/site\/wp-content\/uploads\/2026\/02\/okMaria-Rita-150x150.jpg?resize=700%2C400&ssl=1 2x, https:\/\/i0.wp.com\/correiodasemana.com\/site\/wp-content\/uploads\/2026\/02\/okMaria-Rita-150x150.jpg?resize=1050%2C600&ssl=1 3x"},"classes":[]},{"id":21104,"url":"https:\/\/correiodasemana.com\/site\/em-tempo-152\/","url_meta":{"origin":36722,"position":3},"title":"Em Tempo","author":"","date":"Setembro 26, 2022","format":false,"excerpt":"Concurso para professor da UFC A Universidade Federal do Cear\u00e1 (UFC) recebe, de 10 a 28 de outubro, inscri\u00e7\u00f5es de concurso p\u00fablico para professor do Campus em Sobral. De acordo com o\u00a0Edital n\u00ba 128\/2022, s\u00e3o oferecidas duas vagas, uma para Engenharia da Computa\u00e7\u00e3o e outra para o curso de Medicina.\u2026","rel":"","context":"In &quot;Artigos&quot;","block_context":{"text":"Artigos","link":"https:\/\/correiodasemana.com\/site\/category\/artigos\/"},"img":{"alt_text":"","src":"https:\/\/i0.wp.com\/correiodasemana.com\/site\/wp-content\/uploads\/2022\/09\/col-em-tempo-300x153.jpg?resize=350%2C200&ssl=1","width":350,"height":200},"classes":[]},{"id":21290,"url":"https:\/\/correiodasemana.com\/site\/em-tempo-155\/","url_meta":{"origin":36722,"position":4},"title":"Em Tempo","author":"","date":"Outubro 16, 2022","format":false,"excerpt":"Mestrado Profissional\u00a0de\u00a0Sociologia O Mestrado Profissional\u00a0de\u00a0Sociologia em Rede Nacional da Universidade Federal do Cear\u00e1 recebe inscri\u00e7\u00f5es de professores com diploma reconhecido pelo Minist\u00e9rio da Educa\u00e7\u00e3o e que lecionam, na rede p\u00fablica de ensino, componentes de ci\u00eancias humanas e sociais aplicadas... Inscri\u00e7\u00f5es prosseguem at\u00e9 o dia 31 de outubro. O programa possui\u2026","rel":"","context":"In &quot;Artigos&quot;","block_context":{"text":"Artigos","link":"https:\/\/correiodasemana.com\/site\/category\/artigos\/"},"img":{"alt_text":"","src":"https:\/\/i0.wp.com\/correiodasemana.com\/site\/wp-content\/uploads\/2022\/10\/fagner-cantor-300x166.jpg?resize=350%2C200&ssl=1","width":350,"height":200},"classes":[]},{"id":21645,"url":"https:\/\/correiodasemana.com\/site\/em-tempo-159\/","url_meta":{"origin":36722,"position":5},"title":"Em Tempo","author":"","date":"Novembro 13, 2022","format":false,"excerpt":"Dori Caymmi no Festival Choro Jazz O Festival Choro Jazz est\u00e1 chegando \u00e0 11\u00aa edi\u00e7\u00e3o e j\u00e1 tem data marcada. Em Fortaleza, ocorre entre 24 e 26 de novembro no Cineteatro S\u00e3o Luiz, sempre a partir das 19h. E em Jericoacoara, entre 29 de novembro e 4 de dezembro na\u2026","rel":"","context":"In &quot;Artigos&quot;","block_context":{"text":"Artigos","link":"https:\/\/correiodasemana.com\/site\/category\/artigos\/"},"img":{"alt_text":"","src":"https:\/\/i0.wp.com\/correiodasemana.com\/site\/wp-content\/uploads\/2022\/11\/gal-costa-300x182.jpg?resize=350%2C200&ssl=1","width":350,"height":200},"classes":[]}],"jetpack_sharing_enabled":true,"_links":{"self":[{"href":"https:\/\/correiodasemana.com\/site\/wp-json\/wp\/v2\/posts\/36722","targetHints":{"allow":["GET"]}}],"collection":[{"href":"https:\/\/correiodasemana.com\/site\/wp-json\/wp\/v2\/posts"}],"about":[{"href":"https:\/\/correiodasemana.com\/site\/wp-json\/wp\/v2\/types\/post"}],"author":[{"embeddable":true,"href":"https:\/\/correiodasemana.com\/site\/wp-json\/wp\/v2\/users\/7"}],"replies":[{"embeddable":true,"href":"https:\/\/correiodasemana.com\/site\/wp-json\/wp\/v2\/comments?post=36722"}],"version-history":[{"count":1,"href":"https:\/\/correiodasemana.com\/site\/wp-json\/wp\/v2\/posts\/36722\/revisions"}],"predecessor-version":[{"id":36724,"href":"https:\/\/correiodasemana.com\/site\/wp-json\/wp\/v2\/posts\/36722\/revisions\/36724"}],"wp:featuredmedia":[{"embeddable":true,"href":"https:\/\/correiodasemana.com\/site\/wp-json\/wp\/v2\/media\/18025"}],"wp:attachment":[{"href":"https:\/\/correiodasemana.com\/site\/wp-json\/wp\/v2\/media?parent=36722"}],"wp:term":[{"taxonomy":"category","embeddable":true,"href":"https:\/\/correiodasemana.com\/site\/wp-json\/wp\/v2\/categories?post=36722"},{"taxonomy":"post_tag","embeddable":true,"href":"https:\/\/correiodasemana.com\/site\/wp-json\/wp\/v2\/tags?post=36722"}],"curies":[{"name":"wp","href":"https:\/\/api.w.org\/{rel}","templated":true}]}}