{"id":36725,"date":"2025-12-11T16:06:31","date_gmt":"2025-12-11T19:06:31","guid":{"rendered":"https:\/\/correiodasemana.com\/site\/?p=36725"},"modified":"2025-12-11T16:06:31","modified_gmt":"2025-12-11T19:06:31","slug":"curso-de-direito-da-uva-lidera-ranking-da-folha-de-sao-paulo-entre-todas-as-ies-de-sobral","status":"publish","type":"post","link":"https:\/\/correiodasemana.com\/site\/curso-de-direito-da-uva-lidera-ranking-da-folha-de-sao-paulo-entre-todas-as-ies-de-sobral\/","title":{"rendered":"Curso de Direito da UVA lidera ranking da Folha de S\u00e3o Paulo entre todas as IES de Sobral"},"content":{"rendered":"<p>O curso de Direito da Universidade Estadual Vale do Acara\u00fa (UVA) foi eleito o melhor entre as institui\u00e7\u00f5es de Sobral, no Ranking Universit\u00e1rio da Folha de S\u00e3o Paulo (RUF), e alcan\u00e7ou a 14\u00aa posi\u00e7\u00e3o nacional em aprova\u00e7\u00f5es no Exame da Ordem dos Advogados do Brasil (OAB).<br \/>\nA conquista \u00e9 resultado da qualidade acad\u00eamica do curso, evidenciando o empenho de docentes, discentes e colaboradores que, diariamente, constroem um ensino jur\u00eddico s\u00f3lido, \u00e9tico e voltado \u00e0 pesquisa e responsabilidade social.<br \/>\nPara o coordenador do curso, professor Roque Hudson, o resultado \u00e9 a confirma\u00e7\u00e3o p\u00fablica da seriedade, qualidade e relev\u00e2ncia institucional do curso, no cen\u00e1rio educacional cearense e nacional.<br \/>\n\u201cTudo isso \u00e9 fruto de um trabalho coletivo e cont\u00ednuo, que envolve de forma direta, o empenho dos excelentes professores altamente qualificados e comprometidos com o ensino, a pesquisa e a extens\u00e3o. Al\u00e9m do protagonismo dos alunos, que se destacam pelo desempenho acad\u00eamico, pela participa\u00e7\u00e3o em projetos, eventos e atividades pr\u00e1ticas, bem como a atua\u00e7\u00e3o dedicada do quadro administrativo, que garante organiza\u00e7\u00e3o, suporte e efici\u00eancia ao funcionamento do curso\u201d, destaca o coordenador.<br \/>\nEssa conquista tamb\u00e9m destaca o papel da UVA no desenvolvimento regional, consolidando-a como refer\u00eancia no ensino superior e com uma educa\u00e7\u00e3o p\u00fablica de qualidade.<\/p>\n<p>Thais Helena &#8211; Jornalista &#8211; Jornal Correio da Semana<\/p>\n","protected":false},"excerpt":{"rendered":"<p>O curso de Direito da Universidade Estadual Vale do Acara\u00fa (UVA) foi eleito o melhor&#8230;<\/p>\n","protected":false},"author":7,"featured_media":36726,"comment_status":"open","ping_status":"open","sticky":false,"template":"","format":"standard","meta":{"_jetpack_memberships_contains_paid_content":false,"footnotes":"","jetpack_publicize_message":"","jetpack_publicize_feature_enabled":true,"jetpack_social_post_already_shared":true,"jetpack_social_options":{"image_generator_settings":{"template":"highway","default_image_id":0,"font":"","enabled":false},"version":2}},"categories":[1],"tags":[],"class_list":["post-36725","post","type-post","status-publish","format-standard","has-post-thumbnail","hentry","category-atualidade"],"jetpack_publicize_connections":[],"jetpack_featured_media_url":"https:\/\/correiodasemana.com\/site\/wp-content\/uploads\/2025\/12\/WhatsApp-Image-2025-12-05-at-14.23.06.jpeg","jetpack-related-posts":[{"id":29582,"url":"https:\/\/correiodasemana.com\/site\/uva-oferta-1-134-vagas-para-o-vestibular-2024-2-use-a-nota-do-enem\/","url_meta":{"origin":36725,"position":0},"title":"UVA oferta 1.134 vagas para o Vestibular 2024.2. Use a nota do ENEM","author":"adminredacao","date":"Junho 10, 2024","format":false,"excerpt":"A Universidade Estadual Vale do Acara\u00fa (UVA), atrav\u00e9s da Comiss\u00e3o Executiva de Processos Seletivos (Ceps), est\u00e1 com inscri\u00e7\u00f5es abertas para o Processo Seletivo do Vestibular 2024.2 com o aproveitamento do resultado do Exame Nacional do Ensino M\u00e9dio (Enem). O prazo vai at\u00e9 23 de junho, pelo site https:\/\/vestibular.uvanet.br. Para este\u2026","rel":"","context":"In &quot;Atualidade&quot;","block_context":{"text":"Atualidade","link":"https:\/\/correiodasemana.com\/site\/category\/atualidade\/"},"img":{"alt_text":"","src":"https:\/\/i0.wp.com\/correiodasemana.com\/site\/wp-content\/uploads\/2024\/06\/Fachada-da-UVA.jpeg?resize=350%2C200&ssl=1","width":350,"height":200,"srcset":"https:\/\/i0.wp.com\/correiodasemana.com\/site\/wp-content\/uploads\/2024\/06\/Fachada-da-UVA.jpeg?resize=350%2C200&ssl=1 1x, https:\/\/i0.wp.com\/correiodasemana.com\/site\/wp-content\/uploads\/2024\/06\/Fachada-da-UVA.jpeg?resize=525%2C300&ssl=1 1.5x"},"classes":[]},{"id":9361,"url":"https:\/\/correiodasemana.com\/site\/criacao-da-uva-e-a-historia-que-nao-foi-contada\/","url_meta":{"origin":36725,"position":1},"title":"Cria\u00e7\u00e3o da UVA e a hist\u00f3ria que n\u00e3o foi contada","author":"","date":"Outubro 7, 2019","format":false,"excerpt":"F\u00c1TIMA MOURA Quando a Universidade Estadual Vale do Acara\u00fa fez quarenta anos, procurei ouvir algumas pessoas que simbolicamente fertilizaram a semente da UVA, vivenciaram a chamada fase de germina\u00e7\u00e3o da institui\u00e7\u00e3o. Na oportunidade, padre Sadoc de Ara\u00fajo, fundador da institui\u00e7\u00e3o foi um dos entrevistados, mas o texto nunca foi publicado.\u2026","rel":"","context":"In &quot;Artigos&quot;","block_context":{"text":"Artigos","link":"https:\/\/correiodasemana.com\/site\/category\/artigos\/"},"img":{"alt_text":"","src":"https:\/\/i0.wp.com\/correiodasemana.com\/site\/wp-content\/uploads\/2019\/10\/UVA-SOBRAL.jpg?resize=350%2C200&ssl=1","width":350,"height":200,"srcset":"https:\/\/i0.wp.com\/correiodasemana.com\/site\/wp-content\/uploads\/2019\/10\/UVA-SOBRAL.jpg?resize=350%2C200&ssl=1 1x, https:\/\/i0.wp.com\/correiodasemana.com\/site\/wp-content\/uploads\/2019\/10\/UVA-SOBRAL.jpg?resize=525%2C300&ssl=1 1.5x, https:\/\/i0.wp.com\/correiodasemana.com\/site\/wp-content\/uploads\/2019\/10\/UVA-SOBRAL.jpg?resize=700%2C400&ssl=1 2x, https:\/\/i0.wp.com\/correiodasemana.com\/site\/wp-content\/uploads\/2019\/10\/UVA-SOBRAL.jpg?resize=1050%2C600&ssl=1 3x, https:\/\/i0.wp.com\/correiodasemana.com\/site\/wp-content\/uploads\/2019\/10\/UVA-SOBRAL.jpg?resize=1400%2C800&ssl=1 4x"},"classes":[]},{"id":37955,"url":"https:\/\/correiodasemana.com\/site\/em-tempo-319\/","url_meta":{"origin":36725,"position":2},"title":"Em Tempo","author":"adminredacao","date":"Abril 11, 2026","format":false,"excerpt":"Inscri\u00e7\u00f5es para o Vestibular UVA 2026.2 Universidade Estadual Vale do Acara\u00fa (UVA) recebe inscri\u00e7\u00f5es, no per\u00edodo de 23 de mar\u00e7o a 5 de maio, para Vestibular 2026.2. Ser\u00e3o ofertadas 1.114 vagas para os diversos cursos de gradua\u00e7\u00e3o, sendo 834 em Sobral, 80 em Acara\u00fa, 80 em Camocim e 120 em\u2026","rel":"","context":"In &quot;Artigos&quot;","block_context":{"text":"Artigos","link":"https:\/\/correiodasemana.com\/site\/category\/artigos\/"},"img":{"alt_text":"","src":"https:\/\/i0.wp.com\/correiodasemana.com\/site\/wp-content\/uploads\/2026\/04\/Lenine_capa.jpg?resize=350%2C200&ssl=1","width":350,"height":200,"srcset":"https:\/\/i0.wp.com\/correiodasemana.com\/site\/wp-content\/uploads\/2026\/04\/Lenine_capa.jpg?resize=350%2C200&ssl=1 1x, https:\/\/i0.wp.com\/correiodasemana.com\/site\/wp-content\/uploads\/2026\/04\/Lenine_capa.jpg?resize=525%2C300&ssl=1 1.5x, https:\/\/i0.wp.com\/correiodasemana.com\/site\/wp-content\/uploads\/2026\/04\/Lenine_capa.jpg?resize=700%2C400&ssl=1 2x"},"classes":[]},{"id":37959,"url":"https:\/\/correiodasemana.com\/site\/uva-abre-processo-seletivo-do-vestibular-2026-2-com-nota-do-enem-curso-de-psicologia-passa-a-ser-ofertado\/","url_meta":{"origin":36725,"position":3},"title":"UVA abre Processo Seletivo do Vestibular 2026.2 com nota do ENEM; curso de Psicologia passa a ser ofertado","author":"adminredacao","date":"Abril 11, 2026","format":false,"excerpt":"A Universidade Estadual Vale do Acara\u00fa (UVA) anuncia a abertura do Processo Seletivo do Vestibular 2026.2 para ingresso no ensino superior, por meio da nota do Exame Nacional do Ensino M\u00e9dio (ENEM), ampliando as oportunidades de acesso \u00e0 gradua\u00e7\u00e3o para estudantes de toda a regi\u00e3o. A sele\u00e7\u00e3o permite que candidatos\u2026","rel":"","context":"In &quot;Atualidade&quot;","block_context":{"text":"Atualidade","link":"https:\/\/correiodasemana.com\/site\/category\/atualidade\/"},"img":{"alt_text":"","src":"https:\/\/i0.wp.com\/correiodasemana.com\/site\/wp-content\/uploads\/2026\/04\/WhatsApp-Image-2026-03-20-at-08.54.13.jpeg?resize=350%2C200&ssl=1","width":350,"height":200,"srcset":"https:\/\/i0.wp.com\/correiodasemana.com\/site\/wp-content\/uploads\/2026\/04\/WhatsApp-Image-2026-03-20-at-08.54.13.jpeg?resize=350%2C200&ssl=1 1x, https:\/\/i0.wp.com\/correiodasemana.com\/site\/wp-content\/uploads\/2026\/04\/WhatsApp-Image-2026-03-20-at-08.54.13.jpeg?resize=525%2C300&ssl=1 1.5x, https:\/\/i0.wp.com\/correiodasemana.com\/site\/wp-content\/uploads\/2026\/04\/WhatsApp-Image-2026-03-20-at-08.54.13.jpeg?resize=700%2C400&ssl=1 2x, https:\/\/i0.wp.com\/correiodasemana.com\/site\/wp-content\/uploads\/2026\/04\/WhatsApp-Image-2026-03-20-at-08.54.13.jpeg?resize=1050%2C600&ssl=1 3x, https:\/\/i0.wp.com\/correiodasemana.com\/site\/wp-content\/uploads\/2026\/04\/WhatsApp-Image-2026-03-20-at-08.54.13.jpeg?resize=1400%2C800&ssl=1 4x"},"classes":[]},{"id":37977,"url":"https:\/\/correiodasemana.com\/site\/em-tempo-320\/","url_meta":{"origin":36725,"position":4},"title":"Em Tempo","author":"adminredacao","date":"Abril 13, 2026","format":false,"excerpt":"Programa Jovem Aprendiz dos Correios As inscri\u00e7\u00f5es para o Programa Jovem Aprendiz dos Correios seguem at\u00e9 11 de abril. Ao todo, est\u00e3o dispon\u00edveis 548 vagas, al\u00e9m de cadastro reserva, para todo o Brasil. No Cear\u00e1, s\u00e3o ofertadas 20 vagas em Fortaleza, al\u00e9m de forma\u00e7\u00e3o de cadastro reserva em 28 munic\u00edpios.\u2026","rel":"","context":"In &quot;Em Tempo&quot;","block_context":{"text":"Em Tempo","link":"https:\/\/correiodasemana.com\/site\/category\/em-tempo\/"},"img":{"alt_text":"","src":"https:\/\/i0.wp.com\/correiodasemana.com\/site\/wp-content\/uploads\/2026\/04\/okRaymundo-Netto.jpg?resize=350%2C200&ssl=1","width":350,"height":200,"srcset":"https:\/\/i0.wp.com\/correiodasemana.com\/site\/wp-content\/uploads\/2026\/04\/okRaymundo-Netto.jpg?resize=350%2C200&ssl=1 1x, https:\/\/i0.wp.com\/correiodasemana.com\/site\/wp-content\/uploads\/2026\/04\/okRaymundo-Netto.jpg?resize=525%2C300&ssl=1 1.5x, https:\/\/i0.wp.com\/correiodasemana.com\/site\/wp-content\/uploads\/2026\/04\/okRaymundo-Netto.jpg?resize=700%2C400&ssl=1 2x"},"classes":[]},{"id":8202,"url":"https:\/\/correiodasemana.com\/site\/curso-de-extensao-em-promocao-e-defesa-dos-direitos-humanos-e-cidadania\/","url_meta":{"origin":36725,"position":5},"title":"Curso de Extens\u00e3o em Promo\u00e7\u00e3o e Defesa dos Direitos Humanos e Cidadania","author":"","date":"Julho 8, 2019","format":false,"excerpt":"Na noite desta ter\u00e7a-feira, 02 de julho, aconteceu no Memorial da Educa\u00e7\u00e3o Superior de Sobral\/UVA, a Solenidade de Abertura e Aula Inaugural do Curso de Extens\u00e3o em Promo\u00e7\u00e3o e Defesa dos Direitos Humanos e Cidadania. Por Chiquinho Silva e Priscila Ponte Prestigiaram o solene momento o Pr\u00f3-Reitor de Extens\u00e3o e\u2026","rel":"","context":"In &quot;Atualidade&quot;","block_context":{"text":"Atualidade","link":"https:\/\/correiodasemana.com\/site\/category\/atualidade\/"},"img":{"alt_text":"","src":"https:\/\/i0.wp.com\/correiodasemana.com\/site\/wp-content\/uploads\/2019\/07\/WhatsApp-Image-2019-07-03-at-23.32.11.jpeg?resize=350%2C200&ssl=1","width":350,"height":200,"srcset":"https:\/\/i0.wp.com\/correiodasemana.com\/site\/wp-content\/uploads\/2019\/07\/WhatsApp-Image-2019-07-03-at-23.32.11.jpeg?resize=350%2C200&ssl=1 1x, https:\/\/i0.wp.com\/correiodasemana.com\/site\/wp-content\/uploads\/2019\/07\/WhatsApp-Image-2019-07-03-at-23.32.11.jpeg?resize=525%2C300&ssl=1 1.5x, https:\/\/i0.wp.com\/correiodasemana.com\/site\/wp-content\/uploads\/2019\/07\/WhatsApp-Image-2019-07-03-at-23.32.11.jpeg?resize=700%2C400&ssl=1 2x, https:\/\/i0.wp.com\/correiodasemana.com\/site\/wp-content\/uploads\/2019\/07\/WhatsApp-Image-2019-07-03-at-23.32.11.jpeg?resize=1050%2C600&ssl=1 3x"},"classes":[]}],"jetpack_sharing_enabled":true,"_links":{"self":[{"href":"https:\/\/correiodasemana.com\/site\/wp-json\/wp\/v2\/posts\/36725","targetHints":{"allow":["GET"]}}],"collection":[{"href":"https:\/\/correiodasemana.com\/site\/wp-json\/wp\/v2\/posts"}],"about":[{"href":"https:\/\/correiodasemana.com\/site\/wp-json\/wp\/v2\/types\/post"}],"author":[{"embeddable":true,"href":"https:\/\/correiodasemana.com\/site\/wp-json\/wp\/v2\/users\/7"}],"replies":[{"embeddable":true,"href":"https:\/\/correiodasemana.com\/site\/wp-json\/wp\/v2\/comments?post=36725"}],"version-history":[{"count":1,"href":"https:\/\/correiodasemana.com\/site\/wp-json\/wp\/v2\/posts\/36725\/revisions"}],"predecessor-version":[{"id":36727,"href":"https:\/\/correiodasemana.com\/site\/wp-json\/wp\/v2\/posts\/36725\/revisions\/36727"}],"wp:featuredmedia":[{"embeddable":true,"href":"https:\/\/correiodasemana.com\/site\/wp-json\/wp\/v2\/media\/36726"}],"wp:attachment":[{"href":"https:\/\/correiodasemana.com\/site\/wp-json\/wp\/v2\/media?parent=36725"}],"wp:term":[{"taxonomy":"category","embeddable":true,"href":"https:\/\/correiodasemana.com\/site\/wp-json\/wp\/v2\/categories?post=36725"},{"taxonomy":"post_tag","embeddable":true,"href":"https:\/\/correiodasemana.com\/site\/wp-json\/wp\/v2\/tags?post=36725"}],"curies":[{"name":"wp","href":"https:\/\/api.w.org\/{rel}","templated":true}]}}