{"id":36728,"date":"2025-12-11T16:08:08","date_gmt":"2025-12-11T19:08:08","guid":{"rendered":"https:\/\/correiodasemana.com\/site\/?p=36728"},"modified":"2025-12-11T16:08:08","modified_gmt":"2025-12-11T19:08:08","slug":"novena-de-natal","status":"publish","type":"post","link":"https:\/\/correiodasemana.com\/site\/novena-de-natal\/","title":{"rendered":"Novena de Natal\u00a0"},"content":{"rendered":"<p>Ao longo do tempo do Advento somos convidados a nos preparar bem para o Natal do Senhor por meio da Novena de Natal. Podemos realizar a Novena de Natal ao longo de todo o Advento; podemos reunir familiares, amigos e a comunidade para rez\u00e1-la uma ou duas vezes por semana, de modo que ela se encerre at\u00e9 a tarde do dia 24 de dezembro, v\u00e9spera de Natal; ou ainda podemos rez\u00e1-la em nove dias seguidos.<br \/>\nA Novena de Natal pode ser realizada tamb\u00e9m nos nove dias que antecedem o Natal, ou seja, iniciando no dia 16 e concluindo no dia 24 de dezembro, na semana de prepara\u00e7\u00e3o pr\u00f3xima para o Natal. O importante \u00e9 nos prepararmos bem para acolher o Menino Jesus no Natal. A maneira de nos prepararmos para o Natal, al\u00e9m de uma boa confiss\u00e3o e participar das celebra\u00e7\u00f5es,\u00a0\u00e9 montar o pres\u00e9pio \u2014 colocando o Menino Jesus na manjedoura na noite do dia 24 \u2014, montar a coroa do Advento e, a cada celebra\u00e7\u00e3o da novena, acender as velas conforme avan\u00e7am as semanas do Advento, al\u00e9m de rezar fielmente a Novena de Natal.<br \/>\nPrecisamos ensinar aos nossos filhos e netos o verdadeiro sentido do Natal, que\u00a0\u00e9\u00a0celebrar o nascimento de Jesus. \u00c9 claro que podemos trocar presentes, confraternizar e nos alegrar uns com os outros, mas sem esquecer o principal motivo de estarmos reunidos: o nascimento do Menino Jesus. Esse \u00e9 o sentido da Novena de Natal, pois, ao rez\u00e1-la, compreenderemos profundamente o verdadeiro significado espiritual do Natal.<br \/>\nComo dissemos, a Novena de Natal pode ser realizada em todo o tempo do Advento, ou no per\u00edodo entre 16 e 24 de dezembro, os dias que antecedem o Natal. Outra possibilidade \u00e9 escolher nove dias de dezembro para rez\u00e1-la consecutivamente. Ao longo da Novena e do Advento somos convidados a experimentar a mesma expectativa que envolvia S\u00e3o Jos\u00e9 e Nossa Senhora ao aguardarem o Senhor que viria. A partir da noite do dia 24, somos tomados por grande alegria, do mesmo modo que S\u00e3o Jos\u00e9, Nossa Senhora e todo o povo de Israel.<br \/>\nSomos convidados a realizar a novena em fam\u00edlia, ou reunir grupos de amigos, vizinhos e comunidade para rezarem juntos. Normalmente, as par\u00f3quias fazem a abertura e o encerramento da Novena de Natal nas igrejas, e, nos demais dias, cada grupo \u00e9 convidado a rezar\u00a0nas casas.\u00a0E depois seria bom continuar com os c\u00edrculos b\u00edblicos nesses locais.\u00a0Alguns grupos, por\u00e9m, preferem realiz\u00e1-la todos os dias na pr\u00f3pria igreja. A Igreja sempre nos\u00a0convida a realizar novenas antes das festas dos santos ou das grandes solenidades; com o Natal n\u00e3o \u00e9 diferente: trata-se de uma forma de nos prepararmos melhor espiritualmente. Ao realizar a Novena de Natal, em particular, preparamos o nosso cora\u00e7\u00e3o e a nossa casa para a chegada do Messias, que \u00e9 o verdadeiro sentido da celebra\u00e7\u00e3o.\u00a0A nossa arquidiocese preparou com carinho um texto pr\u00f3prio\u00a0inculturado\u00a0em nossa regi\u00e3o para a novena de\u00a0natal.<br \/>\nO\u00a0Natal \u00e9, sobretudo, crer na esperan\u00e7a \u2014 esperan\u00e7a em dias melhores, em tempos de paz, sem guerras, em que as pessoas se amem mais. Celebrar o Natal \u00e9 acreditar que Deus nos ama e enviou o seu Filho ao mundo para renovar toda a humanidade. Na Festa da Sagrada Fam\u00edlia deste ano\u00a0viveremos a 13\u00aa Festa da unidade,\u00a0encerraremos o Jubileu da Esperan\u00e7a, no qual recordamos os 2025 anos do nascimento de Jesus\u00a0e promulgaremos a nossa carta pastoral com as conclus\u00f5es do II S\u00ednodo Arquidiocesano. Por isso, vivamos essa esperan\u00e7a no dia a dia e confiemos na miseric\u00f3rdia do Senhor, que nunca falha. Pe\u00e7amos a Deus tempos de paz para a nossa terra. O crist\u00e3o \u00e9 aquele que n\u00e3o perde a esperan\u00e7a, que alimenta a sua f\u00e9 e acredita sempre que dias melhores vir\u00e3o. Que o pr\u00f3ximo ano da gra\u00e7a de Nosso Senhor Jesus Cristo, 2026, seja cheio de paz e nos encontre com a esperan\u00e7a renovada.<br \/>\nNormalmente, no encerramento da Novena de Natal que acontece nas par\u00f3quias, somos convidados a ofertar um gesto concreto, que pode ser 1 kg de alimento para compor a cesta b\u00e1sica de fam\u00edlias carentes, produtos de limpeza ou algum outro item necess\u00e1rio \u00e0 par\u00f3quia. O encerramento costuma ocorrer no final de semana entre os dias 20 e 21 de dezembro, ou ainda entre os dias 22 e 23 de dezembro, que este ano caem em segunda e ter\u00e7a-feira.<br \/>\nAs par\u00f3quias pedem esse gesto concreto porque o Natal s\u00f3 tem sentido quando estendemos a m\u00e3o ao pr\u00f3ximo. Do mesmo modo que em nossa casa teremos o melhor \u00e0 mesa, \u00e9 preciso que tamb\u00e9m na mesa do outro haja o necess\u00e1rio. A esperan\u00e7a em um mundo melhor come\u00e7a na atitude de cada um de n\u00f3s.<br \/>\nN\u00e3o podemos celebrar o Natal sem olhar para as necessidades daqueles que est\u00e3o \u00e0 nossa volta. Jesus nasceu pobre e humilde, numa manjedoura, e ao longo da vida ensinou-nos o desapego dos bens materiais e a busca cont\u00ednua do bem maior, que \u00e9 Deus. Aprendamos com Jesus e encontremos Deus naqueles que mais sofrem, estendendo-lhes a m\u00e3o, sobretudo agora, no tempo de Natal.<br \/>\nA Novena de Natal \u00e9 tamb\u00e9m uma oportunidade de fazermos uma \u201ccatequese\u201d em nossa casa ou na casa de parentes, amigos e vizinhos. \u00c9 ocasi\u00e3o para reunir aqueles que est\u00e3o afastados dos caminhos de Deus e convid\u00e1-los a retornar ao seio da Igreja. Ao rezarmos a Novena na casa dos vizinhos \u2014 especialmente daqueles que sabemos que n\u00e3o frequentam a par\u00f3quia \u2014 podemos levar a programa\u00e7\u00e3o com os hor\u00e1rios de missa, confiss\u00f5es, sacramentos e celebra\u00e7\u00f5es de fim de ano, convidando-os a retornar, quem sabe j\u00e1 nas celebra\u00e7\u00f5es natalinas. A Novena de Natal pode\u00a0e deve\u00a0ser mission\u00e1ria, pois a miss\u00e3o consiste em ir ao encontro do outro.<br \/>\nDurante os nove dias da Novena, somos convidados a seguir os passos de Maria e Jos\u00e9 at\u00e9 o nascimento de Jesus. Podemos contemplar o quanto caminharam e os desafios que enfrentaram para que Maria pudesse dar \u00e0 luz o Salvador. E, ainda assim, tiveram de faz\u00ea-lo numa estrebaria, pois n\u00e3o havia lugar na hospedaria. Caminhemos com eles e aprendamos o que significa obedecer a Deus.<br \/>\nQue possamos rezar a Novena de Natal cheios de f\u00e9 e esperan\u00e7a, aguardando o Senhor que vir\u00e1, aproveitando este tempo marcado pela vigil\u00e2ncia e pela ora\u00e7\u00e3o. Que Deus nos aben\u00e7oe e nos conceda muitas b\u00ean\u00e7\u00e3os do c\u00e9u durante a novena que iremos realizar. E que o Menino Deus nas\u00e7a em cada lar, trazendo-nos a esperan\u00e7a de dias melhores. Am\u00e9m.<br \/>\nCardeal Orani Jo\u00e3o Tempesta &#8211; Arcebispo do Rio de Janeiro (RJ)<\/p>\n","protected":false},"excerpt":{"rendered":"<p>Ao longo do tempo do Advento somos convidados a nos preparar bem para o Natal&#8230;<\/p>\n","protected":false},"author":7,"featured_media":7687,"comment_status":"open","ping_status":"open","sticky":false,"template":"","format":"standard","meta":{"_jetpack_memberships_contains_paid_content":false,"footnotes":"","jetpack_publicize_message":"","jetpack_publicize_feature_enabled":true,"jetpack_social_post_already_shared":true,"jetpack_social_options":{"image_generator_settings":{"template":"highway","default_image_id":0,"font":"","enabled":false},"version":2}},"categories":[24,11],"tags":[],"class_list":["post-36728","post","type-post","status-publish","format-standard","has-post-thumbnail","hentry","category-a-voz-do-pastor","category-artigos"],"jetpack_publicize_connections":[],"jetpack_featured_media_url":"https:\/\/correiodasemana.com\/site\/wp-content\/uploads\/2018\/02\/Dom-Vasconcelos-posses.jpg","jetpack-related-posts":[{"id":27717,"url":"https:\/\/correiodasemana.com\/site\/3o-domingo-do-advento\/","url_meta":{"origin":36728,"position":0},"title":"3\u00ba Domingo do Advento","author":"adminredacao","date":"Dezembro 19, 2023","format":false,"excerpt":"\u201cA minh\u2019alma se alegra, se alegra no meu Deus\u201d. (Lc 1, 46 ss) Celebramos neste Domingo o terceiro do tempo do Advento, daqui h\u00e1 poucos dias j\u00e1 estaremos celebrando as alegrias do Natal. Por isso, esse terceiro Domingo do Advento \u00e9 conhecido como\u00a0\u201cDomingo Gaudete\u201d,\u00a0ou da alegria, pois o Natal do\u2026","rel":"","context":"In &quot;A voz do Pastor&quot;","block_context":{"text":"A voz do Pastor","link":"https:\/\/correiodasemana.com\/site\/category\/a-voz-do-pastor\/"},"img":{"alt_text":"","src":"https:\/\/i0.wp.com\/correiodasemana.com\/site\/wp-content\/uploads\/2018\/02\/Dom-Vasconcelos-posses.jpg?resize=350%2C200&ssl=1","width":350,"height":200,"srcset":"https:\/\/i0.wp.com\/correiodasemana.com\/site\/wp-content\/uploads\/2018\/02\/Dom-Vasconcelos-posses.jpg?resize=350%2C200&ssl=1 1x, https:\/\/i0.wp.com\/correiodasemana.com\/site\/wp-content\/uploads\/2018\/02\/Dom-Vasconcelos-posses.jpg?resize=525%2C300&ssl=1 1.5x, https:\/\/i0.wp.com\/correiodasemana.com\/site\/wp-content\/uploads\/2018\/02\/Dom-Vasconcelos-posses.jpg?resize=700%2C400&ssl=1 2x"},"classes":[]},{"id":31895,"url":"https:\/\/correiodasemana.com\/site\/terceira-catequese-do-advento-advento-na-escola-de-nossa-senhora-da-expectacao\/","url_meta":{"origin":36728,"position":1},"title":"Terceira catequese do Advento: Advento, na escola de Nossa Senhora da Expecta\u00e7\u00e3o\u00a0","author":"adminredacao","date":"Dezembro 24, 2024","format":false,"excerpt":"O Advento \u00e9 o tempo lit\u00fargico em que a Igreja se prepara para a chegada de Jesus Cristo. Neste per\u00edodo, a figura de Nossa Senhora ganha especial destaque, especialmente sob o t\u00edtulo de Nossa Senhora da Expecta\u00e7\u00e3o, que representa Maria como aquela que espera, com f\u00e9 e esperan\u00e7a, o nascimento\u2026","rel":"","context":"In &quot;A voz do Pastor&quot;","block_context":{"text":"A voz do Pastor","link":"https:\/\/correiodasemana.com\/site\/category\/a-voz-do-pastor\/"},"img":{"alt_text":"","src":"https:\/\/i0.wp.com\/correiodasemana.com\/site\/wp-content\/uploads\/2024\/12\/festa-santa-luzia-com-dom-Vasconcelos-5-scaled.jpg?resize=350%2C200&ssl=1","width":350,"height":200,"srcset":"https:\/\/i0.wp.com\/correiodasemana.com\/site\/wp-content\/uploads\/2024\/12\/festa-santa-luzia-com-dom-Vasconcelos-5-scaled.jpg?resize=350%2C200&ssl=1 1x, https:\/\/i0.wp.com\/correiodasemana.com\/site\/wp-content\/uploads\/2024\/12\/festa-santa-luzia-com-dom-Vasconcelos-5-scaled.jpg?resize=525%2C300&ssl=1 1.5x, https:\/\/i0.wp.com\/correiodasemana.com\/site\/wp-content\/uploads\/2024\/12\/festa-santa-luzia-com-dom-Vasconcelos-5-scaled.jpg?resize=700%2C400&ssl=1 2x, https:\/\/i0.wp.com\/correiodasemana.com\/site\/wp-content\/uploads\/2024\/12\/festa-santa-luzia-com-dom-Vasconcelos-5-scaled.jpg?resize=1050%2C600&ssl=1 3x, https:\/\/i0.wp.com\/correiodasemana.com\/site\/wp-content\/uploads\/2024\/12\/festa-santa-luzia-com-dom-Vasconcelos-5-scaled.jpg?resize=1400%2C800&ssl=1 4x"},"classes":[]},{"id":31995,"url":"https:\/\/correiodasemana.com\/site\/e-natal-deus-visita-seu-povo-5\/","url_meta":{"origin":36728,"position":2},"title":"\u00c9 Natal: Deus visita seu povo","author":"adminredacao","date":"Dezembro 24, 2024","format":false,"excerpt":"Estamos nestes dias vivenciando a \u00faltima semana de prepara\u00e7\u00e3o para o Natal. Somos chamados a uma prepara\u00e7\u00e3o interior para reviver o intrigante mist\u00e9rio da Encarna\u00e7\u00e3o: no seio casto de uma virgem, um Deus se fez homem e veio habitar em meio aos homens. \u00c9 justamente o esvaziamento de si mesmo\u2026","rel":"","context":"In &quot;Artigos&quot;","block_context":{"text":"Artigos","link":"https:\/\/correiodasemana.com\/site\/category\/artigos\/"},"img":{"alt_text":"","src":"https:\/\/i0.wp.com\/correiodasemana.com\/site\/wp-content\/uploads\/2018\/02\/editorial-cs.jpg?resize=350%2C200&ssl=1","width":350,"height":200,"srcset":"https:\/\/i0.wp.com\/correiodasemana.com\/site\/wp-content\/uploads\/2018\/02\/editorial-cs.jpg?resize=350%2C200&ssl=1 1x, https:\/\/i0.wp.com\/correiodasemana.com\/site\/wp-content\/uploads\/2018\/02\/editorial-cs.jpg?resize=525%2C300&ssl=1 1.5x"},"classes":[]},{"id":22372,"url":"https:\/\/correiodasemana.com\/site\/e-natal-deus-visita-seu-povo-4\/","url_meta":{"origin":36728,"position":3},"title":"\u00c9 Natal: Deus visita seu povo","author":"","date":"Dezembro 19, 2022","format":false,"excerpt":"Estamos nestes dias vivenciando a \u00faltima semana de prepara\u00e7\u00e3o para o Natal. Somos chamados a uma prepara\u00e7\u00e3o interior para reviver o intrigante mist\u00e9rio da Encarna\u00e7\u00e3o: no seio casto de uma virgem, um Deus se fez homem e veio habitar em meio aos homens. \u00c9 justamente o esvaziamento de si mesmo\u2026","rel":"","context":"In &quot;Artigos&quot;","block_context":{"text":"Artigos","link":"https:\/\/correiodasemana.com\/site\/category\/artigos\/"},"img":{"alt_text":"","src":"https:\/\/i0.wp.com\/correiodasemana.com\/site\/wp-content\/uploads\/2018\/02\/editorial-cs.jpg?resize=350%2C200&ssl=1","width":350,"height":200,"srcset":"https:\/\/i0.wp.com\/correiodasemana.com\/site\/wp-content\/uploads\/2018\/02\/editorial-cs.jpg?resize=350%2C200&ssl=1 1x, https:\/\/i0.wp.com\/correiodasemana.com\/site\/wp-content\/uploads\/2018\/02\/editorial-cs.jpg?resize=525%2C300&ssl=1 1.5x"},"classes":[]},{"id":18473,"url":"https:\/\/correiodasemana.com\/site\/e-natal-deus-visita-seu-povo-3\/","url_meta":{"origin":36728,"position":4},"title":"\u00c9 Natal: Deus visita seu povo","author":"","date":"Dezembro 27, 2021","format":false,"excerpt":"Estamos nestes dias vivenciando a oitava do Natal. Somos chamados a uma prepara\u00e7\u00e3o interior para reviver o intrigante mist\u00e9rio da Encarna\u00e7\u00e3o: no seio casto de uma virgem, um Deus se fez homem e veio habitar em meio aos homens. \u00c9 justamente o esvaziamento de si mesmo uma das mais belas\u2026","rel":"","context":"In &quot;Artigos&quot;","block_context":{"text":"Artigos","link":"https:\/\/correiodasemana.com\/site\/category\/artigos\/"},"img":{"alt_text":"","src":"https:\/\/i0.wp.com\/correiodasemana.com\/site\/wp-content\/uploads\/2018\/02\/editorial-cs.jpg?resize=350%2C200&ssl=1","width":350,"height":200,"srcset":"https:\/\/i0.wp.com\/correiodasemana.com\/site\/wp-content\/uploads\/2018\/02\/editorial-cs.jpg?resize=350%2C200&ssl=1 1x, https:\/\/i0.wp.com\/correiodasemana.com\/site\/wp-content\/uploads\/2018\/02\/editorial-cs.jpg?resize=525%2C300&ssl=1 1.5x"},"classes":[]},{"id":15240,"url":"https:\/\/correiodasemana.com\/site\/e-natal-deus-visita-seu-povo-2\/","url_meta":{"origin":36728,"position":5},"title":"\u00c9 Natal: Deus visita seu povo","author":"","date":"Dezembro 27, 2020","format":false,"excerpt":"Estamos nestes dias vivenciando a oitava do Natal. Somos chamados a uma prepara\u00e7\u00e3o interior para reviver o intrigante mist\u00e9rio da Encarna\u00e7\u00e3o: no seio casto de uma virgem, um Deus se fez homem e veio habitar em meio aos homens. \u00c9 justamente o esvaziamento de si mesmo uma das mais belas\u2026","rel":"","context":"In &quot;Artigos&quot;","block_context":{"text":"Artigos","link":"https:\/\/correiodasemana.com\/site\/category\/artigos\/"},"img":{"alt_text":"","src":"https:\/\/i0.wp.com\/correiodasemana.com\/site\/wp-content\/uploads\/2018\/02\/editorial-cs.jpg?resize=350%2C200&ssl=1","width":350,"height":200,"srcset":"https:\/\/i0.wp.com\/correiodasemana.com\/site\/wp-content\/uploads\/2018\/02\/editorial-cs.jpg?resize=350%2C200&ssl=1 1x, https:\/\/i0.wp.com\/correiodasemana.com\/site\/wp-content\/uploads\/2018\/02\/editorial-cs.jpg?resize=525%2C300&ssl=1 1.5x"},"classes":[]}],"jetpack_sharing_enabled":true,"_links":{"self":[{"href":"https:\/\/correiodasemana.com\/site\/wp-json\/wp\/v2\/posts\/36728","targetHints":{"allow":["GET"]}}],"collection":[{"href":"https:\/\/correiodasemana.com\/site\/wp-json\/wp\/v2\/posts"}],"about":[{"href":"https:\/\/correiodasemana.com\/site\/wp-json\/wp\/v2\/types\/post"}],"author":[{"embeddable":true,"href":"https:\/\/correiodasemana.com\/site\/wp-json\/wp\/v2\/users\/7"}],"replies":[{"embeddable":true,"href":"https:\/\/correiodasemana.com\/site\/wp-json\/wp\/v2\/comments?post=36728"}],"version-history":[{"count":1,"href":"https:\/\/correiodasemana.com\/site\/wp-json\/wp\/v2\/posts\/36728\/revisions"}],"predecessor-version":[{"id":36729,"href":"https:\/\/correiodasemana.com\/site\/wp-json\/wp\/v2\/posts\/36728\/revisions\/36729"}],"wp:featuredmedia":[{"embeddable":true,"href":"https:\/\/correiodasemana.com\/site\/wp-json\/wp\/v2\/media\/7687"}],"wp:attachment":[{"href":"https:\/\/correiodasemana.com\/site\/wp-json\/wp\/v2\/media?parent=36728"}],"wp:term":[{"taxonomy":"category","embeddable":true,"href":"https:\/\/correiodasemana.com\/site\/wp-json\/wp\/v2\/categories?post=36728"},{"taxonomy":"post_tag","embeddable":true,"href":"https:\/\/correiodasemana.com\/site\/wp-json\/wp\/v2\/tags?post=36728"}],"curies":[{"name":"wp","href":"https:\/\/api.w.org\/{rel}","templated":true}]}}