{"id":36732,"date":"2025-12-11T16:09:04","date_gmt":"2025-12-11T19:09:04","guid":{"rendered":"https:\/\/correiodasemana.com\/site\/?p=36732"},"modified":"2025-12-11T16:09:16","modified_gmt":"2025-12-11T19:09:16","slug":"comunidade-catolica-filhos-de-siao-19","status":"publish","type":"post","link":"https:\/\/correiodasemana.com\/site\/comunidade-catolica-filhos-de-siao-19\/","title":{"rendered":"COMUNIDADE CAT\u00d3LICA FILHOS DE SI\u00c3O"},"content":{"rendered":"<p><strong>Perigos que pedem vigil\u00e2ncia!<\/strong><\/p>\n<p>Com o tempo de caminhada, passamos a n\u00e3o perceber certos perigos. No entanto, precisamos ter muito cuidado para n\u00e3o perdermos a gra\u00e7a inicial do chamado de Deus. Inicio parafraseando nossa Fundadora, Vander L\u00facia:\u00a0\u201cEstamos vivendo os tempos de No\u00e9, e a arca est\u00e1 sendo constru\u00edda diante dos nossos olhos \u2014 e ningu\u00e9m se d\u00e1 conta da necessidade de entrar nela.\u201d<\/p>\n<p>Conduzidos por Eclesi\u00e1stico 2, 1-18<br \/>\nSe for para cair, que seja nas m\u00e3os do Senhor; se for para trope\u00e7ar, que seja no colo do Senhor; e, se for para descansar, que seja nos bra\u00e7os do Senhor. Estamos aqui, e precisamos seguir em frente.<\/p>\n<p>O dem\u00f4nio<br \/>\nO segundo inimigo da alma, assim como o mundo, tamb\u00e9m est\u00e1 fora de n\u00f3s \u2014 \u00e9 exterior. Ele sempre se apresenta como algo bom, l\u00edcito, afinal, \u00e9 mentiroso por natureza. O dem\u00f4nio age por meio da mentira e da tenta\u00e7\u00e3o.<br \/>\n\u00c9 importante lembrar: ser tentado n\u00e3o \u00e9 o mesmo que pecar. A tenta\u00e7\u00e3o, por si s\u00f3, n\u00e3o \u00e9 pecado nem representa perigo, especialmente para quem est\u00e1 pr\u00f3ximo de Deus. Na verdade, quanto mais nos aproximamos do Senhor, mais seremos tentados. Mas Deus jamais permite que sejamos tentados al\u00e9m das nossas for\u00e7as. O inimigo pode at\u00e9 tentar, mas n\u00e3o tem poder de nos derrubar, a menos que permitamos.<br \/>\nNa altura da caminhada em que nos encontramos, n\u00e3o podemos subestimar o dem\u00f4nio. Ele existe, \u00e9 real e atua \u201cnos ares\u201d. Por\u00e9m, aqueles que t\u00eam o Esp\u00edrito Santo possuem o dom do discernimento e sabem distinguir o que vem de Deus e o que vem do inimigo.<br \/>\nVencemos o dem\u00f4nio com humildade, reconhecendo nossa total depend\u00eancia de Deus. N\u00e3o corramos o risco de nos afastar d\u2019Ele, longe de Deus, somos vulner\u00e1veis. Outra arma poderosa \u00e9 a ora\u00e7\u00e3o e somente quem \u00e9 humilde \u00e9 capaz de rezar de verdade.<br \/>\nOs humildes s\u00e3o desapegados. Uma alma soberba, por mais que tente, n\u00e3o consegue obedecer. Foi por isso que o dem\u00f4nio n\u00e3o conseguiu obedecer: ele \u00e9 soberbo.<\/p>\n<p>A carne<br \/>\nN\u00e3o \u00e9\u00a0a nossa carne, mas est\u00e1\u00a0na nossa carne. A luta contra a carne \u2014 que \u00e9 o \u00faltimo inimigo a ser vencido \u2014 n\u00e3o \u00e9 contra n\u00f3s mesmos, mas contra o pecado que habita em n\u00f3s.<br \/>\nO que se pode esperar de uma pessoa que caminha na vontade de Deus, mas n\u00e3o reza?<br \/>\nA luta contra a carne \u00e9 interior: \u00e9 um combate contra a pr\u00f3pria vontade, contra os sentimentos desordenados. \u00c9 uma luta contra a sensualidade, que se manifesta por meio dos sentidos. Todos os nossos sentidos s\u00e3o portas de entrada para esse inimigo.<\/p>\n<p>Conduzidos por Romanos 7, 14-18<br \/>\nEssa \u00e9 uma luta mais dolorosa do que a luta contra o mundo e o dem\u00f4nio. Sejamos provados, para que nos tornemos como Cristo deseja que sejamos.<\/p>\n<p>Julineide Mendes &#8211; Consagrada na Comunidade de Alian\u00e7a com Promessas Definitivas<\/p>\n","protected":false},"excerpt":{"rendered":"<p>Perigos que pedem vigil\u00e2ncia! Com o tempo de caminhada, passamos a n\u00e3o perceber certos perigos&#8230;.<\/p>\n","protected":false},"author":7,"featured_media":65,"comment_status":"open","ping_status":"open","sticky":false,"template":"","format":"standard","meta":{"_jetpack_memberships_contains_paid_content":false,"footnotes":"","jetpack_publicize_message":"","jetpack_publicize_feature_enabled":true,"jetpack_social_post_already_shared":true,"jetpack_social_options":{"image_generator_settings":{"template":"highway","default_image_id":0,"font":"","enabled":false},"version":2}},"categories":[11,87],"tags":[],"class_list":["post-36732","post","type-post","status-publish","format-standard","has-post-thumbnail","hentry","category-artigos","category-filhos-de-siao"],"jetpack_publicize_connections":[],"jetpack_featured_media_url":"https:\/\/correiodasemana.com\/site\/wp-content\/uploads\/2019\/07\/cropped-Igreja_S\u00e9.jpg","jetpack-related-posts":[{"id":36550,"url":"https:\/\/correiodasemana.com\/site\/comunidade-catolica-filhos-de-siao-18\/","url_meta":{"origin":36732,"position":0},"title":"COMUNIDADE CAT\u00d3LICA FILHOS DE SI\u00c3O","author":"adminredacao","date":"Dezembro 1, 2025","format":false,"excerpt":"Perigos que pedem vigil\u00e2ncia! Com o tempo de caminhada, passamos a n\u00e3o perceber certos perigos. No entanto, precisamos ter muito cuidado para n\u00e3o perdermos a gra\u00e7a inicial do chamado de Deus. Inicio parafraseando nossa Fundadora, Vander L\u00facia:\u00a0\u201cEstamos vivendo os tempos de No\u00e9, e a arca est\u00e1 sendo constru\u00edda diante dos\u2026","rel":"","context":"In &quot;Artigos&quot;","block_context":{"text":"Artigos","link":"https:\/\/correiodasemana.com\/site\/category\/artigos\/"},"img":{"alt_text":"","src":"https:\/\/i0.wp.com\/correiodasemana.com\/site\/wp-content\/uploads\/2019\/07\/Igreja_S%C3%A9.jpg?resize=350%2C200&ssl=1","width":350,"height":200,"srcset":"https:\/\/i0.wp.com\/correiodasemana.com\/site\/wp-content\/uploads\/2019\/07\/Igreja_S%C3%A9.jpg?resize=350%2C200&ssl=1 1x, https:\/\/i0.wp.com\/correiodasemana.com\/site\/wp-content\/uploads\/2019\/07\/Igreja_S%C3%A9.jpg?resize=525%2C300&ssl=1 1.5x, https:\/\/i0.wp.com\/correiodasemana.com\/site\/wp-content\/uploads\/2019\/07\/Igreja_S%C3%A9.jpg?resize=700%2C400&ssl=1 2x, https:\/\/i0.wp.com\/correiodasemana.com\/site\/wp-content\/uploads\/2019\/07\/Igreja_S%C3%A9.jpg?resize=1050%2C600&ssl=1 3x, https:\/\/i0.wp.com\/correiodasemana.com\/site\/wp-content\/uploads\/2019\/07\/Igreja_S%C3%A9.jpg?resize=1400%2C800&ssl=1 4x"},"classes":[]},{"id":20866,"url":"https:\/\/correiodasemana.com\/site\/ei-vi-o-senhor-mes-vocacional\/","url_meta":{"origin":36732,"position":1},"title":"Ei vi o Senhor \u2013 M\u00eas Vocacional","author":"","date":"Agosto 29, 2022","format":false,"excerpt":"Maria Madalena, segundo os te\u00f3logos, n\u00e3o \u00e9 a mulher que foi pega em adult\u00e9rio pronta para ser apedrejada, j\u00e1 que a Lei dava certo direito dela ser apedrejada porque estava cometendo adult\u00e9rio. Mas \u00e9 Maria de Magdala, a mulher de quem Jesus tinha expulsado 7 dem\u00f4nios. O Senhor deseja sempre\u2026","rel":"","context":"In &quot;Artigos&quot;","block_context":{"text":"Artigos","link":"https:\/\/correiodasemana.com\/site\/category\/artigos\/"},"img":{"alt_text":"","src":"https:\/\/i0.wp.com\/correiodasemana.com\/site\/wp-content\/uploads\/2019\/07\/cropped-Igreja_S%C3%A9.jpg?resize=350%2C200&ssl=1","width":350,"height":200,"srcset":"https:\/\/i0.wp.com\/correiodasemana.com\/site\/wp-content\/uploads\/2019\/07\/cropped-Igreja_S%C3%A9.jpg?resize=350%2C200&ssl=1 1x, https:\/\/i0.wp.com\/correiodasemana.com\/site\/wp-content\/uploads\/2019\/07\/cropped-Igreja_S%C3%A9.jpg?resize=525%2C300&ssl=1 1.5x, https:\/\/i0.wp.com\/correiodasemana.com\/site\/wp-content\/uploads\/2019\/07\/cropped-Igreja_S%C3%A9.jpg?resize=700%2C400&ssl=1 2x, https:\/\/i0.wp.com\/correiodasemana.com\/site\/wp-content\/uploads\/2019\/07\/cropped-Igreja_S%C3%A9.jpg?resize=1050%2C600&ssl=1 3x, https:\/\/i0.wp.com\/correiodasemana.com\/site\/wp-content\/uploads\/2019\/07\/cropped-Igreja_S%C3%A9.jpg?resize=1400%2C800&ssl=1 4x"},"classes":[]},{"id":21293,"url":"https:\/\/correiodasemana.com\/site\/nos-somos-um-povo-ressuscitado\/","url_meta":{"origin":36732,"position":2},"title":"N\u00f3s somos um povo Ressuscitado!","author":"","date":"Outubro 16, 2022","format":false,"excerpt":"Acolha a gra\u00e7a deste novo tempo para a sua vida! Para acolher este novo tempo que o Senhor nos d\u00e1, Ele nos convida a ter um cora\u00e7\u00e3o humilde. Deus resiste aos soberbos e, por isso, ele quer de n\u00f3s um cora\u00e7\u00e3o humilde. N\u00f3s vamos seguir nossa caminhada com alegria, mas\u2026","rel":"","context":"In &quot;Artigos&quot;","block_context":{"text":"Artigos","link":"https:\/\/correiodasemana.com\/site\/category\/artigos\/"},"img":{"alt_text":"","src":"https:\/\/i0.wp.com\/correiodasemana.com\/site\/wp-content\/uploads\/2020\/08\/Catedral-da-Se-N.-S.-da-Conceicao-Sobral-Ceara-scaled.jpg?resize=350%2C200&ssl=1","width":350,"height":200,"srcset":"https:\/\/i0.wp.com\/correiodasemana.com\/site\/wp-content\/uploads\/2020\/08\/Catedral-da-Se-N.-S.-da-Conceicao-Sobral-Ceara-scaled.jpg?resize=350%2C200&ssl=1 1x, https:\/\/i0.wp.com\/correiodasemana.com\/site\/wp-content\/uploads\/2020\/08\/Catedral-da-Se-N.-S.-da-Conceicao-Sobral-Ceara-scaled.jpg?resize=525%2C300&ssl=1 1.5x, https:\/\/i0.wp.com\/correiodasemana.com\/site\/wp-content\/uploads\/2020\/08\/Catedral-da-Se-N.-S.-da-Conceicao-Sobral-Ceara-scaled.jpg?resize=700%2C400&ssl=1 2x, https:\/\/i0.wp.com\/correiodasemana.com\/site\/wp-content\/uploads\/2020\/08\/Catedral-da-Se-N.-S.-da-Conceicao-Sobral-Ceara-scaled.jpg?resize=1050%2C600&ssl=1 3x, https:\/\/i0.wp.com\/correiodasemana.com\/site\/wp-content\/uploads\/2020\/08\/Catedral-da-Se-N.-S.-da-Conceicao-Sobral-Ceara-scaled.jpg?resize=1400%2C800&ssl=1 4x"},"classes":[]},{"id":20656,"url":"https:\/\/correiodasemana.com\/site\/ano-jubilar-eis-o-tempo-favoravel\/","url_meta":{"origin":36732,"position":3},"title":"Ano Jubilar: Eis o tempo favor\u00e1vel","author":"","date":"Agosto 8, 2022","format":false,"excerpt":"Somos convidados a testemunhar Jesus Cristo por meio da nossa f\u00e9 atrav\u00e9s do Carisma Filhos de Si\u00e3o\u2026 O tempo \u00e9 favor\u00e1vel para agradecermos ao passado e fazermos mem\u00f3ria da nossa hist\u00f3ria, da nossa vida e da nossa caminhada. Vamos viver com alegria o presente! Vamos pedir for\u00e7as a Deus para\u2026","rel":"","context":"In &quot;Artigos&quot;","block_context":{"text":"Artigos","link":"https:\/\/correiodasemana.com\/site\/category\/artigos\/"},"img":{"alt_text":"","src":"https:\/\/i0.wp.com\/correiodasemana.com\/site\/wp-content\/uploads\/2019\/07\/Igreja_S%C3%A9.jpg?resize=350%2C200&ssl=1","width":350,"height":200,"srcset":"https:\/\/i0.wp.com\/correiodasemana.com\/site\/wp-content\/uploads\/2019\/07\/Igreja_S%C3%A9.jpg?resize=350%2C200&ssl=1 1x, https:\/\/i0.wp.com\/correiodasemana.com\/site\/wp-content\/uploads\/2019\/07\/Igreja_S%C3%A9.jpg?resize=525%2C300&ssl=1 1.5x, https:\/\/i0.wp.com\/correiodasemana.com\/site\/wp-content\/uploads\/2019\/07\/Igreja_S%C3%A9.jpg?resize=700%2C400&ssl=1 2x, https:\/\/i0.wp.com\/correiodasemana.com\/site\/wp-content\/uploads\/2019\/07\/Igreja_S%C3%A9.jpg?resize=1050%2C600&ssl=1 3x, https:\/\/i0.wp.com\/correiodasemana.com\/site\/wp-content\/uploads\/2019\/07\/Igreja_S%C3%A9.jpg?resize=1400%2C800&ssl=1 4x"},"classes":[]},{"id":21648,"url":"https:\/\/correiodasemana.com\/site\/a-oracao-e-primazia-para-a-comunidade-filhos-de-siao\/","url_meta":{"origin":36732,"position":4},"title":"A ora\u00e7\u00e3o \u00e9 primazia para a Comunidade Filhos de Si\u00e3o","author":"","date":"Novembro 13, 2022","format":false,"excerpt":"Segundo os Estatutos da Comunidade Filhos de Si\u00e3o,\u00a0contemplar \u00e9 olhar atenta e embevecidamente, ou seja, \u00e9 apreciar, meditar com amor, \u00e9 buscar aquilo que n\u00e3o vejo de imediato. O segredo da ora\u00e7\u00e3o \u00e9 olhar para Deus e permanecer nesse olhar sem pressa. N\u00e3o somente ver a Deus, mas entrar na\u2026","rel":"","context":"In &quot;Artigos&quot;","block_context":{"text":"Artigos","link":"https:\/\/correiodasemana.com\/site\/category\/artigos\/"},"img":{"alt_text":"","src":"https:\/\/i0.wp.com\/correiodasemana.com\/site\/wp-content\/uploads\/2022\/02\/igreja-menino-deus-4.jpeg?resize=350%2C200&ssl=1","width":350,"height":200,"srcset":"https:\/\/i0.wp.com\/correiodasemana.com\/site\/wp-content\/uploads\/2022\/02\/igreja-menino-deus-4.jpeg?resize=350%2C200&ssl=1 1x, https:\/\/i0.wp.com\/correiodasemana.com\/site\/wp-content\/uploads\/2022\/02\/igreja-menino-deus-4.jpeg?resize=525%2C300&ssl=1 1.5x, https:\/\/i0.wp.com\/correiodasemana.com\/site\/wp-content\/uploads\/2022\/02\/igreja-menino-deus-4.jpeg?resize=700%2C400&ssl=1 2x"},"classes":[]},{"id":24124,"url":"https:\/\/correiodasemana.com\/site\/os-baluartes-do-carisma-filhos-de-siao\/","url_meta":{"origin":36732,"position":5},"title":"Os Baluartes do Carisma Filhos de Si\u00e3o","author":"adminredacao","date":"Abril 17, 2023","format":false,"excerpt":"O melhor tempo de nossas vidas \u00e9 quando temos op\u00e7\u00f5es\u2026 \u00c9 quando n\u00f3s podemos colocar em algo a nossa seguran\u00e7a, e sonhar o homem, e a mulher, que n\u00f3s queremos ser, e que o Senhor deseja que sejamos. Onde estamos colocando nossas vidas? N\u00f3s, Filhos de Si\u00e3o, estamos colocando nossas\u2026","rel":"","context":"In &quot;Artigos&quot;","block_context":{"text":"Artigos","link":"https:\/\/correiodasemana.com\/site\/category\/artigos\/"},"img":{"alt_text":"","src":"https:\/\/i0.wp.com\/correiodasemana.com\/site\/wp-content\/uploads\/2023\/04\/th-1.jpeg?resize=350%2C200&ssl=1","width":350,"height":200},"classes":[]}],"jetpack_sharing_enabled":true,"_links":{"self":[{"href":"https:\/\/correiodasemana.com\/site\/wp-json\/wp\/v2\/posts\/36732","targetHints":{"allow":["GET"]}}],"collection":[{"href":"https:\/\/correiodasemana.com\/site\/wp-json\/wp\/v2\/posts"}],"about":[{"href":"https:\/\/correiodasemana.com\/site\/wp-json\/wp\/v2\/types\/post"}],"author":[{"embeddable":true,"href":"https:\/\/correiodasemana.com\/site\/wp-json\/wp\/v2\/users\/7"}],"replies":[{"embeddable":true,"href":"https:\/\/correiodasemana.com\/site\/wp-json\/wp\/v2\/comments?post=36732"}],"version-history":[{"count":1,"href":"https:\/\/correiodasemana.com\/site\/wp-json\/wp\/v2\/posts\/36732\/revisions"}],"predecessor-version":[{"id":36733,"href":"https:\/\/correiodasemana.com\/site\/wp-json\/wp\/v2\/posts\/36732\/revisions\/36733"}],"wp:featuredmedia":[{"embeddable":true,"href":"https:\/\/correiodasemana.com\/site\/wp-json\/wp\/v2\/media\/65"}],"wp:attachment":[{"href":"https:\/\/correiodasemana.com\/site\/wp-json\/wp\/v2\/media?parent=36732"}],"wp:term":[{"taxonomy":"category","embeddable":true,"href":"https:\/\/correiodasemana.com\/site\/wp-json\/wp\/v2\/categories?post=36732"},{"taxonomy":"post_tag","embeddable":true,"href":"https:\/\/correiodasemana.com\/site\/wp-json\/wp\/v2\/tags?post=36732"}],"curies":[{"name":"wp","href":"https:\/\/api.w.org\/{rel}","templated":true}]}}