{"id":37007,"date":"2026-01-10T16:30:00","date_gmt":"2026-01-10T19:30:00","guid":{"rendered":"https:\/\/correiodasemana.com\/site\/?p=37007"},"modified":"2026-01-10T16:30:00","modified_gmt":"2026-01-10T19:30:00","slug":"profissao-multimidia-prejudica-jornalista-e-radialista-diz-sindicato","status":"publish","type":"post","link":"https:\/\/correiodasemana.com\/site\/profissao-multimidia-prejudica-jornalista-e-radialista-diz-sindicato\/","title":{"rendered":"Profiss\u00e3o multim\u00eddia prejudica jornalista e radialista, diz sindicato"},"content":{"rendered":"<p><strong>Associa\u00e7\u00e3o de emissoras de TV e r\u00e1dio v\u00ea medida como avan\u00e7o<\/strong><\/p>\n<p>POR Rafael Cardoso &#8211; Rep\u00f3rter da Ag\u00eancia Brasil<br \/>\nA profiss\u00e3o de multim\u00eddia foi reconhecida oficialmente na quarta-feira (7) com a publica\u00e7\u00e3o da\u00a0Lei n\u00ba 15.325\/2026\u00a0no\u00a0Di\u00e1rio Oficial da Uni\u00e3o.\u00a0Ela prev\u00ea que um mesmo profissional acumule atividades de produ\u00e7\u00e3o, edi\u00e7\u00e3o e distribui\u00e7\u00e3o de conte\u00fados audiovisuais e digitais.<br \/>\nPara os sindicatos, a legisla\u00e7\u00e3o traz preju\u00edzos para jornalistas e radialistas. J\u00e1 a associa\u00e7\u00e3o de emissoras de TV e r\u00e1dio defende que ela permite \u201catua\u00e7\u00e3o transversal dos profissionais\u201d. O projeto de origem \u00e9 da deputada Simone Marquetto (MDB-SP) e teve aprova\u00e7\u00e3o da C\u00e2mara dos Deputados, do Senado Federal e do presidente Luiz In\u00e1cio Lula da Silva.<br \/>\nA Federa\u00e7\u00e3o Nacional de Jornalistas (Fenaj), seus 31 sindicatos filiados e o Movimento Nacional dos Radialistas (MNR) criticaram duramente a san\u00e7\u00e3o da lei. Para as entidades, a nova norma \u201cataca diretamente jornalistas e radialistas\u201d, cria inseguran\u00e7a jur\u00eddica e beneficia empres\u00e1rios do setor de comunica\u00e7\u00e3o.<\/p>\n<p>Faltou di\u00e1logo<br \/>\nA nota conjunta diz que n\u00e3o houve di\u00e1logo com as entidades representativas das categorias. Tamb\u00e9m destacou que as fun\u00e7\u00f5es atribu\u00eddas ao profissional multim\u00eddia j\u00e1 s\u00e3o exclusivas, por legisla\u00e7\u00e3o espec\u00edfica, das profiss\u00f5es de jornalista e radialista. A cr\u00edtica aponta ainda que o texto n\u00e3o prev\u00ea carga hor\u00e1ria, registro e forma\u00e7\u00e3o espec\u00edfica para a nova profiss\u00e3o.<br \/>\n\u201cAs entidades representativas v\u00e3o tomar as medidas legais necess\u00e1rias para preservar as profiss\u00f5es frente a mais essa aberra\u00e7\u00e3o legislativa\u201d, diz o comunicado.<br \/>\nElas tamb\u00e9m criticaram o que chamam de tentativa de \u201cdesregulamentar, \u00e0 for\u00e7a, o trabalho de jornalistas e radialistas\u201d, ao criar um \u201csombreamento legal que s\u00f3 beneficia os empres\u00e1rios\u201d. A Fenaj\u00a0afirma ter estranhado que \u201co governo Lula, de origem no movimento dos trabalhadores\u201d, tenha sancionado a proposta sem vetos.<\/p>\n<p>Abert<br \/>\nEm sentido oposto, a Associa\u00e7\u00e3o Brasileira de Emissoras de R\u00e1dio e TV (Abert) avaliou positivamente a lei. Para a entidade, \u00e9 \u201cum avan\u00e7o relevante ao conferir clareza e reconhecimento profissional \u00e0s atividades exercidas em um ambiente cada vez mais marcado pela converg\u00eancia de m\u00eddias\u201d e \u201cm\u00faltiplas plataformas\u201d.<br \/>\n\u201cA nova lei est\u00e1 plenamente alinhada \u00e0 converg\u00eancia tecnol\u00f3gica do setor de comunica\u00e7\u00e3o, que exige atua\u00e7\u00e3o transversal dos profissionais, adapta\u00e7\u00e3o constante \u00e0s inova\u00e7\u00f5es tecnol\u00f3gicas e atualiza\u00e7\u00e3o permanente para atender \u00e0s demandas de um mercado de trabalho em cont\u00ednua transforma\u00e7\u00e3o\u201d, disse o presidente-executivo da Abert, Cristiano Lobato Fl\u00f4res.<\/p>\n<p>Lei n\u00ba 15.325\/2026<br \/>\nA nova legisla\u00e7\u00e3o define como multim\u00eddia o profissional multifuncional, de n\u00edvel superior ou t\u00e9cnico, apto a atuar na cria\u00e7\u00e3o, produ\u00e7\u00e3o, capta\u00e7\u00e3o, edi\u00e7\u00e3o, planejamento, gest\u00e3o, programa\u00e7\u00e3o, publica\u00e7\u00e3o e distribui\u00e7\u00e3o de conte\u00fados de sons, imagens, anima\u00e7\u00f5es, v\u00eddeos e textos em m\u00eddias eletr\u00f4nicas e digitais.<br \/>\nEntre as atribui\u00e7\u00f5es listadas est\u00e3o a cria\u00e7\u00e3o de portais, sites, redes sociais, anima\u00e7\u00f5es, jogos eletr\u00f4nicos, aplicativos, al\u00e9m da produ\u00e7\u00e3o, edi\u00e7\u00e3o, dire\u00e7\u00e3o e gest\u00e3o de conte\u00fados audiovisuais e digitais.<br \/>\nA lei estabelece que o profissional multim\u00eddia atue em empresas e institui\u00e7\u00f5es p\u00fablicas ou privadas, incluindo emissoras de radiodifus\u00e3o, produtoras de conte\u00fado, provedores de aplica\u00e7\u00f5es de internet e ag\u00eancias de publicidade. A norma tamb\u00e9m assegura que profissionais de outras categorias possam, com concord\u00e2ncia do empregador, celebrar aditivo contratual para exercer atividades de multim\u00eddia.<\/p>\n","protected":false},"excerpt":{"rendered":"<p>Associa\u00e7\u00e3o de emissoras de TV e r\u00e1dio v\u00ea medida como avan\u00e7o POR Rafael Cardoso &#8211;&#8230;<\/p>\n","protected":false},"author":7,"featured_media":37008,"comment_status":"open","ping_status":"open","sticky":false,"template":"","format":"standard","meta":{"_jetpack_memberships_contains_paid_content":false,"footnotes":"","jetpack_publicize_message":"","jetpack_publicize_feature_enabled":true,"jetpack_social_post_already_shared":true,"jetpack_social_options":{"image_generator_settings":{"template":"highway","default_image_id":0,"font":"","enabled":false},"version":2}},"categories":[1],"tags":[],"class_list":["post-37007","post","type-post","status-publish","format-standard","has-post-thumbnail","hentry","category-atualidade"],"jetpack_publicize_connections":[],"jetpack_featured_media_url":"https:\/\/correiodasemana.com\/site\/wp-content\/uploads\/2026\/01\/close-no-reporter-dando-uma-entrevista.webp","jetpack-related-posts":[{"id":29815,"url":"https:\/\/correiodasemana.com\/site\/morre-aos-77-anos-william-vasconcelos-o-radialista-esportivo\/","url_meta":{"origin":37007,"position":0},"title":"Morre, aos 77 anos, William Vasconcelos, o radialista esportivo","author":"adminredacao","date":"Julho 1, 2024","format":false,"excerpt":"Morreu na madrugada de segunda-feira (24\/06), em sua resid\u00eancia, por complica\u00e7\u00f5es de sa\u00fade, o radialista esportivo, William Vasconcelos. No r\u00e1dio, William Vasconcelos exerceu diversas fun\u00e7\u00f5es como: Narrador Esportivo, comentarista Esportivo, Rep\u00f3rter de Campo, Noticiarista, Disc-J\u00f3quei, entre outras. O enterro aconteceu na cidade de Santana do Acara\u00fa, onde est\u00e1 sepultada sua\u2026","rel":"","context":"In &quot;Atualidade&quot;","block_context":{"text":"Atualidade","link":"https:\/\/correiodasemana.com\/site\/category\/atualidade\/"},"img":{"alt_text":"","src":"https:\/\/i0.wp.com\/correiodasemana.com\/site\/wp-content\/uploads\/2024\/07\/William-Vasconcelos.jpg?resize=350%2C200&ssl=1","width":350,"height":200},"classes":[]},{"id":24162,"url":"https:\/\/correiodasemana.com\/site\/tv-globo-entra-na-mira-da-fenaj\/","url_meta":{"origin":37007,"position":1},"title":"TV Globo entra na mira da Fenaj","author":"","date":"Abril 19, 2023","format":false,"excerpt":"A Federa\u00e7\u00e3o Nacional dos Jornalistas (Fenaj) prepara uma a\u00e7\u00e3o contra a TV Globo pela demiss\u00e3o em massa de mais de 50 jornalistas da emissora nos \u00faltimos dias. As categorias de S\u00e3o Paulo, Rio de Janeiro e Distrito Federal reivindicam uma reuni\u00e3o emergencial com a c\u00fapula da emissora para questionar assuntos\u2026","rel":"","context":"In &quot;Atualidade&quot;","block_context":{"text":"Atualidade","link":"https:\/\/correiodasemana.com\/site\/category\/atualidade\/"},"img":{"alt_text":"","src":"","width":0,"height":0},"classes":[]},{"id":30166,"url":"https:\/\/correiodasemana.com\/site\/ivan-frota-reune-midia-sobralense-na-oab-sobral\/","url_meta":{"origin":37007,"position":2},"title":"Ivan Frota re\u00fane m\u00eddia sobralense na OAB\/SOBRAL","author":"adminredacao","date":"Julho 29, 2024","format":false,"excerpt":"OAB Not\u00edcias | Nesta quinta-feira, 18, a sede da OAB Sobral foi palco de um evento de grande relev\u00e2ncia para o cen\u00e1rio pol\u00edtico e midi\u00e1tico da regi\u00e3o: a palestra \u201cElei\u00e7\u00f5es Municipais: Regras Gerais para R\u00e1dio, TV e Internet\u201d, ministrada pelo renomado advogado Dr. Francisco Ant\u00f4nio Cristino. O evento contou com\u2026","rel":"","context":"In &quot;Atualidade&quot;","block_context":{"text":"Atualidade","link":"https:\/\/correiodasemana.com\/site\/category\/atualidade\/"},"img":{"alt_text":"","src":"https:\/\/i0.wp.com\/correiodasemana.com\/site\/wp-content\/uploads\/2024\/07\/WhatsApp-Image-2024-07-25-at-10.24.44.jpeg?resize=350%2C200&ssl=1","width":350,"height":200},"classes":[]},{"id":37205,"url":"https:\/\/correiodasemana.com\/site\/lula-sanciona-lei-que-padroniza-carteira-profissional-de-radialista-entenda-o-que-muda\/","url_meta":{"origin":37007,"position":3},"title":"Lula sanciona lei que padroniza carteira profissional de radialista; entenda o que muda","author":"adminredacao","date":"Fevereiro 7, 2026","format":false,"excerpt":"O presidente Luiz In\u00e1cio Lula da Silva sancionou a lei que muda as regras para quem trabalha no r\u00e1dio, padronizando a carteira profissional de radialista no Brasil. A Lei n\u00ba 15.335\/2026 garante que todos os radialistas poder\u00e3o tirar a carteira profissional de forma mais simples, com validade em todo o\u2026","rel":"","context":"In &quot;Atualidade&quot;","block_context":{"text":"Atualidade","link":"https:\/\/correiodasemana.com\/site\/category\/atualidade\/"},"img":{"alt_text":"","src":"https:\/\/i0.wp.com\/correiodasemana.com\/site\/wp-content\/uploads\/2026\/02\/UMA-IMAGEM-21.webp?resize=350%2C200&ssl=1","width":350,"height":200,"srcset":"https:\/\/i0.wp.com\/correiodasemana.com\/site\/wp-content\/uploads\/2026\/02\/UMA-IMAGEM-21.webp?resize=350%2C200&ssl=1 1x, https:\/\/i0.wp.com\/correiodasemana.com\/site\/wp-content\/uploads\/2026\/02\/UMA-IMAGEM-21.webp?resize=525%2C300&ssl=1 1.5x, https:\/\/i0.wp.com\/correiodasemana.com\/site\/wp-content\/uploads\/2026\/02\/UMA-IMAGEM-21.webp?resize=700%2C400&ssl=1 2x"},"classes":[]},{"id":21185,"url":"https:\/\/correiodasemana.com\/site\/ivan-frota-toma-posse-em-sobral-como-novo-delegado-regional-do-sindicado-dos-radialistas-do-ceara\/","url_meta":{"origin":37007,"position":4},"title":"Ivan Frota toma posse em Sobral, como novo Delegado Regional do Sindicado dos Radialistas do Cear\u00e1","author":"","date":"Outubro 9, 2022","format":false,"excerpt":"O novo delegado Regional do Sindicato dos Radialistas de Sobral, Ivan Frota, tomou posse no dia 06 de outubro, quinta feira, no audit\u00f3rio da CDL. O presidente da Subsec\u00e7\u00e3o OAB Sobral, \u00c9zio Guimar\u00e3es, foi o palestrante e o tema da palestra foi: \u201cA import\u00e2ncia do Sindicato para os associados\u201d. Diante\u2026","rel":"","context":"In &quot;Atualidade&quot;","block_context":{"text":"Atualidade","link":"https:\/\/correiodasemana.com\/site\/category\/atualidade\/"},"img":{"alt_text":"","src":"https:\/\/i0.wp.com\/correiodasemana.com\/site\/wp-content\/uploads\/2022\/10\/ivan-frota-radio.jpg?resize=350%2C200&ssl=1","width":350,"height":200,"srcset":"https:\/\/i0.wp.com\/correiodasemana.com\/site\/wp-content\/uploads\/2022\/10\/ivan-frota-radio.jpg?resize=350%2C200&ssl=1 1x, https:\/\/i0.wp.com\/correiodasemana.com\/site\/wp-content\/uploads\/2022\/10\/ivan-frota-radio.jpg?resize=525%2C300&ssl=1 1.5x, https:\/\/i0.wp.com\/correiodasemana.com\/site\/wp-content\/uploads\/2022\/10\/ivan-frota-radio.jpg?resize=700%2C400&ssl=1 2x"},"classes":[]},{"id":29800,"url":"https:\/\/correiodasemana.com\/site\/radio-educadora-fm-107-5-celebra-65-anos-de-criacao\/","url_meta":{"origin":37007,"position":5},"title":"R\u00e1dio Educadora FM 107.5 celebra 65 anos de cria\u00e7\u00e3o","author":"adminredacao","date":"Julho 1, 2024","format":false,"excerpt":"A manh\u00e3 desta quinta-feira, 27\/06, foi de muita alegria para os radialistas e colaboradores da R\u00e1dio Educadora FM 107.5 em virtude dos 65 anos de cria\u00e7\u00e3o da emissora. A comemora\u00e7\u00e3o ficou por conta do Show do Ivan Frota e reuniu radialistas, colaboradores, sacerdotes, ouvintes e amigos no audit\u00f3rio Dom Walfrido\u2026","rel":"","context":"In &quot;Atualidade&quot;","block_context":{"text":"Atualidade","link":"https:\/\/correiodasemana.com\/site\/category\/atualidade\/"},"img":{"alt_text":"","src":"https:\/\/i0.wp.com\/correiodasemana.com\/site\/wp-content\/uploads\/2024\/07\/RADIO-EDUCADORA-2-scaled.jpg?resize=350%2C200&ssl=1","width":350,"height":200,"srcset":"https:\/\/i0.wp.com\/correiodasemana.com\/site\/wp-content\/uploads\/2024\/07\/RADIO-EDUCADORA-2-scaled.jpg?resize=350%2C200&ssl=1 1x, https:\/\/i0.wp.com\/correiodasemana.com\/site\/wp-content\/uploads\/2024\/07\/RADIO-EDUCADORA-2-scaled.jpg?resize=525%2C300&ssl=1 1.5x, https:\/\/i0.wp.com\/correiodasemana.com\/site\/wp-content\/uploads\/2024\/07\/RADIO-EDUCADORA-2-scaled.jpg?resize=700%2C400&ssl=1 2x, https:\/\/i0.wp.com\/correiodasemana.com\/site\/wp-content\/uploads\/2024\/07\/RADIO-EDUCADORA-2-scaled.jpg?resize=1050%2C600&ssl=1 3x, https:\/\/i0.wp.com\/correiodasemana.com\/site\/wp-content\/uploads\/2024\/07\/RADIO-EDUCADORA-2-scaled.jpg?resize=1400%2C800&ssl=1 4x"},"classes":[]}],"jetpack_sharing_enabled":true,"_links":{"self":[{"href":"https:\/\/correiodasemana.com\/site\/wp-json\/wp\/v2\/posts\/37007","targetHints":{"allow":["GET"]}}],"collection":[{"href":"https:\/\/correiodasemana.com\/site\/wp-json\/wp\/v2\/posts"}],"about":[{"href":"https:\/\/correiodasemana.com\/site\/wp-json\/wp\/v2\/types\/post"}],"author":[{"embeddable":true,"href":"https:\/\/correiodasemana.com\/site\/wp-json\/wp\/v2\/users\/7"}],"replies":[{"embeddable":true,"href":"https:\/\/correiodasemana.com\/site\/wp-json\/wp\/v2\/comments?post=37007"}],"version-history":[{"count":1,"href":"https:\/\/correiodasemana.com\/site\/wp-json\/wp\/v2\/posts\/37007\/revisions"}],"predecessor-version":[{"id":37009,"href":"https:\/\/correiodasemana.com\/site\/wp-json\/wp\/v2\/posts\/37007\/revisions\/37009"}],"wp:featuredmedia":[{"embeddable":true,"href":"https:\/\/correiodasemana.com\/site\/wp-json\/wp\/v2\/media\/37008"}],"wp:attachment":[{"href":"https:\/\/correiodasemana.com\/site\/wp-json\/wp\/v2\/media?parent=37007"}],"wp:term":[{"taxonomy":"category","embeddable":true,"href":"https:\/\/correiodasemana.com\/site\/wp-json\/wp\/v2\/categories?post=37007"},{"taxonomy":"post_tag","embeddable":true,"href":"https:\/\/correiodasemana.com\/site\/wp-json\/wp\/v2\/tags?post=37007"}],"curies":[{"name":"wp","href":"https:\/\/api.w.org\/{rel}","templated":true}]}}