{"id":37037,"date":"2026-01-17T16:10:29","date_gmt":"2026-01-17T19:10:29","guid":{"rendered":"https:\/\/correiodasemana.com\/site\/?p=37037"},"modified":"2026-01-17T16:10:29","modified_gmt":"2026-01-17T19:10:29","slug":"3o-domingo-do-tempo-comum","status":"publish","type":"post","link":"https:\/\/correiodasemana.com\/site\/3o-domingo-do-tempo-comum\/","title":{"rendered":"3\u00ba Domingo do Tempo Comum\u00a0"},"content":{"rendered":"<p>Cardeal Orani Jo\u00e3o Tempesta<br \/>\nArcebispo do Rio de Janeiro (RJ)<br \/>\n3\u00ba Domingo do Tempo Comum<br \/>\n\u201cSegui-me e eu farei de v\u00f3s, pescadores de homens\u201d (Mt\u00a04,19)<\/p>\n<p>Celebramos neste domingo o Terceiro Domingo do Tempo Comum, que \u00e9 tamb\u00e9m o Domingo da Palavra de Deus, institu\u00eddo pelo Papa Francisco. Estamos prestes a finalizar o primeiro m\u00eas deste ano; os dias passam depressa e precisamos aproveitar cada instante. Ainda \u00e9 tempo de nos programarmos e escrevermos os nossos prop\u00f3sitos para este ano.\u00a0Hoje teremos a oportunidade de instituir novos ministros catequistas em nossa Catedral. Na pr\u00f3xima semana teremos aqui em nossa Arquidiocese mais um Curso para os Bispos.<br \/>\nAproveitemos este tempo para estarmos mais pr\u00f3ximos do Senhor, escutar a sua Palavra e coloc\u00e1-la em pr\u00e1tica. Acabamos de celebrar o nosso padroeiro, S\u00e3o Sebasti\u00e3o, que era um incans\u00e1vel pregador da Palavra de Deus. Sigamos o seu exemplo e anunciemos a Palavra do Senhor onde quer que estivermos.<br \/>\nAinda estamos em tempo de f\u00e9rias, da escola e do trabalho, mas n\u00e3o s\u00e3o f\u00e9rias de Deus. Mesmo quando estivermos viajando, precisamos nos organizar e reservar um tempo para ir \u00e0 Santa Missa. \u00c9 muito\u00a0importante ter\u00a0as fam\u00edlias participando da Santa Missa; fam\u00edlia que reza unida permanece unida. E, se a fam\u00edlia viaja, passeia e se diverte junta, tamb\u00e9m deve participar da Santa Missa.<br \/>\nCelebramos sempre, no Terceiro Domingo do Tempo Comum, o Domingo da Palavra de Deus, institu\u00eddo pelo Papa Francisco em 2020. Bem sabemos que o M\u00eas da B\u00edblia \u00e9 setembro, e que no dia 30 desse m\u00eas celebramos S\u00e3o Jer\u00f4nimo, que traduziu a B\u00edblia do grego e do hebraico para o latim\u00a0e, por isso, no domingo\u00a0recordamos o Dia da B\u00edblia.\u00a0O\u00a0Papa quis chamar a aten\u00e7\u00e3o de todos os fi\u00e9is\u00a0do mundo, logo no in\u00edcio do ano, para que deem aten\u00e7\u00e3o \u00e0 Palavra de Deus ao longo de todo o ano, escutando-a, meditando-a e anunciando-a. Somos convidados a tirar a nossa B\u00edblia da estante, abri-la e medit\u00e1-la.<br \/>\nA Palavra de Deus deve ser o nosso livro di\u00e1rio, e todos os dias devemos ler e meditar um trecho. A Palavra de Deus nos edifica e nos d\u00e1 for\u00e7as para enfrentarmos as adversidades do dia a dia. A B\u00edblia pode ser lida em fam\u00edlia, para que toda a fam\u00edlia esteja sob a gra\u00e7a de Deus. Seria bom que as par\u00f3quias e comunidades deixassem a Palavra de Deus em destaque\u00a0neste Domingo, seja na entrada da igreja, seja pr\u00f3ximo ao\u00a0amb\u00e3o\u00a0da Palavra. Dentre os prop\u00f3sitos para este ano, coloquemos como um deles a medita\u00e7\u00e3o di\u00e1ria da Palavra de Deus, al\u00e9m da participa\u00e7\u00e3o na Santa Missa aos domingos.<br \/>\nA primeira leitura deste Domingo \u00e9 do livro do profeta Isa\u00edas (Is\u00a08,23b\u20139,3). Nessa leitura, o profeta quer dizer que o Senhor n\u00e3o fica lembrando dos nossos pecados e faltas do passado, se nos arrependermos de cora\u00e7\u00e3o sincero. Foi o que aconteceu com o povo de\u00a0Zabulon\u00a0e\u00a0Neftali: depois de t\u00ea-los humilhado, Deus os resgatou e cobriu de gl\u00f3ria o caminho do mar, do al\u00e9m-Jord\u00e3o e da Galileia das na\u00e7\u00f5es. O povo que andava na escurid\u00e3o viu uma grande luz. Essa escurid\u00e3o era o pecado em que esse povo vivia, e, por causa da infidelidade a Deus, foi exilado. Mas, como o Senhor n\u00e3o nos pune em propor\u00e7\u00e3o \u00e0s nossas faltas, Ele resgata esse povo e o traz novamente para Israel. A luz do Senhor brilhou sobre esse povo; o pecado que o oprimia foi retirado e a falta, encoberta.<br \/>\nO salmo responsorial \u00e9 o 26(27), que nos diz em seu refr\u00e3o:\u00a0\u201cO Senhor \u00e9 minha luz e salva\u00e7\u00e3o, o Senhor \u00e9 a prote\u00e7\u00e3o da minha vida\u201d. Se o Senhor est\u00e1 conosco, nada devemos temer. Precisamos ter essa certeza em nosso cora\u00e7\u00e3o: s\u00f3 venceremos o mal se o Senhor estiver conosco. E ainda, que possamos sempre estar na presen\u00e7a do Senhor por toda a nossa vida.<br \/>\nA segunda leitura \u00e9 da Primeira Carta de S\u00e3o Paulo aos Cor\u00edntios (1Cor 1,10-13.17). \u00c9 a sequ\u00eancia da leitura que ouvimos na semana passada. Paulo diz \u00e0 comunidade que n\u00e3o deve haver divis\u00e3o entre eles e que todos devem viver na conc\u00f3rdia e na harmonia. Havia certa divis\u00e3o na comunidade, pois alguns judeus n\u00e3o aceitavam a convers\u00e3o dos pag\u00e3os. Eles achavam que somente eles seriam salvos, por se considerarem a ra\u00e7a escolhida por Deus. Contudo, a salva\u00e7\u00e3o de Deus \u00e9 para todos, sejam os judeus, povo escolhido, sejam aqueles que se converteram agora. Por fim, Paulo afirma que na comunidade n\u00e3o deve haver divis\u00e3o: Cristo morreu na cruz para salvar a todos, e n\u00e3o somente a alguns. Devemos adorar o Cristo crucificado, que ressuscitou por amor a n\u00f3s.<br \/>\nO Evangelho deste Domingo \u00e9 de Mateus (Mt\u00a04,12-23 \u2013 forma mais longa). Jesus vai at\u00e9\u00a0Zabulon\u00a0e\u00a0Neftali, terras mencionadas pelo profeta Isa\u00edas na primeira leitura. Ele vai a esses lugares para que se cumpra aquilo que o profeta havia anunciado: o povo que andava nas trevas viu uma grande luz. Como sabemos, muitas das coisas que aconteceram na vida de Jesus foram preditas pelo profeta Isa\u00edas, que\u00a0foi\u00a0um profeta\u00a0que\u00a0viveu cerca de quatrocentos anos antes de Jesus.<br \/>\nEssas regi\u00f5es eram consideradas pag\u00e3s; por isso, o profeta diz que o povo andava nas trevas. Jesus tem a miss\u00e3o de ir at\u00e9 l\u00e1 para converter aquele povo e ser luz para eles. Ele come\u00e7ou a pregar dizendo:\u00a0\u201cConvertei-vos e crede no Evangelho\u201d. Essa convers\u00e3o nada mais \u00e9 do que mudan\u00e7a de vida, mudan\u00e7a de atitude. E n\u00e3o somente aquele povo de\u00a0Zabulon\u00a0e\u00a0Neftali, mas cada um de n\u00f3s precisa de uma convers\u00e3o di\u00e1ria.<br \/>\nAo continuar andando \u00e0 beira do mar da Galileia, Jesus viu dois irm\u00e3os, Andr\u00e9 e Sim\u00e3o. Eles estavam lan\u00e7ando as redes ao mar, pois eram pescadores. Jesus os chama e diz:\u00a0\u201cSegui-me, e eu farei de v\u00f3s pescadores de homens\u201d. Eles imediatamente deixaram tudo e come\u00e7aram a seguir Jesus. O mesmo aconteceu com Tiago e Jo\u00e3o, filhos de\u00a0Zebedeu: deixaram tudo e seguiram Jesus. Jesus percorria toda a Galileia pregando e anunciando o Reino.<br \/>\nO que aconteceu com esses quatro ap\u00f3stolos pode acontecer com cada um de n\u00f3s. Jesus continua a chamar pessoas dispostas a segui-lo. Ele escolhe pessoas simples; n\u00e3o escolhe necessariamente letrados, inteligentes ou j\u00e1 considerados santos. Esses quatro homens eram pescadores, tinham uma vida simples e deixaram tudo para seguir o Mestre.<br \/>\nO Senhor continua a chamar disc\u00edpulos para segui-lo, e pode ser cada um de n\u00f3s. Ele nos chama por meio da nossa ora\u00e7\u00e3o pessoal e da intimidade com o Senhor. Precisamos acolher esse chamado em nosso cora\u00e7\u00e3o, e n\u00e3o necessariamente para sermos padres ou freiras, mas para ajudarmos em nossa comunidade paroquial, como leitores, ministros da Eucaristia, catequistas, dentre outras fun\u00e7\u00f5es. Basta abra\u00e7ar com amor essa voca\u00e7\u00e3o.<br \/>\nCelebremos com alegria este Terceiro Domingo do Tempo Comum, nutrindo em nosso cora\u00e7\u00e3o a certeza de que o Senhor sempre nos chama e espera o nosso \u201csim\u201d.\u00a0Em S\u00e3o Paulo hoje celebram a Convers\u00e3o do Ap\u00f3stolo das gentes \u2013 nossa unidade com esses nossos irm\u00e3os.\u00a0Pelo nosso batismo, somos chamados a ser sinais do seu amor para aqueles que encontrarmos. Abra\u00e7ar a voca\u00e7\u00e3o \u00e9 um gesto de amor e gratid\u00e3o a Deus.<\/p>\n","protected":false},"excerpt":{"rendered":"<p>Cardeal Orani Jo\u00e3o Tempesta Arcebispo do Rio de Janeiro (RJ) 3\u00ba Domingo do Tempo Comum&#8230;<\/p>\n","protected":false},"author":7,"featured_media":36847,"comment_status":"open","ping_status":"open","sticky":false,"template":"","format":"standard","meta":{"_jetpack_memberships_contains_paid_content":false,"footnotes":"","jetpack_publicize_message":"","jetpack_publicize_feature_enabled":true,"jetpack_social_post_already_shared":true,"jetpack_social_options":{"image_generator_settings":{"template":"highway","default_image_id":0,"font":"","enabled":false},"version":2}},"categories":[24,11],"tags":[],"class_list":["post-37037","post","type-post","status-publish","format-standard","has-post-thumbnail","hentry","category-a-voz-do-pastor","category-artigos"],"jetpack_publicize_connections":[],"jetpack_featured_media_url":"https:\/\/correiodasemana.com\/site\/wp-content\/uploads\/2026\/01\/Homilia-dom-vasconcelos-scaled.jpg","jetpack-related-posts":[{"id":27110,"url":"https:\/\/correiodasemana.com\/site\/30o-domingo-do-tempo-comum\/","url_meta":{"origin":37037,"position":0},"title":"30\u00ba DOMINGO DO TEMPO COMUM\u00a0","author":"adminredacao","date":"Novembro 6, 2023","format":false,"excerpt":"\u201cToda a Lei e os profetas dependem desses dois mandamentos\u201d (Mt 22,40) Celebramos nesse domingo, o trig\u00e9simo desse tempo comum, nos aproximando do final desse ano lit\u00fargico, dentro de quatro semanas celebraremos a Solenidade de Jesus Cristo Rei do Universo. Na semana seguinte, iniciaremos o tempo do Advento. O tempo\u2026","rel":"","context":"In &quot;A voz do Pastor&quot;","block_context":{"text":"A voz do Pastor","link":"https:\/\/correiodasemana.com\/site\/category\/a-voz-do-pastor\/"},"img":{"alt_text":"","src":"https:\/\/i0.wp.com\/correiodasemana.com\/site\/wp-content\/uploads\/2018\/02\/Dom-Vasconcelos-posses.jpg?resize=350%2C200&ssl=1","width":350,"height":200,"srcset":"https:\/\/i0.wp.com\/correiodasemana.com\/site\/wp-content\/uploads\/2018\/02\/Dom-Vasconcelos-posses.jpg?resize=350%2C200&ssl=1 1x, https:\/\/i0.wp.com\/correiodasemana.com\/site\/wp-content\/uploads\/2018\/02\/Dom-Vasconcelos-posses.jpg?resize=525%2C300&ssl=1 1.5x, https:\/\/i0.wp.com\/correiodasemana.com\/site\/wp-content\/uploads\/2018\/02\/Dom-Vasconcelos-posses.jpg?resize=700%2C400&ssl=1 2x"},"classes":[]},{"id":37260,"url":"https:\/\/correiodasemana.com\/site\/2o-domingo-do-tempo-comum\/","url_meta":{"origin":37037,"position":1},"title":"2\u00ba Domingo do Tempo Comum\u00a0","author":"adminredacao","date":"Fevereiro 7, 2026","format":false,"excerpt":"Cardeal Orani Jo\u00e3o Tempesta Arcebispo do Rio de Janeiro (RJ) \u201cEis o\u00a0Cordeiro de Deus, que tira o pecado do mundo\u201d (Jo 1,29) Celebramos nesse domingo o segundo desse Tempo Comum. Na Segunda-feira, dia 12 de janeiro, iniciamos a primeira semana do Tempo Comum e neste domingo celebramos o segundo domingo\u2026","rel":"","context":"In &quot;A voz do Pastor&quot;","block_context":{"text":"A voz do Pastor","link":"https:\/\/correiodasemana.com\/site\/category\/a-voz-do-pastor\/"},"img":{"alt_text":"","src":"https:\/\/i0.wp.com\/correiodasemana.com\/site\/wp-content\/uploads\/2018\/02\/Dom-Vasconcelos-posses.jpg?resize=350%2C200&ssl=1","width":350,"height":200,"srcset":"https:\/\/i0.wp.com\/correiodasemana.com\/site\/wp-content\/uploads\/2018\/02\/Dom-Vasconcelos-posses.jpg?resize=350%2C200&ssl=1 1x, https:\/\/i0.wp.com\/correiodasemana.com\/site\/wp-content\/uploads\/2018\/02\/Dom-Vasconcelos-posses.jpg?resize=525%2C300&ssl=1 1.5x, https:\/\/i0.wp.com\/correiodasemana.com\/site\/wp-content\/uploads\/2018\/02\/Dom-Vasconcelos-posses.jpg?resize=700%2C400&ssl=1 2x"},"classes":[]},{"id":27477,"url":"https:\/\/correiodasemana.com\/site\/dom-vasconcelos-preside-solenidade-de-cristo-rei-e-encerramento-do-ano-vocacional-2023\/","url_meta":{"origin":37037,"position":2},"title":"Dom Vasconcelos preside Solenidade de Cristo Rei e Encerramento do Ano Vocacional 2023","author":"adminredacao","date":"Dezembro 4, 2023","format":false,"excerpt":"A S\u00e9 Catedral esteve repleta de fi\u00e9is no \u00faltimo domingo, 26 de novembro, \u00e0s 18h30, para a Solenidade de Cristo Rei do Universo e Encerramento do Ano Vocacional. O bispo diocesano, Dom Vasconcelos, presidiu a solene celebra\u00e7\u00e3o eucar\u00edstica acompanhado de Pe. Denilson de Sousa, reitor do Semin\u00e1rio maior de Filosofia\u2026","rel":"","context":"In &quot;Atualidade&quot;","block_context":{"text":"Atualidade","link":"https:\/\/correiodasemana.com\/site\/category\/atualidade\/"},"img":{"alt_text":"","src":"https:\/\/i0.wp.com\/correiodasemana.com\/site\/wp-content\/uploads\/2023\/12\/DSC2875-scaled.jpg?resize=350%2C200&ssl=1","width":350,"height":200,"srcset":"https:\/\/i0.wp.com\/correiodasemana.com\/site\/wp-content\/uploads\/2023\/12\/DSC2875-scaled.jpg?resize=350%2C200&ssl=1 1x, https:\/\/i0.wp.com\/correiodasemana.com\/site\/wp-content\/uploads\/2023\/12\/DSC2875-scaled.jpg?resize=525%2C300&ssl=1 1.5x, https:\/\/i0.wp.com\/correiodasemana.com\/site\/wp-content\/uploads\/2023\/12\/DSC2875-scaled.jpg?resize=700%2C400&ssl=1 2x, https:\/\/i0.wp.com\/correiodasemana.com\/site\/wp-content\/uploads\/2023\/12\/DSC2875-scaled.jpg?resize=1050%2C600&ssl=1 3x, https:\/\/i0.wp.com\/correiodasemana.com\/site\/wp-content\/uploads\/2023\/12\/DSC2875-scaled.jpg?resize=1400%2C800&ssl=1 4x"},"classes":[]},{"id":32432,"url":"https:\/\/correiodasemana.com\/site\/5-domingo-do-tempo-comum\/","url_meta":{"origin":37037,"position":3},"title":"5\u00b0 Domingo do Tempo Comum","author":"adminredacao","date":"Fevereiro 10, 2025","format":false,"excerpt":"\u201cAqui estou, Envia-me!\u201d (Is 6,8) Celebramos neste domingo o quinto do Tempo Comum. Na semana passada, celebramos, no domingo, a Festa da Apresenta\u00e7\u00e3o do Senhor. Essa primeira parte do Tempo Comum vai at\u00e9 a ter\u00e7a-feira de Carnaval e, na Quarta-feira de Cinzas, iniciamos o tempo quaresmal. O Tempo Comum \u00e9\u2026","rel":"","context":"In &quot;A voz do Pastor&quot;","block_context":{"text":"A voz do Pastor","link":"https:\/\/correiodasemana.com\/site\/category\/a-voz-do-pastor\/"},"img":{"alt_text":"","src":"https:\/\/i0.wp.com\/correiodasemana.com\/site\/wp-content\/uploads\/2018\/02\/Dom-Vasconcelos-posses.jpg?resize=350%2C200&ssl=1","width":350,"height":200,"srcset":"https:\/\/i0.wp.com\/correiodasemana.com\/site\/wp-content\/uploads\/2018\/02\/Dom-Vasconcelos-posses.jpg?resize=350%2C200&ssl=1 1x, https:\/\/i0.wp.com\/correiodasemana.com\/site\/wp-content\/uploads\/2018\/02\/Dom-Vasconcelos-posses.jpg?resize=525%2C300&ssl=1 1.5x, https:\/\/i0.wp.com\/correiodasemana.com\/site\/wp-content\/uploads\/2018\/02\/Dom-Vasconcelos-posses.jpg?resize=700%2C400&ssl=1 2x"},"classes":[]},{"id":38185,"url":"https:\/\/correiodasemana.com\/site\/2o-domingo-da-pascoa\/","url_meta":{"origin":37037,"position":4},"title":"2\u00ba Domingo da P\u00e1scoa\u00a0","author":"adminredacao","date":"Abril 19, 2026","format":false,"excerpt":"\u201cDai\u00a0Gra\u00e7as ao Senhor porque ele \u00e9 bom, eterna \u00e9 a sua miseric\u00f3rdia\u201d (Sl\u00a0117,118) Celebramos neste domingo o segundo do Tempo da P\u00e1scoa e encerramos, tamb\u00e9m neste dia, a Oitava da P\u00e1scoa. Foram oito dias, desde o domingo passado, em que vivemos cada dia como o pr\u00f3prio Domingo de P\u00e1scoa. A\u2026","rel":"","context":"In &quot;A voz do Pastor&quot;","block_context":{"text":"A voz do Pastor","link":"https:\/\/correiodasemana.com\/site\/category\/a-voz-do-pastor\/"},"img":{"alt_text":"","src":"https:\/\/i0.wp.com\/correiodasemana.com\/site\/wp-content\/uploads\/2024\/04\/Dom-Jose-Luiz-Gomes-Vasconcelos-bispo-diocesano-de-Sobral.jpeg?resize=350%2C200&ssl=1","width":350,"height":200,"srcset":"https:\/\/i0.wp.com\/correiodasemana.com\/site\/wp-content\/uploads\/2024\/04\/Dom-Jose-Luiz-Gomes-Vasconcelos-bispo-diocesano-de-Sobral.jpeg?resize=350%2C200&ssl=1 1x, https:\/\/i0.wp.com\/correiodasemana.com\/site\/wp-content\/uploads\/2024\/04\/Dom-Jose-Luiz-Gomes-Vasconcelos-bispo-diocesano-de-Sobral.jpeg?resize=525%2C300&ssl=1 1.5x, https:\/\/i0.wp.com\/correiodasemana.com\/site\/wp-content\/uploads\/2024\/04\/Dom-Jose-Luiz-Gomes-Vasconcelos-bispo-diocesano-de-Sobral.jpeg?resize=700%2C400&ssl=1 2x, https:\/\/i0.wp.com\/correiodasemana.com\/site\/wp-content\/uploads\/2024\/04\/Dom-Jose-Luiz-Gomes-Vasconcelos-bispo-diocesano-de-Sobral.jpeg?resize=1050%2C600&ssl=1 3x"},"classes":[]},{"id":37377,"url":"https:\/\/correiodasemana.com\/site\/6o-domingo-do-tempo-comum\/","url_meta":{"origin":37037,"position":5},"title":"6\u00ba Domingo do\u00a0Tempo Comum\u00a0","author":"adminredacao","date":"Fevereiro 20, 2026","format":false,"excerpt":"\u201cFeliz o homem sem pecado em seu caminho, que na lei do Senhor Deus vai progredindo\u201d (Sl\u00a0118\/119) Celebramos, neste domingo, o sexto Domingo do Tempo Comum. Estamos em meio aos festejos do carnaval; na ter\u00e7a-feira \u00e9 ponto facultativo de carnaval e, na Quarta-feira, iniciaremos o Tempo Quaresmal com a celebra\u00e7\u00e3o\u2026","rel":"","context":"In &quot;A voz do Pastor&quot;","block_context":{"text":"A voz do Pastor","link":"https:\/\/correiodasemana.com\/site\/category\/a-voz-do-pastor\/"},"img":{"alt_text":"","src":"https:\/\/i0.wp.com\/correiodasemana.com\/site\/wp-content\/uploads\/2018\/02\/Dom-Vasconcelos-posses.jpg?resize=350%2C200&ssl=1","width":350,"height":200,"srcset":"https:\/\/i0.wp.com\/correiodasemana.com\/site\/wp-content\/uploads\/2018\/02\/Dom-Vasconcelos-posses.jpg?resize=350%2C200&ssl=1 1x, https:\/\/i0.wp.com\/correiodasemana.com\/site\/wp-content\/uploads\/2018\/02\/Dom-Vasconcelos-posses.jpg?resize=525%2C300&ssl=1 1.5x, https:\/\/i0.wp.com\/correiodasemana.com\/site\/wp-content\/uploads\/2018\/02\/Dom-Vasconcelos-posses.jpg?resize=700%2C400&ssl=1 2x"},"classes":[]}],"jetpack_sharing_enabled":true,"_links":{"self":[{"href":"https:\/\/correiodasemana.com\/site\/wp-json\/wp\/v2\/posts\/37037","targetHints":{"allow":["GET"]}}],"collection":[{"href":"https:\/\/correiodasemana.com\/site\/wp-json\/wp\/v2\/posts"}],"about":[{"href":"https:\/\/correiodasemana.com\/site\/wp-json\/wp\/v2\/types\/post"}],"author":[{"embeddable":true,"href":"https:\/\/correiodasemana.com\/site\/wp-json\/wp\/v2\/users\/7"}],"replies":[{"embeddable":true,"href":"https:\/\/correiodasemana.com\/site\/wp-json\/wp\/v2\/comments?post=37037"}],"version-history":[{"count":1,"href":"https:\/\/correiodasemana.com\/site\/wp-json\/wp\/v2\/posts\/37037\/revisions"}],"predecessor-version":[{"id":37038,"href":"https:\/\/correiodasemana.com\/site\/wp-json\/wp\/v2\/posts\/37037\/revisions\/37038"}],"wp:featuredmedia":[{"embeddable":true,"href":"https:\/\/correiodasemana.com\/site\/wp-json\/wp\/v2\/media\/36847"}],"wp:attachment":[{"href":"https:\/\/correiodasemana.com\/site\/wp-json\/wp\/v2\/media?parent=37037"}],"wp:term":[{"taxonomy":"category","embeddable":true,"href":"https:\/\/correiodasemana.com\/site\/wp-json\/wp\/v2\/categories?post=37037"},{"taxonomy":"post_tag","embeddable":true,"href":"https:\/\/correiodasemana.com\/site\/wp-json\/wp\/v2\/tags?post=37037"}],"curies":[{"name":"wp","href":"https:\/\/api.w.org\/{rel}","templated":true}]}}