{"id":37039,"date":"2026-01-17T16:11:01","date_gmt":"2026-01-17T19:11:01","guid":{"rendered":"https:\/\/correiodasemana.com\/site\/?p=37039"},"modified":"2026-01-17T16:11:01","modified_gmt":"2026-01-17T19:11:01","slug":"comunidade-filhos-de-siao-iniciam-caminhada-de-tres-anos-rumo-ao-jubileu-de-perola","status":"publish","type":"post","link":"https:\/\/correiodasemana.com\/site\/comunidade-filhos-de-siao-iniciam-caminhada-de-tres-anos-rumo-ao-jubileu-de-perola\/","title":{"rendered":"Comunidade Filhos de Si\u00e3o iniciam caminhada de tr\u00eas anos rumo ao Jubileu de P\u00e9rola"},"content":{"rendered":"<p>Celebrando sua maturidade espiritual, juventude e tr\u00eas d\u00e9cadas de carisma, a Comunidade Filhos de Si\u00e3o lan\u00e7a, neste ano, o Projeto \u201cRumo aos 30 Anos\u201d, em prepara\u00e7\u00e3o para o Jubileu de P\u00e9rola. A iniciativa ser\u00e1 vivenciada ao longo de tr\u00eas anos tem\u00e1ticos, cada um inspirado em dimens\u00f5es fundamentais do carisma da comunidade.<br \/>\nO ano em curso marca o Ano da Miss\u00e3o, dedicado a S\u00e3o Camilo de L\u00e9llis, com o objetivo de reacender a chama mission\u00e1ria e apost\u00f3lica. Inspirada na vida do santo, marcada pelo servi\u00e7o aos pobres e doentes, a comunidade renova o chamado original de \u201ctornar o amor amado\u201d, assumindo-se como disc\u00edpula em sa\u00edda. A miss\u00e3o \u00e9 compreendida como lugar de convers\u00e3o, onde o encontro com Cristo crucificado, presente nos abandonados, transforma quem serve. Este per\u00edodo recorda os prim\u00f3rdios mission\u00e1rios da comunidade e busca despertar, em cada Filho de Si\u00e3o, a consci\u00eancia de ser mission\u00e1rio permanente, em todo tempo e lugar.<br \/>\nEm 2027, a comunidade viver\u00e1 o Ano da Pobreza e da Pequenez, guiada por Santa Terezinha do Menino Jesus. Ser\u00e1 um tempo de aprofundamento na espiritualidade do abandono confiante \u00e0 Divina Provid\u00eancia, compreendendo a pobreza n\u00e3o como aus\u00eancia de bens, mas como total entrega \u00e0 vontade de Deus. A viv\u00eancia da gratid\u00e3o, da pequenez e fidelidade no cotidiano conduzir\u00e1 \u00e0 redescoberta da santidade no ordin\u00e1rio da vida, segundo a \u201cpequena via\u201d ensinada pela santa.<br \/>\nJ\u00e1 o Ano Jubilar dos 30 anos de Carisma, celebrado em 2028, ser\u00e1 vivido \u00e0 luz de S\u00e3o Francisco de Assis. O ano marcar\u00e1 tr\u00eas d\u00e9cadas de hist\u00f3ria, gra\u00e7a e miss\u00e3o, reacendendo o fogo do primeiro amor. Inspirada na paix\u00e3o franciscana por Cristo crucificado, a Comunidade Filhos de Si\u00e3o reafirma o compromisso de amar Jesus com todo o ser e proclamar ao mundo que \u201co Amor n\u00e3o \u00e9 amado\u201d, unindo a contempla\u00e7\u00e3o da cruz, o amor aos pobres e a fidelidade \u00e0 Palavra, \u00e0 Igreja e aos pecadores.<br \/>\nDessa forma, cada etapa do projeto expressa uma dimens\u00e3o essencial da identidade dos Filhos de Si\u00e3o, miss\u00e3o, pobreza e carisma. conduzindo a comunidade \u00e0 celebra\u00e7\u00e3o de seus 30 anos com ardor mission\u00e1rio, louvor, adora\u00e7\u00e3o, fidelidade e alegria.<\/p>\n","protected":false},"excerpt":{"rendered":"<p>Celebrando sua maturidade espiritual, juventude e tr\u00eas d\u00e9cadas de carisma, a Comunidade Filhos de Si\u00e3o&#8230;<\/p>\n","protected":false},"author":7,"featured_media":65,"comment_status":"open","ping_status":"open","sticky":false,"template":"","format":"standard","meta":{"_jetpack_memberships_contains_paid_content":false,"footnotes":"","jetpack_publicize_message":"","jetpack_publicize_feature_enabled":true,"jetpack_social_post_already_shared":true,"jetpack_social_options":{"image_generator_settings":{"template":"highway","default_image_id":0,"font":"","enabled":false},"version":2}},"categories":[11,87],"tags":[],"class_list":["post-37039","post","type-post","status-publish","format-standard","has-post-thumbnail","hentry","category-artigos","category-filhos-de-siao"],"jetpack_publicize_connections":[],"jetpack_featured_media_url":"https:\/\/correiodasemana.com\/site\/wp-content\/uploads\/2019\/07\/cropped-Igreja_S\u00e9.jpg","jetpack-related-posts":[{"id":21228,"url":"https:\/\/correiodasemana.com\/site\/o-carisma-e-o-sentido-de-pertenca\/","url_meta":{"origin":37039,"position":0},"title":"O carisma e o sentido de perten\u00e7a","author":"","date":"Outubro 10, 2022","format":false,"excerpt":"A comunidade Filhos de Si\u00e3o \u00e9 formada pela comunidade de vida, comunidade de alian\u00e7a e grupos de ora\u00e7\u00e3o. Cada realidade \u00e9 um chamado de Deus e cada um tem sua beleza e seu valor. Sendo assim somos uma grande fam\u00edlia, a fam\u00edlia Filhos de Si\u00e3o! Cada um deve estar aonde\u2026","rel":"","context":"In &quot;Artigos&quot;","block_context":{"text":"Artigos","link":"https:\/\/correiodasemana.com\/site\/category\/artigos\/"},"img":{"alt_text":"","src":"https:\/\/i0.wp.com\/correiodasemana.com\/site\/wp-content\/uploads\/2020\/08\/Catedral-da-Se-N.-S.-da-Conceicao-Sobral-Ceara-scaled.jpg?resize=350%2C200&ssl=1","width":350,"height":200,"srcset":"https:\/\/i0.wp.com\/correiodasemana.com\/site\/wp-content\/uploads\/2020\/08\/Catedral-da-Se-N.-S.-da-Conceicao-Sobral-Ceara-scaled.jpg?resize=350%2C200&ssl=1 1x, https:\/\/i0.wp.com\/correiodasemana.com\/site\/wp-content\/uploads\/2020\/08\/Catedral-da-Se-N.-S.-da-Conceicao-Sobral-Ceara-scaled.jpg?resize=525%2C300&ssl=1 1.5x, https:\/\/i0.wp.com\/correiodasemana.com\/site\/wp-content\/uploads\/2020\/08\/Catedral-da-Se-N.-S.-da-Conceicao-Sobral-Ceara-scaled.jpg?resize=700%2C400&ssl=1 2x, https:\/\/i0.wp.com\/correiodasemana.com\/site\/wp-content\/uploads\/2020\/08\/Catedral-da-Se-N.-S.-da-Conceicao-Sobral-Ceara-scaled.jpg?resize=1050%2C600&ssl=1 3x, https:\/\/i0.wp.com\/correiodasemana.com\/site\/wp-content\/uploads\/2020\/08\/Catedral-da-Se-N.-S.-da-Conceicao-Sobral-Ceara-scaled.jpg?resize=1400%2C800&ssl=1 4x"},"classes":[]},{"id":20398,"url":"https:\/\/correiodasemana.com\/site\/em-marco-comunidade-filhos-de-siao-celebra-24-anos-de-vida-e-missao\/","url_meta":{"origin":37039,"position":1},"title":"Em Marco, Comunidade Filhos de Si\u00e3o celebra 24 anos de vida e miss\u00e3o","author":"","date":"Julho 11, 2022","format":false,"excerpt":"(Thais Helena \u2013 Reda\u00e7\u00e3o Correio da Semana) A Comunidade Cat\u00f3lica Mission\u00e1ria Mariana Filhos de Si\u00e3o celebrou no dia 05 de julho, ter\u00e7a-feira, 24 anos de vida e miss\u00e3o com Missa Solene presidida por Dom Vasconcelos na igreja Matriz de Marco. Fundada em 05 de julho de 1998 em Marco\/CE, por\u2026","rel":"","context":"In &quot;Atualidade&quot;","block_context":{"text":"Atualidade","link":"https:\/\/correiodasemana.com\/site\/category\/atualidade\/"},"img":{"alt_text":"","src":"https:\/\/i0.wp.com\/correiodasemana.com\/site\/wp-content\/uploads\/2022\/07\/celebracao-1.jpg?resize=350%2C200&ssl=1","width":350,"height":200,"srcset":"https:\/\/i0.wp.com\/correiodasemana.com\/site\/wp-content\/uploads\/2022\/07\/celebracao-1.jpg?resize=350%2C200&ssl=1 1x, https:\/\/i0.wp.com\/correiodasemana.com\/site\/wp-content\/uploads\/2022\/07\/celebracao-1.jpg?resize=525%2C300&ssl=1 1.5x, https:\/\/i0.wp.com\/correiodasemana.com\/site\/wp-content\/uploads\/2022\/07\/celebracao-1.jpg?resize=700%2C400&ssl=1 2x, https:\/\/i0.wp.com\/correiodasemana.com\/site\/wp-content\/uploads\/2022\/07\/celebracao-1.jpg?resize=1050%2C600&ssl=1 3x"},"classes":[]},{"id":34598,"url":"https:\/\/correiodasemana.com\/site\/comunidade-filhos-de-siao-15\/","url_meta":{"origin":37039,"position":2},"title":"COMUNIDADE FILHOS DE SI\u00c3O","author":"adminredacao","date":"Julho 15, 2025","format":false,"excerpt":"Celebramos 27 anos de Carisma - Somos Filhos de Si\u00e3o Bendito retiro na Serra da Meruoca, bendito chit\u00e3o maravilha de marco \u2014 que nos obrigou a conhecer e experimentar que o Amor n\u00e3o era amado. Naquele ano, decidimos fugir do pecado, das ocasi\u00f5es de pecado, para vivermos de verdade. Foi\u2026","rel":"","context":"In &quot;Artigos&quot;","block_context":{"text":"Artigos","link":"https:\/\/correiodasemana.com\/site\/category\/artigos\/"},"img":{"alt_text":"","src":"https:\/\/i0.wp.com\/correiodasemana.com\/site\/wp-content\/uploads\/2019\/07\/Igreja_S%C3%A9.jpg?resize=350%2C200&ssl=1","width":350,"height":200,"srcset":"https:\/\/i0.wp.com\/correiodasemana.com\/site\/wp-content\/uploads\/2019\/07\/Igreja_S%C3%A9.jpg?resize=350%2C200&ssl=1 1x, https:\/\/i0.wp.com\/correiodasemana.com\/site\/wp-content\/uploads\/2019\/07\/Igreja_S%C3%A9.jpg?resize=525%2C300&ssl=1 1.5x, https:\/\/i0.wp.com\/correiodasemana.com\/site\/wp-content\/uploads\/2019\/07\/Igreja_S%C3%A9.jpg?resize=700%2C400&ssl=1 2x, https:\/\/i0.wp.com\/correiodasemana.com\/site\/wp-content\/uploads\/2019\/07\/Igreja_S%C3%A9.jpg?resize=1050%2C600&ssl=1 3x, https:\/\/i0.wp.com\/correiodasemana.com\/site\/wp-content\/uploads\/2019\/07\/Igreja_S%C3%A9.jpg?resize=1400%2C800&ssl=1 4x"},"classes":[]},{"id":22629,"url":"https:\/\/correiodasemana.com\/site\/em-2023-tudo-ja-esta-preparado-e-jubileu-de-prata\/","url_meta":{"origin":37039,"position":3},"title":"Em 2023, tudo j\u00e1 est\u00e1 preparado! \u00c9 Jubileu de Prata!","author":"adminredacao","date":"Janeiro 8, 2023","format":false,"excerpt":"Mais um ano se finda, e com isso surge nova esperan\u00e7a e novo \u00e2nimo em nossos cora\u00e7\u00f5es. Come\u00e7aremos 2023 expectantes de alegria pelo nosso Jubileu de Prata. Eis que se aproxima cinco de julho, essa data t\u00e3o importante para o Carisma Filhos de Si\u00e3o. Neste novo ano, ouviremos o convite\u2026","rel":"","context":"In &quot;Artigos&quot;","block_context":{"text":"Artigos","link":"https:\/\/correiodasemana.com\/site\/category\/artigos\/"},"img":{"alt_text":"","src":"https:\/\/i0.wp.com\/correiodasemana.com\/site\/wp-content\/uploads\/2022\/02\/Igreja-do-Menino-Deus-scaled.jpg?resize=350%2C200&ssl=1","width":350,"height":200,"srcset":"https:\/\/i0.wp.com\/correiodasemana.com\/site\/wp-content\/uploads\/2022\/02\/Igreja-do-Menino-Deus-scaled.jpg?resize=350%2C200&ssl=1 1x, https:\/\/i0.wp.com\/correiodasemana.com\/site\/wp-content\/uploads\/2022\/02\/Igreja-do-Menino-Deus-scaled.jpg?resize=525%2C300&ssl=1 1.5x, https:\/\/i0.wp.com\/correiodasemana.com\/site\/wp-content\/uploads\/2022\/02\/Igreja-do-Menino-Deus-scaled.jpg?resize=700%2C400&ssl=1 2x, https:\/\/i0.wp.com\/correiodasemana.com\/site\/wp-content\/uploads\/2022\/02\/Igreja-do-Menino-Deus-scaled.jpg?resize=1050%2C600&ssl=1 3x, https:\/\/i0.wp.com\/correiodasemana.com\/site\/wp-content\/uploads\/2022\/02\/Igreja-do-Menino-Deus-scaled.jpg?resize=1400%2C800&ssl=1 4x"},"classes":[]},{"id":28764,"url":"https:\/\/correiodasemana.com\/site\/comunidade-filhos-de-siao-7\/","url_meta":{"origin":37039,"position":4},"title":"COMUNIDADE  filhos de si\u00e3o","author":"adminredacao","date":"Mar\u00e7o 25, 2024","format":false,"excerpt":"Retiro de Aprofundamento da Comunidade Filhos de Si\u00e3o Aconteceu neste m\u00eas de mar\u00e7o, na Casa de Retiro Virgem de Si\u00e3o, em Marco \u2013 Cear\u00e1, os Retiros de Aprofundamento do Carisma Filhos de Si\u00e3o com a presen\u00e7a de mais de 130 mission\u00e1rios dentre eles consagrados, e membros das etapas vocacionais da\u2026","rel":"","context":"In &quot;Artigos&quot;","block_context":{"text":"Artigos","link":"https:\/\/correiodasemana.com\/site\/category\/artigos\/"},"img":{"alt_text":"","src":"https:\/\/i0.wp.com\/correiodasemana.com\/site\/wp-content\/uploads\/2019\/07\/Igreja_S%C3%A9.jpg?resize=350%2C200&ssl=1","width":350,"height":200,"srcset":"https:\/\/i0.wp.com\/correiodasemana.com\/site\/wp-content\/uploads\/2019\/07\/Igreja_S%C3%A9.jpg?resize=350%2C200&ssl=1 1x, https:\/\/i0.wp.com\/correiodasemana.com\/site\/wp-content\/uploads\/2019\/07\/Igreja_S%C3%A9.jpg?resize=525%2C300&ssl=1 1.5x, https:\/\/i0.wp.com\/correiodasemana.com\/site\/wp-content\/uploads\/2019\/07\/Igreja_S%C3%A9.jpg?resize=700%2C400&ssl=1 2x, https:\/\/i0.wp.com\/correiodasemana.com\/site\/wp-content\/uploads\/2019\/07\/Igreja_S%C3%A9.jpg?resize=1050%2C600&ssl=1 3x, https:\/\/i0.wp.com\/correiodasemana.com\/site\/wp-content\/uploads\/2019\/07\/Igreja_S%C3%A9.jpg?resize=1400%2C800&ssl=1 4x"},"classes":[]},{"id":34474,"url":"https:\/\/correiodasemana.com\/site\/somos-filhos-de-siao-27-anos-de-carisma\/","url_meta":{"origin":37039,"position":5},"title":"Somos Filhos de Si\u00e3o, 27 anos de carisma","author":"adminredacao","date":"Julho 8, 2025","format":false,"excerpt":"Bendito retiro na Serra da Meruoca, bendito chit\u00e3o maravilha de marco \u2014 que nos obrigou a conhecer e experimentar que o Amor n\u00e3o era amado. Naquele ano, decidimos fugir do pecado, das ocasi\u00f5es de pecado, para vivermos de verdade. Foi uma decis\u00e3o. Por isso, o Filho de Si\u00e3o \u00e9 continuamente\u2026","rel":"","context":"In &quot;Artigos&quot;","block_context":{"text":"Artigos","link":"https:\/\/correiodasemana.com\/site\/category\/artigos\/"},"img":{"alt_text":"","src":"https:\/\/i0.wp.com\/correiodasemana.com\/site\/wp-content\/uploads\/2019\/07\/Igreja_S%C3%A9.jpg?resize=350%2C200&ssl=1","width":350,"height":200,"srcset":"https:\/\/i0.wp.com\/correiodasemana.com\/site\/wp-content\/uploads\/2019\/07\/Igreja_S%C3%A9.jpg?resize=350%2C200&ssl=1 1x, https:\/\/i0.wp.com\/correiodasemana.com\/site\/wp-content\/uploads\/2019\/07\/Igreja_S%C3%A9.jpg?resize=525%2C300&ssl=1 1.5x, https:\/\/i0.wp.com\/correiodasemana.com\/site\/wp-content\/uploads\/2019\/07\/Igreja_S%C3%A9.jpg?resize=700%2C400&ssl=1 2x, https:\/\/i0.wp.com\/correiodasemana.com\/site\/wp-content\/uploads\/2019\/07\/Igreja_S%C3%A9.jpg?resize=1050%2C600&ssl=1 3x, https:\/\/i0.wp.com\/correiodasemana.com\/site\/wp-content\/uploads\/2019\/07\/Igreja_S%C3%A9.jpg?resize=1400%2C800&ssl=1 4x"},"classes":[]}],"jetpack_sharing_enabled":true,"_links":{"self":[{"href":"https:\/\/correiodasemana.com\/site\/wp-json\/wp\/v2\/posts\/37039","targetHints":{"allow":["GET"]}}],"collection":[{"href":"https:\/\/correiodasemana.com\/site\/wp-json\/wp\/v2\/posts"}],"about":[{"href":"https:\/\/correiodasemana.com\/site\/wp-json\/wp\/v2\/types\/post"}],"author":[{"embeddable":true,"href":"https:\/\/correiodasemana.com\/site\/wp-json\/wp\/v2\/users\/7"}],"replies":[{"embeddable":true,"href":"https:\/\/correiodasemana.com\/site\/wp-json\/wp\/v2\/comments?post=37039"}],"version-history":[{"count":1,"href":"https:\/\/correiodasemana.com\/site\/wp-json\/wp\/v2\/posts\/37039\/revisions"}],"predecessor-version":[{"id":37040,"href":"https:\/\/correiodasemana.com\/site\/wp-json\/wp\/v2\/posts\/37039\/revisions\/37040"}],"wp:featuredmedia":[{"embeddable":true,"href":"https:\/\/correiodasemana.com\/site\/wp-json\/wp\/v2\/media\/65"}],"wp:attachment":[{"href":"https:\/\/correiodasemana.com\/site\/wp-json\/wp\/v2\/media?parent=37039"}],"wp:term":[{"taxonomy":"category","embeddable":true,"href":"https:\/\/correiodasemana.com\/site\/wp-json\/wp\/v2\/categories?post=37039"},{"taxonomy":"post_tag","embeddable":true,"href":"https:\/\/correiodasemana.com\/site\/wp-json\/wp\/v2\/tags?post=37039"}],"curies":[{"name":"wp","href":"https:\/\/api.w.org\/{rel}","templated":true}]}}