{"id":37041,"date":"2026-01-17T16:11:39","date_gmt":"2026-01-17T19:11:39","guid":{"rendered":"https:\/\/correiodasemana.com\/site\/?p=37041"},"modified":"2026-01-17T16:11:39","modified_gmt":"2026-01-17T19:11:39","slug":"ecc-da-paroquia-da-se-tem-nova-equipe-dirigente","status":"publish","type":"post","link":"https:\/\/correiodasemana.com\/site\/ecc-da-paroquia-da-se-tem-nova-equipe-dirigente\/","title":{"rendered":"ECC da Par\u00f3quia da S\u00e9 tem nova equipe dirigente"},"content":{"rendered":"<div id='gallery-1' class='gallery galleryid-37041 gallery-columns-6 gallery-size-thumbnail'><figure class='gallery-item'>\n\t\t\t<div class='gallery-icon landscape'>\n\t\t\t\t<a href='https:\/\/correiodasemana.com\/site\/ecc-da-paroquia-da-se-tem-nova-equipe-dirigente\/img_4290\/'><img loading=\"lazy\" width=\"150\" height=\"150\" src=\"https:\/\/correiodasemana.com\/site\/wp-content\/uploads\/2026\/01\/IMG_4290-150x150.jpg\" class=\"attachment-thumbnail size-thumbnail\" alt=\"IMG_4290\" loading=\"lazy\" decoding=\"async\" \/><\/a>\n\t\t\t<\/div><\/figure><figure class='gallery-item'>\n\t\t\t<div class='gallery-icon landscape'>\n\t\t\t\t<a href='https:\/\/correiodasemana.com\/site\/ecc-da-paroquia-da-se-tem-nova-equipe-dirigente\/img_4291\/'><img loading=\"lazy\" width=\"150\" height=\"150\" src=\"https:\/\/correiodasemana.com\/site\/wp-content\/uploads\/2026\/01\/IMG_4291-150x150.jpg\" class=\"attachment-thumbnail size-thumbnail\" alt=\"IMG_4291\" loading=\"lazy\" decoding=\"async\" \/><\/a>\n\t\t\t<\/div><\/figure>\n\t\t<\/div>\n\n<p>O grupo Encontro de Casais com Cristo (ECC) da Par\u00f3quia de Nossa Senhora da Concei\u00e7\u00e3o \u2013 S\u00e9 Catedral de Sobral, reuniu-se na \u00faltima segunda-feira (12\/01), na Igreja M\u00e3e, para um momento de f\u00e9, espiritualidade e comunh\u00e3o. Na ocasi\u00e3o, tamb\u00e9m foi realizada a posse dos novos dirigentes para o ano de 2026.<br \/>\nO ECC \u00e9 um movimento da Igreja que tem como objetivo fortalecer a espiritualidade conjugal e familiar, promovendo o di\u00e1logo, a viv\u00eancia crist\u00e3 e o compromisso com a comunidade paroquial. Os membros participaram da Adora\u00e7\u00e3o ao Sant\u00edssimo Sacramento, que foi conduzida pelo p\u00e1roco, padre Berg, proporcionando aos casais um profundo momento de ora\u00e7\u00e3o, sil\u00eancio e intimidade com Deus, fortalecendo a viv\u00eancia da f\u00e9 e a unidade entre as fam\u00edlias.<br \/>\nAssumem a miss\u00e3o os casais: Elder Escossio e Iracema Ponte; Francisco Ant\u00f4nio Menezes de Sousa e Juliana Vasconcelos Cavalcante; Raimundo Nonato Mouta Neto e Ana Cirly Gomes Mouta; Jos\u00e9 Airton Vasconcelos J\u00fanior e Valdilene Gomes Vasconcelos; Andr\u00e9 Natanael de Oliveira Almeida e Elane Teixeira Fernandes; e Jos\u00e9 Maria Costa e Maria Juliete Costa.<br \/>\nPara o casal, Elder e Iracema, assumir a miss\u00e3o de integrar a equipe dirigente \u00e9 um grande desafio e uma b\u00ean\u00e7\u00e3o. \u201cEntre os principais desafios est\u00e3o a escuta atenta \u00e0s diferentes realidades dos casais, a motiva\u00e7\u00e3o e o engajamento cont\u00ednuo da equipe, al\u00e9m do fortalecimento do trabalho em comunh\u00e3o, por meio do di\u00e1logo e da colabora\u00e7\u00e3o\u201d, relataram.<\/p>\n<p>De acordo com os casais, os novos dirigentes tem como prop\u00f3sito servir e apoiar os casais em sua caminhada de f\u00e9, promovendo um ambiente acolhedor e fraterno, que favore\u00e7a a partilha de experi\u00eancias e inspire as fam\u00edlias a viverem e testemunharem a f\u00e9 crist\u00e3 no dia a dia.<br \/>\nA nova equipe assume a miss\u00e3o com o prop\u00f3sito de continuar o trabalho de evangeliza\u00e7\u00e3o, testemunhando o amor de Cristo no seio das fam\u00edlias.<br \/>\nThais Helena &#8211; Jornalista \u2013 Jornal Correio da Semana<\/p>\n","protected":false},"excerpt":{"rendered":"<p>O grupo Encontro de Casais com Cristo (ECC) da Par\u00f3quia de Nossa Senhora da Concei\u00e7\u00e3o&#8230;<\/p>\n","protected":false},"author":7,"featured_media":37042,"comment_status":"open","ping_status":"open","sticky":false,"template":"","format":"standard","meta":{"_jetpack_memberships_contains_paid_content":false,"footnotes":"","jetpack_publicize_message":"","jetpack_publicize_feature_enabled":true,"jetpack_social_post_already_shared":true,"jetpack_social_options":{"image_generator_settings":{"template":"highway","default_image_id":0,"font":"","enabled":false},"version":2}},"categories":[1],"tags":[],"class_list":["post-37041","post","type-post","status-publish","format-standard","has-post-thumbnail","hentry","category-atualidade"],"jetpack_publicize_connections":[],"jetpack_featured_media_url":"https:\/\/correiodasemana.com\/site\/wp-content\/uploads\/2026\/01\/IMG_4290.jpg","jetpack-related-posts":[{"id":34603,"url":"https:\/\/correiodasemana.com\/site\/missa-em-acao-de-gracas-na-catedral-marca-dia-nacional-do-ecc\/","url_meta":{"origin":37041,"position":0},"title":"Missa em A\u00e7\u00e3o de Gra\u00e7as na Catedral marca Dia Nacional do ECC","author":"adminredacao","date":"Julho 15, 2025","format":false,"excerpt":"O Encontro de Casais com Cristo, celebrou nesta quinta-feira (10), 55 anos de cria\u00e7\u00e3o. Na Catedral de Sobral, casais de diversos n\u00facleos paroquiais participaram da Missa em A\u00e7\u00e3o de Gra\u00e7as no final da tarde, presidida por Pe. Berg, p\u00e1roco da Par\u00f3quia da S\u00e9 e concelebrada por Pe. \u00cdtalo Arcanjo, diretor\u2026","rel":"","context":"In &quot;Atualidade&quot;","block_context":{"text":"Atualidade","link":"https:\/\/correiodasemana.com\/site\/category\/atualidade\/"},"img":{"alt_text":"","src":"https:\/\/i0.wp.com\/correiodasemana.com\/site\/wp-content\/uploads\/2025\/07\/WhatsApp-Image-2025-07-11-at-20.24.27-11.jpeg?resize=350%2C200&ssl=1","width":350,"height":200,"srcset":"https:\/\/i0.wp.com\/correiodasemana.com\/site\/wp-content\/uploads\/2025\/07\/WhatsApp-Image-2025-07-11-at-20.24.27-11.jpeg?resize=350%2C200&ssl=1 1x, https:\/\/i0.wp.com\/correiodasemana.com\/site\/wp-content\/uploads\/2025\/07\/WhatsApp-Image-2025-07-11-at-20.24.27-11.jpeg?resize=525%2C300&ssl=1 1.5x, https:\/\/i0.wp.com\/correiodasemana.com\/site\/wp-content\/uploads\/2025\/07\/WhatsApp-Image-2025-07-11-at-20.24.27-11.jpeg?resize=700%2C400&ssl=1 2x, https:\/\/i0.wp.com\/correiodasemana.com\/site\/wp-content\/uploads\/2025\/07\/WhatsApp-Image-2025-07-11-at-20.24.27-11.jpeg?resize=1050%2C600&ssl=1 3x"},"classes":[]},{"id":24918,"url":"https:\/\/correiodasemana.com\/site\/paroquia-do-patrocinio-ecc-comemora-40-anos-de-criacao\/","url_meta":{"origin":37041,"position":1},"title":"Par\u00f3quia do Patroc\u00ednio: ECC comemora 40 anos de cria\u00e7\u00e3o","author":"adminredacao","date":"Maio 29, 2023","format":false,"excerpt":"A Par\u00f3quia de Nossa Senhora do Patroc\u00ednio em Sobral celebrou neste domingo, 21\/05, os 40 anos de cria\u00e7\u00e3o do ECC (Encontro de Casais com Cristo), naquela par\u00f3quia onde realizam seu servi\u00e7o com muito amor. Em maio de 1983, gra\u00e7as ao empenho do saudoso Monsenhor Sabino, foi implantado o Encontro de\u2026","rel":"","context":"In &quot;Atualidade&quot;","block_context":{"text":"Atualidade","link":"https:\/\/correiodasemana.com\/site\/category\/atualidade\/"},"img":{"alt_text":"","src":"https:\/\/i0.wp.com\/correiodasemana.com\/site\/wp-content\/uploads\/2023\/05\/WhatsApp-Image-2023-05-26-at-13.34.13.jpeg?resize=350%2C200&ssl=1","width":350,"height":200,"srcset":"https:\/\/i0.wp.com\/correiodasemana.com\/site\/wp-content\/uploads\/2023\/05\/WhatsApp-Image-2023-05-26-at-13.34.13.jpeg?resize=350%2C200&ssl=1 1x, https:\/\/i0.wp.com\/correiodasemana.com\/site\/wp-content\/uploads\/2023\/05\/WhatsApp-Image-2023-05-26-at-13.34.13.jpeg?resize=525%2C300&ssl=1 1.5x, https:\/\/i0.wp.com\/correiodasemana.com\/site\/wp-content\/uploads\/2023\/05\/WhatsApp-Image-2023-05-26-at-13.34.13.jpeg?resize=700%2C400&ssl=1 2x, https:\/\/i0.wp.com\/correiodasemana.com\/site\/wp-content\/uploads\/2023\/05\/WhatsApp-Image-2023-05-26-at-13.34.13.jpeg?resize=1050%2C600&ssl=1 3x, https:\/\/i0.wp.com\/correiodasemana.com\/site\/wp-content\/uploads\/2023\/05\/WhatsApp-Image-2023-05-26-at-13.34.13.jpeg?resize=1400%2C800&ssl=1 4x"},"classes":[]},{"id":36443,"url":"https:\/\/correiodasemana.com\/site\/casal-diocesano-participa-da-93a-reuniao-ordinaria-do-conselho-regional-ne-1-do-ecc-em-quixada\/","url_meta":{"origin":37041,"position":2},"title":"Casal diocesano participa da 93\u00aa Reuni\u00e3o Ordin\u00e1ria do Conselho Regional NE 1 do ECC em Quixad\u00e1","author":"adminredacao","date":"Novembro 18, 2025","format":false,"excerpt":"O casal diocesano do Encontro de Casais com Cristo \u2013 ECC, J\u00f4nia T\u00edrcia e J\u00fanior Albuquerque, representou a Diocese de Sobral na 93\u00aa Reuni\u00e3o Ordin\u00e1ria do Conselho Regional NE 1 do ECC, realizada entre os dias 07 e 09 de novembro, na cidade de Quixad\u00e1\/CE. O encontro reuniu casais diocesanos\u2026","rel":"","context":"In &quot;Atualidade&quot;","block_context":{"text":"Atualidade","link":"https:\/\/correiodasemana.com\/site\/category\/atualidade\/"},"img":{"alt_text":"","src":"https:\/\/i0.wp.com\/correiodasemana.com\/site\/wp-content\/uploads\/2025\/11\/pag-12-1-scaled.jpeg?resize=350%2C200&ssl=1","width":350,"height":200,"srcset":"https:\/\/i0.wp.com\/correiodasemana.com\/site\/wp-content\/uploads\/2025\/11\/pag-12-1-scaled.jpeg?resize=350%2C200&ssl=1 1x, https:\/\/i0.wp.com\/correiodasemana.com\/site\/wp-content\/uploads\/2025\/11\/pag-12-1-scaled.jpeg?resize=525%2C300&ssl=1 1.5x, https:\/\/i0.wp.com\/correiodasemana.com\/site\/wp-content\/uploads\/2025\/11\/pag-12-1-scaled.jpeg?resize=700%2C400&ssl=1 2x, https:\/\/i0.wp.com\/correiodasemana.com\/site\/wp-content\/uploads\/2025\/11\/pag-12-1-scaled.jpeg?resize=1050%2C600&ssl=1 3x, https:\/\/i0.wp.com\/correiodasemana.com\/site\/wp-content\/uploads\/2025\/11\/pag-12-1-scaled.jpeg?resize=1400%2C800&ssl=1 4x"},"classes":[]},{"id":26578,"url":"https:\/\/correiodasemana.com\/site\/arquidiocese-de-fortaleza-sedia-4o-encontro-de-diretores-espirituais\/","url_meta":{"origin":37041,"position":3},"title":"Arquidiocese de Fortaleza sedia 4\u00ba encontro de diretores espirituais","author":"adminredacao","date":"Setembro 18, 2023","format":false,"excerpt":"O audit\u00f3rio da faculdade cat\u00f3lica de Fortaleza acolheu o 4\u00ba encontro de diretores espirituais do ECC (encontro de casais com Cristo), de todo o regional NE1 nos dias 8 e 9 de setembro. O evento foi promovido pelo conselho do regional nordeste 1 do ECC e contou com a organiza\u00e7\u00e3o\u2026","rel":"","context":"In &quot;Atualidade&quot;","block_context":{"text":"Atualidade","link":"https:\/\/correiodasemana.com\/site\/category\/atualidade\/"},"img":{"alt_text":"","src":"https:\/\/i0.wp.com\/correiodasemana.com\/site\/wp-content\/uploads\/2023\/09\/WhatsApp-Image-2023-09-15-at-16.55.38.jpeg?resize=350%2C200&ssl=1","width":350,"height":200,"srcset":"https:\/\/i0.wp.com\/correiodasemana.com\/site\/wp-content\/uploads\/2023\/09\/WhatsApp-Image-2023-09-15-at-16.55.38.jpeg?resize=350%2C200&ssl=1 1x, https:\/\/i0.wp.com\/correiodasemana.com\/site\/wp-content\/uploads\/2023\/09\/WhatsApp-Image-2023-09-15-at-16.55.38.jpeg?resize=525%2C300&ssl=1 1.5x, https:\/\/i0.wp.com\/correiodasemana.com\/site\/wp-content\/uploads\/2023\/09\/WhatsApp-Image-2023-09-15-at-16.55.38.jpeg?resize=700%2C400&ssl=1 2x, https:\/\/i0.wp.com\/correiodasemana.com\/site\/wp-content\/uploads\/2023\/09\/WhatsApp-Image-2023-09-15-at-16.55.38.jpeg?resize=1050%2C600&ssl=1 3x, https:\/\/i0.wp.com\/correiodasemana.com\/site\/wp-content\/uploads\/2023\/09\/WhatsApp-Image-2023-09-15-at-16.55.38.jpeg?resize=1400%2C800&ssl=1 4x"},"classes":[]},{"id":34104,"url":"https:\/\/correiodasemana.com\/site\/91o-encontro-regional-do-ecc-tem-inicio-com-missa-solene-na-catedral-de-sobral\/","url_meta":{"origin":37041,"position":4},"title":"91\u00ba Encontro Regional do ECC tem in\u00edcio com Missa Solene na Catedral de Sobral","author":"adminredacao","date":"Junho 9, 2025","format":false,"excerpt":"Nos dias 6 e 7 de junho, acontece em Sobral o 91\u00ba Encontro Regional do ECC. \u00c0 luz da inspira\u00e7\u00e3o pelo chamado ao cuidado com as fam\u00edlias, os casais reuniram-se no final da tarde desta sexta-feira (6), para a Santa Missa de Abertura na S\u00e9 Catedral de Nossa Senhora da\u2026","rel":"","context":"In &quot;Atualidade&quot;","block_context":{"text":"Atualidade","link":"https:\/\/correiodasemana.com\/site\/category\/atualidade\/"},"img":{"alt_text":"","src":"https:\/\/i0.wp.com\/correiodasemana.com\/site\/wp-content\/uploads\/2025\/06\/WhatsApp-Image-2025-06-06-at-22.08.04-scaled.jpeg?resize=350%2C200&ssl=1","width":350,"height":200,"srcset":"https:\/\/i0.wp.com\/correiodasemana.com\/site\/wp-content\/uploads\/2025\/06\/WhatsApp-Image-2025-06-06-at-22.08.04-scaled.jpeg?resize=350%2C200&ssl=1 1x, https:\/\/i0.wp.com\/correiodasemana.com\/site\/wp-content\/uploads\/2025\/06\/WhatsApp-Image-2025-06-06-at-22.08.04-scaled.jpeg?resize=525%2C300&ssl=1 1.5x, https:\/\/i0.wp.com\/correiodasemana.com\/site\/wp-content\/uploads\/2025\/06\/WhatsApp-Image-2025-06-06-at-22.08.04-scaled.jpeg?resize=700%2C400&ssl=1 2x, https:\/\/i0.wp.com\/correiodasemana.com\/site\/wp-content\/uploads\/2025\/06\/WhatsApp-Image-2025-06-06-at-22.08.04-scaled.jpeg?resize=1050%2C600&ssl=1 3x, https:\/\/i0.wp.com\/correiodasemana.com\/site\/wp-content\/uploads\/2025\/06\/WhatsApp-Image-2025-06-06-at-22.08.04-scaled.jpeg?resize=1400%2C800&ssl=1 4x"},"classes":[]},{"id":31154,"url":"https:\/\/correiodasemana.com\/site\/iii-romaria-da-rainha-e-padroeira-do-brasil-nossa-senhora-de-aparecida\/","url_meta":{"origin":37041,"position":5},"title":"III ROMARIA DA RAINHA E PADROEIRA DO BRASIL NOSSA SENHORA DE APARECIDA","author":"adminredacao","date":"Outubro 21, 2024","format":false,"excerpt":"MENSAGEM DE AGRADECIMENTO No dia 12 de outubro, s\u00e1bado, a igreja cat\u00f3lica celebrou a Solenidade de Nossa Senhora Aparecida. A Diocese de Sobral realizou a III Romaria da Rainha e Padroeira do Brasil sediada na Par\u00f3quia de Nossa Senhora de F\u00e1tima em Sobral, onde na ocasi\u00e3o toda a igreja particular\u2026","rel":"","context":"In &quot;Atualidade&quot;","block_context":{"text":"Atualidade","link":"https:\/\/correiodasemana.com\/site\/category\/atualidade\/"},"img":{"alt_text":"","src":"https:\/\/i0.wp.com\/correiodasemana.com\/site\/wp-content\/uploads\/2024\/04\/Dom-Jose-Luiz-Gomes-Vasconcelos-bispo-diocesano-de-Sobral.jpeg?resize=350%2C200&ssl=1","width":350,"height":200,"srcset":"https:\/\/i0.wp.com\/correiodasemana.com\/site\/wp-content\/uploads\/2024\/04\/Dom-Jose-Luiz-Gomes-Vasconcelos-bispo-diocesano-de-Sobral.jpeg?resize=350%2C200&ssl=1 1x, https:\/\/i0.wp.com\/correiodasemana.com\/site\/wp-content\/uploads\/2024\/04\/Dom-Jose-Luiz-Gomes-Vasconcelos-bispo-diocesano-de-Sobral.jpeg?resize=525%2C300&ssl=1 1.5x, https:\/\/i0.wp.com\/correiodasemana.com\/site\/wp-content\/uploads\/2024\/04\/Dom-Jose-Luiz-Gomes-Vasconcelos-bispo-diocesano-de-Sobral.jpeg?resize=700%2C400&ssl=1 2x, https:\/\/i0.wp.com\/correiodasemana.com\/site\/wp-content\/uploads\/2024\/04\/Dom-Jose-Luiz-Gomes-Vasconcelos-bispo-diocesano-de-Sobral.jpeg?resize=1050%2C600&ssl=1 3x"},"classes":[]}],"jetpack_sharing_enabled":true,"_links":{"self":[{"href":"https:\/\/correiodasemana.com\/site\/wp-json\/wp\/v2\/posts\/37041","targetHints":{"allow":["GET"]}}],"collection":[{"href":"https:\/\/correiodasemana.com\/site\/wp-json\/wp\/v2\/posts"}],"about":[{"href":"https:\/\/correiodasemana.com\/site\/wp-json\/wp\/v2\/types\/post"}],"author":[{"embeddable":true,"href":"https:\/\/correiodasemana.com\/site\/wp-json\/wp\/v2\/users\/7"}],"replies":[{"embeddable":true,"href":"https:\/\/correiodasemana.com\/site\/wp-json\/wp\/v2\/comments?post=37041"}],"version-history":[{"count":1,"href":"https:\/\/correiodasemana.com\/site\/wp-json\/wp\/v2\/posts\/37041\/revisions"}],"predecessor-version":[{"id":37044,"href":"https:\/\/correiodasemana.com\/site\/wp-json\/wp\/v2\/posts\/37041\/revisions\/37044"}],"wp:featuredmedia":[{"embeddable":true,"href":"https:\/\/correiodasemana.com\/site\/wp-json\/wp\/v2\/media\/37042"}],"wp:attachment":[{"href":"https:\/\/correiodasemana.com\/site\/wp-json\/wp\/v2\/media?parent=37041"}],"wp:term":[{"taxonomy":"category","embeddable":true,"href":"https:\/\/correiodasemana.com\/site\/wp-json\/wp\/v2\/categories?post=37041"},{"taxonomy":"post_tag","embeddable":true,"href":"https:\/\/correiodasemana.com\/site\/wp-json\/wp\/v2\/tags?post=37041"}],"curies":[{"name":"wp","href":"https:\/\/api.w.org\/{rel}","templated":true}]}}