{"id":37045,"date":"2026-01-17T16:12:11","date_gmt":"2026-01-17T19:12:11","guid":{"rendered":"https:\/\/correiodasemana.com\/site\/?p=37045"},"modified":"2026-01-17T16:12:11","modified_gmt":"2026-01-17T19:12:11","slug":"inss-novas-regras-da-aposentadoria-comecaram-a-valer-em-1o-de-janeiro","status":"publish","type":"post","link":"https:\/\/correiodasemana.com\/site\/inss-novas-regras-da-aposentadoria-comecaram-a-valer-em-1o-de-janeiro\/","title":{"rendered":"INSS: Novas regras da aposentadoria come\u00e7aram a valer em 1\u00ba de janeiro"},"content":{"rendered":"<p><strong>Atualiza\u00e7\u00f5es afetam quem j\u00e1 estava trabalhando antes da reforma de 2019; transi\u00e7\u00f5es exigem aten\u00e7\u00e3o a idade, tempo e pontos<\/strong><\/p>\n<p>Por:\u00a0Katia Maia<br \/>\nAs\u00a0regras das aposentadorias pelo INSS mudaram mais uma vez. A partir de 1\u00ba de janeiro, entraram em vigor as novas faixas de transi\u00e7\u00e3o criadas ap\u00f3s a reforma da Previd\u00eancia, l\u00e1 em 2019\u00a0\u00a0previstas para esse ano de 2026.<br \/>\nPara quem come\u00e7ou a contribuir\u00a0depois da reforma, a regra j\u00e1 \u00e9 fixa, ou seja,\u00a0idade m\u00ednima de 62 anos para mulheres e 65 para homens, com tempo m\u00ednimo de contribui\u00e7\u00e3o. Mas quem j\u00e1 estava na ativa antes de novembro de 2019 entra numa das chamadas\u00a0regras de transi\u00e7\u00e3o, que v\u00e3o mudando ano a ano. E a\u00ed \u00e9 que mora a d\u00favida e a necessidade de planejamento.<br \/>\nA transi\u00e7\u00e3o por\u00a0pontos\u00a0exige agora\u00a0103 pontos para os homens\u00a0e\u00a093 para as mulheres. Essa soma junta idade com tempo de contribui\u00e7\u00e3o. Por exemplo: um homem com 35 anos de contribui\u00e7\u00e3o precisa ter pelo menos 68 anos para atingir os 103 pontos.<br \/>\nJ\u00e1 na transi\u00e7\u00e3o por\u00a0idade m\u00ednima progressiva, a conta \u00e9 outra. Em 2026, a idade m\u00ednima \u00e9 de\u00a064 anos e meio para os homens, e\u00a059 e meio para as mulheres\u00a0\u2014 al\u00e9m do tempo m\u00ednimo de contribui\u00e7\u00e3o:\u00a035 anos para eles e 30 para elas. Esse n\u00famero tamb\u00e9m sobe meio ponto a cada ano.<br \/>\nTem ainda a regra do\u00a0ped\u00e1gio de 100%\u00a0que funciona da seguinte forma: se, l\u00e1 em 2019, faltavam dois anos para voc\u00ea se aposentar, agora vai precisar trabalhar o dobro \u2014 ou seja, quatro anos.<br \/>\nOs professores tamb\u00e9m seguem regras pr\u00f3prias. Em 2026, eles precisam cumprir\u00a0m\u00ednimo de 30 anos de contribui\u00e7\u00e3o para homens\u00a0e\u00a025 para mulheres, mais uma soma de pontos de\u00a098 para eles\u00a0e\u00a088 para elas. A idade m\u00ednima exigida tamb\u00e9m sobe:\u00a059 anos e meio para homens\u00a0e\u00a054 e meio para mulheres.<br \/>\nO c\u00e1lculo do valor da aposentadoria tamb\u00e9m mudou. Antes, o INSS descartava os 20% menores sal\u00e1rios. Agora, n\u00e3o. A conta considera\u00a0todos os sal\u00e1rios desde 1994, o que pode\u00a0reduzir o valor final do benef\u00edcio.<br \/>\nE tem mais, nas regras de transi\u00e7\u00e3o, o benef\u00edcio parte de\u00a060% da m\u00e9dia salarial, com\u00a0acr\u00e9scimos de 2% para cada ano a mais de contribui\u00e7\u00e3o\u00a0\u2014 acima de 15 anos no caso das mulheres, e 20 anos para os homens.<br \/>\nPor fim, quem j\u00e1 tinha completado todos os requisitos\u00a0antes da reforma de 2019, ou at\u00e9 mesmo\u00a0em 2025, mant\u00e9m o\u00a0direito adquirido. Isso significa que ainda pode se aposentar com base nas regras anteriores, se elas forem mais vantajosas. Nesse caso, o valor atrasado \u00e9 contado a partir da data do pedido.<br \/>\nEspecialistas recomendam que\u00a0todas as possibilidades sejam analisadas antes de fazer o pedido de aposentadoria, porque esperar alguns meses pode significar um benef\u00edcio maior para a vida toda.<br \/>\nO trabalhador que quiser consultar o andamento de suas contribui\u00e7\u00f5es e as possibilidades de aposentadoria, inclusive quanto tempo falta para conseguir o benef\u00edcio, pode consultar a plataforma \u2018Meu INSS\u2019 por meio do Gov.BR<\/p>\n","protected":false},"excerpt":{"rendered":"<p>Atualiza\u00e7\u00f5es afetam quem j\u00e1 estava trabalhando antes da reforma de 2019; transi\u00e7\u00f5es exigem aten\u00e7\u00e3o a&#8230;<\/p>\n","protected":false},"author":7,"featured_media":37046,"comment_status":"open","ping_status":"open","sticky":false,"template":"","format":"standard","meta":{"_jetpack_memberships_contains_paid_content":false,"footnotes":"","jetpack_publicize_message":"","jetpack_publicize_feature_enabled":true,"jetpack_social_post_already_shared":true,"jetpack_social_options":{"image_generator_settings":{"template":"highway","default_image_id":0,"font":"","enabled":false},"version":2}},"categories":[1],"tags":[],"class_list":["post-37045","post","type-post","status-publish","format-standard","has-post-thumbnail","hentry","category-atualidade"],"jetpack_publicize_connections":[],"jetpack_featured_media_url":"https:\/\/correiodasemana.com\/site\/wp-content\/uploads\/2026\/01\/60d72ee5f4e29a2a7fafe1ea1db98d25.webp","jetpack-related-posts":[{"id":22783,"url":"https:\/\/correiodasemana.com\/site\/agencia-brasil-explica-as-mudancas-nas-aposentadorias-em-2023\/","url_meta":{"origin":37045,"position":0},"title":"Ag\u00eancia Brasil explica as mudan\u00e7as nas aposentadorias em 2023","author":"","date":"Janeiro 16, 2023","format":false,"excerpt":"Quem est\u00e1 prestes a se aposentar precisa ficar atento. A reforma da Previd\u00eancia estabeleceu regras autom\u00e1ticas de transi\u00e7\u00e3o, que mudam a concess\u00e3o de benef\u00edcios a cada ano. A pontua\u00e7\u00e3o para a aposentadoria por tempo de contribui\u00e7\u00e3o e por idade sofreu altera\u00e7\u00f5es. Confira abaixo as mudan\u00e7as que come\u00e7am a vigorar neste\u2026","rel":"","context":"In &quot;Atualidade&quot;","block_context":{"text":"Atualidade","link":"https:\/\/correiodasemana.com\/site\/category\/atualidade\/"},"img":{"alt_text":"","src":"https:\/\/i0.wp.com\/correiodasemana.com\/site\/wp-content\/uploads\/2023\/01\/inss_rj_1409201583.jpg?resize=350%2C200&ssl=1","width":350,"height":200,"srcset":"https:\/\/i0.wp.com\/correiodasemana.com\/site\/wp-content\/uploads\/2023\/01\/inss_rj_1409201583.jpg?resize=350%2C200&ssl=1 1x, https:\/\/i0.wp.com\/correiodasemana.com\/site\/wp-content\/uploads\/2023\/01\/inss_rj_1409201583.jpg?resize=525%2C300&ssl=1 1.5x, https:\/\/i0.wp.com\/correiodasemana.com\/site\/wp-content\/uploads\/2023\/01\/inss_rj_1409201583.jpg?resize=700%2C400&ssl=1 2x, https:\/\/i0.wp.com\/correiodasemana.com\/site\/wp-content\/uploads\/2023\/01\/inss_rj_1409201583.jpg?resize=1050%2C600&ssl=1 3x"},"classes":[]},{"id":36940,"url":"https:\/\/correiodasemana.com\/site\/entenda-mudancas-na-aposentadoria-em-2026\/","url_meta":{"origin":37045,"position":1},"title":"Entenda mudan\u00e7as na aposentadoria em 2026","author":"adminredacao","date":"Janeiro 6, 2026","format":false,"excerpt":"Reforma da Previd\u00eancia estabelece regras autom\u00e1ticas de transi\u00e7\u00e3o POR Wellton M\u00e1ximo - Rep\u00f3rter da Ag\u00eancia Brasil Quem est\u00e1 prestes a se aposentar precisa estar atento. A reforma da Previd\u00eancia, promulgada em 2019, estabeleceu regras autom\u00e1ticas de transi\u00e7\u00e3o, que mudam a concess\u00e3o de benef\u00edcios a cada ano. A pontua\u00e7\u00e3o para a\u2026","rel":"","context":"In &quot;Atualidade&quot;","block_context":{"text":"Atualidade","link":"https:\/\/correiodasemana.com\/site\/category\/atualidade\/"},"img":{"alt_text":"","src":"https:\/\/i0.wp.com\/correiodasemana.com\/site\/wp-content\/uploads\/2026\/01\/0d9a5875.webp?resize=350%2C200&ssl=1","width":350,"height":200,"srcset":"https:\/\/i0.wp.com\/correiodasemana.com\/site\/wp-content\/uploads\/2026\/01\/0d9a5875.webp?resize=350%2C200&ssl=1 1x, https:\/\/i0.wp.com\/correiodasemana.com\/site\/wp-content\/uploads\/2026\/01\/0d9a5875.webp?resize=525%2C300&ssl=1 1.5x, https:\/\/i0.wp.com\/correiodasemana.com\/site\/wp-content\/uploads\/2026\/01\/0d9a5875.webp?resize=700%2C400&ssl=1 2x, https:\/\/i0.wp.com\/correiodasemana.com\/site\/wp-content\/uploads\/2026\/01\/0d9a5875.webp?resize=1050%2C600&ssl=1 3x"},"classes":[]},{"id":9854,"url":"https:\/\/correiodasemana.com\/site\/saiba-como-fica-a-aposentadoria-com-as-novas-regras-aprovadas\/","url_meta":{"origin":37045,"position":2},"title":"Saiba como fica a aposentadoria com as novas regras aprovadas","author":"","date":"Novembro 18, 2019","format":false,"excerpt":"Fonte Ag\u00eancia Brasil As\u00a0novas regras para a aposentadoria\u00a0 j\u00e1 est\u00e3o valendo desde ter\u00e7a-feira (12). Com a promulga\u00e7\u00e3o da Nova Previd\u00eancia, marcada para \u00e0s 10h, em cerim\u00f4nia no Congresso Nacional, todas as mudan\u00e7as aprovadas na Emenda Constitucional entram em vigor. Segundo o\u00a0INSS (Instituto Nacional do Seguro Social), para a an\u00e1lise dos\u2026","rel":"","context":"In &quot;Atualidade&quot;","block_context":{"text":"Atualidade","link":"https:\/\/correiodasemana.com\/site\/category\/atualidade\/"},"img":{"alt_text":"","src":"https:\/\/i0.wp.com\/correiodasemana.com\/site\/wp-content\/uploads\/2019\/11\/img1-Como-fica-a-aposentadoria-para-quem-tem-21276.png?resize=350%2C200&ssl=1","width":350,"height":200,"srcset":"https:\/\/i0.wp.com\/correiodasemana.com\/site\/wp-content\/uploads\/2019\/11\/img1-Como-fica-a-aposentadoria-para-quem-tem-21276.png?resize=350%2C200&ssl=1 1x, https:\/\/i0.wp.com\/correiodasemana.com\/site\/wp-content\/uploads\/2019\/11\/img1-Como-fica-a-aposentadoria-para-quem-tem-21276.png?resize=525%2C300&ssl=1 1.5x, https:\/\/i0.wp.com\/correiodasemana.com\/site\/wp-content\/uploads\/2019\/11\/img1-Como-fica-a-aposentadoria-para-quem-tem-21276.png?resize=700%2C400&ssl=1 2x, https:\/\/i0.wp.com\/correiodasemana.com\/site\/wp-content\/uploads\/2019\/11\/img1-Como-fica-a-aposentadoria-para-quem-tem-21276.png?resize=1050%2C600&ssl=1 3x, https:\/\/i0.wp.com\/correiodasemana.com\/site\/wp-content\/uploads\/2019\/11\/img1-Como-fica-a-aposentadoria-para-quem-tem-21276.png?resize=1400%2C800&ssl=1 4x"},"classes":[]},{"id":8686,"url":"https:\/\/correiodasemana.com\/site\/reforma-da-previdencia-entenda-ponto-a-ponto-a-proposta-aprovada-pela-camara\/","url_meta":{"origin":37045,"position":3},"title":"Reforma da Previd\u00eancia: entenda ponto a ponto a proposta aprovada pela C\u00e2mara","author":"","date":"Agosto 17, 2019","format":false,"excerpt":"Veja como podem ficar as novas regras para as aposentadorias e pens\u00f5es. Deputados conclu\u00edram vota\u00e7\u00e3o em 1\u00ba e 2\u00ba turno, e agora proposta segue para o Senado. Por G1 A C\u00e2mara dos Deputados\u00a0concluiu nesta quarta-feira (7) a vota\u00e7\u00e3o em 2\u00ba turno da reforma da Previd\u00eancia. Os deputados rejeitaram todos os\u2026","rel":"","context":"In &quot;Atualidade&quot;","block_context":{"text":"Atualidade","link":"https:\/\/correiodasemana.com\/site\/category\/atualidade\/"},"img":{"alt_text":"","src":"https:\/\/i0.wp.com\/correiodasemana.com\/site\/wp-content\/uploads\/2019\/07\/vac_abr_0879230719.jpg?resize=350%2C200&ssl=1","width":350,"height":200,"srcset":"https:\/\/i0.wp.com\/correiodasemana.com\/site\/wp-content\/uploads\/2019\/07\/vac_abr_0879230719.jpg?resize=350%2C200&ssl=1 1x, https:\/\/i0.wp.com\/correiodasemana.com\/site\/wp-content\/uploads\/2019\/07\/vac_abr_0879230719.jpg?resize=525%2C300&ssl=1 1.5x, https:\/\/i0.wp.com\/correiodasemana.com\/site\/wp-content\/uploads\/2019\/07\/vac_abr_0879230719.jpg?resize=700%2C400&ssl=1 2x, https:\/\/i0.wp.com\/correiodasemana.com\/site\/wp-content\/uploads\/2019\/07\/vac_abr_0879230719.jpg?resize=1050%2C600&ssl=1 3x"},"classes":[]},{"id":27919,"url":"https:\/\/correiodasemana.com\/site\/confira-as-novas-regras-para-aposentadoria-em-2024\/","url_meta":{"origin":37045,"position":4},"title":"Confira as novas regras para aposentadoria em 2024","author":"adminredacao","date":"Janeiro 5, 2024","format":false,"excerpt":"Transi\u00e7\u00e3o mant\u00e9m necessidade de tempo m\u00ednimo de contribui\u00e7\u00e3o Por Luiz Claudio Ferreira - Rep\u00f3rter da Ag\u00eancia Brasil - Bras\u00edlia Quem est\u00e1 contando os anos ou dias para se aposentar deve levar em conta como as novas regras aprovadas pela\u00a0Reforma da Previd\u00eancia\u00a0causam efeitos em 2024. S\u00e3o as regras de transi\u00e7\u00e3o que\u2026","rel":"","context":"In &quot;Atualidade&quot;","block_context":{"text":"Atualidade","link":"https:\/\/correiodasemana.com\/site\/category\/atualidade\/"},"img":{"alt_text":"","src":"https:\/\/i0.wp.com\/correiodasemana.com\/site\/wp-content\/uploads\/2024\/01\/mcamg_abr_06092018_9648_1.webp?resize=350%2C200&ssl=1","width":350,"height":200,"srcset":"https:\/\/i0.wp.com\/correiodasemana.com\/site\/wp-content\/uploads\/2024\/01\/mcamg_abr_06092018_9648_1.webp?resize=350%2C200&ssl=1 1x, https:\/\/i0.wp.com\/correiodasemana.com\/site\/wp-content\/uploads\/2024\/01\/mcamg_abr_06092018_9648_1.webp?resize=525%2C300&ssl=1 1.5x, https:\/\/i0.wp.com\/correiodasemana.com\/site\/wp-content\/uploads\/2024\/01\/mcamg_abr_06092018_9648_1.webp?resize=700%2C400&ssl=1 2x, https:\/\/i0.wp.com\/correiodasemana.com\/site\/wp-content\/uploads\/2024\/01\/mcamg_abr_06092018_9648_1.webp?resize=1050%2C600&ssl=1 3x"},"classes":[]},{"id":32226,"url":"https:\/\/correiodasemana.com\/site\/saiba-idade-minima-e-tempo-de-contribuicao-para-aposentadoria-em-2025\/","url_meta":{"origin":37045,"position":5},"title":"Saiba idade m\u00ednima e tempo de contribui\u00e7\u00e3o para aposentadoria em 2025","author":"adminredacao","date":"Janeiro 16, 2025","format":false,"excerpt":"Faixa et\u00e1ria vai aumentando seis meses a cada ano Luiz Claudio Ferreira - Rep\u00f3rter da Ag\u00eancia Brasil Para saber quando ser\u00e1 o momento de se aposentar, o trabalhador precisa estar atento \u00e0s regras estipuladas pela Reforma da Previd\u00eancia aprovada em 2019. Para a aposentadoria por tempo de contribui\u00e7\u00e3o, a idade\u2026","rel":"","context":"In &quot;Atualidade&quot;","block_context":{"text":"Atualidade","link":"https:\/\/correiodasemana.com\/site\/category\/atualidade\/"},"img":{"alt_text":"","src":"https:\/\/i0.wp.com\/correiodasemana.com\/site\/wp-content\/uploads\/2025\/01\/inss-endereco-novo-4-800x600-1.webp?resize=350%2C200&ssl=1","width":350,"height":200,"srcset":"https:\/\/i0.wp.com\/correiodasemana.com\/site\/wp-content\/uploads\/2025\/01\/inss-endereco-novo-4-800x600-1.webp?resize=350%2C200&ssl=1 1x, https:\/\/i0.wp.com\/correiodasemana.com\/site\/wp-content\/uploads\/2025\/01\/inss-endereco-novo-4-800x600-1.webp?resize=525%2C300&ssl=1 1.5x, https:\/\/i0.wp.com\/correiodasemana.com\/site\/wp-content\/uploads\/2025\/01\/inss-endereco-novo-4-800x600-1.webp?resize=700%2C400&ssl=1 2x"},"classes":[]}],"jetpack_sharing_enabled":true,"_links":{"self":[{"href":"https:\/\/correiodasemana.com\/site\/wp-json\/wp\/v2\/posts\/37045","targetHints":{"allow":["GET"]}}],"collection":[{"href":"https:\/\/correiodasemana.com\/site\/wp-json\/wp\/v2\/posts"}],"about":[{"href":"https:\/\/correiodasemana.com\/site\/wp-json\/wp\/v2\/types\/post"}],"author":[{"embeddable":true,"href":"https:\/\/correiodasemana.com\/site\/wp-json\/wp\/v2\/users\/7"}],"replies":[{"embeddable":true,"href":"https:\/\/correiodasemana.com\/site\/wp-json\/wp\/v2\/comments?post=37045"}],"version-history":[{"count":1,"href":"https:\/\/correiodasemana.com\/site\/wp-json\/wp\/v2\/posts\/37045\/revisions"}],"predecessor-version":[{"id":37047,"href":"https:\/\/correiodasemana.com\/site\/wp-json\/wp\/v2\/posts\/37045\/revisions\/37047"}],"wp:featuredmedia":[{"embeddable":true,"href":"https:\/\/correiodasemana.com\/site\/wp-json\/wp\/v2\/media\/37046"}],"wp:attachment":[{"href":"https:\/\/correiodasemana.com\/site\/wp-json\/wp\/v2\/media?parent=37045"}],"wp:term":[{"taxonomy":"category","embeddable":true,"href":"https:\/\/correiodasemana.com\/site\/wp-json\/wp\/v2\/categories?post=37045"},{"taxonomy":"post_tag","embeddable":true,"href":"https:\/\/correiodasemana.com\/site\/wp-json\/wp\/v2\/tags?post=37045"}],"curies":[{"name":"wp","href":"https:\/\/api.w.org\/{rel}","templated":true}]}}