{"id":37048,"date":"2026-01-17T16:12:54","date_gmt":"2026-01-17T19:12:54","guid":{"rendered":"https:\/\/correiodasemana.com\/site\/?p=37048"},"modified":"2026-01-17T16:12:54","modified_gmt":"2026-01-17T19:12:54","slug":"em-tempo-310","status":"publish","type":"post","link":"https:\/\/correiodasemana.com\/site\/em-tempo-310\/","title":{"rendered":"EM TEMPO \u2022"},"content":{"rendered":"<p>Editais da Pol\u00edtica Nacional Aldir Blanc<br \/>\nSecretaria da Cultura do Estado tem oito editais do segundo ciclo da Pol\u00edtica Nacional Aldir Blanc de Fomento \u00e0 Cultura, com inscri\u00e7\u00f5es at\u00e9 23 de janeiro, exclusivamente pelo Mapa Cultural do Cear\u00e1, onde tamb\u00e9m est\u00e3o dispon\u00edveis os regulamentos e demais informa\u00e7\u00f5es.<br \/>\nEditais: Pr\u00eamio Pedro Boca Rica de Teatro de Bonecos, 5\u00ba Edital Cultura Inf\u00e2ncia, 9\u00ba Pr\u00eamio Alberto Nepomuceno, 4\u00ba Edital Festivais Culturais, 2\u00ba Edital Feiras Liter\u00e1rias, 2\u00ba Edital de Pont\u00e3o de Cultura, 2\u00ba Pr\u00eamio Pontos de Cultura e 6\u00ba Edital Cultura Viva Pontos de Cultura.<\/p>\n<p>P\u00f3s-Gradua\u00e7\u00e3o em Sa\u00fade da Fam\u00edlia<br \/>\nPrograma de P\u00f3s-Gradua\u00e7\u00e3o em Sa\u00fade da Fam\u00edlia &#8211; Mestrado e Doutorado Profissional da Universidade Estadual Vale do Acara\u00fa (UVA), obteve nota m\u00e1xima (5) da Coordena\u00e7\u00e3o de Aperfei\u00e7oamento de Pessoal de N\u00edvel Superior (CAPES), referente ao per\u00edodo 2021-2024.<br \/>\nA avalia\u00e7\u00e3o \u00e9 conduzida com base no reconhecimento e confiabilidade da CAPES. O resultado mostra o investimento da UVA, com sede em Sobral, na forma\u00e7\u00e3o qualificada de pesquisadores e produ\u00e7\u00e3o de conhecimento relevante para desenvolvimento cient\u00edfico e social.<\/p>\n<p>\u201cO Agente Secreto\u201d no Globo de Ouro<\/p>\n<div id='gallery-1' class='gallery galleryid-37048 gallery-columns-6 gallery-size-thumbnail'><figure class='gallery-item'>\n\t\t\t<div class='gallery-icon landscape'>\n\t\t\t\t<a href='https:\/\/correiodasemana.com\/site\/em-tempo-310\/wagner-moura\/'><img loading=\"lazy\" width=\"150\" height=\"150\" src=\"https:\/\/correiodasemana.com\/site\/wp-content\/uploads\/2026\/01\/Wagner-Moura-150x150.jpg\" class=\"attachment-thumbnail size-thumbnail\" alt=\"Wagner Moura\" loading=\"lazy\" decoding=\"async\" \/><\/a>\n\t\t\t<\/div><\/figure>\n\t\t<\/div>\n\n<p>A consagra\u00e7\u00e3o do cinema brasileiro e de Wagner Moura no Globo de Ouro<br \/>\nO cinema brasileiro, com o longa-metragem \u201cO Agente Secreto\u2019, levou duas estatuetas de premia\u00e7\u00e3o do Globo de Ouro, na noite de 11 de janeiro. Wagner Moura venceu como Melhor Ator de Drama e \u201cO Agente Secreto\u201d ganhou como Melhor Filme de L\u00edngua N\u00e3o Inglesa.<br \/>\nA obra tra\u00e7a um panorama da sociedade e da pol\u00edtica brasileira nos anos 70, tocando em temas como repress\u00e3o pol\u00edtica, restri\u00e7\u00e3o de direitos e o uso da tecnologia como ferramenta do controle totalit\u00e1rio. A dire\u00e7\u00e3o \u00e9 de Kleber Mendon\u00e7a Filho, que tamb\u00e9m assina o roteiro.<\/p>\n<p>Concurso UFC com 26 vagas de professor<br \/>\nA Universidade Federal do Cear\u00e1 (UFC) torna p\u00fablico edital com 26 vagas para o cargo de professor, com regime de 40 horas semanais e dedica\u00e7\u00e3o exclusiva. As vagas s\u00e3o distribu\u00eddas entre diversas unidades acad\u00eamicas da institui\u00e7\u00e3o. As inscri\u00e7\u00f5es seguem at\u00e9 23 de janeiro.<br \/>\nRemunera\u00e7\u00e3o inicial \u00e9 R$ 13.288,85 para candidatos com doutorado e de R$ 9.271,29 para candidatos com mestrado. O concurso ter\u00e1 validade de um ano, podendo ser prorrogado por igual per\u00edodo. Outras informa\u00e7\u00f5es dispon\u00edveis no site https:\/\/centraldeconcursos.fcpc.ufc.br.<\/p>\n<p>Festival Jazz &amp; Blues em Guaramiranga<br \/>\nDefinida programa\u00e7\u00e3o do Festival Jazz &amp; Blues na 27\u00aa edi\u00e7\u00e3o no Carnaval 2026, de 14 a 17 de fevereiro, em Guaramiranga. Nos palcos, atra\u00e7\u00f5es cearenses, nacionais e internacionais com sons que passam por g\u00eaneros afins, regionais e outras vertentes da m\u00fasica brasileira.<br \/>\nEntre os nomes de destaque est\u00e3o a cantora, compositora e violonista Rosa Passos; o violinista franc\u00eas Nicolas Krassik; e o mineiro Beto Guedes, com trajet\u00f3ria caracterizada por sua profunda habilidade t\u00e9cnica e capacidade de fusionar uma variedade de g\u00eaneros musicais.<\/p>\n<p>Dica da Coluna<br \/>\nLeia o Blog do Edilson (www.blogdoedilson.com.br): Cultura, educa\u00e7\u00e3o, pol\u00edtica e utilidade p\u00fablica. Feliz 2026!<\/p>\n","protected":false},"excerpt":{"rendered":"<p>Editais da Pol\u00edtica Nacional Aldir Blanc Secretaria da Cultura do Estado tem oito editais do&#8230;<\/p>\n","protected":false},"author":7,"featured_media":18025,"comment_status":"open","ping_status":"open","sticky":false,"template":"","format":"standard","meta":{"_jetpack_memberships_contains_paid_content":false,"footnotes":"","jetpack_publicize_message":"","jetpack_publicize_feature_enabled":true,"jetpack_social_post_already_shared":true,"jetpack_social_options":{"image_generator_settings":{"template":"highway","default_image_id":0,"font":"","enabled":false},"version":2}},"categories":[11,36],"tags":[],"class_list":["post-37048","post","type-post","status-publish","format-standard","has-post-thumbnail","hentry","category-artigos","category-em-tempo"],"jetpack_publicize_connections":[],"jetpack_featured_media_url":"https:\/\/correiodasemana.com\/site\/wp-content\/uploads\/2021\/11\/Edilson-Silva.jpg","jetpack-related-posts":[{"id":37102,"url":"https:\/\/correiodasemana.com\/site\/secult-ceara-lanca-tres-novos-editais-do-segundo-ciclo-da-politica-nacional-aldir-blanc\/","url_meta":{"origin":37048,"position":0},"title":"Secult Cear\u00e1 lan\u00e7a tr\u00eas novos editais do segundo ciclo da Pol\u00edtica Nacional Aldir Blanc","author":"adminredacao","date":"Janeiro 17, 2026","format":false,"excerpt":"O Governo do Cear\u00e1, por meio da Secretaria da Cultura, lan\u00e7a nesta sexta-feira (26) mais tr\u00eas editais do segundo ciclo da Pol\u00edtica Nacional Aldir Blanc de Fomento \u00e0 Cultura, ampliando o investimento p\u00fablico em a\u00e7\u00f5es estruturantes e cont\u00ednuas no campo cultural. Institu\u00edda pela Lei Federal n\u00ba 14.399\/2022, a PNAB consolida\u2026","rel":"","context":"In &quot;Atualidade&quot;","block_context":{"text":"Atualidade","link":"https:\/\/correiodasemana.com\/site\/category\/atualidade\/"},"img":{"alt_text":"","src":"https:\/\/i0.wp.com\/correiodasemana.com\/site\/wp-content\/uploads\/2026\/01\/Credito-Maria-Haydee1.jpg?resize=350%2C200&ssl=1","width":350,"height":200,"srcset":"https:\/\/i0.wp.com\/correiodasemana.com\/site\/wp-content\/uploads\/2026\/01\/Credito-Maria-Haydee1.jpg?resize=350%2C200&ssl=1 1x, https:\/\/i0.wp.com\/correiodasemana.com\/site\/wp-content\/uploads\/2026\/01\/Credito-Maria-Haydee1.jpg?resize=525%2C300&ssl=1 1.5x, https:\/\/i0.wp.com\/correiodasemana.com\/site\/wp-content\/uploads\/2026\/01\/Credito-Maria-Haydee1.jpg?resize=700%2C400&ssl=1 2x"},"classes":[]},{"id":32374,"url":"https:\/\/correiodasemana.com\/site\/em-tempo-262\/","url_meta":{"origin":37048,"position":1},"title":"EM TEMPO \u2022","author":"adminredacao","date":"Fevereiro 4, 2025","format":false,"excerpt":"Secult-CE prorroga inscri\u00e7\u00f5es de editais O Governo do Estado, por meio da Secretaria da Cultura (Secult-CE), prorrogou as inscri\u00e7\u00f5es de tr\u00eas editais da Pol\u00edtica Nacional Aldir Blanc, institu\u00edda pela Lei 14.399, de 8 de julho de 2022, considerada a maior e mais estruturante pol\u00edtica cultural da hist\u00f3ria do Brasil. Inscri\u00e7\u00f5es\u2026","rel":"","context":"In &quot;Artigos&quot;","block_context":{"text":"Artigos","link":"https:\/\/correiodasemana.com\/site\/category\/artigos\/"},"img":{"alt_text":"","src":"https:\/\/i0.wp.com\/correiodasemana.com\/site\/wp-content\/uploads\/2025\/02\/jarid-livro-150x150.jpeg?resize=350%2C200&ssl=1","width":350,"height":200,"srcset":"https:\/\/i0.wp.com\/correiodasemana.com\/site\/wp-content\/uploads\/2025\/02\/jarid-livro-150x150.jpeg?resize=350%2C200&ssl=1 1x, https:\/\/i0.wp.com\/correiodasemana.com\/site\/wp-content\/uploads\/2025\/02\/jarid-livro-150x150.jpeg?resize=525%2C300&ssl=1 1.5x, https:\/\/i0.wp.com\/correiodasemana.com\/site\/wp-content\/uploads\/2025\/02\/jarid-livro-150x150.jpeg?resize=700%2C400&ssl=1 2x"},"classes":[]},{"id":17129,"url":"https:\/\/correiodasemana.com\/site\/em-tempo-93\/","url_meta":{"origin":37048,"position":2},"title":"Em Tempo","author":"","date":"Agosto 2, 2021","format":false,"excerpt":"Inscri\u00e7\u00f5es para pessoas com defici\u00eancia Pessoas com defici\u00eancia t\u00eam novo prazo para se inscrever no concurso do Banco do Brasil. O edital do certame foi retificado pelo Governo Federal e estende as inscri\u00e7\u00f5es para esse grupo at\u00e9 o dia 7 de agosto. Para os outros concorrentes, o per\u00edodo foi encerrado\u2026","rel":"","context":"In &quot;Artigos&quot;","block_context":{"text":"Artigos","link":"https:\/\/correiodasemana.com\/site\/category\/artigos\/"},"img":{"alt_text":"","src":"https:\/\/i0.wp.com\/correiodasemana.com\/site\/wp-content\/uploads\/2019\/12\/FOTO-EDILSON-SILVA-2.jpg?resize=350%2C200&ssl=1","width":350,"height":200,"srcset":"https:\/\/i0.wp.com\/correiodasemana.com\/site\/wp-content\/uploads\/2019\/12\/FOTO-EDILSON-SILVA-2.jpg?resize=350%2C200&ssl=1 1x, https:\/\/i0.wp.com\/correiodasemana.com\/site\/wp-content\/uploads\/2019\/12\/FOTO-EDILSON-SILVA-2.jpg?resize=525%2C300&ssl=1 1.5x, https:\/\/i0.wp.com\/correiodasemana.com\/site\/wp-content\/uploads\/2019\/12\/FOTO-EDILSON-SILVA-2.jpg?resize=700%2C400&ssl=1 2x"},"classes":[]},{"id":27996,"url":"https:\/\/correiodasemana.com\/site\/em-tempo-209\/","url_meta":{"origin":37048,"position":3},"title":"EM TEMPO \u2022","author":"adminredacao","date":"Janeiro 8, 2024","format":false,"excerpt":"Edital Secult para doa\u00e7\u00e3o de livros A Secretaria da Cultura do Cear\u00e1 recebe inscri\u00e7\u00f5es, at\u00e9 31 de dezembro, do \u201cEdital para Doa\u00e7\u00e3o de Acervo Bibliogr\u00e1fico\u201d. A chamada p\u00fablica \u00e9 oportunidade para pessoas e entidades com interesse em receber, por meio de doa\u00e7\u00e3o, obras do acervo bibliogr\u00e1fico da institui\u00e7\u00e3o. O acervo\u2026","rel":"","context":"In &quot;Artigos&quot;","block_context":{"text":"Artigos","link":"https:\/\/correiodasemana.com\/site\/category\/artigos\/"},"img":{"alt_text":"","src":"https:\/\/i0.wp.com\/correiodasemana.com\/site\/wp-content\/uploads\/2024\/01\/dadadadadadad-150x150.jpg?resize=350%2C200&ssl=1","width":350,"height":200},"classes":[]},{"id":20602,"url":"https:\/\/correiodasemana.com\/site\/em-tempo-144\/","url_meta":{"origin":37048,"position":4},"title":"Em Tempo","author":"","date":"Julho 31, 2022","format":false,"excerpt":"Mestrado em Ci\u00eancia da Informa\u00e7\u00e3o O Programa de P\u00f3s-Gradua\u00e7\u00e3o em Ci\u00eancia da Informa\u00e7\u00e3o da Universidade Federal do Cear\u00e1 lan\u00e7ou edital referente ao processo seletivo para mestrado acad\u00eamico 2022.2. As inscri\u00e7\u00f5es estar\u00e3o abertas no per\u00edodo de\u00a01\u00ba a 31 de agosto. S\u00e3o ofertadas\u00a0at\u00e9 12 vagas, em Fortaleza. Podem participar profissionais portadores de\u2026","rel":"","context":"In &quot;Artigos&quot;","block_context":{"text":"Artigos","link":"https:\/\/correiodasemana.com\/site\/category\/artigos\/"},"img":{"alt_text":"","src":"https:\/\/i0.wp.com\/correiodasemana.com\/site\/wp-content\/uploads\/2022\/07\/col-em-tempo-1-300x168.jpg?resize=350%2C200&ssl=1","width":350,"height":200},"classes":[]},{"id":35201,"url":"https:\/\/correiodasemana.com\/site\/em-tempo-290\/","url_meta":{"origin":37048,"position":5},"title":"Em Tempo","author":"adminredacao","date":"Agosto 17, 2025","format":false,"excerpt":"Mestrado em Ci\u00eancia da Informa\u00e7\u00e3o UFC O Programa de P\u00f3s-Gradua\u00e7\u00e3o em Ci\u00eancia da Informa\u00e7\u00e3o da Universidade Federal do Cear\u00e1 (UFC) receber\u00e1 inscri\u00e7\u00f5es, at\u00e9 o dia 31 de agosto, para o seu mestrado acad\u00eamico, com \u00e1rea de concentra\u00e7\u00e3o em Representa\u00e7\u00e3o e Media\u00e7\u00e3o da Informa\u00e7\u00e3o e do Conhecimento. Conforme o edital, s\u00e3o\u2026","rel":"","context":"In &quot;Artigos&quot;","block_context":{"text":"Artigos","link":"https:\/\/correiodasemana.com\/site\/category\/artigos\/"},"img":{"alt_text":"","src":"https:\/\/i0.wp.com\/correiodasemana.com\/site\/wp-content\/uploads\/2025\/08\/lula-camilo-e-elmano-premio-MEC.jpg?resize=350%2C200&ssl=1","width":350,"height":200,"srcset":"https:\/\/i0.wp.com\/correiodasemana.com\/site\/wp-content\/uploads\/2025\/08\/lula-camilo-e-elmano-premio-MEC.jpg?resize=350%2C200&ssl=1 1x, https:\/\/i0.wp.com\/correiodasemana.com\/site\/wp-content\/uploads\/2025\/08\/lula-camilo-e-elmano-premio-MEC.jpg?resize=525%2C300&ssl=1 1.5x, https:\/\/i0.wp.com\/correiodasemana.com\/site\/wp-content\/uploads\/2025\/08\/lula-camilo-e-elmano-premio-MEC.jpg?resize=700%2C400&ssl=1 2x"},"classes":[]}],"jetpack_sharing_enabled":true,"_links":{"self":[{"href":"https:\/\/correiodasemana.com\/site\/wp-json\/wp\/v2\/posts\/37048","targetHints":{"allow":["GET"]}}],"collection":[{"href":"https:\/\/correiodasemana.com\/site\/wp-json\/wp\/v2\/posts"}],"about":[{"href":"https:\/\/correiodasemana.com\/site\/wp-json\/wp\/v2\/types\/post"}],"author":[{"embeddable":true,"href":"https:\/\/correiodasemana.com\/site\/wp-json\/wp\/v2\/users\/7"}],"replies":[{"embeddable":true,"href":"https:\/\/correiodasemana.com\/site\/wp-json\/wp\/v2\/comments?post=37048"}],"version-history":[{"count":1,"href":"https:\/\/correiodasemana.com\/site\/wp-json\/wp\/v2\/posts\/37048\/revisions"}],"predecessor-version":[{"id":37050,"href":"https:\/\/correiodasemana.com\/site\/wp-json\/wp\/v2\/posts\/37048\/revisions\/37050"}],"wp:featuredmedia":[{"embeddable":true,"href":"https:\/\/correiodasemana.com\/site\/wp-json\/wp\/v2\/media\/18025"}],"wp:attachment":[{"href":"https:\/\/correiodasemana.com\/site\/wp-json\/wp\/v2\/media?parent=37048"}],"wp:term":[{"taxonomy":"category","embeddable":true,"href":"https:\/\/correiodasemana.com\/site\/wp-json\/wp\/v2\/categories?post=37048"},{"taxonomy":"post_tag","embeddable":true,"href":"https:\/\/correiodasemana.com\/site\/wp-json\/wp\/v2\/tags?post=37048"}],"curies":[{"name":"wp","href":"https:\/\/api.w.org\/{rel}","templated":true}]}}