{"id":37051,"date":"2026-01-17T16:14:42","date_gmt":"2026-01-17T19:14:42","guid":{"rendered":"https:\/\/correiodasemana.com\/site\/?p=37051"},"modified":"2026-01-17T16:14:42","modified_gmt":"2026-01-17T19:14:42","slug":"paroquia-da-se-realiza-semana-missionaria-com-os-seminaristas","status":"publish","type":"post","link":"https:\/\/correiodasemana.com\/site\/paroquia-da-se-realiza-semana-missionaria-com-os-seminaristas\/","title":{"rendered":"Par\u00f3quia da S\u00e9 realiza Semana Mission\u00e1ria com os seminaristas"},"content":{"rendered":"<div id='gallery-1' class='gallery galleryid-37051 gallery-columns-6 gallery-size-thumbnail'><figure class='gallery-item'>\n\t\t\t<div class='gallery-icon landscape'>\n\t\t\t\t<a href='https:\/\/correiodasemana.com\/site\/paroquia-da-se-realiza-semana-missionaria-com-os-seminaristas\/img_4074\/'><img loading=\"lazy\" width=\"150\" height=\"150\" src=\"https:\/\/correiodasemana.com\/site\/wp-content\/uploads\/2026\/01\/IMG_4074-150x150.jpg\" class=\"attachment-thumbnail size-thumbnail\" alt=\"IMG_4074\" loading=\"lazy\" decoding=\"async\" \/><\/a>\n\t\t\t<\/div><\/figure><figure class='gallery-item'>\n\t\t\t<div class='gallery-icon portrait'>\n\t\t\t\t<a href='https:\/\/correiodasemana.com\/site\/paroquia-da-se-realiza-semana-missionaria-com-os-seminaristas\/img_4109\/'><img loading=\"lazy\" width=\"150\" height=\"150\" src=\"https:\/\/correiodasemana.com\/site\/wp-content\/uploads\/2026\/01\/IMG_4109-150x150.jpg\" class=\"attachment-thumbnail size-thumbnail\" alt=\"IMG_4109\" loading=\"lazy\" decoding=\"async\" \/><\/a>\n\t\t\t<\/div><\/figure><figure class='gallery-item'>\n\t\t\t<div class='gallery-icon landscape'>\n\t\t\t\t<a href='https:\/\/correiodasemana.com\/site\/paroquia-da-se-realiza-semana-missionaria-com-os-seminaristas\/img_4136\/'><img loading=\"lazy\" width=\"150\" height=\"150\" src=\"https:\/\/correiodasemana.com\/site\/wp-content\/uploads\/2026\/01\/IMG_4136-150x150.jpg\" class=\"attachment-thumbnail size-thumbnail\" alt=\"IMG_4136\" loading=\"lazy\" decoding=\"async\" \/><\/a>\n\t\t\t<\/div><\/figure><figure class='gallery-item'>\n\t\t\t<div class='gallery-icon landscape'>\n\t\t\t\t<a href='https:\/\/correiodasemana.com\/site\/paroquia-da-se-realiza-semana-missionaria-com-os-seminaristas\/img_4273\/'><img loading=\"lazy\" width=\"150\" height=\"150\" src=\"https:\/\/correiodasemana.com\/site\/wp-content\/uploads\/2026\/01\/IMG_4273-150x150.jpg\" class=\"attachment-thumbnail size-thumbnail\" alt=\"IMG_4273\" loading=\"lazy\" decoding=\"async\" \/><\/a>\n\t\t\t<\/div><\/figure><figure class='gallery-item'>\n\t\t\t<div class='gallery-icon landscape'>\n\t\t\t\t<a href='https:\/\/correiodasemana.com\/site\/paroquia-da-se-realiza-semana-missionaria-com-os-seminaristas\/img_4274\/'><img loading=\"lazy\" width=\"150\" height=\"150\" src=\"https:\/\/correiodasemana.com\/site\/wp-content\/uploads\/2026\/01\/IMG_4274-150x150.jpg\" class=\"attachment-thumbnail size-thumbnail\" alt=\"IMG_4274\" loading=\"lazy\" decoding=\"async\" \/><\/a>\n\t\t\t<\/div><\/figure><figure class='gallery-item'>\n\t\t\t<div class='gallery-icon landscape'>\n\t\t\t\t<a href='https:\/\/correiodasemana.com\/site\/paroquia-da-se-realiza-semana-missionaria-com-os-seminaristas\/img_4276\/'><img loading=\"lazy\" width=\"150\" height=\"150\" src=\"https:\/\/correiodasemana.com\/site\/wp-content\/uploads\/2026\/01\/IMG_4276-150x150.jpg\" class=\"attachment-thumbnail size-thumbnail\" alt=\"IMG_4276\" loading=\"lazy\" decoding=\"async\" \/><\/a>\n\t\t\t<\/div><\/figure><figure class='gallery-item'>\n\t\t\t<div class='gallery-icon landscape'>\n\t\t\t\t<a href='https:\/\/correiodasemana.com\/site\/paroquia-da-se-realiza-semana-missionaria-com-os-seminaristas\/whatsapp-image-2026-01-16-at-16-40-23-1\/'><img loading=\"lazy\" width=\"150\" height=\"150\" src=\"https:\/\/correiodasemana.com\/site\/wp-content\/uploads\/2026\/01\/WhatsApp-Image-2026-01-16-at-16.40.23-1-150x150.jpeg\" class=\"attachment-thumbnail size-thumbnail\" alt=\"WhatsApp Image 2026-01-16 at 16.40.23 (1)\" loading=\"lazy\" decoding=\"async\" \/><\/a>\n\t\t\t<\/div><\/figure><figure class='gallery-item'>\n\t\t\t<div class='gallery-icon landscape'>\n\t\t\t\t<a href='https:\/\/correiodasemana.com\/site\/paroquia-da-se-realiza-semana-missionaria-com-os-seminaristas\/whatsapp-image-2026-01-16-at-16-40-23\/'><img loading=\"lazy\" width=\"150\" height=\"150\" src=\"https:\/\/correiodasemana.com\/site\/wp-content\/uploads\/2026\/01\/WhatsApp-Image-2026-01-16-at-16.40.23-150x150.jpeg\" class=\"attachment-thumbnail size-thumbnail\" alt=\"WhatsApp Image 2026-01-16 at 16.40.23\" loading=\"lazy\" decoding=\"async\" \/><\/a>\n\t\t\t<\/div><\/figure>\n\t\t<\/div>\n\n<p>De 12 a 17 de janeiro, a Par\u00f3quia de Nossa Senhora da Concei\u00e7\u00e3o \u2013 S\u00e9 Catedral de Sobral realizou a Semana Mission\u00e1ria com os seminaristas, um tempo marcado pela viv\u00eancia da f\u00e9, do servi\u00e7o e do an\u00fancio do Evangelho no territ\u00f3rio paroquial.<br \/>\nO p\u00e1roco, padre Berg, presidiu a Missa de Envio na \u00faltima segunda-feira (12\/01), junto a comunidade paroquial e os vocacionados das tr\u00eas casas de forma\u00e7\u00e3o: Proped\u00eautico, Filosofia e Teologia. Concelebraram a Eucaristia os formadores: padre Welington Silva, reitor do Semin\u00e1rio Proped\u00eautico; padre Denilson de Sousa, reitor do Semin\u00e1rio Maior de Filosofia S\u00e3o Jo\u00e3o Paulo II; e padre Bruno de Ara\u00fajo, reitor do Semin\u00e1rio Imaculada Concei\u00e7\u00e3o de Teologia.<br \/>\nA homilia foi proferida por padre Denilson, que destacou que a forma\u00e7\u00e3o sacerdotal n\u00e3o acontece apenas no semin\u00e1rio, mas tamb\u00e9m na conviv\u00eancia com as fam\u00edlias, pastorais e comunidades. \u201cNeste sentido, a Par\u00f3quia da S\u00e9 contribui de forma concreta para a forma\u00e7\u00e3o dos seminaristas, proporcionando a experi\u00eancia mission\u00e1ria, na qual eles rezam, caminham e celebram junto ao povo, criando la\u00e7os de proximidade e amizade, cujos frutos se manifestam na vida e na voca\u00e7\u00e3o desses jovens em miss\u00e3o\u201d, afirmou.<br \/>\nAo final da celebra\u00e7\u00e3o, os seminaristas foram enviados e acolhidos pelas fam\u00edlias e grupos paroquiais que os acompanharam ao longo da semana. A a\u00e7\u00e3o mission\u00e1ria contemplou os bairros: Centro, Dom Expedito, Tamarindo, Pedrinhas, Derby e Bet\u00e2nia.<br \/>\nDurante a programa\u00e7\u00e3o, os seminaristas participaram de visitas mission\u00e1rias \u00e0s fam\u00edlias, momentos de ora\u00e7\u00e3o, celebra\u00e7\u00f5es lit\u00fargicas e encontros formativos, fortalecendo o v\u00ednculo com a comunidade e promovendo a escuta, o acolhimento e a partilha da Palavra de Deus.<br \/>\nPara o seminarista Samuel Paix\u00e3o, a miss\u00e3o \u00e9 parte essencial da Igreja, que por sua natureza \u00e9 mission\u00e1ria. \u201cTem sido uma experi\u00eancia profunda de encontro com Deus, na qual, a cada visita, minha voca\u00e7\u00e3o \u00e9 fortalecida por meio da conviv\u00eancia com as fam\u00edlias e comunidades. O testemunho de f\u00e9 e amor do povo, aliado \u00e0 escuta e \u00e0 ora\u00e7\u00e3o, renova o chamado e confirma, no cora\u00e7\u00e3o, a voca\u00e7\u00e3o ao servi\u00e7o da Igreja\u201d, destacou.<br \/>\nAo falar sobre a experi\u00eancia mission\u00e1ria, Samuel ressaltou que, durante as visitas, chamou-lhe aten\u00e7\u00e3o a profunda confian\u00e7a das pessoas na Santa Eucaristia e o grande desejo de muitos em receber os sacramentos. \u201cO testemunho de f\u00e9 dos idosos foi marcante, assim como a percep\u00e7\u00e3o da necessidade de maior proximidade e acompanhamento dos jovens, ajudando-os a compreender o valor dos sacramentos e a perseverar na caminhada de f\u00e9\u201d, concluiu.<br \/>\nCom a iniciativa, foi poss\u00edvel despertar e fortalecer o esp\u00edrito mission\u00e1rio, incentivando assim o compromisso crist\u00e3o e a corresponsabilidade na evangeliza\u00e7\u00e3o, especialmente junto \u00e0s realidades mais necessitadas. Tamb\u00e9m proporcionou aos seminaristas uma experi\u00eancia concreta de miss\u00e3o, contribuindo para sua forma\u00e7\u00e3o pastoral e humana, em comunh\u00e3o com a Igreja local. A Missa de Encerramento acontecer\u00e1 neste s\u00e1bado (17\/01), na S\u00e9 Catedral de Sobral.<\/p>\n<p>Thais Helena &#8211; Jornalista \u2013 Jornal Correio da Semana<\/p>\n","protected":false},"excerpt":{"rendered":"<p>De 12 a 17 de janeiro, a Par\u00f3quia de Nossa Senhora da Concei\u00e7\u00e3o \u2013 S\u00e9&#8230;<\/p>\n","protected":false},"author":7,"featured_media":37052,"comment_status":"open","ping_status":"open","sticky":false,"template":"","format":"standard","meta":{"_jetpack_memberships_contains_paid_content":false,"footnotes":"","jetpack_publicize_message":"","jetpack_publicize_feature_enabled":true,"jetpack_social_post_already_shared":true,"jetpack_social_options":{"image_generator_settings":{"template":"highway","default_image_id":0,"font":"","enabled":false},"version":2}},"categories":[1],"tags":[],"class_list":["post-37051","post","type-post","status-publish","format-standard","has-post-thumbnail","hentry","category-atualidade"],"jetpack_publicize_connections":[],"jetpack_featured_media_url":"https:\/\/correiodasemana.com\/site\/wp-content\/uploads\/2026\/01\/IMG_4074-scaled.jpg","jetpack-related-posts":[{"id":28155,"url":"https:\/\/correiodasemana.com\/site\/paroquia-de-martinopole-realiza-semana-missionaria-diocesana\/","url_meta":{"origin":37051,"position":0},"title":"Par\u00f3quia de Martin\u00f3pole realiza Semana Mission\u00e1ria Diocesana","author":"adminredacao","date":"Janeiro 22, 2024","format":false,"excerpt":"Com o tema: \u201cN\u00e3o tenhas medo. Tu \u00e9s Igreja!\u201d, e o lema: \u201cReaviva o dom de Deus que h\u00e1 em ti\u201d. (2 Tm 1.6), a Par\u00f3quia de Nossa Senhora da Concei\u00e7\u00e3o em Martin\u00f3pole realizou a Semana Mission\u00e1ria Diocesana com os Seminaristas de 15 a 21 de janeiro. Os seminaristas das\u2026","rel":"","context":"In &quot;Atualidade&quot;","block_context":{"text":"Atualidade","link":"https:\/\/correiodasemana.com\/site\/category\/atualidade\/"},"img":{"alt_text":"","src":"https:\/\/i0.wp.com\/correiodasemana.com\/site\/wp-content\/uploads\/2024\/01\/WhatsApp-Image-2024-01-19-at-20.44.01.jpeg?resize=350%2C200&ssl=1","width":350,"height":200,"srcset":"https:\/\/i0.wp.com\/correiodasemana.com\/site\/wp-content\/uploads\/2024\/01\/WhatsApp-Image-2024-01-19-at-20.44.01.jpeg?resize=350%2C200&ssl=1 1x, https:\/\/i0.wp.com\/correiodasemana.com\/site\/wp-content\/uploads\/2024\/01\/WhatsApp-Image-2024-01-19-at-20.44.01.jpeg?resize=525%2C300&ssl=1 1.5x, https:\/\/i0.wp.com\/correiodasemana.com\/site\/wp-content\/uploads\/2024\/01\/WhatsApp-Image-2024-01-19-at-20.44.01.jpeg?resize=700%2C400&ssl=1 2x, https:\/\/i0.wp.com\/correiodasemana.com\/site\/wp-content\/uploads\/2024\/01\/WhatsApp-Image-2024-01-19-at-20.44.01.jpeg?resize=1050%2C600&ssl=1 3x, https:\/\/i0.wp.com\/correiodasemana.com\/site\/wp-content\/uploads\/2024\/01\/WhatsApp-Image-2024-01-19-at-20.44.01.jpeg?resize=1400%2C800&ssl=1 4x"},"classes":[]},{"id":37468,"url":"https:\/\/correiodasemana.com\/site\/presbiteros-participam-da-9a-semana-de-estudos-para-formadores-de-seminario\/","url_meta":{"origin":37051,"position":1},"title":"Presb\u00edteros participam da 9\u00aa Semana de estudos para formadores de Semin\u00e1rio","author":"adminredacao","date":"Fevereiro 20, 2026","format":false,"excerpt":"Os formadores dos semin\u00e1rios da Diocese de Sobral: padre Welington Silva, reitor do Semin\u00e1rio Proped\u00eautico S\u00e3o Jos\u00e9; padre Denilson de Sousa, reitor do Semin\u00e1rio Maior de Filosofia S\u00e3o Jo\u00e3o Paulo II e padre Bruno de Ara\u00fajo, reitor do Semin\u00e1rio Imaculada Concei\u00e7\u00e3o de Teologia. A Pontif\u00edcia Universit\u00e0 della Santa Croce em\u2026","rel":"","context":"In &quot;Atualidade&quot;","block_context":{"text":"Atualidade","link":"https:\/\/correiodasemana.com\/site\/category\/atualidade\/"},"img":{"alt_text":"","src":"https:\/\/i0.wp.com\/correiodasemana.com\/site\/wp-content\/uploads\/2026\/02\/WhatsApp-Image-2026-02-16-at-17.02.41.jpeg?resize=350%2C200&ssl=1","width":350,"height":200,"srcset":"https:\/\/i0.wp.com\/correiodasemana.com\/site\/wp-content\/uploads\/2026\/02\/WhatsApp-Image-2026-02-16-at-17.02.41.jpeg?resize=350%2C200&ssl=1 1x, https:\/\/i0.wp.com\/correiodasemana.com\/site\/wp-content\/uploads\/2026\/02\/WhatsApp-Image-2026-02-16-at-17.02.41.jpeg?resize=525%2C300&ssl=1 1.5x, https:\/\/i0.wp.com\/correiodasemana.com\/site\/wp-content\/uploads\/2026\/02\/WhatsApp-Image-2026-02-16-at-17.02.41.jpeg?resize=700%2C400&ssl=1 2x, https:\/\/i0.wp.com\/correiodasemana.com\/site\/wp-content\/uploads\/2026\/02\/WhatsApp-Image-2026-02-16-at-17.02.41.jpeg?resize=1050%2C600&ssl=1 3x, https:\/\/i0.wp.com\/correiodasemana.com\/site\/wp-content\/uploads\/2026\/02\/WhatsApp-Image-2026-02-16-at-17.02.41.jpeg?resize=1400%2C800&ssl=1 4x"},"classes":[]},{"id":30240,"url":"https:\/\/correiodasemana.com\/site\/seminaristas-da-teologia-sao-instituidos-ao-ministerio-de-leitor\/","url_meta":{"origin":37051,"position":2},"title":"Seminaristas da Teologia s\u00e3o institu\u00eddos ao Minist\u00e9rio de Leitor","author":"adminredacao","date":"Agosto 3, 2024","format":false,"excerpt":"Oito seminaristas da etapa da configura\u00e7\u00e3o do Semin\u00e1rio de Teologia Imaculada Concei\u00e7\u00e3o, foram institu\u00eddos ao minist\u00e9rio do Leitorado na manh\u00e3 do dia 30 de julho, durante celebra\u00e7\u00e3o eucar\u00edstica presidida por Dom Jos\u00e9 Luiz Gomes de Vasconcelos, na conviv\u00eancia dos seminaristas que aconteceu em Camocim\/CE. Os vocacionados das tr\u00eas etapas formativas:\u2026","rel":"","context":"In &quot;Atualidade&quot;","block_context":{"text":"Atualidade","link":"https:\/\/correiodasemana.com\/site\/category\/atualidade\/"},"img":{"alt_text":"","src":"https:\/\/i0.wp.com\/correiodasemana.com\/site\/wp-content\/uploads\/2024\/08\/WhatsApp-Image-2024-08-02-at-21.35.39-1.jpeg?resize=350%2C200&ssl=1","width":350,"height":200,"srcset":"https:\/\/i0.wp.com\/correiodasemana.com\/site\/wp-content\/uploads\/2024\/08\/WhatsApp-Image-2024-08-02-at-21.35.39-1.jpeg?resize=350%2C200&ssl=1 1x, https:\/\/i0.wp.com\/correiodasemana.com\/site\/wp-content\/uploads\/2024\/08\/WhatsApp-Image-2024-08-02-at-21.35.39-1.jpeg?resize=525%2C300&ssl=1 1.5x, https:\/\/i0.wp.com\/correiodasemana.com\/site\/wp-content\/uploads\/2024\/08\/WhatsApp-Image-2024-08-02-at-21.35.39-1.jpeg?resize=700%2C400&ssl=1 2x, https:\/\/i0.wp.com\/correiodasemana.com\/site\/wp-content\/uploads\/2024\/08\/WhatsApp-Image-2024-08-02-at-21.35.39-1.jpeg?resize=1050%2C600&ssl=1 3x, https:\/\/i0.wp.com\/correiodasemana.com\/site\/wp-content\/uploads\/2024\/08\/WhatsApp-Image-2024-08-02-at-21.35.39-1.jpeg?resize=1400%2C800&ssl=1 4x"},"classes":[]},{"id":31546,"url":"https:\/\/correiodasemana.com\/site\/seminario-de-teologia-imaculada-conceicao-recebe-encontro-de-espiritualidade-missionaria-com-seminaristas-do-regional-nordeste-i\/","url_meta":{"origin":37051,"position":3},"title":"Semin\u00e1rio de Teologia Imaculada Concei\u00e7\u00e3o recebe Encontro de Espiritualidade Mission\u00e1ria com seminaristas do Regional Nordeste I","author":"adminredacao","date":"Novembro 24, 2024","format":false,"excerpt":"O Conselho Mission\u00e1rio de Seminaristas - COMISE, do Regional NE 1, realizou no \u00faltimo s\u00e1bado, 16 de novembro, um encontro de espiritualidade mission\u00e1ria para seminaristas das dioceses do Cear\u00e1. O momento foi sediado na casa de forma\u00e7\u00e3o do Semin\u00e1rio de Teologia Imaculada Concei\u00e7\u00e3o da Diocese de Sobral, em Fortaleza. Teve\u2026","rel":"","context":"In &quot;Atualidade&quot;","block_context":{"text":"Atualidade","link":"https:\/\/correiodasemana.com\/site\/category\/atualidade\/"},"img":{"alt_text":"","src":"https:\/\/i0.wp.com\/correiodasemana.com\/site\/wp-content\/uploads\/2024\/11\/WhatsApp-Image-2024-11-18-at-14.17.25.jpeg?resize=350%2C200&ssl=1","width":350,"height":200,"srcset":"https:\/\/i0.wp.com\/correiodasemana.com\/site\/wp-content\/uploads\/2024\/11\/WhatsApp-Image-2024-11-18-at-14.17.25.jpeg?resize=350%2C200&ssl=1 1x, https:\/\/i0.wp.com\/correiodasemana.com\/site\/wp-content\/uploads\/2024\/11\/WhatsApp-Image-2024-11-18-at-14.17.25.jpeg?resize=525%2C300&ssl=1 1.5x, https:\/\/i0.wp.com\/correiodasemana.com\/site\/wp-content\/uploads\/2024\/11\/WhatsApp-Image-2024-11-18-at-14.17.25.jpeg?resize=700%2C400&ssl=1 2x, https:\/\/i0.wp.com\/correiodasemana.com\/site\/wp-content\/uploads\/2024\/11\/WhatsApp-Image-2024-11-18-at-14.17.25.jpeg?resize=1050%2C600&ssl=1 3x, https:\/\/i0.wp.com\/correiodasemana.com\/site\/wp-content\/uploads\/2024\/11\/WhatsApp-Image-2024-11-18-at-14.17.25.jpeg?resize=1400%2C800&ssl=1 4x"},"classes":[]},{"id":26493,"url":"https:\/\/correiodasemana.com\/site\/seminaristas-participam-de-convivencia-na-serra-da-meruoca\/","url_meta":{"origin":37051,"position":4},"title":"Seminaristas participam de conviv\u00eancia na Serra da Meruoca","author":"adminredacao","date":"Setembro 11, 2023","format":false,"excerpt":"Os seminaristas da diocese de Sobral est\u00e3o reunidos desde o dia 06\/09 na serra da Meruoca em um encontro de conviv\u00eancia e espiritualidade com as tr\u00eas etapas da forma\u00e7\u00e3o (proped\u00eautico, filosofia e teologia). O encontro tem como objetivo estreitar os la\u00e7os de fraternidade entre os seminaristas das diferentes etapas formativas.\u2026","rel":"","context":"In &quot;Atualidade&quot;","block_context":{"text":"Atualidade","link":"https:\/\/correiodasemana.com\/site\/category\/atualidade\/"},"img":{"alt_text":"","src":"https:\/\/i0.wp.com\/correiodasemana.com\/site\/wp-content\/uploads\/2023\/09\/Dom-Vasconcelos-Pe.-Denilson-de-Sousa-Pe.-Bruno-de-Araujo-Pe.-Eudes-Cruz-seminaristas-propedeutas-filosoficos-e-teologos.jpeg?resize=350%2C200&ssl=1","width":350,"height":200,"srcset":"https:\/\/i0.wp.com\/correiodasemana.com\/site\/wp-content\/uploads\/2023\/09\/Dom-Vasconcelos-Pe.-Denilson-de-Sousa-Pe.-Bruno-de-Araujo-Pe.-Eudes-Cruz-seminaristas-propedeutas-filosoficos-e-teologos.jpeg?resize=350%2C200&ssl=1 1x, https:\/\/i0.wp.com\/correiodasemana.com\/site\/wp-content\/uploads\/2023\/09\/Dom-Vasconcelos-Pe.-Denilson-de-Sousa-Pe.-Bruno-de-Araujo-Pe.-Eudes-Cruz-seminaristas-propedeutas-filosoficos-e-teologos.jpeg?resize=525%2C300&ssl=1 1.5x, https:\/\/i0.wp.com\/correiodasemana.com\/site\/wp-content\/uploads\/2023\/09\/Dom-Vasconcelos-Pe.-Denilson-de-Sousa-Pe.-Bruno-de-Araujo-Pe.-Eudes-Cruz-seminaristas-propedeutas-filosoficos-e-teologos.jpeg?resize=700%2C400&ssl=1 2x, https:\/\/i0.wp.com\/correiodasemana.com\/site\/wp-content\/uploads\/2023\/09\/Dom-Vasconcelos-Pe.-Denilson-de-Sousa-Pe.-Bruno-de-Araujo-Pe.-Eudes-Cruz-seminaristas-propedeutas-filosoficos-e-teologos.jpeg?resize=1050%2C600&ssl=1 3x"},"classes":[]},{"id":28206,"url":"https:\/\/correiodasemana.com\/site\/seminario-propedeutico-sao-jose-acolhe-nova-turma-de-vocacionados\/","url_meta":{"origin":37051,"position":5},"title":"Semin\u00e1rio Proped\u00eautico S\u00e3o Jos\u00e9 acolhe nova turma de vocacionados","author":"adminredacao","date":"Janeiro 29, 2024","format":false,"excerpt":"Na festa de S\u00e3o Tim\u00f3teo e S\u00e3o Tito, no dia 26 de janeiro, o Semin\u00e1rio Proped\u00eautico S\u00e3o Jos\u00e9 da Diocese de Sobral, abriu suas atividades do ano de 2024 com a missa de acolhida aos novos seminaristas, estes, que ao passar por um ano de encontro vocacional deixaram-se guiar pela\u2026","rel":"","context":"In &quot;Atualidade&quot;","block_context":{"text":"Atualidade","link":"https:\/\/correiodasemana.com\/site\/category\/atualidade\/"},"img":{"alt_text":"","src":"https:\/\/i0.wp.com\/correiodasemana.com\/site\/wp-content\/uploads\/2024\/01\/WhatsApp-Image-2024-01-27-at-14.55.45.jpeg?resize=350%2C200&ssl=1","width":350,"height":200,"srcset":"https:\/\/i0.wp.com\/correiodasemana.com\/site\/wp-content\/uploads\/2024\/01\/WhatsApp-Image-2024-01-27-at-14.55.45.jpeg?resize=350%2C200&ssl=1 1x, https:\/\/i0.wp.com\/correiodasemana.com\/site\/wp-content\/uploads\/2024\/01\/WhatsApp-Image-2024-01-27-at-14.55.45.jpeg?resize=525%2C300&ssl=1 1.5x, https:\/\/i0.wp.com\/correiodasemana.com\/site\/wp-content\/uploads\/2024\/01\/WhatsApp-Image-2024-01-27-at-14.55.45.jpeg?resize=700%2C400&ssl=1 2x, https:\/\/i0.wp.com\/correiodasemana.com\/site\/wp-content\/uploads\/2024\/01\/WhatsApp-Image-2024-01-27-at-14.55.45.jpeg?resize=1050%2C600&ssl=1 3x"},"classes":[]}],"jetpack_sharing_enabled":true,"_links":{"self":[{"href":"https:\/\/correiodasemana.com\/site\/wp-json\/wp\/v2\/posts\/37051","targetHints":{"allow":["GET"]}}],"collection":[{"href":"https:\/\/correiodasemana.com\/site\/wp-json\/wp\/v2\/posts"}],"about":[{"href":"https:\/\/correiodasemana.com\/site\/wp-json\/wp\/v2\/types\/post"}],"author":[{"embeddable":true,"href":"https:\/\/correiodasemana.com\/site\/wp-json\/wp\/v2\/users\/7"}],"replies":[{"embeddable":true,"href":"https:\/\/correiodasemana.com\/site\/wp-json\/wp\/v2\/comments?post=37051"}],"version-history":[{"count":1,"href":"https:\/\/correiodasemana.com\/site\/wp-json\/wp\/v2\/posts\/37051\/revisions"}],"predecessor-version":[{"id":37060,"href":"https:\/\/correiodasemana.com\/site\/wp-json\/wp\/v2\/posts\/37051\/revisions\/37060"}],"wp:featuredmedia":[{"embeddable":true,"href":"https:\/\/correiodasemana.com\/site\/wp-json\/wp\/v2\/media\/37052"}],"wp:attachment":[{"href":"https:\/\/correiodasemana.com\/site\/wp-json\/wp\/v2\/media?parent=37051"}],"wp:term":[{"taxonomy":"category","embeddable":true,"href":"https:\/\/correiodasemana.com\/site\/wp-json\/wp\/v2\/categories?post=37051"},{"taxonomy":"post_tag","embeddable":true,"href":"https:\/\/correiodasemana.com\/site\/wp-json\/wp\/v2\/tags?post=37051"}],"curies":[{"name":"wp","href":"https:\/\/api.w.org\/{rel}","templated":true}]}}