{"id":37061,"date":"2026-01-17T16:16:03","date_gmt":"2026-01-17T19:16:03","guid":{"rendered":"https:\/\/correiodasemana.com\/site\/?p=37061"},"modified":"2026-01-17T16:16:03","modified_gmt":"2026-01-17T19:16:03","slug":"dom-vasconcelos-preside-missa-da-festa-do-batismo-do-senhor-na-se-catedral-de-sobral","status":"publish","type":"post","link":"https:\/\/correiodasemana.com\/site\/dom-vasconcelos-preside-missa-da-festa-do-batismo-do-senhor-na-se-catedral-de-sobral\/","title":{"rendered":"Dom Vasconcelos preside Missa da Festa do Batismo do Senhor na S\u00e9 Catedral de Sobral"},"content":{"rendered":"<div id='gallery-1' class='gallery galleryid-37061 gallery-columns-6 gallery-size-thumbnail'><figure class='gallery-item'>\n\t\t\t<div class='gallery-icon landscape'>\n\t\t\t\t<a href='https:\/\/correiodasemana.com\/site\/dom-vasconcelos-preside-missa-da-festa-do-batismo-do-senhor-na-se-catedral-de-sobral\/foto-grande-16\/'><img loading=\"lazy\" width=\"150\" height=\"150\" src=\"https:\/\/correiodasemana.com\/site\/wp-content\/uploads\/2026\/01\/foto-grande-150x150.jpeg\" class=\"attachment-thumbnail size-thumbnail\" alt=\"foto grande\" loading=\"lazy\" decoding=\"async\" \/><\/a>\n\t\t\t<\/div><\/figure><figure class='gallery-item'>\n\t\t\t<div class='gallery-icon landscape'>\n\t\t\t\t<a href='https:\/\/correiodasemana.com\/site\/dom-vasconcelos-preside-missa-da-festa-do-batismo-do-senhor-na-se-catedral-de-sobral\/whatsapp-image-2026-01-16-at-11-15-00\/'><img loading=\"lazy\" width=\"150\" height=\"150\" src=\"https:\/\/correiodasemana.com\/site\/wp-content\/uploads\/2026\/01\/WhatsApp-Image-2026-01-16-at-11.15.00-150x150.jpeg\" class=\"attachment-thumbnail size-thumbnail\" alt=\"WhatsApp Image 2026-01-16 at 11.15.00\" loading=\"lazy\" decoding=\"async\" \/><\/a>\n\t\t\t<\/div><\/figure><figure class='gallery-item'>\n\t\t\t<div class='gallery-icon landscape'>\n\t\t\t\t<a href='https:\/\/correiodasemana.com\/site\/dom-vasconcelos-preside-missa-da-festa-do-batismo-do-senhor-na-se-catedral-de-sobral\/whatsapp-image-2026-01-16-at-11-15-01-1\/'><img loading=\"lazy\" width=\"150\" height=\"150\" src=\"https:\/\/correiodasemana.com\/site\/wp-content\/uploads\/2026\/01\/WhatsApp-Image-2026-01-16-at-11.15.01-1-150x150.jpeg\" class=\"attachment-thumbnail size-thumbnail\" alt=\"WhatsApp Image 2026-01-16 at 11.15.01 (1)\" loading=\"lazy\" decoding=\"async\" \/><\/a>\n\t\t\t<\/div><\/figure><figure class='gallery-item'>\n\t\t\t<div class='gallery-icon landscape'>\n\t\t\t\t<a href='https:\/\/correiodasemana.com\/site\/dom-vasconcelos-preside-missa-da-festa-do-batismo-do-senhor-na-se-catedral-de-sobral\/whatsapp-image-2026-01-16-at-11-15-02\/'><img loading=\"lazy\" width=\"150\" height=\"150\" src=\"https:\/\/correiodasemana.com\/site\/wp-content\/uploads\/2026\/01\/WhatsApp-Image-2026-01-16-at-11.15.02-150x150.jpeg\" class=\"attachment-thumbnail size-thumbnail\" alt=\"WhatsApp Image 2026-01-16 at 11.15.02\" loading=\"lazy\" decoding=\"async\" \/><\/a>\n\t\t\t<\/div><\/figure><figure class='gallery-item'>\n\t\t\t<div class='gallery-icon landscape'>\n\t\t\t\t<a href='https:\/\/correiodasemana.com\/site\/dom-vasconcelos-preside-missa-da-festa-do-batismo-do-senhor-na-se-catedral-de-sobral\/whatsapp-image-2026-01-16-at-11-15-04\/'><img loading=\"lazy\" width=\"150\" height=\"150\" src=\"https:\/\/correiodasemana.com\/site\/wp-content\/uploads\/2026\/01\/WhatsApp-Image-2026-01-16-at-11.15.04-150x150.jpeg\" class=\"attachment-thumbnail size-thumbnail\" alt=\"WhatsApp Image 2026-01-16 at 11.15.04\" loading=\"lazy\" decoding=\"async\" \/><\/a>\n\t\t\t<\/div><\/figure>\n\t\t<\/div>\n\n<p>Na liturgia do \u00faltimo domingo (11\/01), a Igreja celebrou a Festa do Batismo do Senhor, encerrando, assim, o Tempo do Natal. A Santa Missa foi presidida por Dom Vasconcelos, no in\u00edcio da noite, na S\u00e9 Catedral de Sobral, e concelebrada pelo p\u00e1roco da Par\u00f3quia da S\u00e9 e cura da Catedral, padre Berg.<br \/>\nA celebra\u00e7\u00e3o conduziu a assembleia a mergulhar no mist\u00e9rio do Batismo de Jesus no rio Jord\u00e3o, momento em que Ele se manifesta como o Filho amado do Pai e inaugura publicamente a sua miss\u00e3o. Celebrar esta festa \u00e9 tamb\u00e9m recordar o pr\u00f3prio batismo, fonte da vida nova em Cristo, que chama a humanidade \u00e0 convers\u00e3o, ao servi\u00e7o e \u00e0 fidelidade ao Evangelho.<br \/>\nDurante a homilia, Dom Vasconcelos exortou os fi\u00e9is a permitirem que a espiritualidade desta celebra\u00e7\u00e3o renove, em cada cora\u00e7\u00e3o, a gra\u00e7a batismal e fortale\u00e7a a caminhada de f\u00e9, como filhos e filhas amados de Deus, enviados a testemunhar o Seu amor no mundo.<br \/>\n\u201cO Verbo de Deus fez-se carne para nos tornar participantes de sua divindade. Ao assumir a nossa humanidade, fez-se um de n\u00f3s para que, por meio d\u2019Ele, f\u00f4ssemos elevados \u00e0 condi\u00e7\u00e3o de filhos e filhas de Deus. Pelo Batismo, somos inseridos nessa filia\u00e7\u00e3o, tornando-nos filhos no Filho unig\u00eanito do Pai, Jesus Cristo, nosso Senhor\u201d, afirmou o bispo.<br \/>\nAo concluir, Dom Vasconcelos ressaltou que Deus, por ser amor, conhece profundamente cada ser humano, ama e salva. \u201c\u00c9 pelo batismo que recebemos a semente da imortalidade e somos incorporados \u00e0 Igreja, Corpo M\u00edstico de Cristo, tornando-nos membros vivos desse Corpo. Neste sentido, elevamos a Deus a s\u00faplica para que renove em n\u00f3s a gra\u00e7a do batismo e a viv\u00eancia da vida crist\u00e3, a fim de que, pelo testemunho de f\u00e9, o mundo creia\u201d, finalizou.<br \/>\nO Batismo \u00e9 o fundamento da vida crist\u00e3 e o ponto de partida da miss\u00e3o de todo fiel, chamado a viver e anunciar o Evangelho no cotidiano, por meio do testemunho de f\u00e9, do amor ao pr\u00f3ximo e do compromisso com a constru\u00e7\u00e3o do Reino de Deus.<br \/>\nThais Helena &#8211; Jornalista \u2013 Jornal Correio da Semana<\/p>\n","protected":false},"excerpt":{"rendered":"<p>Na liturgia do \u00faltimo domingo (11\/01), a Igreja celebrou a Festa do Batismo do Senhor,&#8230;<\/p>\n","protected":false},"author":7,"featured_media":37062,"comment_status":"open","ping_status":"open","sticky":false,"template":"","format":"standard","meta":{"_jetpack_memberships_contains_paid_content":false,"footnotes":"","jetpack_publicize_message":"","jetpack_publicize_feature_enabled":true,"jetpack_social_post_already_shared":true,"jetpack_social_options":{"image_generator_settings":{"template":"highway","default_image_id":0,"font":"","enabled":false},"version":2}},"categories":[1],"tags":[],"class_list":["post-37061","post","type-post","status-publish","format-standard","has-post-thumbnail","hentry","category-atualidade"],"jetpack_publicize_connections":[],"jetpack_featured_media_url":"https:\/\/correiodasemana.com\/site\/wp-content\/uploads\/2026\/01\/foto-grande.jpeg","jetpack-related-posts":[{"id":32017,"url":"https:\/\/correiodasemana.com\/site\/dom-vasconcelos-preside-solenidades-que-marcam-o-natal-do-senhor-na-se-catedral-de-sobral\/","url_meta":{"origin":37061,"position":0},"title":"Dom Vasconcelos preside solenidades que marcam o Natal do Senhor na S\u00e9 Catedral de Sobral","author":"adminredacao","date":"Janeiro 15, 2025","format":false,"excerpt":"Solene Vig\u00edlia Pascal No dia 24 de dezembro, a Igreja em todo o mundo celebrou a Solene Vig\u00edlia do Natal do Senhor. Dom Vasconcelos presidiu a solenidade na S\u00e9 Catedral de Nossa Senhora da Concei\u00e7\u00e3o, em Sobral. Com a celebra\u00e7\u00e3o das Primeiras V\u00e9speras, inicia-se o Tempo do Natal do Senhor,\u2026","rel":"","context":"In &quot;Atualidade&quot;","block_context":{"text":"Atualidade","link":"https:\/\/correiodasemana.com\/site\/category\/atualidade\/"},"img":{"alt_text":"","src":"https:\/\/i0.wp.com\/correiodasemana.com\/site\/wp-content\/uploads\/2025\/01\/foto-1.jpeg?resize=350%2C200&ssl=1","width":350,"height":200,"srcset":"https:\/\/i0.wp.com\/correiodasemana.com\/site\/wp-content\/uploads\/2025\/01\/foto-1.jpeg?resize=350%2C200&ssl=1 1x, https:\/\/i0.wp.com\/correiodasemana.com\/site\/wp-content\/uploads\/2025\/01\/foto-1.jpeg?resize=525%2C300&ssl=1 1.5x, https:\/\/i0.wp.com\/correiodasemana.com\/site\/wp-content\/uploads\/2025\/01\/foto-1.jpeg?resize=700%2C400&ssl=1 2x, https:\/\/i0.wp.com\/correiodasemana.com\/site\/wp-content\/uploads\/2025\/01\/foto-1.jpeg?resize=1050%2C600&ssl=1 3x"},"classes":[]},{"id":29384,"url":"https:\/\/correiodasemana.com\/site\/dom-vasconcelos-preside-solenidade-de-pentecostes-na-se-catedral-de-sobral\/","url_meta":{"origin":37061,"position":1},"title":"Dom Vasconcelos preside Solenidade de Pentecostes na S\u00e9 Catedral de Sobral","author":"adminredacao","date":"Maio 27, 2024","format":false,"excerpt":"A Igreja Cat\u00f3lica celebrou neste domingo, 19 de maio, a Solenidade de Pentecostes. Dom Vasconcelos, bispo de Sobral\/CE presidiu a Solenidade no findar da tarde na S\u00e9 Catedral de Nossa Senhora da Concei\u00e7\u00e3o. Nesta data solene, a humanidade faz mem\u00f3ria a descida do Esp\u00edrito Santo sobre Maria e os ap\u00f3stolos\u2026","rel":"","context":"In &quot;Atualidade&quot;","block_context":{"text":"Atualidade","link":"https:\/\/correiodasemana.com\/site\/category\/atualidade\/"},"img":{"alt_text":"","src":"https:\/\/i0.wp.com\/correiodasemana.com\/site\/wp-content\/uploads\/2024\/05\/WhatsApp-Image-2024-05-24-at-16.54.45-1.jpeg?resize=350%2C200&ssl=1","width":350,"height":200,"srcset":"https:\/\/i0.wp.com\/correiodasemana.com\/site\/wp-content\/uploads\/2024\/05\/WhatsApp-Image-2024-05-24-at-16.54.45-1.jpeg?resize=350%2C200&ssl=1 1x, https:\/\/i0.wp.com\/correiodasemana.com\/site\/wp-content\/uploads\/2024\/05\/WhatsApp-Image-2024-05-24-at-16.54.45-1.jpeg?resize=525%2C300&ssl=1 1.5x, https:\/\/i0.wp.com\/correiodasemana.com\/site\/wp-content\/uploads\/2024\/05\/WhatsApp-Image-2024-05-24-at-16.54.45-1.jpeg?resize=700%2C400&ssl=1 2x, https:\/\/i0.wp.com\/correiodasemana.com\/site\/wp-content\/uploads\/2024\/05\/WhatsApp-Image-2024-05-24-at-16.54.45-1.jpeg?resize=1050%2C600&ssl=1 3x"},"classes":[]},{"id":34195,"url":"https:\/\/correiodasemana.com\/site\/solenidade-de-pentecostes-reune-fieis-na-catedral-em-jubileu-das-novas-comunidades\/","url_meta":{"origin":37061,"position":2},"title":"Solenidade de Pentecostes re\u00fane fi\u00e9is na Catedral em Jubileu das Novas Comunidades","author":"adminredacao","date":"Junho 16, 2025","format":false,"excerpt":"A Igreja Cat\u00f3lica celebrou, neste domingo, 08, em todo o mundo, a Solenidade de Pentecostes. Dom Vasconcelos presidiu a Santa Missa na S\u00e9 Catedral de Nossa Senhora da Concei\u00e7\u00e3o pela manh\u00e3, onde, na ocasi\u00e3o, tamb\u00e9m foi celebrado o Jubileu das Novas Comunidades. Ao celebrar a Solenidade de Pentecostes, recordamos a\u2026","rel":"","context":"In &quot;Atualidade&quot;","block_context":{"text":"Atualidade","link":"https:\/\/correiodasemana.com\/site\/category\/atualidade\/"},"img":{"alt_text":"","src":"https:\/\/i0.wp.com\/correiodasemana.com\/site\/wp-content\/uploads\/2025\/06\/WhatsApp-Image-2025-06-09-at-17.32.34.jpeg?resize=350%2C200&ssl=1","width":350,"height":200,"srcset":"https:\/\/i0.wp.com\/correiodasemana.com\/site\/wp-content\/uploads\/2025\/06\/WhatsApp-Image-2025-06-09-at-17.32.34.jpeg?resize=350%2C200&ssl=1 1x, https:\/\/i0.wp.com\/correiodasemana.com\/site\/wp-content\/uploads\/2025\/06\/WhatsApp-Image-2025-06-09-at-17.32.34.jpeg?resize=525%2C300&ssl=1 1.5x, https:\/\/i0.wp.com\/correiodasemana.com\/site\/wp-content\/uploads\/2025\/06\/WhatsApp-Image-2025-06-09-at-17.32.34.jpeg?resize=700%2C400&ssl=1 2x, https:\/\/i0.wp.com\/correiodasemana.com\/site\/wp-content\/uploads\/2025\/06\/WhatsApp-Image-2025-06-09-at-17.32.34.jpeg?resize=1050%2C600&ssl=1 3x"},"classes":[]},{"id":28874,"url":"https:\/\/correiodasemana.com\/site\/28874-2\/","url_meta":{"origin":37061,"position":3},"title":"Catedral de Sobral recebe milhares de fi\u00e9is durante Semana Santa","author":"adminredacao","date":"Abril 2, 2024","format":false,"excerpt":"Sexta-feira Santa Durante todo o dia, centenas de pessoas passaram pela Catedral para adora\u00e7\u00e3o a Jesus no horto e em busca de confiss\u00e3o. Pela manh\u00e3, al\u00e9m dos padres que exercem servi\u00e7o pastoral na par\u00f3quia, Dom Vasconcelos e Padre Bruno de Ara\u00fajo, reitor do Semin\u00e1rio Proped\u00eautico S\u00e3o Jos\u00e9, atenderam as confiss\u00f5es.\u2026","rel":"","context":"In &quot;Atualidade&quot;","block_context":{"text":"Atualidade","link":"https:\/\/correiodasemana.com\/site\/category\/atualidade\/"},"img":{"alt_text":"","src":"https:\/\/i0.wp.com\/correiodasemana.com\/site\/wp-content\/uploads\/2024\/04\/afafa.jpg?resize=350%2C200&ssl=1","width":350,"height":200,"srcset":"https:\/\/i0.wp.com\/correiodasemana.com\/site\/wp-content\/uploads\/2024\/04\/afafa.jpg?resize=350%2C200&ssl=1 1x, https:\/\/i0.wp.com\/correiodasemana.com\/site\/wp-content\/uploads\/2024\/04\/afafa.jpg?resize=525%2C300&ssl=1 1.5x, https:\/\/i0.wp.com\/correiodasemana.com\/site\/wp-content\/uploads\/2024\/04\/afafa.jpg?resize=700%2C400&ssl=1 2x"},"classes":[]},{"id":23911,"url":"https:\/\/correiodasemana.com\/site\/quinta-feira-santa-clero-diocesano-participa-de-missa-do-crisma-e-bencao-dos-santos-oleos-na-se-catedral-de-sobral\/","url_meta":{"origin":37061,"position":4},"title":"Quinta-feira Santa: Clero diocesano participa de Missa do Crisma e b\u00ean\u00e7\u00e3o dos Santos \u00d3leos na S\u00c9 Catedral de Sobral","author":"adminredacao","date":"Abril 11, 2023","format":false,"excerpt":"Na manh\u00e3 da quinta-feira santa, 06\/04, foi celebrado na Catedral de Nossa Senhora da Concei\u00e7\u00e3o, a Missa dos Santos \u00d3leos que tamb\u00e9m \u00e9 conhecida como Missa da Unidade. A Celebra\u00e7\u00e3o presidida por Dom Vasconcelos reuniu di\u00e1conos, religiosas, seminaristas e fi\u00e9is leigos. O presbit\u00e9rio da diocese se re\u00fane em torno do\u2026","rel":"","context":"In &quot;Atualidade&quot;","block_context":{"text":"Atualidade","link":"https:\/\/correiodasemana.com\/site\/category\/atualidade\/"},"img":{"alt_text":"","src":"https:\/\/i0.wp.com\/correiodasemana.com\/site\/wp-content\/uploads\/2023\/04\/05.jpeg?resize=350%2C200&ssl=1","width":350,"height":200,"srcset":"https:\/\/i0.wp.com\/correiodasemana.com\/site\/wp-content\/uploads\/2023\/04\/05.jpeg?resize=350%2C200&ssl=1 1x, https:\/\/i0.wp.com\/correiodasemana.com\/site\/wp-content\/uploads\/2023\/04\/05.jpeg?resize=525%2C300&ssl=1 1.5x, https:\/\/i0.wp.com\/correiodasemana.com\/site\/wp-content\/uploads\/2023\/04\/05.jpeg?resize=700%2C400&ssl=1 2x, https:\/\/i0.wp.com\/correiodasemana.com\/site\/wp-content\/uploads\/2023\/04\/05.jpeg?resize=1050%2C600&ssl=1 3x, https:\/\/i0.wp.com\/correiodasemana.com\/site\/wp-content\/uploads\/2023\/04\/05.jpeg?resize=1400%2C800&ssl=1 4x"},"classes":[]},{"id":35953,"url":"https:\/\/correiodasemana.com\/site\/procissao-e-missa-solene-reunem-fieis-na-festa-de-nossa-senhora-aparecida-na-catedral-de-sobral\/","url_meta":{"origin":37061,"position":5},"title":"Prociss\u00e3o e Missa solene re\u00fanem fi\u00e9is na Festa de Nossa Senhora Aparecida na Catedral de Sobral","author":"adminredacao","date":"Outubro 29, 2025","format":false,"excerpt":"A Igreja Cat\u00f3lica no Brasil celebrou, no \u00faltimo s\u00e1bado (12\/10), a Solenidade de Nossa Senhora da Concei\u00e7\u00e3o Aparecida, Rainha e Padroeira do Brasil. Na S\u00e9 Catedral de Sobral, fi\u00e9is se uniram a toda a na\u00e7\u00e3o para entoar c\u00e2nticos e manifestar sua devo\u00e7\u00e3o \u00e0 M\u00e3e de Deus e nossa M\u00e3e. A\u2026","rel":"","context":"In &quot;Atualidade&quot;","block_context":{"text":"Atualidade","link":"https:\/\/correiodasemana.com\/site\/category\/atualidade\/"},"img":{"alt_text":"","src":"https:\/\/i0.wp.com\/correiodasemana.com\/site\/wp-content\/uploads\/2025\/10\/WhatsApp-Image-2025-10-18-at-15.44.45.jpeg?resize=350%2C200&ssl=1","width":350,"height":200,"srcset":"https:\/\/i0.wp.com\/correiodasemana.com\/site\/wp-content\/uploads\/2025\/10\/WhatsApp-Image-2025-10-18-at-15.44.45.jpeg?resize=350%2C200&ssl=1 1x, https:\/\/i0.wp.com\/correiodasemana.com\/site\/wp-content\/uploads\/2025\/10\/WhatsApp-Image-2025-10-18-at-15.44.45.jpeg?resize=525%2C300&ssl=1 1.5x, https:\/\/i0.wp.com\/correiodasemana.com\/site\/wp-content\/uploads\/2025\/10\/WhatsApp-Image-2025-10-18-at-15.44.45.jpeg?resize=700%2C400&ssl=1 2x, https:\/\/i0.wp.com\/correiodasemana.com\/site\/wp-content\/uploads\/2025\/10\/WhatsApp-Image-2025-10-18-at-15.44.45.jpeg?resize=1050%2C600&ssl=1 3x"},"classes":[]}],"jetpack_sharing_enabled":true,"_links":{"self":[{"href":"https:\/\/correiodasemana.com\/site\/wp-json\/wp\/v2\/posts\/37061","targetHints":{"allow":["GET"]}}],"collection":[{"href":"https:\/\/correiodasemana.com\/site\/wp-json\/wp\/v2\/posts"}],"about":[{"href":"https:\/\/correiodasemana.com\/site\/wp-json\/wp\/v2\/types\/post"}],"author":[{"embeddable":true,"href":"https:\/\/correiodasemana.com\/site\/wp-json\/wp\/v2\/users\/7"}],"replies":[{"embeddable":true,"href":"https:\/\/correiodasemana.com\/site\/wp-json\/wp\/v2\/comments?post=37061"}],"version-history":[{"count":1,"href":"https:\/\/correiodasemana.com\/site\/wp-json\/wp\/v2\/posts\/37061\/revisions"}],"predecessor-version":[{"id":37067,"href":"https:\/\/correiodasemana.com\/site\/wp-json\/wp\/v2\/posts\/37061\/revisions\/37067"}],"wp:featuredmedia":[{"embeddable":true,"href":"https:\/\/correiodasemana.com\/site\/wp-json\/wp\/v2\/media\/37062"}],"wp:attachment":[{"href":"https:\/\/correiodasemana.com\/site\/wp-json\/wp\/v2\/media?parent=37061"}],"wp:term":[{"taxonomy":"category","embeddable":true,"href":"https:\/\/correiodasemana.com\/site\/wp-json\/wp\/v2\/categories?post=37061"},{"taxonomy":"post_tag","embeddable":true,"href":"https:\/\/correiodasemana.com\/site\/wp-json\/wp\/v2\/tags?post=37061"}],"curies":[{"name":"wp","href":"https:\/\/api.w.org\/{rel}","templated":true}]}}