{"id":37068,"date":"2026-01-17T16:16:34","date_gmt":"2026-01-17T19:16:34","guid":{"rendered":"https:\/\/correiodasemana.com\/site\/?p=37068"},"modified":"2026-01-17T16:16:34","modified_gmt":"2026-01-17T19:16:34","slug":"idosos-de-baixa-renda-podem-ter-isencao-total-do-iptu-em-2026-mas-precisam-agir-rapido-apos-receber-o-carne","status":"publish","type":"post","link":"https:\/\/correiodasemana.com\/site\/idosos-de-baixa-renda-podem-ter-isencao-total-do-iptu-em-2026-mas-precisam-agir-rapido-apos-receber-o-carne\/","title":{"rendered":"Idosos de baixa renda podem ter isen\u00e7\u00e3o total do IPTU em 2026, mas precisam agir r\u00e1pido ap\u00f3s receber o carn\u00ea"},"content":{"rendered":"<p>Por\u00a0Gabriel Martins<br \/>\nFonte: e. m. foco SITE<br \/>\nEm 2026, idosos de baixa renda podem ter isen\u00e7\u00e3o de IPTU, mas o benef\u00edcio n\u00e3o \u00e9 autom\u00e1tico. \u00c9 preciso solicitar \u00e0 prefeitura dentro do prazo, cumprir crit\u00e9rios de idade, renda e im\u00f3vel \u00fanico e manter cadastro atualizado.<br \/>\nCom a chegada de 2026, milhares de aposentados e pensionistas recebem o carn\u00ea do IPTU sem saber que podem ficar isentos. A legisla\u00e7\u00e3o municipal garante o direito a idosos de baixa renda, mas exige solicita\u00e7\u00e3o formal dentro do prazo correto.<br \/>\nQuem pode ter isen\u00e7\u00e3o de IPTU mesmo recebendo o carn\u00ea?<br \/>\nA\u00a0isen\u00e7\u00e3o de IPTU para idosos\u00a0\u00e9 um direito previsto em leis municipais e costuma atender aposentados, pensionistas e benefici\u00e1rios do BPC. Mesmo assim, o imposto continua sendo cobrado at\u00e9 que o pedido seja protocolado junto \u00e0 prefeitura.<br \/>\nIsso acontece porque o benef\u00edcio\u00a0n\u00e3o \u00e9 autom\u00e1tico. Ainda que o idoso cumpra todos os crit\u00e9rios legais, o sistema municipal n\u00e3o reconhece a isen\u00e7\u00e3o sem solicita\u00e7\u00e3o formal, o que exige aten\u00e7\u00e3o imediata ap\u00f3s o recebimento do carn\u00ea.<br \/>\nConfira o v\u00eddeo compartilhado pelo canal do TikTok\u00a0metodo_procuidadora\u00a0falando sobre a isen\u00e7\u00e3o do IPTU para pessoas acima de 60 anos e mostrando os requisitos para solicitar a isen\u00e7\u00e3o.<br \/>\nQuais s\u00e3o os requisitos mais usados pelas prefeituras?<br \/>\nApesar de cada cidade ter regras pr\u00f3prias, a maioria dos munic\u00edpios segue crit\u00e9rios semelhantes para conceder a isen\u00e7\u00e3o total ou parcial do imposto. Entre os pontos mais exigidos, est\u00e3o os requisitos apresentados a seguir.<br \/>\nIdade m\u00ednima: geralmente a partir de 60 anos em algumas cidades 65 anos<br \/>\nRenda familiar: limite comum de at\u00e9 3 sal\u00e1rios m\u00ednimos mensais<br \/>\nIm\u00f3vel \u00fanico: apenas um im\u00f3vel registrado em nome do solicitante<br \/>\nO valor do im\u00f3vel e a cidade onde mora fazem diferen\u00e7a?<br \/>\nSim. Al\u00e9m da renda, muitas prefeituras analisam o\u00a0valor venal do im\u00f3vel\u00a0ou a \u00e1rea constru\u00edda. Capitais como S\u00e3o Paulo, Belo Horizonte e Curitiba aplicam tetos diferentes para liberar a isen\u00e7\u00e3o ou descontos progressivos.<br \/>\nPor isso, dois idosos com renda semelhante podem ter decis\u00f5es distintas conforme a cidade. O\u00a0IPTU \u00e9 um imposto municipal, o que permite varia\u00e7\u00f5es importantes nos crit\u00e9rios e exige consulta \u00e0s regras locais atualizadas.<br \/>\nValor do im\u00f3vel e regras municipais influenciam concess\u00e3o do benef\u00edcio<br \/>\nQuais documentos e cuidados evitam a perda do direito?<br \/>\nO pedido de isen\u00e7\u00e3o exige aten\u00e7\u00e3o aos prazos e \u00e0 documenta\u00e7\u00e3o correta. Muitos pedidos s\u00e3o negados por falhas simples ou dados desatualizados. Para evitar problemas, observe os pontos pr\u00e1ticos abaixo.<br \/>\nComprova\u00e7\u00e3o de renda: extrato atualizado do INSS ou benef\u00edcio assistencial<br \/>\nDocumento do im\u00f3vel: escritura, registro ou contrato v\u00e1lido<br \/>\nPrazo de solicita\u00e7\u00e3o: protocolo feito entre janeiro e o limite definido pela cidade<br \/>\nQuem j\u00e1 teve isen\u00e7\u00e3o precisa pedir novamente em 2026?<br \/>\nEm muitos munic\u00edpios, a\u00a0isen\u00e7\u00e3o de IPTU\u00a0n\u00e3o \u00e9 vital\u00edcia. O cadastro costuma exigir renova\u00e7\u00e3o a cada dois anos ou sempre que houver mudan\u00e7a de renda, o que explica a volta do imposto em carn\u00eas recentes.<br \/>\nSe o valor reapareceu, o mais prov\u00e1vel \u00e9 a necessidade de atualiza\u00e7\u00e3o cadastral. Agir r\u00e1pido evita que o imposto v\u00e1 para a\u00a0d\u00edvida ativa, situa\u00e7\u00e3o que torna o cancelamento mais burocr\u00e1tico e lento.<\/p>\n","protected":false},"excerpt":{"rendered":"<p>Por\u00a0Gabriel Martins Fonte: e. m. foco SITE Em 2026, idosos de baixa renda podem ter&#8230;<\/p>\n","protected":false},"author":7,"featured_media":37069,"comment_status":"open","ping_status":"open","sticky":false,"template":"","format":"standard","meta":{"_jetpack_memberships_contains_paid_content":false,"footnotes":"","jetpack_publicize_message":"","jetpack_publicize_feature_enabled":true,"jetpack_social_post_already_shared":true,"jetpack_social_options":{"image_generator_settings":{"template":"highway","default_image_id":0,"font":"","enabled":false},"version":2}},"categories":[1],"tags":[],"class_list":["post-37068","post","type-post","status-publish","format-standard","has-post-thumbnail","hentry","category-atualidade"],"jetpack_publicize_connections":[],"jetpack_featured_media_url":"https:\/\/correiodasemana.com\/site\/wp-content\/uploads\/2026\/01\/Jornal-Correio-da-Semana-No-1107.jpg","jetpack-related-posts":[{"id":20258,"url":"https:\/\/correiodasemana.com\/site\/o-idoso-em-questao\/","url_meta":{"origin":37068,"position":0},"title":"O Idoso em Quest\u00e3o","author":"","date":"Junho 27, 2022","format":false,"excerpt":"Os maus tratos com os idosos est\u00e3o se alastrando por todas as partes do Brasil. O desprezo se d\u00e1 principalmente em cidades grandes e m\u00e9dias. Temos visto filhos que ficam com a pens\u00e3o do pai ou da m\u00e3e, al\u00e9m de praticarem viol\u00eancias generalizadas. Os tipos de viol\u00eancia contra a pessoa\u2026","rel":"","context":"In &quot;Artigos&quot;","block_context":{"text":"Artigos","link":"https:\/\/correiodasemana.com\/site\/category\/artigos\/"},"img":{"alt_text":"","src":"https:\/\/i0.wp.com\/correiodasemana.com\/site\/wp-content\/uploads\/2021\/08\/Salmito-Campos.jpg?resize=350%2C200&ssl=1","width":350,"height":200,"srcset":"https:\/\/i0.wp.com\/correiodasemana.com\/site\/wp-content\/uploads\/2021\/08\/Salmito-Campos.jpg?resize=350%2C200&ssl=1 1x, https:\/\/i0.wp.com\/correiodasemana.com\/site\/wp-content\/uploads\/2021\/08\/Salmito-Campos.jpg?resize=525%2C300&ssl=1 1.5x, https:\/\/i0.wp.com\/correiodasemana.com\/site\/wp-content\/uploads\/2021\/08\/Salmito-Campos.jpg?resize=700%2C400&ssl=1 2x, https:\/\/i0.wp.com\/correiodasemana.com\/site\/wp-content\/uploads\/2021\/08\/Salmito-Campos.jpg?resize=1050%2C600&ssl=1 3x, https:\/\/i0.wp.com\/correiodasemana.com\/site\/wp-content\/uploads\/2021\/08\/Salmito-Campos.jpg?resize=1400%2C800&ssl=1 4x"},"classes":[]},{"id":29143,"url":"https:\/\/correiodasemana.com\/site\/o-que-e-a-taxa-de-lixo\/","url_meta":{"origin":37068,"position":1},"title":"O que \u00e9 a taxa de lixo?","author":"adminredacao","date":"Maio 6, 2024","format":false,"excerpt":"A taxa de lixo \u00e9 um tributo municipal obrigat\u00f3rio criado para custear o servi\u00e7o do munic\u00edpio de coleta de lixo. Sua cobran\u00e7a est\u00e1 prevista em lei da esfera federal. Geralmente, o valor \u00e9 cobrado junto com o\u00a0IPTU\u00a0e, assim como esse imposto, sua base de c\u00e1lculo est\u00e1 relacionada \u00e0 \u00e1rea do\u2026","rel":"","context":"In &quot;Atualidade&quot;","block_context":{"text":"Atualidade","link":"https:\/\/correiodasemana.com\/site\/category\/atualidade\/"},"img":{"alt_text":"","src":"https:\/\/i0.wp.com\/correiodasemana.com\/site\/wp-content\/uploads\/2024\/05\/taxa-lixo-fortaleza.webp?resize=350%2C200&ssl=1","width":350,"height":200,"srcset":"https:\/\/i0.wp.com\/correiodasemana.com\/site\/wp-content\/uploads\/2024\/05\/taxa-lixo-fortaleza.webp?resize=350%2C200&ssl=1 1x, https:\/\/i0.wp.com\/correiodasemana.com\/site\/wp-content\/uploads\/2024\/05\/taxa-lixo-fortaleza.webp?resize=525%2C300&ssl=1 1.5x, https:\/\/i0.wp.com\/correiodasemana.com\/site\/wp-content\/uploads\/2024\/05\/taxa-lixo-fortaleza.webp?resize=700%2C400&ssl=1 2x"},"classes":[]},{"id":9772,"url":"https:\/\/correiodasemana.com\/site\/audiencia-publica-anuncia-projeto-de-reajustes-do-iptu-e-alteracoes-no-alvara-de-funcionamento\/","url_meta":{"origin":37068,"position":2},"title":"Audi\u00eancia p\u00fablica anuncia projeto de reajustes do IPTU e altera\u00e7\u00f5es no alvar\u00e1 de funcionamento","author":"","date":"Novembro 11, 2019","format":false,"excerpt":"A proposta visa fazer mudan\u00e7as no projeto de IPTU anterior, aprovado no ano de 2018 Foi realizada uma audi\u00eancia p\u00fablica na \u00faltima ter\u00e7a-feira (5) na C\u00e2mara Municipal de Sobral com a finalidade de debater a proposta de revis\u00e3o do C\u00f3digo Tribut\u00e1rio Municipal. Dentre os principais pontos da proposta, foram destacados\u2026","rel":"","context":"In &quot;Atualidade&quot;","block_context":{"text":"Atualidade","link":"https:\/\/correiodasemana.com\/site\/category\/atualidade\/"},"img":{"alt_text":"","src":"https:\/\/i0.wp.com\/correiodasemana.com\/site\/wp-content\/uploads\/2019\/11\/IPTU-na-c%C3%A2mara-municipal-de-Sobral.jpg?resize=350%2C200&ssl=1","width":350,"height":200,"srcset":"https:\/\/i0.wp.com\/correiodasemana.com\/site\/wp-content\/uploads\/2019\/11\/IPTU-na-c%C3%A2mara-municipal-de-Sobral.jpg?resize=350%2C200&ssl=1 1x, https:\/\/i0.wp.com\/correiodasemana.com\/site\/wp-content\/uploads\/2019\/11\/IPTU-na-c%C3%A2mara-municipal-de-Sobral.jpg?resize=525%2C300&ssl=1 1.5x, https:\/\/i0.wp.com\/correiodasemana.com\/site\/wp-content\/uploads\/2019\/11\/IPTU-na-c%C3%A2mara-municipal-de-Sobral.jpg?resize=700%2C400&ssl=1 2x"},"classes":[]},{"id":10998,"url":"https:\/\/correiodasemana.com\/site\/secretaria-do-orcamento-e-financas-da-prefeitura-informa-mudancas-nas-datas-das-parcelas-do-iptu\/","url_meta":{"origin":37068,"position":3},"title":"Secretaria do Or\u00e7amento e Finan\u00e7as da Prefeitura informa mudan\u00e7as nas datas das parcelas do IPTU","author":"","date":"Mar\u00e7o 2, 2020","format":false,"excerpt":"A Secretaria do Or\u00e7amento e Finan\u00e7as (Seinf) do munic\u00edpio informa que este ano os vencimentos da cota \u00fanica e primeira parcela do IPTU ser\u00e3o dia 15 de maio. Quem optar pelo pagamento em cota \u00fanica at\u00e9 o dia do vencimento ter\u00e1 desconto de 10%. Os contribuintes que desejarem efetuar o\u2026","rel":"","context":"In &quot;Atualidade&quot;","block_context":{"text":"Atualidade","link":"https:\/\/correiodasemana.com\/site\/category\/atualidade\/"},"img":{"alt_text":"","src":"https:\/\/i0.wp.com\/correiodasemana.com\/site\/wp-content\/uploads\/2020\/03\/sobral-foto-a%C3%A9rea.jpg?resize=350%2C200&ssl=1","width":350,"height":200,"srcset":"https:\/\/i0.wp.com\/correiodasemana.com\/site\/wp-content\/uploads\/2020\/03\/sobral-foto-a%C3%A9rea.jpg?resize=350%2C200&ssl=1 1x, https:\/\/i0.wp.com\/correiodasemana.com\/site\/wp-content\/uploads\/2020\/03\/sobral-foto-a%C3%A9rea.jpg?resize=525%2C300&ssl=1 1.5x, https:\/\/i0.wp.com\/correiodasemana.com\/site\/wp-content\/uploads\/2020\/03\/sobral-foto-a%C3%A9rea.jpg?resize=700%2C400&ssl=1 2x"},"classes":[]},{"id":16401,"url":"https:\/\/correiodasemana.com\/site\/primeira-parcela-do-auxilio-municipal-e-disponibilizada-para-beneficiarios-do-programa\/","url_meta":{"origin":37068,"position":4},"title":"Primeira parcela do aux\u00edlio municipal \u00e9 disponibilizada para benefici\u00e1rios do programa","author":"","date":"Maio 10, 2021","format":false,"excerpt":"Por Samuel Carvalho - Reda\u00e7\u00e3o Correio da Semana Primeira parcela do aux\u00edlio municipal foi paga na \u00faltima quarta-feira (5) e o n\u00famero de pessoas beneficiadas pelo programa chega a 1.034 fam\u00edlias ajudadas diretamente. O projeto foi criado para ajudar os trabalhadores a atravessarem o per\u00edodo de isolamento social r\u00edgido provocado\u2026","rel":"","context":"In &quot;Atualidade&quot;","block_context":{"text":"Atualidade","link":"https:\/\/correiodasemana.com\/site\/category\/atualidade\/"},"img":{"alt_text":"","src":"https:\/\/i0.wp.com\/correiodasemana.com\/site\/wp-content\/uploads\/2020\/07\/auxilio-emergencial-caixa-1592266093900_v2_900x506-750x370-1.jpg?resize=350%2C200&ssl=1","width":350,"height":200,"srcset":"https:\/\/i0.wp.com\/correiodasemana.com\/site\/wp-content\/uploads\/2020\/07\/auxilio-emergencial-caixa-1592266093900_v2_900x506-750x370-1.jpg?resize=350%2C200&ssl=1 1x, https:\/\/i0.wp.com\/correiodasemana.com\/site\/wp-content\/uploads\/2020\/07\/auxilio-emergencial-caixa-1592266093900_v2_900x506-750x370-1.jpg?resize=525%2C300&ssl=1 1.5x, https:\/\/i0.wp.com\/correiodasemana.com\/site\/wp-content\/uploads\/2020\/07\/auxilio-emergencial-caixa-1592266093900_v2_900x506-750x370-1.jpg?resize=700%2C400&ssl=1 2x"},"classes":[]},{"id":14936,"url":"https:\/\/correiodasemana.com\/site\/ceara-tem-maior-proporcao-de-municipios-que-cobram-tributos-referentes-a-poder-de-policia\/","url_meta":{"origin":37068,"position":5},"title":"Cear\u00e1 tem maior propor\u00e7\u00e3o de munic\u00edpios que cobram tributos referentes a poder de pol\u00edcia","author":"","date":"Dezembro 7, 2020","format":false,"excerpt":"Entre os instrumentos utilizados com a finalidade de garantir maior autonomia financeira e auxiliar as quest\u00f5es que permeiam a an\u00e1lise da sustentabilidade financeira dos Munic\u00edpios, est\u00e3o a institui\u00e7\u00e3o de cadastros, cobran\u00e7as de tributos e a ado\u00e7\u00e3o de mecanismos de incentivo \u00e0 implanta\u00e7\u00e3o de empreendimentos, os quais j\u00e1 s\u00e3o investigados pela\u2026","rel":"","context":"In &quot;Atualidade&quot;","block_context":{"text":"Atualidade","link":"https:\/\/correiodasemana.com\/site\/category\/atualidade\/"},"img":{"alt_text":"","src":"https:\/\/i0.wp.com\/correiodasemana.com\/site\/wp-content\/uploads\/2020\/08\/WhatsApp-Image-2020-08-01-at-13.09.06.jpeg?resize=350%2C200&ssl=1","width":350,"height":200,"srcset":"https:\/\/i0.wp.com\/correiodasemana.com\/site\/wp-content\/uploads\/2020\/08\/WhatsApp-Image-2020-08-01-at-13.09.06.jpeg?resize=350%2C200&ssl=1 1x, https:\/\/i0.wp.com\/correiodasemana.com\/site\/wp-content\/uploads\/2020\/08\/WhatsApp-Image-2020-08-01-at-13.09.06.jpeg?resize=525%2C300&ssl=1 1.5x, https:\/\/i0.wp.com\/correiodasemana.com\/site\/wp-content\/uploads\/2020\/08\/WhatsApp-Image-2020-08-01-at-13.09.06.jpeg?resize=700%2C400&ssl=1 2x, https:\/\/i0.wp.com\/correiodasemana.com\/site\/wp-content\/uploads\/2020\/08\/WhatsApp-Image-2020-08-01-at-13.09.06.jpeg?resize=1050%2C600&ssl=1 3x"},"classes":[]}],"jetpack_sharing_enabled":true,"_links":{"self":[{"href":"https:\/\/correiodasemana.com\/site\/wp-json\/wp\/v2\/posts\/37068","targetHints":{"allow":["GET"]}}],"collection":[{"href":"https:\/\/correiodasemana.com\/site\/wp-json\/wp\/v2\/posts"}],"about":[{"href":"https:\/\/correiodasemana.com\/site\/wp-json\/wp\/v2\/types\/post"}],"author":[{"embeddable":true,"href":"https:\/\/correiodasemana.com\/site\/wp-json\/wp\/v2\/users\/7"}],"replies":[{"embeddable":true,"href":"https:\/\/correiodasemana.com\/site\/wp-json\/wp\/v2\/comments?post=37068"}],"version-history":[{"count":1,"href":"https:\/\/correiodasemana.com\/site\/wp-json\/wp\/v2\/posts\/37068\/revisions"}],"predecessor-version":[{"id":37070,"href":"https:\/\/correiodasemana.com\/site\/wp-json\/wp\/v2\/posts\/37068\/revisions\/37070"}],"wp:featuredmedia":[{"embeddable":true,"href":"https:\/\/correiodasemana.com\/site\/wp-json\/wp\/v2\/media\/37069"}],"wp:attachment":[{"href":"https:\/\/correiodasemana.com\/site\/wp-json\/wp\/v2\/media?parent=37068"}],"wp:term":[{"taxonomy":"category","embeddable":true,"href":"https:\/\/correiodasemana.com\/site\/wp-json\/wp\/v2\/categories?post=37068"},{"taxonomy":"post_tag","embeddable":true,"href":"https:\/\/correiodasemana.com\/site\/wp-json\/wp\/v2\/tags?post=37068"}],"curies":[{"name":"wp","href":"https:\/\/api.w.org\/{rel}","templated":true}]}}