{"id":37071,"date":"2026-01-17T16:16:58","date_gmt":"2026-01-17T19:16:58","guid":{"rendered":"https:\/\/correiodasemana.com\/site\/?p=37071"},"modified":"2026-01-17T16:27:50","modified_gmt":"2026-01-17T19:27:50","slug":"herculano-costa-8","status":"publish","type":"post","link":"https:\/\/correiodasemana.com\/site\/herculano-costa-8\/","title":{"rendered":"Herculano Costa"},"content":{"rendered":"<p><strong>Janeiro Branco: cuidar da sa\u00fade mental \u00e9 um compromisso com a vida<\/strong><\/p>\n<p>O in\u00edcio de um novo ano costuma trazer consigo expectativas. E janeiro chega e j\u00e1 vai passando de sua metade, mas, carregado de simbolismos, promessas e a esperan\u00e7a de dias melhores. E nesse contexto simb\u00f3lico que surge o\u00a0Janeiro Branco, uma campanha dedicada \u00e0 conscientiza\u00e7\u00e3o sobre a import\u00e2ncia da sa\u00fade mental, tema cada vez mais urgente na sociedade contempor\u00e2nea.<br \/>\nAssim como o corpo adoece, a mente tamb\u00e9m sofre. Ansiedade, depress\u00e3o, estresse cr\u00f4nico, s\u00edndrome do p\u00e2nico e outros transtornos mentais afetam milh\u00f5es de pessoas no Brasil e no mundo, muitas vezes de forma silenciosa avassaladora.<br \/>\nO Janeiro Branco convida a sociedade a romper o tabu, estimular o di\u00e1logo e reconhecer que cuidar da sa\u00fade emocional \u00e9 t\u00e3o essencial quanto zelar pela sa\u00fade f\u00edsica.<br \/>\nVivemos tempos marcados por press\u00f5es constantes: excesso de informa\u00e7\u00f5es, cobran\u00e7as profissionais, inseguran\u00e7a econ\u00f4mica, rela\u00e7\u00f5es fragilizadas e, mais recentemente, os impactos duradouros da pandemia da Covid-19. E quando se pensa que a pandemia j\u00e1 passou, eis que, de repente, outras varia\u00e7\u00f5es dos v\u00edrus da fam\u00edlia\u00a0SARS-CoV-2 se manifestam deixando mais apreens\u00f5es, preocupa\u00e7\u00f5es e lacunas mentais na sa\u00fade mental das pessoas.<br \/>\nEsses fatores t\u00eam contribu\u00eddo para o aumento significativo dos adoecimentos ps\u00edquicos, refletindo diretamente na qualidade de vida, nas rela\u00e7\u00f5es familiares, no trabalho e na conviv\u00eancia social de todos.<br \/>\nA campanha Janeiro Branco prop\u00f5e uma reflex\u00e3o profunda:\u00a0como temos cuidado de nossas emo\u00e7\u00f5es?\u00a0Falar sobre sentimentos, reconhecer limites, buscar ajuda profissional e fortalecer v\u00ednculos afetivos s\u00e3o atitudes fundamentais para a constru\u00e7\u00e3o de uma sociedade mais saud\u00e1vel. Psic\u00f3logos, psicanalistas, psiquiatras e demais profissionais da sa\u00fade mental desempenham papel essencial nesse processo, mas o cuidado come\u00e7a, sobretudo, no cotidiano, nas pequenas escolhas e na escuta sens\u00edvel.<br \/>\nO Janeiro Branco tamb\u00e9m refor\u00e7a a responsabilidade coletiva. Escolas, empresas, institui\u00e7\u00f5es p\u00fablicas e meios de comunica\u00e7\u00e3o t\u00eam papel decisivo na promo\u00e7\u00e3o de ambientes mais humanos, emp\u00e1ticos e acolhedores. Investir em sa\u00fade mental n\u00e3o \u00e9 gasto, \u00e9 investimento em dignidade, produtividade e bem-estar social.<br \/>\nMais do que uma campanha de um m\u00eas, o Janeiro Branco nos lembra que\u00a0a sa\u00fade mental deve ser prioridade durante todo o ano. Cuidar da mente \u00e9 cuidar da vida, \u00e9 reconhecer nossa humanidade, nossas fragilidades e nossa capacidade de reconstru\u00e7\u00e3o. Que o branco de janeiro simbolize n\u00e3o apenas o recome\u00e7o, mas o compromisso permanente com uma vida mais equilibrada, consciente e plena.<br \/>\nPor Benedito Herculano Costa (*) \u2013 Jornalista, radialista, professor, escritor e poeta.<br \/>\n(*) \u2013 Neuropsicanalista Cl\u00ednico \u2013 Contato (88) 9 3500.1970 WhatsApp\u00a0 (hercoscosta@gmail,com)<\/p>\n","protected":false},"excerpt":{"rendered":"<p>Janeiro Branco: cuidar da sa\u00fade mental \u00e9 um compromisso com a vida O in\u00edcio de&#8230;<\/p>\n","protected":false},"author":7,"featured_media":18585,"comment_status":"open","ping_status":"open","sticky":false,"template":"","format":"standard","meta":{"_jetpack_memberships_contains_paid_content":false,"footnotes":"","jetpack_publicize_message":"","jetpack_publicize_feature_enabled":true,"jetpack_social_post_already_shared":true,"jetpack_social_options":{"image_generator_settings":{"template":"highway","default_image_id":0,"font":"","enabled":false},"version":2}},"categories":[11,97],"tags":[],"class_list":["post-37071","post","type-post","status-publish","format-standard","has-post-thumbnail","hentry","category-artigos","category-herculano-costa"],"jetpack_publicize_connections":[],"jetpack_featured_media_url":"https:\/\/correiodasemana.com\/site\/wp-content\/uploads\/2022\/01\/Herculano-Costa.jpg","jetpack-related-posts":[{"id":35462,"url":"https:\/\/correiodasemana.com\/site\/herculano-costa-comenta-14\/","url_meta":{"origin":37071,"position":0},"title":"Herculano Costa Comenta","author":"adminredacao","date":"Setembro 8, 2025","format":false,"excerpt":"Os efeitos do mundo digital nas mentes contempor\u00e2neas Neste nosso coment\u00e1rio de hoje, vamos abordar os impactos do uso deliberado das redes sociais, na sa\u00fade das pessoas, sobretudo na sa\u00fade mental. O uso dessas plataformas est\u00e1 profundamente enraizado no cotidiano. Ferramentas como Instagram, Facebook, TikTok, YouTube e outras se tornaram\u2026","rel":"","context":"In &quot;Artigos&quot;","block_context":{"text":"Artigos","link":"https:\/\/correiodasemana.com\/site\/category\/artigos\/"},"img":{"alt_text":"","src":"https:\/\/i0.wp.com\/correiodasemana.com\/site\/wp-content\/uploads\/2022\/01\/Herculano-Costa.jpg?resize=350%2C200&ssl=1","width":350,"height":200},"classes":[]},{"id":36143,"url":"https:\/\/correiodasemana.com\/site\/herculano-costa-comenta-21\/","url_meta":{"origin":37071,"position":1},"title":"Herculano Costa Comenta","author":"adminredacao","date":"Novembro 3, 2025","format":false,"excerpt":"Sa\u00fade Mental Tratando-se de sa\u00fade mental, hoje vamos abordar neste nosso coment\u00e1rio a depress\u00e3o. Um quadro de depress\u00e3o pode ser identificado a partir de um sintoma at\u00e9 certo ponto muito ignorado Quando algu\u00e9m menciona\u00a0depress\u00e3o,\u00a0logo a imagem que vem \u00e0 mente \u00e9 de algu\u00e9m com um semblante triste ou desanimado. No\u2026","rel":"","context":"In &quot;Artigos&quot;","block_context":{"text":"Artigos","link":"https:\/\/correiodasemana.com\/site\/category\/artigos\/"},"img":{"alt_text":"","src":"https:\/\/i0.wp.com\/correiodasemana.com\/site\/wp-content\/uploads\/2022\/01\/Herculano-Costa.jpg?resize=350%2C200&ssl=1","width":350,"height":200},"classes":[]},{"id":36261,"url":"https:\/\/correiodasemana.com\/site\/herculano-costa\/","url_meta":{"origin":37071,"position":2},"title":"Herculano Costa","author":"adminredacao","date":"Novembro 12, 2025","format":false,"excerpt":"TDAH: Desafios e conscientiza\u00e7\u00e3o na sociedade contempor\u00e2nea Neste nosso coment\u00e1rio de hoje vamos abordar um tema que tem ganhado destaque nos \u00faltimos anos no campo da neuropsicologia, em meio aos estudiosos das manifesta\u00e7\u00f5es da mente e profissionais do ramo. Trata-se do TDAH -\u00a0Transtorno de D\u00e9ficit de Aten\u00e7\u00e3o com Hiperatividade. O\u2026","rel":"","context":"In &quot;Artigos&quot;","block_context":{"text":"Artigos","link":"https:\/\/correiodasemana.com\/site\/category\/artigos\/"},"img":{"alt_text":"","src":"https:\/\/i0.wp.com\/correiodasemana.com\/site\/wp-content\/uploads\/2022\/01\/Herculano-Costa.jpg?resize=350%2C200&ssl=1","width":350,"height":200},"classes":[]},{"id":38051,"url":"https:\/\/correiodasemana.com\/site\/os-efeitos-do-mundo-digital-nas-mentes-contemporaneas\/","url_meta":{"origin":37071,"position":3},"title":"Os efeitos do mundo digital nas mentes contempor\u00e2neas\u00a0","author":"adminredacao","date":"Abril 13, 2026","format":false,"excerpt":"Neste nosso coment\u00e1rio de hoje, vamos abordar os impactos do uso deliberado das redes sociais, na sa\u00fade das pessoas, sobretudo na sa\u00fade mental. O uso dessas plataformas est\u00e1 profundamente enraizado no cotidiano. Ferramentas como Instagram, Facebook, TikTok, YouTube e outras se tornaram espa\u00e7os de conv\u00edvio, trabalho, lazer e express\u00e3o pessoal.\u2026","rel":"","context":"In &quot;Artigos&quot;","block_context":{"text":"Artigos","link":"https:\/\/correiodasemana.com\/site\/category\/artigos\/"},"img":{"alt_text":"","src":"https:\/\/i0.wp.com\/correiodasemana.com\/site\/wp-content\/uploads\/2022\/01\/Herculano-Costa.jpg?resize=350%2C200&ssl=1","width":350,"height":200},"classes":[]},{"id":37225,"url":"https:\/\/correiodasemana.com\/site\/herculano-costa-9\/","url_meta":{"origin":37071,"position":4},"title":"Herculano Costa","author":"adminredacao","date":"Fevereiro 7, 2026","format":false,"excerpt":"Morre o \u00eddolo Cabe\u00e7\u00e3o: quando o \u00eddolo parte e a ingratid\u00e3o fica Morreu ontem, 20 de janeiro de 2026, Raimundo Silva Ferreira, o\u00a0Cabe\u00e7\u00e3o, maior \u00eddolo da hist\u00f3ria do Guarany Sporting Club e um dos personagens mais marcantes do futebol sobralense. Com sua partida, Sobral perde n\u00e3o apenas um ex-jogador, mas\u2026","rel":"","context":"In &quot;Artigos&quot;","block_context":{"text":"Artigos","link":"https:\/\/correiodasemana.com\/site\/category\/artigos\/"},"img":{"alt_text":"","src":"https:\/\/i0.wp.com\/correiodasemana.com\/site\/wp-content\/uploads\/2022\/01\/Herculano-Costa.jpg?resize=350%2C200&ssl=1","width":350,"height":200},"classes":[]},{"id":15523,"url":"https:\/\/correiodasemana.com\/site\/analfabetismo-emocional\/","url_meta":{"origin":37071,"position":5},"title":"Analfabetismo emocional","author":"","date":"Janeiro 24, 2021","format":false,"excerpt":"\u00c9 uma express\u00e3o forte, carregada de interpela\u00e7\u00e3o, um alerta no horizonte da campanha anual vivida neste m\u00eas \u2013 o Janeiro Branco -, indicando a import\u00e2ncia do cuidado com a sa\u00fade mental. Hoje, torna-se particularmente importante cuidar das emo\u00e7\u00f5es, pois a Covid-19 escancara, de modo singular, a condi\u00e7\u00e3o fr\u00e1gil de toda\u2026","rel":"","context":"In &quot;A voz do Pastor&quot;","block_context":{"text":"A voz do Pastor","link":"https:\/\/correiodasemana.com\/site\/category\/a-voz-do-pastor\/"},"img":{"alt_text":"","src":"https:\/\/i0.wp.com\/correiodasemana.com\/site\/wp-content\/uploads\/2018\/02\/Dom-Vasconcelos-posses.jpg?resize=350%2C200&ssl=1","width":350,"height":200,"srcset":"https:\/\/i0.wp.com\/correiodasemana.com\/site\/wp-content\/uploads\/2018\/02\/Dom-Vasconcelos-posses.jpg?resize=350%2C200&ssl=1 1x, https:\/\/i0.wp.com\/correiodasemana.com\/site\/wp-content\/uploads\/2018\/02\/Dom-Vasconcelos-posses.jpg?resize=525%2C300&ssl=1 1.5x, https:\/\/i0.wp.com\/correiodasemana.com\/site\/wp-content\/uploads\/2018\/02\/Dom-Vasconcelos-posses.jpg?resize=700%2C400&ssl=1 2x"},"classes":[]}],"jetpack_sharing_enabled":true,"_links":{"self":[{"href":"https:\/\/correiodasemana.com\/site\/wp-json\/wp\/v2\/posts\/37071","targetHints":{"allow":["GET"]}}],"collection":[{"href":"https:\/\/correiodasemana.com\/site\/wp-json\/wp\/v2\/posts"}],"about":[{"href":"https:\/\/correiodasemana.com\/site\/wp-json\/wp\/v2\/types\/post"}],"author":[{"embeddable":true,"href":"https:\/\/correiodasemana.com\/site\/wp-json\/wp\/v2\/users\/7"}],"replies":[{"embeddable":true,"href":"https:\/\/correiodasemana.com\/site\/wp-json\/wp\/v2\/comments?post=37071"}],"version-history":[{"count":1,"href":"https:\/\/correiodasemana.com\/site\/wp-json\/wp\/v2\/posts\/37071\/revisions"}],"predecessor-version":[{"id":37072,"href":"https:\/\/correiodasemana.com\/site\/wp-json\/wp\/v2\/posts\/37071\/revisions\/37072"}],"wp:featuredmedia":[{"embeddable":true,"href":"https:\/\/correiodasemana.com\/site\/wp-json\/wp\/v2\/media\/18585"}],"wp:attachment":[{"href":"https:\/\/correiodasemana.com\/site\/wp-json\/wp\/v2\/media?parent=37071"}],"wp:term":[{"taxonomy":"category","embeddable":true,"href":"https:\/\/correiodasemana.com\/site\/wp-json\/wp\/v2\/categories?post=37071"},{"taxonomy":"post_tag","embeddable":true,"href":"https:\/\/correiodasemana.com\/site\/wp-json\/wp\/v2\/tags?post=37071"}],"curies":[{"name":"wp","href":"https:\/\/api.w.org\/{rel}","templated":true}]}}