{"id":37073,"date":"2026-01-17T16:17:43","date_gmt":"2026-01-17T19:17:43","guid":{"rendered":"https:\/\/correiodasemana.com\/site\/?p=37073"},"modified":"2026-01-17T16:17:43","modified_gmt":"2026-01-17T19:17:43","slug":"becco-ponto-com-245","status":"publish","type":"post","link":"https:\/\/correiodasemana.com\/site\/becco-ponto-com-245\/","title":{"rendered":"BECCO PONTO.COM"},"content":{"rendered":"<p>LIVRAI-NOS, SENHOR!<br \/>\nDo programa global \u201cbbb\u201d bosta nacional.<br \/>\nDa viol\u00eancia varrendo o sert\u00e3o do Cear\u00e1.<br \/>\nDa queda de um maduro podre Lula, l\u00e1, l\u00e1.<br \/>\nDo bloco do bico chorando via Ivo Gomes.<br \/>\nDa sess\u00e3o vira, vira bolachinhas do poder.<br \/>\nDos bab\u00f5es azuis, cor de Oscar, na \u00e1rea, ui!<br \/>\nDos Ferreiras fome voltando ao poder.<br \/>\nDo besteirol, as entrevistas de Ivo Gomes.<br \/>\nDo Rodolfo, n\u00e3o rodar com apoio dos malas.<br \/>\nDo Becco, virando quartel de motos, ufa!<\/p>\n<p>NOTICIANDO<br \/>\nFoi comemorado com direito a bolas e bolo no Becco, o anivers\u00e1rio do boa pra\u00e7a, Ivan Frota, que entre l\u00e1grimas, agradeceu aos bequeanos a homenagem justa e amiga. A abc e o Centro Cultural Dom Jos\u00e9 fizeram a festa do ano, s\u00e1bado passado, dia 17, em grande estilo na cidade.<br \/>\nO grande astro do humor sobralense, Tupinamb\u00e1 Marques, vai ser homenageado e por m\u00e9ritos, pelo Centro Cultural Dom Jos\u00e9 no dia 31, em momento m\u00e1gico e amigo com o Diploma Destaque Cultural do ano em reconhecimento aos 29 anos de seu programa, s\u00e1bado, de todas as maneiras para toda regi\u00e3o com sucesso de p\u00fablico de ouvintes h\u00e1 anos. \u00c9 uma justa homenagem a quem faz cultura pura e simples e com amor e credibilidade pelo r\u00e1dio fm. Bab\u00e1 e uma cria do Centro Cultural e membro ativo deste sucesso de p\u00fablico na regi\u00e3o Norte.<br \/>\nA cantora e compositora, Sula Mara e o artista Fernando Mesquita, receberam do Centro Cultural Dom Jos\u00e9, o Diploma em comemorar os 30 anos da funda\u00e7\u00e3o do Canta Sobral Festival em grande estilo no Becco do Cotovelo, com direito a fotos e aclama\u00e7\u00e3o dos f\u00e3s.<br \/>\nO pr\u00e9-candidato a deputado estadual Rodolfo, continua na berlinda e sonhando com uma vit\u00f3ria e apostando no povo de Sobral e batendo muito nos pol\u00edticos de ocasi\u00e3o da cidade e do sert\u00e3o. Assim, rola a pol\u00edtica picareta do Estado, mandado pelo pt de Lula, h\u00e1 anos. Viva o discurso do caro Rodolfo, o novo cara da pol\u00edtica sobralense.<br \/>\nA digna Dra. Imaculada Dias, na fila para ser a primeira mulher a integrar como membro do Centro Cultural Dom Jos\u00e9 de Sobral. A sua posse se dar\u00e1 em julho. data da comemora\u00e7\u00e3o dos 40 anos de funda\u00e7\u00e3o do Centro Cultural, em grande estilo na cidade.<\/p>\n<p>PERFIL: TUPINAMB\u00c1 MARQUES<\/p>\n<div id='gallery-1' class='gallery galleryid-37073 gallery-columns-6 gallery-size-thumbnail'><figure class='gallery-item'>\n\t\t\t<div class='gallery-icon portrait'>\n\t\t\t\t<a href='https:\/\/correiodasemana.com\/site\/becco-ponto-com-245\/tupinamba-marques-2\/'><img loading=\"lazy\" width=\"150\" height=\"150\" src=\"https:\/\/correiodasemana.com\/site\/wp-content\/uploads\/2026\/01\/TUPINAMBA-MARQUES-150x150.webp\" class=\"attachment-thumbnail size-thumbnail\" alt=\"TUPINAMBA-MARQUES\" loading=\"lazy\" decoding=\"async\" \/><\/a>\n\t\t\t<\/div><\/figure>\n\t\t<\/div>\n\n<p>Um cidad\u00e3o com todas as letras, digno membro do Centro Cultural Dom Jos\u00e9 e astro consagrado do riso sobralense. Falo do caro amigo Tupinamb\u00e1 Marques, apresentador e criador do programa \u201cS\u00e1bado de Todas as Maneiras\u201d, h\u00e1 29 anos fazendo sucesso em toda regi\u00e3o com intelig\u00eancia e bom humor e hoje por m\u00e9ritos figurando como o perfil em nossa coluna neste noticioso da diocese, o Correio da Semana.<\/p>\n<p>LIVRE PENSAR<br \/>\n\u201cO sil\u00eancio \u00e9 a voz muda da raz\u00e3o humana\u201d. (Poeta Chico Prado &#8211; Presidente do Centro Cultural Dom Jos\u00e9 de Sobral)<\/p>\n","protected":false},"excerpt":{"rendered":"<p>LIVRAI-NOS, SENHOR! Do programa global \u201cbbb\u201d bosta nacional. Da viol\u00eancia varrendo o sert\u00e3o do Cear\u00e1&#8230;.<\/p>\n","protected":false},"author":7,"featured_media":17508,"comment_status":"open","ping_status":"open","sticky":false,"template":"","format":"standard","meta":{"_jetpack_memberships_contains_paid_content":false,"footnotes":"","jetpack_publicize_message":"","jetpack_publicize_feature_enabled":true,"jetpack_social_post_already_shared":true,"jetpack_social_options":{"image_generator_settings":{"template":"highway","default_image_id":0,"font":"","enabled":false},"version":2}},"categories":[11,27],"tags":[],"class_list":["post-37073","post","type-post","status-publish","format-standard","has-post-thumbnail","hentry","category-artigos","category-becco-ponto-com"],"jetpack_publicize_connections":[],"jetpack_featured_media_url":"https:\/\/correiodasemana.com\/site\/wp-content\/uploads\/2021\/09\/Dr-Chico-Prado-Trofeu-Dom-Jose-1-1.jpg","jetpack-related-posts":[{"id":35059,"url":"https:\/\/correiodasemana.com\/site\/becco-ponto-com-226\/","url_meta":{"origin":37073,"position":0},"title":"Becco ponto Com","author":"adminredacao","date":"Agosto 17, 2025","format":false,"excerpt":"LIVRAI-NOS, SENHOR! Das armadilhas pol\u00edticas visando os votos. Do virar casaca nos partidos do Brasil, ufa! Da volta das multas covardes na cidade, ui! Das faculdades virando bodegas de troca. Do mercad\u00e3o que virou o centro da cidade. Da moeda de troca entre Lula x Trump, ufa! Do concurso de\u2026","rel":"","context":"In &quot;Artigos&quot;","block_context":{"text":"Artigos","link":"https:\/\/correiodasemana.com\/site\/category\/artigos\/"},"img":{"alt_text":"","src":"https:\/\/i0.wp.com\/correiodasemana.com\/site\/wp-content\/uploads\/2021\/09\/Dr-Chico-Prado-Trofeu-Dom-Jose-1.jpg?resize=350%2C200&ssl=1","width":350,"height":200,"srcset":"https:\/\/i0.wp.com\/correiodasemana.com\/site\/wp-content\/uploads\/2021\/09\/Dr-Chico-Prado-Trofeu-Dom-Jose-1.jpg?resize=350%2C200&ssl=1 1x, https:\/\/i0.wp.com\/correiodasemana.com\/site\/wp-content\/uploads\/2021\/09\/Dr-Chico-Prado-Trofeu-Dom-Jose-1.jpg?resize=525%2C300&ssl=1 1.5x, https:\/\/i0.wp.com\/correiodasemana.com\/site\/wp-content\/uploads\/2021\/09\/Dr-Chico-Prado-Trofeu-Dom-Jose-1.jpg?resize=700%2C400&ssl=1 2x, https:\/\/i0.wp.com\/correiodasemana.com\/site\/wp-content\/uploads\/2021\/09\/Dr-Chico-Prado-Trofeu-Dom-Jose-1.jpg?resize=1050%2C600&ssl=1 3x, https:\/\/i0.wp.com\/correiodasemana.com\/site\/wp-content\/uploads\/2021\/09\/Dr-Chico-Prado-Trofeu-Dom-Jose-1.jpg?resize=1400%2C800&ssl=1 4x"},"classes":[]},{"id":26433,"url":"https:\/\/correiodasemana.com\/site\/becco-ponto-com-136\/","url_meta":{"origin":37073,"position":1},"title":"Becco Ponto Com","author":"adminredacao","date":"Setembro 4, 2023","format":false,"excerpt":"LIVRAI-NOS, SENHOR! Dos mexericos pelo \u201cr\u00e1dio fofoca\u201d t\u00e3o nosso. Das consultas m\u00e9dicas e modernas, via internet! Da trairagem do pdt, segundo Evandro Leit\u00e3o. Das lojas quebrando na regi\u00e3o e fazendo o tal do L! Da sa\u00fade quebrada e t\u00e3o cantada pelo poder. Da ruma de candidatos bolachinhas vira-vira! Da greve\u2026","rel":"","context":"In &quot;Artigos&quot;","block_context":{"text":"Artigos","link":"https:\/\/correiodasemana.com\/site\/category\/artigos\/"},"img":{"alt_text":"","src":"https:\/\/i0.wp.com\/correiodasemana.com\/site\/wp-content\/uploads\/2021\/09\/Dr-Chico-Prado-Trofeu-Dom-Jose-1.jpg?resize=350%2C200&ssl=1","width":350,"height":200,"srcset":"https:\/\/i0.wp.com\/correiodasemana.com\/site\/wp-content\/uploads\/2021\/09\/Dr-Chico-Prado-Trofeu-Dom-Jose-1.jpg?resize=350%2C200&ssl=1 1x, https:\/\/i0.wp.com\/correiodasemana.com\/site\/wp-content\/uploads\/2021\/09\/Dr-Chico-Prado-Trofeu-Dom-Jose-1.jpg?resize=525%2C300&ssl=1 1.5x, https:\/\/i0.wp.com\/correiodasemana.com\/site\/wp-content\/uploads\/2021\/09\/Dr-Chico-Prado-Trofeu-Dom-Jose-1.jpg?resize=700%2C400&ssl=1 2x, https:\/\/i0.wp.com\/correiodasemana.com\/site\/wp-content\/uploads\/2021\/09\/Dr-Chico-Prado-Trofeu-Dom-Jose-1.jpg?resize=1050%2C600&ssl=1 3x, https:\/\/i0.wp.com\/correiodasemana.com\/site\/wp-content\/uploads\/2021\/09\/Dr-Chico-Prado-Trofeu-Dom-Jose-1.jpg?resize=1400%2C800&ssl=1 4x"},"classes":[]},{"id":35348,"url":"https:\/\/correiodasemana.com\/site\/becco-ponto-com-228\/","url_meta":{"origin":37073,"position":2},"title":"BECCO PONTO.COM","author":"adminredacao","date":"Agosto 25, 2025","format":false,"excerpt":"LIVRAI-NOS, SENHOR! Do efeito taxa do lixo, pune contas de Ivo Gomes. Da l\u00edngua afiada de Ciro \u201cl\u00edngua ferina\u201d Gomes. Da briguinha de raque dos \u201clos manos\u201d, Cid e Ciro. Do Lula, caducando no poder. Um sucata do pt. Das ruas abarrotadas de camel\u00f4s at\u00e9 no Becco. De uma trai\u00e7\u00e3o\u2026","rel":"","context":"In &quot;Artigos&quot;","block_context":{"text":"Artigos","link":"https:\/\/correiodasemana.com\/site\/category\/artigos\/"},"img":{"alt_text":"","src":"https:\/\/i0.wp.com\/correiodasemana.com\/site\/wp-content\/uploads\/2021\/09\/Dr-Chico-Prado-Trofeu-Dom-Jose-1.jpg?resize=350%2C200&ssl=1","width":350,"height":200,"srcset":"https:\/\/i0.wp.com\/correiodasemana.com\/site\/wp-content\/uploads\/2021\/09\/Dr-Chico-Prado-Trofeu-Dom-Jose-1.jpg?resize=350%2C200&ssl=1 1x, https:\/\/i0.wp.com\/correiodasemana.com\/site\/wp-content\/uploads\/2021\/09\/Dr-Chico-Prado-Trofeu-Dom-Jose-1.jpg?resize=525%2C300&ssl=1 1.5x, https:\/\/i0.wp.com\/correiodasemana.com\/site\/wp-content\/uploads\/2021\/09\/Dr-Chico-Prado-Trofeu-Dom-Jose-1.jpg?resize=700%2C400&ssl=1 2x, https:\/\/i0.wp.com\/correiodasemana.com\/site\/wp-content\/uploads\/2021\/09\/Dr-Chico-Prado-Trofeu-Dom-Jose-1.jpg?resize=1050%2C600&ssl=1 3x, https:\/\/i0.wp.com\/correiodasemana.com\/site\/wp-content\/uploads\/2021\/09\/Dr-Chico-Prado-Trofeu-Dom-Jose-1.jpg?resize=1400%2C800&ssl=1 4x"},"classes":[]},{"id":17776,"url":"https:\/\/correiodasemana.com\/site\/becco-ponto-com-57\/","url_meta":{"origin":37073,"position":3},"title":"Becco ponto Com","author":"","date":"Outubro 18, 2021","format":false,"excerpt":"LIVRAI-NOS, SENHOR! Das a\u00e7\u00f5es nefastas dos pol\u00edticos pelo voto de cabresto. Das brigas surdas pelo poder central em todos os estados. Das bodegas univerit\u00e1rias pagas de Brasil afora cifras. Das a\u00e7\u00f5es culturais dando vez aos artistas importados. Dos bajuladores de plant\u00e3o do poder fgs, j\u00e1 revoltados. Da volta de vez\u2026","rel":"","context":"In &quot;Artigos&quot;","block_context":{"text":"Artigos","link":"https:\/\/correiodasemana.com\/site\/category\/artigos\/"},"img":{"alt_text":"","src":"https:\/\/i0.wp.com\/correiodasemana.com\/site\/wp-content\/uploads\/2021\/09\/Dr-Chico-Prado-Trofeu-Dom-Jose-1-1.jpg?resize=350%2C200&ssl=1","width":350,"height":200,"srcset":"https:\/\/i0.wp.com\/correiodasemana.com\/site\/wp-content\/uploads\/2021\/09\/Dr-Chico-Prado-Trofeu-Dom-Jose-1-1.jpg?resize=350%2C200&ssl=1 1x, https:\/\/i0.wp.com\/correiodasemana.com\/site\/wp-content\/uploads\/2021\/09\/Dr-Chico-Prado-Trofeu-Dom-Jose-1-1.jpg?resize=525%2C300&ssl=1 1.5x, https:\/\/i0.wp.com\/correiodasemana.com\/site\/wp-content\/uploads\/2021\/09\/Dr-Chico-Prado-Trofeu-Dom-Jose-1-1.jpg?resize=700%2C400&ssl=1 2x"},"classes":[]},{"id":28940,"url":"https:\/\/correiodasemana.com\/site\/becco-ponto-com-163\/","url_meta":{"origin":37073,"position":4},"title":"Becco Ponto Com","author":"adminredacao","date":"Abril 15, 2024","format":false,"excerpt":"\u00a0 LIVRAI-NOS, SENHOR! Da chegada do bando do voto. Da eterna f\u00e1brica de multa, aqui! Da briga de craque dos fgs. Ufa! Da ruma de partidos pol\u00edticos, ui! Do bl\u00e1, bl\u00e1, bl\u00e1 de \u201cLulinha Paz e Amor\u201d. Da ruma de buchas na pista. Vota! Das igrejas na pista das elei\u00e7\u00f5es.\u2026","rel":"","context":"In &quot;Artigos&quot;","block_context":{"text":"Artigos","link":"https:\/\/correiodasemana.com\/site\/category\/artigos\/"},"img":{"alt_text":"","src":"https:\/\/i0.wp.com\/correiodasemana.com\/site\/wp-content\/uploads\/2021\/09\/Dr-Chico-Prado-Trofeu-Dom-Jose-1.jpg?resize=350%2C200&ssl=1","width":350,"height":200,"srcset":"https:\/\/i0.wp.com\/correiodasemana.com\/site\/wp-content\/uploads\/2021\/09\/Dr-Chico-Prado-Trofeu-Dom-Jose-1.jpg?resize=350%2C200&ssl=1 1x, https:\/\/i0.wp.com\/correiodasemana.com\/site\/wp-content\/uploads\/2021\/09\/Dr-Chico-Prado-Trofeu-Dom-Jose-1.jpg?resize=525%2C300&ssl=1 1.5x, https:\/\/i0.wp.com\/correiodasemana.com\/site\/wp-content\/uploads\/2021\/09\/Dr-Chico-Prado-Trofeu-Dom-Jose-1.jpg?resize=700%2C400&ssl=1 2x, https:\/\/i0.wp.com\/correiodasemana.com\/site\/wp-content\/uploads\/2021\/09\/Dr-Chico-Prado-Trofeu-Dom-Jose-1.jpg?resize=1050%2C600&ssl=1 3x, https:\/\/i0.wp.com\/correiodasemana.com\/site\/wp-content\/uploads\/2021\/09\/Dr-Chico-Prado-Trofeu-Dom-Jose-1.jpg?resize=1400%2C800&ssl=1 4x"},"classes":[]},{"id":24521,"url":"https:\/\/correiodasemana.com\/site\/becco-ponto-com-120\/","url_meta":{"origin":37073,"position":5},"title":"Becco Ponto Com","author":"adminredacao","date":"Maio 8, 2023","format":false,"excerpt":"Livrai-nos, senhor! Da guarda multando nas ruas. Das pesquisas fajutas daqui. Dos picaretas pol\u00edticos na fila. Do \u201cceo\u201d de Sobral, ora fechado. Da buraqueira nos bairros. ufa! Da viol\u00eancia na cidade shopping. Dos puxa-sacos na fila por amor. Do abandono do \u201cBecco Cracol\u00e2ndia\u201d. Do medo das institui\u00e7\u00f5es aqui, ui! Da\u2026","rel":"","context":"In &quot;Artigos&quot;","block_context":{"text":"Artigos","link":"https:\/\/correiodasemana.com\/site\/category\/artigos\/"},"img":{"alt_text":"","src":"https:\/\/i0.wp.com\/correiodasemana.com\/site\/wp-content\/uploads\/2021\/09\/Dr-Chico-Prado-Trofeu-Dom-Jose-1.jpg?resize=350%2C200&ssl=1","width":350,"height":200,"srcset":"https:\/\/i0.wp.com\/correiodasemana.com\/site\/wp-content\/uploads\/2021\/09\/Dr-Chico-Prado-Trofeu-Dom-Jose-1.jpg?resize=350%2C200&ssl=1 1x, https:\/\/i0.wp.com\/correiodasemana.com\/site\/wp-content\/uploads\/2021\/09\/Dr-Chico-Prado-Trofeu-Dom-Jose-1.jpg?resize=525%2C300&ssl=1 1.5x, https:\/\/i0.wp.com\/correiodasemana.com\/site\/wp-content\/uploads\/2021\/09\/Dr-Chico-Prado-Trofeu-Dom-Jose-1.jpg?resize=700%2C400&ssl=1 2x, https:\/\/i0.wp.com\/correiodasemana.com\/site\/wp-content\/uploads\/2021\/09\/Dr-Chico-Prado-Trofeu-Dom-Jose-1.jpg?resize=1050%2C600&ssl=1 3x, https:\/\/i0.wp.com\/correiodasemana.com\/site\/wp-content\/uploads\/2021\/09\/Dr-Chico-Prado-Trofeu-Dom-Jose-1.jpg?resize=1400%2C800&ssl=1 4x"},"classes":[]}],"jetpack_sharing_enabled":true,"_links":{"self":[{"href":"https:\/\/correiodasemana.com\/site\/wp-json\/wp\/v2\/posts\/37073","targetHints":{"allow":["GET"]}}],"collection":[{"href":"https:\/\/correiodasemana.com\/site\/wp-json\/wp\/v2\/posts"}],"about":[{"href":"https:\/\/correiodasemana.com\/site\/wp-json\/wp\/v2\/types\/post"}],"author":[{"embeddable":true,"href":"https:\/\/correiodasemana.com\/site\/wp-json\/wp\/v2\/users\/7"}],"replies":[{"embeddable":true,"href":"https:\/\/correiodasemana.com\/site\/wp-json\/wp\/v2\/comments?post=37073"}],"version-history":[{"count":1,"href":"https:\/\/correiodasemana.com\/site\/wp-json\/wp\/v2\/posts\/37073\/revisions"}],"predecessor-version":[{"id":37075,"href":"https:\/\/correiodasemana.com\/site\/wp-json\/wp\/v2\/posts\/37073\/revisions\/37075"}],"wp:featuredmedia":[{"embeddable":true,"href":"https:\/\/correiodasemana.com\/site\/wp-json\/wp\/v2\/media\/17508"}],"wp:attachment":[{"href":"https:\/\/correiodasemana.com\/site\/wp-json\/wp\/v2\/media?parent=37073"}],"wp:term":[{"taxonomy":"category","embeddable":true,"href":"https:\/\/correiodasemana.com\/site\/wp-json\/wp\/v2\/categories?post=37073"},{"taxonomy":"post_tag","embeddable":true,"href":"https:\/\/correiodasemana.com\/site\/wp-json\/wp\/v2\/tags?post=37073"}],"curies":[{"name":"wp","href":"https:\/\/api.w.org\/{rel}","templated":true}]}}